{"id":51781,"date":"2015-06-04T00:00:00","date_gmt":"2015-06-03T22:00:00","guid":{"rendered":"https:\/\/www.gossip.it\/senza-categoria\/belen-rodriguez-musa-paolo-bonolis-tv-milano-stefano-cecilia\/"},"modified":"2015-06-04T00:00:00","modified_gmt":"2015-06-03T22:00:00","slug":"belen-rodriguez-musa-paolo-bonolis-tv-milano-stefano-cecilia","status":"publish","type":"post","link":"https:\/\/www.gossip.it\/news\/belen-rodriguez-musa-paolo-bonolis-tv-milano-stefano-cecilia\/","title":{"rendered":"Belen Rodriguez, musa di Paolo Bonolis in tv, poi a Milano con Stefano e Cecilia"},"content":{"rendered":"<p><a href=\"http:\/\/www.gossip.it\/vip\/belen-rodriguez\/\">Belen Rodriguez<\/a> ieri su Canale 5 ha incantato il pubblico in rosso. La <a href=\"http:\/\/www.gossip.it\/vip\/showgirl\/\">showgirl<\/a> 30enne \u00e8 stata la '<strong>musa<\/strong>' di <a href=\"http:\/\/www.gossip.it\/vip\/paolo-bonolis\/\">Paolo Bonolis<\/a>\u00a0in <a href=\"http:\/\/www.gossip.it\/vip\/tv\/\">tv<\/a>, accanto a <a href=\"http:\/\/www.gossip.it\/vip\/elena-santarelli\/\">Elena Santarelli<\/a>. Nello show <em>\"Arena di Verona 2015 \u2013 Lo spettacolo sta per iniziare\"<\/em> ha affiancato il conduttore che ha \u00a0presentato l'anteprima televisiva della stagione lirica.<\/p>\n<figure class=\"caption\"><img decoding=\"async\" alt=\"\" width=\"620\" height=\"820\" src=\"http:\/\/files.gossip.it\/immagini_news\/2015\/06\/1433423062_belen_cecilia_maretta_tra_sorelle.jpg\" \/><figcaption>Belen Rodriguez a Mlano con la sorella Cecilia<\/figcaption><\/figure>\n<p><strong>Belen Rodriguez<\/strong>, definita da <strong>Paolo Bonolis<\/strong> stesso la sua <strong>musa<\/strong>, se l'\u00e8 cavata egregiamente sul palcoscenico: la <strong>tv<\/strong> \u00e8 il suo ambiente naturale. A Verona per lo spettacolo, che per\u00f2 ha raccolto solo 2 milioni 600 mila spettatori, ha portato con s\u00e9 anche il marito <strong>Stefano<\/strong> e il figlio <a href=\"http:\/\/www.gossip.it\/vip\/santiago\/\">Santiago<\/a>. Il ballerino ha regalato all'argentina splendidi fiori proprio per augurarle buona fortuna e farle sentire tutto l'amore che prova per lei.<br \/>Con indosso un magnifico vestito <em>'red passion'<\/em>, <strong>Belen Rodriguez<\/strong>\u00a0in <strong>tv<\/strong> ha mostrato il suo appeal e accattivante ha conquistato la platea. All'evento guest star indiscussa \u00e8 stata la leggenda del rock mondiale <em>Brian May<\/em>, fondatore dei Queen. Tanti gli ospiti, tra i quali <a href=\"http:\/\/www.gossip.it\/vip\/nina-zilli\/\">Nina Zilli<\/a>, il soprano <em>Jessica Nuccio<\/em> e <em>Vittorio Grigolo<\/em>, tenore italiano tra i pi\u00f9 famosi al mondo.<\/p>\n<figure class=\"caption\"><img decoding=\"async\" alt=\"\" width=\"620\" height=\"620\" src=\"http:\/\/files.gossip.it\/immagini_news\/2015\/06\/1433423140_belen_stefano_assedio_paparazzi.jpg\" \/><figcaption>Con la showgirl anche il marito Stefano De Martino<\/figcaption><\/figure>\n<figure class=\"caption\"><img decoding=\"async\" alt=\"\" width=\"620\" height=\"450\" src=\"http:\/\/files.gossip.it\/immagini_news\/2015\/06\/1433423171_belen_cecilia_paparazzata_milano_auto.jpg\" \/><figcaption>Le argentine vanno verso l'auto<\/figcaption><\/figure>\n<p>Dopo essere stata la <strong>musa<\/strong> di Paolo Bonolis in <strong>tv<\/strong>, Belen Rodriguez \u00e8 tornata a <strong>Milano<\/strong>. I paparazzi l'hanno subito immortalata in citt\u00e0 con accanto ancora <strong>Stefano<\/strong> e la sorella Cecilia. Nessun attrito in famiglia: tutti vanno d'amore e d'accordo.<\/p>\n<figure class=\"caption\"><img decoding=\"async\" alt=\"\" width=\"620\" height=\"620\" src=\"http:\/\/files.gossip.it\/immagini_news\/2015\/06\/1433423227_belen_stefano_foto_con_fan.jpg\" \/><figcaption>Belen e Stefano si fanno una foto con i fan<\/figcaption><\/figure>\n<figure class=\"caption\"><img decoding=\"async\" alt=\"\" width=\"620\" height=\"750\" src=\"http:\/\/files.gossip.it\/immagini_news\/2015\/06\/1433423267_belen_stefano_paparazzata_milano.jpg\" \/><figcaption>Per la coppia nessuna crisi, ma tanta serenit\u00e0<\/figcaption><\/figure>\n<p>A <strong>Milano<\/strong> con <strong>Stefano<\/strong> e <strong>Cecilia<\/strong> <a href=\"http:\/\/www.gossip.it\/vip\/belen\/\">Belen<\/a> \u00e8 andata a controllare come procedono i lavori del suo <em>Ricci<\/em>, il ristorante che aprir\u00e0 i battenti a giorni e per cui \u00e8 entrata in societ\u00e0 con l'amica <a href=\"http:\/\/www.gossip.it\/vip\/simona-miele\/\">Simona Miele<\/a> e <a href=\"http:\/\/www.gossip.it\/vip\/joe-bastianich\/\">Joe Bastianich<\/a>.<\/p>\n<figure class=\"caption\"><img decoding=\"async\" alt=\"\" width=\"620\" height=\"622\" src=\"http:\/\/files.gossip.it\/immagini_news\/2015\/06\/1433423299_belen_stefano_milano_direzione_ricci.jpg\" \/><figcaption>I due si sono fatti anche un selfie per il profilo social prima di arrivare nel centro meneghino<\/figcaption><\/figure>\n<p>Entrare nel campo della ristorazione l'entusiasma. <em>Ricci<\/em> alzer\u00e0 la serranda dal prossimo 25 giugno, come annunciato sul <a href=\"http:\/\/www.gossip.it\/vip\/social\/\">social<\/a>: dal quel giorno in poi si accettano prenotazioni, ma pare che la lista d'attesa sia gi\u00e0 lunga...<\/p>\n<figure class=\"caption\"><img decoding=\"async\" alt=\"\" width=\"620\" height=\"450\" src=\"http:\/\/files.gossip.it\/immagini_news\/2015\/06\/1433423357_belen_abito_rosso_verona.jpg\" \/><figcaption>Belen in rosso a Verona per la tv<\/figcaption><\/figure>\n<figure class=\"caption\"><img decoding=\"async\" alt=\"\" width=\"620\" height=\"616\" src=\"http:\/\/files.gossip.it\/immagini_news\/2015\/06\/1433423384_belen_santarelli_arena_di_verona.jpg\" \/><figcaption>La 30enne con Elena Santarelli: all'Arena di Verona sono state le muse di Paolo Bonolis\u00a0<\/figcaption><\/figure>\n<p>Insieme a <strong>Stefano<\/strong> e <strong>Cecilia<\/strong> a <strong>Milano<\/strong>, <strong>Belen Rodriguez<\/strong> ha mostrato la sua grande serenit\u00e0. Abito estivo floreale e la tranquillit\u00e0 di chi lascia parlare il mondo, ma raramente cade a suon di gossip.<\/p>\n<p>\u00a0<\/p>\n","protected":false},"excerpt":{"rendered":"<p>Belen Rodriguez ieri su Canale 5 ha incantato il pubblico in rosso. La showgirl 30enne \u00e8 stata la 'musa' di Paolo Bonolis\u00a0in tv, accanto a Elena Santarelli. Nello show \"Arena di Verona 2015 \u2013 Lo spettacolo sta per iniziare\" ha affiancato il conduttore che ha \u00a0presentato l'anteprima televisiva della stagione lirica. Belen Rodriguez a Mlano [&hellip;]<\/p>\n","protected":false},"author":1,"featured_media":107827,"comment_status":"closed","ping_status":"closed","sticky":false,"template":"","format":"standard","meta":{"footnotes":""},"categories":[54],"tags":[11357,1998,1979,4924,7659,1967,1923,52478,7311,2097,3315],"vip":[396,474,627,1466,1731],"class_list":["post-51781","post","type-post","status-publish","format-standard","has-post-thumbnail","hentry","category-news","tag-cecilia","tag-marito","tag-milano","tag-musa","tag-santiago","tag-showgirl","tag-social","tag-sorerlla","tag-stefano","tag-tv","tag-verona","vip-belen_rodriguez","vip-cecilia_rodriguez","vip-elena_santarelli","vip-paolo_bonolis","vip-stefano_de_martino"],"yoast_head":"<title>Belen Rodriguez, musa di Paolo Bonolis in tv, poi a Milano con Stefano e Cecilia - Gossip.it | News sul Gossip e VIP<\/title>\n<meta name=\"description\" content=\"Belen Rodriguez ieri su Canale 5 ha incantato il pubblico in rosso. La showgirl 30enne \u00e8 stata la &#039;musa&#039; di Paolo Bonolis\u00a0in tv, accanto a Elena\" \/>\n<meta name=\"robots\" content=\"index, follow, max-snippet:-1, max-image-preview:large, max-video-preview:-1\" \/>\n<link rel=\"canonical\" href=\"https:\/\/www.gossip.it\/news\/belen-rodriguez-musa-paolo-bonolis-tv-milano-stefano-cecilia\/\" \/>\n<meta property=\"og:locale\" content=\"it_IT\" \/>\n<meta property=\"og:type\" content=\"article\" \/>\n<meta property=\"og:title\" content=\"Belen Rodriguez, musa di Paolo Bonolis in tv, poi a Milano con Stefano e Cecilia - Gossip.it | News sul Gossip e VIP\" \/>\n<meta property=\"og:description\" content=\"Belen Rodriguez ieri su Canale 5 ha incantato il pubblico in rosso. La showgirl 30enne \u00e8 stata la &#039;musa&#039; di Paolo Bonolis\u00a0in tv, accanto a Elena\" \/>\n<meta property=\"og:url\" content=\"https:\/\/www.gossip.it\/news\/belen-rodriguez-musa-paolo-bonolis-tv-milano-stefano-cecilia\/\" \/>\n<meta property=\"og:site_name\" content=\"Gossip.it | News sul Gossip e VIP\" \/>\n<meta property=\"article:publisher\" content=\"https:\/\/www.facebook.com\/GossipIT\" \/>\n<meta property=\"article:published_time\" content=\"2015-06-03T22:00:00+00:00\" \/>\n<meta property=\"og:image\" content=\"http:\/\/files.gossip.it\/immagini_news\/2015\/06\/1433423062_belen_cecilia_maretta_tra_sorelle.jpg\" \/>\n<meta name=\"author\" content=\"La Redazione\" \/>\n<meta name=\"twitter:card\" content=\"summary_large_image\" \/>\n<meta name=\"twitter:image\" content=\"http:\/\/files.gossip.it\/immagini_news\/2015\/06\/1433423062_belen_cecilia_maretta_tra_sorelle.jpg\" \/>\n<meta name=\"twitter:creator\" content=\"@gossinews_it\" \/>\n<meta name=\"twitter:site\" content=\"@gossinews_it\" \/>\n<meta name=\"twitter:label1\" content=\"Scritto da\" \/>\n\t<meta name=\"twitter:data1\" content=\"Annamaria Capozzi\" \/>\n\t<meta name=\"twitter:label2\" content=\"Tempo di lettura stimato\" \/>\n\t<meta name=\"twitter:data2\" content=\"2 minuti\" \/>","yoast_head_json":{"title":"Belen Rodriguez, musa di Paolo Bonolis in tv, poi a Milano con Stefano e Cecilia - Gossip.it | News sul Gossip e VIP","description":"Belen Rodriguez ieri su Canale 5 ha incantato il pubblico in rosso. La showgirl 30enne \u00e8 stata la 'musa' di Paolo Bonolis\u00a0in tv, accanto a Elena","robots":{"index":"index","follow":"follow","max-snippet":"max-snippet:-1","max-image-preview":"max-image-preview:large","max-video-preview":"max-video-preview:-1"},"canonical":"https:\/\/www.gossip.it\/news\/belen-rodriguez-musa-paolo-bonolis-tv-milano-stefano-cecilia\/","og_locale":"it_IT","og_type":"article","og_title":"Belen Rodriguez, musa di Paolo Bonolis in tv, poi a Milano con Stefano e Cecilia - Gossip.it | News sul Gossip e VIP","og_description":"Belen Rodriguez ieri su Canale 5 ha incantato il pubblico in rosso. La showgirl 30enne \u00e8 stata la 'musa' di Paolo Bonolis\u00a0in tv, accanto a Elena","og_url":"https:\/\/www.gossip.it\/news\/belen-rodriguez-musa-paolo-bonolis-tv-milano-stefano-cecilia\/","og_site_name":"Gossip.it | News sul Gossip e VIP","article_publisher":"https:\/\/www.facebook.com\/GossipIT","article_published_time":"2015-06-03T22:00:00+00:00","og_image":[{"url":"http:\/\/files.gossip.it\/immagini_news\/2015\/06\/1433423062_belen_cecilia_maretta_tra_sorelle.jpg"}],"author":"La Redazione","twitter_card":"summary_large_image","twitter_image":"http:\/\/files.gossip.it\/immagini_news\/2015\/06\/1433423062_belen_cecilia_maretta_tra_sorelle.jpg","twitter_creator":"@gossinews_it","twitter_site":"@gossinews_it","twitter_misc":{"Scritto da":"Annamaria Capozzi","Tempo di lettura stimato":"2 minuti"},"schema":{"@context":"https:\/\/schema.org","@graph":[{"@type":"Article","@id":"https:\/\/www.gossip.it\/news\/belen-rodriguez-musa-paolo-bonolis-tv-milano-stefano-cecilia\/#article","isPartOf":{"@id":"https:\/\/www.gossip.it\/news\/belen-rodriguez-musa-paolo-bonolis-tv-milano-stefano-cecilia\/"},"author":{"name":"La Redazione","@id":"https:\/\/www.gossip.it\/#\/schema\/person\/488896f75158bff1cc83c6c39d141110"},"headline":"Belen Rodriguez, musa di Paolo Bonolis in tv, poi a Milano con Stefano e Cecilia","datePublished":"2015-06-03T22:00:00+00:00","dateModified":"2015-06-03T22:00:00+00:00","mainEntityOfPage":{"@id":"https:\/\/www.gossip.it\/news\/belen-rodriguez-musa-paolo-bonolis-tv-milano-stefano-cecilia\/"},"wordCount":429,"publisher":{"@id":"https:\/\/www.gossip.it\/#organization"},"image":{"@id":"https:\/\/www.gossip.it\/news\/belen-rodriguez-musa-paolo-bonolis-tv-milano-stefano-cecilia\/#primaryimage"},"thumbnailUrl":"http:\/\/files.gossip.it\/immagini_news\/2015\/06\/1433423062_belen_cecilia_maretta_tra_sorelle.jpg","keywords":["cecilia","marito","milano","musa","santiago","showgirl","social","sorerlla","stefano","tv","verona"],"articleSection":["News"],"inLanguage":"it-IT"},{"@type":"WebPage","@id":"https:\/\/www.gossip.it\/news\/belen-rodriguez-musa-paolo-bonolis-tv-milano-stefano-cecilia\/","url":"https:\/\/www.gossip.it\/news\/belen-rodriguez-musa-paolo-bonolis-tv-milano-stefano-cecilia\/","name":"Belen Rodriguez, musa di Paolo Bonolis in tv, poi a Milano con Stefano e Cecilia - Gossip.it | News sul Gossip e VIP","isPartOf":{"@id":"https:\/\/www.gossip.it\/#website"},"primaryImageOfPage":{"@id":"https:\/\/www.gossip.it\/news\/belen-rodriguez-musa-paolo-bonolis-tv-milano-stefano-cecilia\/#primaryimage"},"image":{"@id":"https:\/\/www.gossip.it\/news\/belen-rodriguez-musa-paolo-bonolis-tv-milano-stefano-cecilia\/#primaryimage"},"thumbnailUrl":"http:\/\/files.gossip.it\/immagini_news\/2015\/06\/1433423062_belen_cecilia_maretta_tra_sorelle.jpg","datePublished":"2015-06-03T22:00:00+00:00","dateModified":"2015-06-03T22:00:00+00:00","description":"Belen Rodriguez ieri su Canale 5 ha incantato il pubblico in rosso. La showgirl 30enne \u00e8 stata la 'musa' di Paolo Bonolis\u00a0in tv, accanto a Elena","breadcrumb":{"@id":"https:\/\/www.gossip.it\/news\/belen-rodriguez-musa-paolo-bonolis-tv-milano-stefano-cecilia\/#breadcrumb"},"inLanguage":"it-IT","potentialAction":[{"@type":"ReadAction","target":["https:\/\/www.gossip.it\/news\/belen-rodriguez-musa-paolo-bonolis-tv-milano-stefano-cecilia\/"]}]},{"@type":"ImageObject","inLanguage":"it-IT","@id":"https:\/\/www.gossip.it\/news\/belen-rodriguez-musa-paolo-bonolis-tv-milano-stefano-cecilia\/#primaryimage","url":"http:\/\/files.gossip.it\/immagini_news\/2015\/06\/1433423062_belen_cecilia_maretta_tra_sorelle.jpg","contentUrl":"http:\/\/files.gossip.it\/immagini_news\/2015\/06\/1433423062_belen_cecilia_maretta_tra_sorelle.jpg"},{"@type":"BreadcrumbList","@id":"https:\/\/www.gossip.it\/news\/belen-rodriguez-musa-paolo-bonolis-tv-milano-stefano-cecilia\/#breadcrumb","itemListElement":[{"@type":"ListItem","position":1,"name":"Home","item":"https:\/\/www.gossip.it\/"},{"@type":"ListItem","position":2,"name":"Belen Rodriguez, musa di Paolo Bonolis in tv, poi a Milano con Stefano e Cecilia"}]},{"@type":"WebSite","@id":"https:\/\/www.gossip.it\/#website","url":"https:\/\/www.gossip.it\/","name":"Gossip and VIP News","description":"Quotidiano di cronaca rosa, costume e societ\u00e0","publisher":{"@id":"https:\/\/www.gossip.it\/#organization"},"alternateName":"Gossip and VIP News","potentialAction":[{"@type":"SearchAction","target":{"@type":"EntryPoint","urlTemplate":"https:\/\/www.gossip.it\/?s={search_term_string}"},"query-input":{"@type":"PropertyValueSpecification","valueRequired":true,"valueName":"search_term_string"}}],"inLanguage":"it-IT"},{"@type":"Organization","@id":"https:\/\/www.gossip.it\/#organization","name":"Gossip and VIP News","alternateName":"Gossip News","url":"https:\/\/www.gossip.it\/","logo":{"@type":"ImageObject","inLanguage":"it-IT","@id":"https:\/\/www.gossip.it\/#\/schema\/logo\/image\/","url":"https:\/\/www.gossip.it\/wp-content\/uploads\/2022\/04\/cropped-corna-alta-tiny.png","contentUrl":"https:\/\/www.gossip.it\/wp-content\/uploads\/2022\/04\/cropped-corna-alta-tiny.png","width":512,"height":512,"caption":"Gossip and VIP News"},"image":{"@id":"https:\/\/www.gossip.it\/#\/schema\/logo\/image\/"},"sameAs":["https:\/\/www.facebook.com\/GossipIT","https:\/\/x.com\/gossinews_it","https:\/\/instagram.com\/gossip_it"]},{"@type":"Person","@id":"https:\/\/www.gossip.it\/#\/schema\/person\/488896f75158bff1cc83c6c39d141110","name":"La Redazione","image":{"@type":"ImageObject","inLanguage":"it-IT","@id":"https:\/\/www.gossip.it\/#\/schema\/person\/image\/","url":"https:\/\/secure.gravatar.com\/avatar\/5a5f5c6fa3e6700e4249abdad0263a1e94e927d9e0499b1cb09c1cd29c044d80?s=96&d=mm&r=g","contentUrl":"https:\/\/secure.gravatar.com\/avatar\/5a5f5c6fa3e6700e4249abdad0263a1e94e927d9e0499b1cb09c1cd29c044d80?s=96&d=mm&r=g","caption":"La Redazione"},"sameAs":["https:\/\/www.gossip.it"]}]}},"amp_enabled":true,"_links":{"self":[{"href":"https:\/\/www.gossip.it\/api\/wp\/v2\/posts\/51781","targetHints":{"allow":["GET"]}}],"collection":[{"href":"https:\/\/www.gossip.it\/api\/wp\/v2\/posts"}],"about":[{"href":"https:\/\/www.gossip.it\/api\/wp\/v2\/types\/post"}],"author":[{"embeddable":true,"href":"https:\/\/www.gossip.it\/api\/wp\/v2\/users\/1"}],"replies":[{"embeddable":true,"href":"https:\/\/www.gossip.it\/api\/wp\/v2\/comments?post=51781"}],"version-history":[{"count":0,"href":"https:\/\/www.gossip.it\/api\/wp\/v2\/posts\/51781\/revisions"}],"wp:featuredmedia":[{"embeddable":true,"href":"https:\/\/www.gossip.it\/api\/wp\/v2\/media\/107827"}],"wp:attachment":[{"href":"https:\/\/www.gossip.it\/api\/wp\/v2\/media?parent=51781"}],"wp:term":[{"taxonomy":"category","embeddable":true,"href":"https:\/\/www.gossip.it\/api\/wp\/v2\/categories?post=51781"},{"taxonomy":"post_tag","embeddable":true,"href":"https:\/\/www.gossip.it\/api\/wp\/v2\/tags?post=51781"},{"taxonomy":"vip","embeddable":true,"href":"https:\/\/www.gossip.it\/api\/wp\/v2\/vip?post=51781"}],"curies":[{"name":"wp","href":"https:\/\/api.w.org\/{rel}","templated":true}]}}