{"id":51782,"date":"2015-06-04T00:00:00","date_gmt":"2015-06-03T22:00:00","guid":{"rendered":"https:\/\/www.gossip.it\/senza-categoria\/fedez-giulia-valentina-verona-wma-2015\/"},"modified":"2015-06-04T00:00:00","modified_gmt":"2015-06-03T22:00:00","slug":"fedez-giulia-valentina-verona-wma-2015","status":"publish","type":"post","link":"https:\/\/www.gossip.it\/news\/fedez-giulia-valentina-verona-wma-2015\/","title":{"rendered":"Fedez con Giulia Valentina a Verona per i WMA 2015"},"content":{"rendered":"<p><a href=\"http:\/\/www.gossip.it\/vip\/fedez\/\">Fedez<\/a> ha riabbracciato la fidanzata <a href=\"http:\/\/www.gossip.it\/vip\/giulia-valentina\/\">Giulia Valentina<\/a> e con lei stamani \u00e8 andato a <strong>Verona<\/strong>. Stasera il rapper sar\u00e0 tra gli artisti premiati a <strong>WMA 2015<\/strong>.<br \/>Prima c'\u00e8 stata una pausa con la <em>'gang'<\/em> a Miami: solo uomini tra risate, scherzetti e relax. Poi il <a href=\"http:\/\/www.gossip.it\/vip\/cantante\/\">cantante<\/a>, tornato in Italia, ha girato in Bovisa, a Milano, il video di <em>\"Non c'\u00e8 due senza Trash\"<\/em> con <a href=\"http:\/\/www.gossip.it\/vip\/rocco-siffredi\/\">Rocco Siffredi<\/a>. Ora \u00e8 gi\u00e0 tempo di riprendere il tour. Immancabile, per\u00f2, la puntatina all'Arena di <strong>Verona<\/strong> per i Wind Music Awards, i <strong>WMA 2015<\/strong>, che andranno in onda in diretta stasera su RaiUno.<\/p>\n<figure class=\"caption\"><img decoding=\"async\" alt=\"\" width=\"620\" height=\"623\" src=\"http:\/\/files.gossip.it\/immagini_news\/2015\/06\/1433424751_giulia_valentina_fedez_di_nuovo_insieme_verona.jpg\" \/><figcaption>Fedez a Verona, davanti all'Arena con Giulia Valentina<\/figcaption><\/figure>\n<p><strong>Giulia Valentina<\/strong> si tiene stretto il suo <strong>Fedez<\/strong>. Sono a <strong>Verona<\/strong>, accaldati per il termometro su, ma immensamente felici. Alla nona edizione dei <strong>WMA 2015<\/strong>, la prestigiosa manifestazione che premia gli artisti italiani che, tra maggio 2014 e maggio 2015, hanno raggiunto con i loro album il disco d'oro, di platino e multi platino e con i loro singoli il traguardo del multi platino secondo le certificazioni FIMI\/GfK Italia, il rapper ricever\u00e0 il giusto tributo per un successo che pare ormai inarrestabile.<br \/>L'evento sar\u00f2 condotto da <a href=\"http:\/\/www.gossip.it\/vip\/carlo-conti\/\">Carlo Conti<\/a> e <a href=\"http:\/\/www.gossip.it\/vip\/vanessa-incontrada\/\">Vanessa Incontrada<\/a>. Ospite internazionale della manifestazione sar\u00e0 <em>Omi<\/em>, premiato per il suo singolo, <em>\"Cheerleader\"<\/em>.\u00a0<\/p>\n<figure class=\"caption\"><img decoding=\"async\" alt=\"\" width=\"620\" height=\"621\" src=\"http:\/\/files.gossip.it\/immagini_news\/2015\/06\/1433424770_giulia_valentina_fedez_di_nuovo_verona.jpg\" \/><figcaption>Il rapper stasera sar\u00e0 premiato durante la nona edizione del Wind Music Awards\u00a0<\/figcaption><\/figure>\n<p>Durante la serata ci sar\u00e0 pure uno speciale omaggio a <a href=\"http:\/\/www.gossip.it\/vip\/pino-daniele\/\">Pino Daniele<\/a> a cui verr\u00e0 anche riconosciuto il premio per il disco d\u2019oro del suo album <em>\"Nero a met\u00e0 \u2013 Extended version\"<\/em>. Il premio speciale Earone per i passaggi radiofonici sar\u00e0 consegnato per il secondo anno consecutivo a <a href=\"http:\/\/www.gossip.it\/vip\/luciano-ligabue\/\">Luciano Ligabue<\/a>.<br \/>Ad aprire i <strong>WMA 2015<\/strong>\u00a0a <strong>Verona<\/strong> saranno <a href=\"http:\/\/www.gossip.it\/vip\/claudio-baglioni\/\">Claudio Baglioni<\/a> e <a href=\"http:\/\/www.gossip.it\/vip\/gianni-morandi\/\">Gianni Morandi<\/a> che si esibiranno insieme a un'orchestra con un anteprima dello spettacolo <em>\"Capitani coraggiosi\" <\/em>che li vedr\u00e0 dividere il palco il prossimo settembre con una serie di concerti a Roma.<br \/><strong>Fedez<\/strong> osserver\u00e0 tutto con attenzione e ironia. E' sicuro di s\u00e9 e della sua musica. Sicuro grazie anche a <strong>Giulia Valentina<\/strong>, la donna che gli ha cambiato la vita.<\/p>\n<p>\u00a0<\/p>\n","protected":false},"excerpt":{"rendered":"<p>Fedez ha riabbracciato la fidanzata Giulia Valentina e con lei stamani \u00e8 andato a Verona. Stasera il rapper sar\u00e0 tra gli artisti premiati a WMA 2015.Prima c'\u00e8 stata una pausa con la 'gang' a Miami: solo uomini tra risate, scherzetti e relax. Poi il cantante, tornato in Italia, ha girato in Bovisa, a Milano, il [&hellip;]<\/p>\n","protected":false},"author":1,"featured_media":107828,"comment_status":"closed","ping_status":"closed","sticky":false,"template":"","format":"standard","meta":{"footnotes":""},"categories":[54],"tags":[9542,2161,1981,6035,9784,2121,2408,5463,1923,3315,4176,52480,11045,52479],"vip":[],"class_list":["post-51782","post","type-post","status-publish","format-standard","has-post-thumbnail","hentry","category-news","tag-arena-di-verona","tag-artista","tag-cantante","tag-fedez","tag-giulia-valentina","tag-instagram","tag-musica","tag-rapper","tag-social","tag-verona","tag-wind-music-awards","tag-wind-music-awards-2015","tag-wma","tag-wma-2015"],"yoast_head":"<title>Fedez con Giulia Valentina a Verona per i WMA 2015 - Gossip.it | News sul Gossip e VIP<\/title>\n<meta name=\"description\" content=\"Fedez ha riabbracciato la fidanzata Giulia Valentina e con lei stamani \u00e8 andato a Verona. Stasera il rapper sar\u00e0 tra gli artisti premiati a WMA 2015.Prima\" \/>\n<meta name=\"robots\" content=\"index, follow, max-snippet:-1, max-image-preview:large, max-video-preview:-1\" \/>\n<link rel=\"canonical\" href=\"https:\/\/www.gossip.it\/news\/fedez-giulia-valentina-verona-wma-2015\/\" \/>\n<meta property=\"og:locale\" content=\"it_IT\" \/>\n<meta property=\"og:type\" content=\"article\" \/>\n<meta property=\"og:title\" content=\"Fedez con Giulia Valentina a Verona per i WMA 2015 - Gossip.it | News sul Gossip e VIP\" \/>\n<meta property=\"og:description\" content=\"Fedez ha riabbracciato la fidanzata Giulia Valentina e con lei stamani \u00e8 andato a Verona. Stasera il rapper sar\u00e0 tra gli artisti premiati a WMA 2015.Prima\" \/>\n<meta property=\"og:url\" content=\"https:\/\/www.gossip.it\/news\/fedez-giulia-valentina-verona-wma-2015\/\" \/>\n<meta property=\"og:site_name\" content=\"Gossip.it | News sul Gossip e VIP\" \/>\n<meta property=\"article:publisher\" content=\"https:\/\/www.facebook.com\/GossipIT\" \/>\n<meta property=\"article:published_time\" content=\"2015-06-03T22:00:00+00:00\" \/>\n<meta property=\"og:image\" content=\"http:\/\/files.gossip.it\/immagini_news\/2015\/06\/1433424751_giulia_valentina_fedez_di_nuovo_insieme_verona.jpg\" \/>\n<meta name=\"author\" content=\"La Redazione\" \/>\n<meta name=\"twitter:card\" content=\"summary_large_image\" \/>\n<meta name=\"twitter:image\" content=\"http:\/\/files.gossip.it\/immagini_news\/2015\/06\/1433424751_giulia_valentina_fedez_di_nuovo_insieme_verona.jpg\" \/>\n<meta name=\"twitter:creator\" content=\"@gossinews_it\" \/>\n<meta name=\"twitter:site\" content=\"@gossinews_it\" \/>\n<meta name=\"twitter:label1\" content=\"Scritto da\" \/>\n\t<meta name=\"twitter:data1\" content=\"Annamaria Capozzi\" \/>\n\t<meta name=\"twitter:label2\" content=\"Tempo di lettura stimato\" \/>\n\t<meta name=\"twitter:data2\" content=\"2 minuti\" \/>","yoast_head_json":{"title":"Fedez con Giulia Valentina a Verona per i WMA 2015 - Gossip.it | News sul Gossip e VIP","description":"Fedez ha riabbracciato la fidanzata Giulia Valentina e con lei stamani \u00e8 andato a Verona. Stasera il rapper sar\u00e0 tra gli artisti premiati a WMA 2015.Prima","robots":{"index":"index","follow":"follow","max-snippet":"max-snippet:-1","max-image-preview":"max-image-preview:large","max-video-preview":"max-video-preview:-1"},"canonical":"https:\/\/www.gossip.it\/news\/fedez-giulia-valentina-verona-wma-2015\/","og_locale":"it_IT","og_type":"article","og_title":"Fedez con Giulia Valentina a Verona per i WMA 2015 - Gossip.it | News sul Gossip e VIP","og_description":"Fedez ha riabbracciato la fidanzata Giulia Valentina e con lei stamani \u00e8 andato a Verona. Stasera il rapper sar\u00e0 tra gli artisti premiati a WMA 2015.Prima","og_url":"https:\/\/www.gossip.it\/news\/fedez-giulia-valentina-verona-wma-2015\/","og_site_name":"Gossip.it | News sul Gossip e VIP","article_publisher":"https:\/\/www.facebook.com\/GossipIT","article_published_time":"2015-06-03T22:00:00+00:00","og_image":[{"url":"http:\/\/files.gossip.it\/immagini_news\/2015\/06\/1433424751_giulia_valentina_fedez_di_nuovo_insieme_verona.jpg"}],"author":"La Redazione","twitter_card":"summary_large_image","twitter_image":"http:\/\/files.gossip.it\/immagini_news\/2015\/06\/1433424751_giulia_valentina_fedez_di_nuovo_insieme_verona.jpg","twitter_creator":"@gossinews_it","twitter_site":"@gossinews_it","twitter_misc":{"Scritto da":"Annamaria Capozzi","Tempo di lettura stimato":"2 minuti"},"schema":{"@context":"https:\/\/schema.org","@graph":[{"@type":"Article","@id":"https:\/\/www.gossip.it\/news\/fedez-giulia-valentina-verona-wma-2015\/#article","isPartOf":{"@id":"https:\/\/www.gossip.it\/news\/fedez-giulia-valentina-verona-wma-2015\/"},"author":{"name":"La Redazione","@id":"https:\/\/www.gossip.it\/#\/schema\/person\/488896f75158bff1cc83c6c39d141110"},"headline":"Fedez con Giulia Valentina a Verona per i WMA 2015","datePublished":"2015-06-03T22:00:00+00:00","dateModified":"2015-06-03T22:00:00+00:00","mainEntityOfPage":{"@id":"https:\/\/www.gossip.it\/news\/fedez-giulia-valentina-verona-wma-2015\/"},"wordCount":350,"publisher":{"@id":"https:\/\/www.gossip.it\/#organization"},"image":{"@id":"https:\/\/www.gossip.it\/news\/fedez-giulia-valentina-verona-wma-2015\/#primaryimage"},"thumbnailUrl":"http:\/\/files.gossip.it\/immagini_news\/2015\/06\/1433424751_giulia_valentina_fedez_di_nuovo_insieme_verona.jpg","keywords":["arena di verona","artista","cantante","fedez","giulia valentina","instagram","musica","rapper","social","verona","wind music awards","wind music awards 2015","wma","wma 2015"],"articleSection":["News"],"inLanguage":"it-IT"},{"@type":"WebPage","@id":"https:\/\/www.gossip.it\/news\/fedez-giulia-valentina-verona-wma-2015\/","url":"https:\/\/www.gossip.it\/news\/fedez-giulia-valentina-verona-wma-2015\/","name":"Fedez con Giulia Valentina a Verona per i WMA 2015 - Gossip.it | News sul Gossip e VIP","isPartOf":{"@id":"https:\/\/www.gossip.it\/#website"},"primaryImageOfPage":{"@id":"https:\/\/www.gossip.it\/news\/fedez-giulia-valentina-verona-wma-2015\/#primaryimage"},"image":{"@id":"https:\/\/www.gossip.it\/news\/fedez-giulia-valentina-verona-wma-2015\/#primaryimage"},"thumbnailUrl":"http:\/\/files.gossip.it\/immagini_news\/2015\/06\/1433424751_giulia_valentina_fedez_di_nuovo_insieme_verona.jpg","datePublished":"2015-06-03T22:00:00+00:00","dateModified":"2015-06-03T22:00:00+00:00","description":"Fedez ha riabbracciato la fidanzata Giulia Valentina e con lei stamani \u00e8 andato a Verona. Stasera il rapper sar\u00e0 tra gli artisti premiati a WMA 2015.Prima","breadcrumb":{"@id":"https:\/\/www.gossip.it\/news\/fedez-giulia-valentina-verona-wma-2015\/#breadcrumb"},"inLanguage":"it-IT","potentialAction":[{"@type":"ReadAction","target":["https:\/\/www.gossip.it\/news\/fedez-giulia-valentina-verona-wma-2015\/"]}]},{"@type":"ImageObject","inLanguage":"it-IT","@id":"https:\/\/www.gossip.it\/news\/fedez-giulia-valentina-verona-wma-2015\/#primaryimage","url":"http:\/\/files.gossip.it\/immagini_news\/2015\/06\/1433424751_giulia_valentina_fedez_di_nuovo_insieme_verona.jpg","contentUrl":"http:\/\/files.gossip.it\/immagini_news\/2015\/06\/1433424751_giulia_valentina_fedez_di_nuovo_insieme_verona.jpg"},{"@type":"BreadcrumbList","@id":"https:\/\/www.gossip.it\/news\/fedez-giulia-valentina-verona-wma-2015\/#breadcrumb","itemListElement":[{"@type":"ListItem","position":1,"name":"Home","item":"https:\/\/www.gossip.it\/"},{"@type":"ListItem","position":2,"name":"Fedez con Giulia Valentina a Verona per i WMA 2015"}]},{"@type":"WebSite","@id":"https:\/\/www.gossip.it\/#website","url":"https:\/\/www.gossip.it\/","name":"Gossip and VIP News","description":"Quotidiano di cronaca rosa, costume e societ\u00e0","publisher":{"@id":"https:\/\/www.gossip.it\/#organization"},"alternateName":"Gossip and VIP News","potentialAction":[{"@type":"SearchAction","target":{"@type":"EntryPoint","urlTemplate":"https:\/\/www.gossip.it\/?s={search_term_string}"},"query-input":{"@type":"PropertyValueSpecification","valueRequired":true,"valueName":"search_term_string"}}],"inLanguage":"it-IT"},{"@type":"Organization","@id":"https:\/\/www.gossip.it\/#organization","name":"Gossip and VIP News","alternateName":"Gossip News","url":"https:\/\/www.gossip.it\/","logo":{"@type":"ImageObject","inLanguage":"it-IT","@id":"https:\/\/www.gossip.it\/#\/schema\/logo\/image\/","url":"https:\/\/www.gossip.it\/wp-content\/uploads\/2022\/04\/cropped-corna-alta-tiny.png","contentUrl":"https:\/\/www.gossip.it\/wp-content\/uploads\/2022\/04\/cropped-corna-alta-tiny.png","width":512,"height":512,"caption":"Gossip and VIP News"},"image":{"@id":"https:\/\/www.gossip.it\/#\/schema\/logo\/image\/"},"sameAs":["https:\/\/www.facebook.com\/GossipIT","https:\/\/x.com\/gossinews_it","https:\/\/instagram.com\/gossip_it"]},{"@type":"Person","@id":"https:\/\/www.gossip.it\/#\/schema\/person\/488896f75158bff1cc83c6c39d141110","name":"La Redazione","image":{"@type":"ImageObject","inLanguage":"it-IT","@id":"https:\/\/www.gossip.it\/#\/schema\/person\/image\/","url":"https:\/\/secure.gravatar.com\/avatar\/5a5f5c6fa3e6700e4249abdad0263a1e94e927d9e0499b1cb09c1cd29c044d80?s=96&d=mm&r=g","contentUrl":"https:\/\/secure.gravatar.com\/avatar\/5a5f5c6fa3e6700e4249abdad0263a1e94e927d9e0499b1cb09c1cd29c044d80?s=96&d=mm&r=g","caption":"La Redazione"},"sameAs":["https:\/\/www.gossip.it"]}]}},"amp_enabled":true,"_links":{"self":[{"href":"https:\/\/www.gossip.it\/api\/wp\/v2\/posts\/51782","targetHints":{"allow":["GET"]}}],"collection":[{"href":"https:\/\/www.gossip.it\/api\/wp\/v2\/posts"}],"about":[{"href":"https:\/\/www.gossip.it\/api\/wp\/v2\/types\/post"}],"author":[{"embeddable":true,"href":"https:\/\/www.gossip.it\/api\/wp\/v2\/users\/1"}],"replies":[{"embeddable":true,"href":"https:\/\/www.gossip.it\/api\/wp\/v2\/comments?post=51782"}],"version-history":[{"count":0,"href":"https:\/\/www.gossip.it\/api\/wp\/v2\/posts\/51782\/revisions"}],"wp:featuredmedia":[{"embeddable":true,"href":"https:\/\/www.gossip.it\/api\/wp\/v2\/media\/107828"}],"wp:attachment":[{"href":"https:\/\/www.gossip.it\/api\/wp\/v2\/media?parent=51782"}],"wp:term":[{"taxonomy":"category","embeddable":true,"href":"https:\/\/www.gossip.it\/api\/wp\/v2\/categories?post=51782"},{"taxonomy":"post_tag","embeddable":true,"href":"https:\/\/www.gossip.it\/api\/wp\/v2\/tags?post=51782"},{"taxonomy":"vip","embeddable":true,"href":"https:\/\/www.gossip.it\/api\/wp\/v2\/vip?post=51782"}],"curies":[{"name":"wp","href":"https:\/\/api.w.org\/{rel}","templated":true}]}}