{"id":51785,"date":"2015-06-04T00:00:00","date_gmt":"2015-06-03T22:00:00","guid":{"rendered":"https:\/\/www.gossip.it\/senza-categoria\/claudia-galanti-tommaso-buti-sardegna\/"},"modified":"2015-06-04T00:00:00","modified_gmt":"2015-06-03T22:00:00","slug":"claudia-galanti-tommaso-buti-sardegna","status":"publish","type":"post","link":"https:\/\/www.gossip.it\/news\/claudia-galanti-tommaso-buti-sardegna\/","title":{"rendered":"Tommaso Buti in Sardegna da Claudia Galanti"},"content":{"rendered":"<p>Nessun addio, come invece aveva spifferato <em>Chi<\/em> le scorse settimane. <a href=\"http:\/\/www.gossip.it\/vip\/claudia-galanti\/\">Claudia Galanti<\/a> e <a href=\"http:\/\/www.gossip.it\/vip\/tommaso-buti\/\">Tommaso Buti<\/a> fanno ancora coppia. L'imprenditore ha raggiunto la <a href=\"http:\/\/www.gossip.it\/vip\/showgirl\/\">showgirl<\/a> e <a href=\"http:\/\/www.gossip.it\/vip\/modella\/\">modella<\/a> in <strong>Sardegna<\/strong>. Lo ha svelato <strong>Tommaso Buti<\/strong> stesso, mandando online sul suo profilo sul <a href=\"http:\/\/www.gossip.it\/vip\/social\/\">social<\/a> alcune foto con immortalati paesaggi magnifici della Costa Smeralda e uno scatto in cui <a href=\"http:\/\/www.gossip.it\/vip\/claudia-galanti\/\">Claudia Galanti<\/a> \u00e8 ritratta di profilo in controluce ma comunque stupenda. E' seduta al tavolo del ristorante sul mare, dietro di lei la spiaggia di sabbia bianca e gli ombrelloni. A commento dell'immagine solo i puntini di sospensione: le parole non servono.\u00a0<\/p>\n<figure class=\"caption\"><img decoding=\"async\" alt=\"\" width=\"620\" height=\"620\" src=\"http:\/\/files.gossip.it\/immagini_news\/2015\/06\/1433430123_claudia_galanti_tommaso_buti_sardegna.jpg\" \/><figcaption>Tommaso Buti sul social posta una foto di Claudia Galanti in Sardegna: \u00e8 volato da lei<\/figcaption><\/figure>\n<p><strong>Claudia Galanti<\/strong> in <strong>Sardegna<\/strong> riabbraccia <strong>Tommaso Buti<\/strong>. Forse una separazione c'\u00e8 stata, magari un litigio li ha allontanati per un po', ma ora sono di nuovo insieme. E' con <strong>Tommaso Buti<\/strong> che la bella festegger\u00e0 i 34 anni sabato 6 giugno e probabilmente l'uomo \u00e8 volato sull'isola proprio per dare gli auguri alla sua fidanzata, alla donna a cui \u00e8 rimasto vicino in un momento di forte disperazione, quando \u00e8 morta <a href=\"http:\/\/www.gossip.it\/vip\/indila-carolina sky\/\">Indila Carolina Sky<\/a>, la figlia terzogenita della paraguaiana, lo scorso 2 dicembre. E' stato <strong>Tommaso Buti<\/strong> a regalarle la serenit\u00e0 necessaria per non cadere nel buco nero, per riemergere, per essere ancora una mamma presente per gli altri suoi due figli, <em>Liam Elijah<\/em>, 4 anni, e <em>Tal Harlow<\/em>, 2.<br \/>Sembrava inverosimile che i due si fossero lasciati, cos\u00ec infatti non \u00e8.\u00a0<\/p>\n<figure class=\"caption\"><img decoding=\"async\" alt=\"\" width=\"620\" height=\"620\" src=\"http:\/\/files.gossip.it\/immagini_news\/2015\/06\/1433430160_claudia_galanti_sardegna_mare.jpg\" \/><figcaption>La showgirl e modella bellissima in spiaggia: sabato compir\u00e0 34 anni<\/figcaption><\/figure>\n<p><strong>Claudia Galanti<\/strong>, prima di andare in vacanza in <strong>Sardegna<\/strong>, ha fatto tappa a Parigi e ha fatto s\u00ec che i suoi bimbi rivedessero il pap\u00e0, l'ex <a href=\"http:\/\/www.gossip.it\/vip\/arnaud-mimran\/\">Arnaud Mimran<\/a>, uscito dal carcere dopo essere stato in cella per ben 3 mesi. Nessuna <a href=\"http:\/\/www.gossip.it\/vip\/reunion\/\">reunion<\/a> con l'ex, per\u00f2. Solo rapporti di grande stima e affetto, come \u00e8 normale che sia. Poi la Costa Smeralda, la pace, il relax e ora la vicinanza di <strong>Tommaso Buti<\/strong>, che per descrivere Claudia e quel che prova per lei non usa le parole, non ce n'\u00e8 bisogno.<\/p>\n<p>\u00a0<\/p>\n<p>\u00a0<\/p>\n","protected":false},"excerpt":{"rendered":"<p>Nessun addio, come invece aveva spifferato Chi le scorse settimane. Claudia Galanti e Tommaso Buti fanno ancora coppia. L'imprenditore ha raggiunto la showgirl e modella in Sardegna. Lo ha svelato Tommaso Buti stesso, mandando online sul suo profilo sul social alcune foto con immortalati paesaggi magnifici della Costa Smeralda e uno scatto in cui Claudia [&hellip;]<\/p>\n","protected":false},"author":1,"featured_media":107831,"comment_status":"closed","ping_status":"closed","sticky":false,"template":"","format":"standard","meta":{"footnotes":""},"categories":[54],"tags":[2000,2121,7151,1997,2301,3220,1967,1923,8098,52386,1899],"vip":[368,502,1776],"class_list":["post-51785","post","type-post","status-publish","format-standard","has-post-thumbnail","hentry","category-news","tag-figli","tag-instagram","tag-liam","tag-modella","tag-reunion","tag-sardegna","tag-showgirl","tag-social","tag-tal-harlow","tag-tal-liam-eljiah","tag-vacanza","vip-arnaud_mimran","vip-claudia_galanti","vip-tommaso_buti"],"yoast_head":"<title>Tommaso Buti in Sardegna da Claudia Galanti - Gossip.it | News sul Gossip e VIP<\/title>\n<meta name=\"description\" content=\"Nessun addio, come invece aveva spifferato Chi le scorse settimane. Claudia Galanti e Tommaso Buti fanno ancora coppia. L&#039;imprenditore ha raggiunto la\" \/>\n<meta name=\"robots\" content=\"index, follow, max-snippet:-1, max-image-preview:large, max-video-preview:-1\" \/>\n<link rel=\"canonical\" href=\"https:\/\/www.gossip.it\/news\/claudia-galanti-tommaso-buti-sardegna\/\" \/>\n<meta property=\"og:locale\" content=\"it_IT\" \/>\n<meta property=\"og:type\" content=\"article\" \/>\n<meta property=\"og:title\" content=\"Tommaso Buti in Sardegna da Claudia Galanti - Gossip.it | News sul Gossip e VIP\" \/>\n<meta property=\"og:description\" content=\"Nessun addio, come invece aveva spifferato Chi le scorse settimane. Claudia Galanti e Tommaso Buti fanno ancora coppia. L&#039;imprenditore ha raggiunto la\" \/>\n<meta property=\"og:url\" content=\"https:\/\/www.gossip.it\/news\/claudia-galanti-tommaso-buti-sardegna\/\" \/>\n<meta property=\"og:site_name\" content=\"Gossip.it | News sul Gossip e VIP\" \/>\n<meta property=\"article:publisher\" content=\"https:\/\/www.facebook.com\/GossipIT\" \/>\n<meta property=\"article:published_time\" content=\"2015-06-03T22:00:00+00:00\" \/>\n<meta property=\"og:image\" content=\"http:\/\/files.gossip.it\/immagini_news\/2015\/06\/1433430123_claudia_galanti_tommaso_buti_sardegna.jpg\" \/>\n<meta name=\"author\" content=\"La Redazione\" \/>\n<meta name=\"twitter:card\" content=\"summary_large_image\" \/>\n<meta name=\"twitter:image\" content=\"http:\/\/files.gossip.it\/immagini_news\/2015\/06\/1433430123_claudia_galanti_tommaso_buti_sardegna.jpg\" \/>\n<meta name=\"twitter:creator\" content=\"@gossinews_it\" \/>\n<meta name=\"twitter:site\" content=\"@gossinews_it\" \/>\n<meta name=\"twitter:label1\" content=\"Scritto da\" \/>\n\t<meta name=\"twitter:data1\" content=\"Annamaria Capozzi\" \/>\n\t<meta name=\"twitter:label2\" content=\"Tempo di lettura stimato\" \/>\n\t<meta name=\"twitter:data2\" content=\"2 minuti\" \/>","yoast_head_json":{"title":"Tommaso Buti in Sardegna da Claudia Galanti - Gossip.it | News sul Gossip e VIP","description":"Nessun addio, come invece aveva spifferato Chi le scorse settimane. Claudia Galanti e Tommaso Buti fanno ancora coppia. L'imprenditore ha raggiunto la","robots":{"index":"index","follow":"follow","max-snippet":"max-snippet:-1","max-image-preview":"max-image-preview:large","max-video-preview":"max-video-preview:-1"},"canonical":"https:\/\/www.gossip.it\/news\/claudia-galanti-tommaso-buti-sardegna\/","og_locale":"it_IT","og_type":"article","og_title":"Tommaso Buti in Sardegna da Claudia Galanti - Gossip.it | News sul Gossip e VIP","og_description":"Nessun addio, come invece aveva spifferato Chi le scorse settimane. Claudia Galanti e Tommaso Buti fanno ancora coppia. L'imprenditore ha raggiunto la","og_url":"https:\/\/www.gossip.it\/news\/claudia-galanti-tommaso-buti-sardegna\/","og_site_name":"Gossip.it | News sul Gossip e VIP","article_publisher":"https:\/\/www.facebook.com\/GossipIT","article_published_time":"2015-06-03T22:00:00+00:00","og_image":[{"url":"http:\/\/files.gossip.it\/immagini_news\/2015\/06\/1433430123_claudia_galanti_tommaso_buti_sardegna.jpg"}],"author":"La Redazione","twitter_card":"summary_large_image","twitter_image":"http:\/\/files.gossip.it\/immagini_news\/2015\/06\/1433430123_claudia_galanti_tommaso_buti_sardegna.jpg","twitter_creator":"@gossinews_it","twitter_site":"@gossinews_it","twitter_misc":{"Scritto da":"Annamaria Capozzi","Tempo di lettura stimato":"2 minuti"},"schema":{"@context":"https:\/\/schema.org","@graph":[{"@type":"Article","@id":"https:\/\/www.gossip.it\/news\/claudia-galanti-tommaso-buti-sardegna\/#article","isPartOf":{"@id":"https:\/\/www.gossip.it\/news\/claudia-galanti-tommaso-buti-sardegna\/"},"author":{"name":"La Redazione","@id":"https:\/\/www.gossip.it\/#\/schema\/person\/488896f75158bff1cc83c6c39d141110"},"headline":"Tommaso Buti in Sardegna da Claudia Galanti","datePublished":"2015-06-03T22:00:00+00:00","dateModified":"2015-06-03T22:00:00+00:00","mainEntityOfPage":{"@id":"https:\/\/www.gossip.it\/news\/claudia-galanti-tommaso-buti-sardegna\/"},"wordCount":344,"publisher":{"@id":"https:\/\/www.gossip.it\/#organization"},"image":{"@id":"https:\/\/www.gossip.it\/news\/claudia-galanti-tommaso-buti-sardegna\/#primaryimage"},"thumbnailUrl":"http:\/\/files.gossip.it\/immagini_news\/2015\/06\/1433430123_claudia_galanti_tommaso_buti_sardegna.jpg","keywords":["figli","instagram","liam","modella","reunion","sardegna","showgirl","social","tal harlow","tal liam eljiah","vacanza"],"articleSection":["News"],"inLanguage":"it-IT"},{"@type":"WebPage","@id":"https:\/\/www.gossip.it\/news\/claudia-galanti-tommaso-buti-sardegna\/","url":"https:\/\/www.gossip.it\/news\/claudia-galanti-tommaso-buti-sardegna\/","name":"Tommaso Buti in Sardegna da Claudia Galanti - Gossip.it | News sul Gossip e VIP","isPartOf":{"@id":"https:\/\/www.gossip.it\/#website"},"primaryImageOfPage":{"@id":"https:\/\/www.gossip.it\/news\/claudia-galanti-tommaso-buti-sardegna\/#primaryimage"},"image":{"@id":"https:\/\/www.gossip.it\/news\/claudia-galanti-tommaso-buti-sardegna\/#primaryimage"},"thumbnailUrl":"http:\/\/files.gossip.it\/immagini_news\/2015\/06\/1433430123_claudia_galanti_tommaso_buti_sardegna.jpg","datePublished":"2015-06-03T22:00:00+00:00","dateModified":"2015-06-03T22:00:00+00:00","description":"Nessun addio, come invece aveva spifferato Chi le scorse settimane. Claudia Galanti e Tommaso Buti fanno ancora coppia. L'imprenditore ha raggiunto la","breadcrumb":{"@id":"https:\/\/www.gossip.it\/news\/claudia-galanti-tommaso-buti-sardegna\/#breadcrumb"},"inLanguage":"it-IT","potentialAction":[{"@type":"ReadAction","target":["https:\/\/www.gossip.it\/news\/claudia-galanti-tommaso-buti-sardegna\/"]}]},{"@type":"ImageObject","inLanguage":"it-IT","@id":"https:\/\/www.gossip.it\/news\/claudia-galanti-tommaso-buti-sardegna\/#primaryimage","url":"http:\/\/files.gossip.it\/immagini_news\/2015\/06\/1433430123_claudia_galanti_tommaso_buti_sardegna.jpg","contentUrl":"http:\/\/files.gossip.it\/immagini_news\/2015\/06\/1433430123_claudia_galanti_tommaso_buti_sardegna.jpg"},{"@type":"BreadcrumbList","@id":"https:\/\/www.gossip.it\/news\/claudia-galanti-tommaso-buti-sardegna\/#breadcrumb","itemListElement":[{"@type":"ListItem","position":1,"name":"Home","item":"https:\/\/www.gossip.it\/"},{"@type":"ListItem","position":2,"name":"Tommaso Buti in Sardegna da Claudia Galanti"}]},{"@type":"WebSite","@id":"https:\/\/www.gossip.it\/#website","url":"https:\/\/www.gossip.it\/","name":"Gossip and VIP News","description":"Quotidiano di cronaca rosa, costume e societ\u00e0","publisher":{"@id":"https:\/\/www.gossip.it\/#organization"},"alternateName":"Gossip and VIP News","potentialAction":[{"@type":"SearchAction","target":{"@type":"EntryPoint","urlTemplate":"https:\/\/www.gossip.it\/?s={search_term_string}"},"query-input":{"@type":"PropertyValueSpecification","valueRequired":true,"valueName":"search_term_string"}}],"inLanguage":"it-IT"},{"@type":"Organization","@id":"https:\/\/www.gossip.it\/#organization","name":"Gossip and VIP News","alternateName":"Gossip News","url":"https:\/\/www.gossip.it\/","logo":{"@type":"ImageObject","inLanguage":"it-IT","@id":"https:\/\/www.gossip.it\/#\/schema\/logo\/image\/","url":"https:\/\/www.gossip.it\/wp-content\/uploads\/2022\/04\/cropped-corna-alta-tiny.png","contentUrl":"https:\/\/www.gossip.it\/wp-content\/uploads\/2022\/04\/cropped-corna-alta-tiny.png","width":512,"height":512,"caption":"Gossip and VIP News"},"image":{"@id":"https:\/\/www.gossip.it\/#\/schema\/logo\/image\/"},"sameAs":["https:\/\/www.facebook.com\/GossipIT","https:\/\/x.com\/gossinews_it","https:\/\/instagram.com\/gossip_it"]},{"@type":"Person","@id":"https:\/\/www.gossip.it\/#\/schema\/person\/488896f75158bff1cc83c6c39d141110","name":"La Redazione","image":{"@type":"ImageObject","inLanguage":"it-IT","@id":"https:\/\/www.gossip.it\/#\/schema\/person\/image\/","url":"https:\/\/secure.gravatar.com\/avatar\/5a5f5c6fa3e6700e4249abdad0263a1e94e927d9e0499b1cb09c1cd29c044d80?s=96&d=mm&r=g","contentUrl":"https:\/\/secure.gravatar.com\/avatar\/5a5f5c6fa3e6700e4249abdad0263a1e94e927d9e0499b1cb09c1cd29c044d80?s=96&d=mm&r=g","caption":"La Redazione"},"sameAs":["https:\/\/www.gossip.it"]}]}},"amp_enabled":true,"_links":{"self":[{"href":"https:\/\/www.gossip.it\/api\/wp\/v2\/posts\/51785","targetHints":{"allow":["GET"]}}],"collection":[{"href":"https:\/\/www.gossip.it\/api\/wp\/v2\/posts"}],"about":[{"href":"https:\/\/www.gossip.it\/api\/wp\/v2\/types\/post"}],"author":[{"embeddable":true,"href":"https:\/\/www.gossip.it\/api\/wp\/v2\/users\/1"}],"replies":[{"embeddable":true,"href":"https:\/\/www.gossip.it\/api\/wp\/v2\/comments?post=51785"}],"version-history":[{"count":0,"href":"https:\/\/www.gossip.it\/api\/wp\/v2\/posts\/51785\/revisions"}],"wp:featuredmedia":[{"embeddable":true,"href":"https:\/\/www.gossip.it\/api\/wp\/v2\/media\/107831"}],"wp:attachment":[{"href":"https:\/\/www.gossip.it\/api\/wp\/v2\/media?parent=51785"}],"wp:term":[{"taxonomy":"category","embeddable":true,"href":"https:\/\/www.gossip.it\/api\/wp\/v2\/categories?post=51785"},{"taxonomy":"post_tag","embeddable":true,"href":"https:\/\/www.gossip.it\/api\/wp\/v2\/tags?post=51785"},{"taxonomy":"vip","embeddable":true,"href":"https:\/\/www.gossip.it\/api\/wp\/v2\/vip?post=51785"}],"curies":[{"name":"wp","href":"https:\/\/api.w.org\/{rel}","templated":true}]}}