{"id":51857,"date":"2015-06-12T00:00:00","date_gmt":"2015-06-11T22:00:00","guid":{"rendered":"https:\/\/www.gossip.it\/senza-categoria\/bar-refaeli-shopping-valentina-micchetti-milano\/"},"modified":"2015-06-12T00:00:00","modified_gmt":"2015-06-11T22:00:00","slug":"bar-refaeli-shopping-valentina-micchetti-milano","status":"publish","type":"post","link":"https:\/\/www.gossip.it\/news\/bar-refaeli-shopping-valentina-micchetti-milano\/","title":{"rendered":"Bar Refaeli, shopping a Milano con Valentina Micchetti"},"content":{"rendered":"<p><a href=\"http:\/\/www.gossip.it\/vip\/bar-refaeli\/\">Bar Refaeli<\/a> \u00e8 atterrata a <strong>Milano<\/strong> per un po' di sano <strong>shopping<\/strong> insieme all'amica di sempre <a href=\"http:\/\/www.gossip.it\/vip\/valentina-micchetti\/\">Valentina Micchetti<\/a>.<\/p>\n<figure class=\"caption\"><img decoding=\"async\" alt=\"\" width=\"620\" height=\"747\" src=\"http:\/\/files.gossip.it\/immagini_news\/2015\/06\/1434118006_bar_refaeli_valentina_micchetti_paparazzata_milano.jpg\" \/><figcaption>Bar Refaeli a Milano con Valentina Micchetti<\/figcaption><\/figure>\n<p>La bella <a href=\"http:\/\/www.gossip.it\/vip\/modella\/\">modella<\/a> israeliana \u00e8 stata paparazzata a via Montenapoleone a <strong>Milano<\/strong> con <strong>Valentina Micchetti<\/strong>. Le due hanno passeggiato a lungo nel quadrilatero della moda meneghino e visitato le boutique pi\u00f9 <em>'glamour'<\/em>. L'italia per <strong>Bar Refaeli<\/strong> rimane una tappa fissa: \u00e8 sempre il top per quel che riguarda il fashion e quindi il conseguente <strong>shopping<\/strong>.<br \/>Abitino nero corto per <strong>Bar Refaeli<\/strong>, strepitosa con ai piedi i sandali alla schiava tacco dodici e il giubbotto jeans comodamente legato in vita. Capelli sciolti e occhiali da sole a coprirle gli splendidi occhi. Durante lo <strong>shopping<\/strong> con <strong>Valentina Micchetti<\/strong> \u00e8 stato impossibile per i fotografi in agguato con i loro obiettivi non notarla.<\/p>\n<figure class=\"caption\"><img decoding=\"async\" alt=\"\" width=\"620\" height=\"699\" src=\"http:\/\/files.gossip.it\/immagini_news\/2015\/06\/1434117743_bar_refaeli_valentina_micchetti_milano.jpg\" \/><figcaption>Per le due shopping nel quadrilatero della moda<\/figcaption><\/figure>\n<figure class=\"caption\"><img decoding=\"async\" alt=\"\" width=\"620\" height=\"635\" src=\"http:\/\/files.gossip.it\/immagini_news\/2015\/06\/1434118102_refaeli_micchetti_amiche_a_milano.jpg\" \/><figcaption>La passeggiata \u00e8 stata condita da tante risate<\/figcaption><\/figure>\n<p>Felicissima, <strong>Bar Refaeli<\/strong> in serata a <strong>Milano<\/strong> proprio con l'amica e altri intimi ha bissato i festeggiamenti per i 30 anni, compiuti lo scorso 4 giugno.\u00a0<br \/>Dopo aver celebrato la data importante romantica con il fidanzato, <a href=\"http:\/\/www.gossip.it\/vip\/adi-ezra\/\">Adi Ezra<\/a>, imprenditore con cui fa coppia fissa da un anno e che le ha chiesto di sposarla tre mesi fa, durante una romantica vacanza ai Caraibi (e che pare sia gelosissimo della compagna), Bar ha spento le candeline anche nel capoluogo lombardo.<\/p>\n<figure class=\"caption\"><img decoding=\"async\" alt=\"\" width=\"620\" height=\"786\" src=\"http:\/\/files.gossip.it\/immagini_news\/2015\/06\/1434117771_bar_refaeli_valentina_micchetti_milano_shopping.jpg\" \/><figcaption>La modella e l'amica sono state paparazzate a via Montenapoleone<\/figcaption><\/figure>\n<p>Lo scatto della cena con torta lo ha postato la modella stessa sul <a href=\"http:\/\/www.gossip.it\/vip\/social\/\">social<\/a> e ha cinguettato entusiasta: <em>\"SHE IS ON FIRE!\u00a0Still celebrating... With my Gemini twin @valemicchetti thank you @matteoreplay wish you were here!\"<\/em>.\u00a0<\/p>\n<figure class=\"caption\"><img decoding=\"async\" alt=\"\" width=\"620\" height=\"858\" src=\"http:\/\/files.gossip.it\/immagini_news\/2015\/06\/1434117860_bar_refaeli_shopping_milano.jpg\" \/><figcaption>Sorridente e in forma, la Refaeli ha incantato fotografi e passanti<\/figcaption><\/figure>\n<p><span style=\"line-height: 1.6em;\">E' davvero entusiasta. Nata a Hod HaSharon, da una famiglia ebraica di origini italiane, polacche e lituane, \u00e8 figlia di una modella degli anni Settanta e di un gestore di un ranch di cavalli. La sua carriera \u00e8 iniziata nel '99, ma \u00e8 diventata famosissima nel 2005 con la serie tv israeliana <\/span><em style=\"line-height: 1.6em;\">\"Pick Up\"<\/em><span style=\"line-height: 1.6em;\">. Fidanzata con <\/span><a style=\"line-height: 1.6em;\" href=\"http:\/\/www.gossip.it\/vip\/leonardo-dicaprio\/\">Leonardo DiCaprio<\/a><span style=\"line-height: 1.6em;\"> fino al maggio 2011, ora ha trovato la stabilit\u00e0 che cercava con Adi, ma ai suoi intimi storici non rinuncia mai.<\/span><\/p>\n<figure class=\"caption\"><img decoding=\"async\" alt=\"\" width=\"620\" height=\"626\" src=\"http:\/\/files.gossip.it\/immagini_news\/2015\/06\/1434113515_valentina_micchetti_bar_refaeli_torta.jpg\" \/><figcaption>In serata la Refaeli ha spento le candeline con Valentina: lo scorso 4 giugno ha compiuto 30 anni<\/figcaption><\/figure>\n<p>\u00a0<\/p>\n<p>\u00a0<\/p>\n","protected":false},"excerpt":{"rendered":"<p>Bar Refaeli \u00e8 atterrata a Milano per un po' di sano shopping insieme all'amica di sempre Valentina Micchetti. Bar Refaeli a Milano con Valentina Micchetti La bella modella israeliana \u00e8 stata paparazzata a via Montenapoleone a Milano con Valentina Micchetti. Le due hanno passeggiato a lungo nel quadrilatero della moda meneghino e visitato le boutique [&hellip;]<\/p>\n","protected":false},"author":1,"featured_media":107903,"comment_status":"closed","ping_status":"closed","sticky":false,"template":"","format":"standard","meta":{"footnotes":""},"categories":[54],"tags":[9468,2704,1979,3099,1997,5386,2333,7643],"vip":[],"class_list":["post-51857","post","type-post","status-publish","format-standard","has-post-thumbnail","hentry","category-news","tag-bar-refaeli","tag-italia","tag-milano","tag-moda","tag-modella","tag-shopping","tag-top-model","tag-valentina-micchetti"],"yoast_head":"<title>Bar Refaeli, shopping a Milano con Valentina Micchetti - Gossip.it | News sul Gossip e VIP<\/title>\n<meta name=\"description\" content=\"Bar Refaeli \u00e8 atterrata a Milano per un po&#039; di sano shopping insieme all&#039;amica di sempre Valentina Micchetti.Bar Refaeli a Milano con Valentina\" \/>\n<meta name=\"robots\" content=\"index, follow, max-snippet:-1, max-image-preview:large, max-video-preview:-1\" \/>\n<link rel=\"canonical\" href=\"https:\/\/www.gossip.it\/news\/bar-refaeli-shopping-valentina-micchetti-milano\/\" \/>\n<meta property=\"og:locale\" content=\"it_IT\" \/>\n<meta property=\"og:type\" content=\"article\" \/>\n<meta property=\"og:title\" content=\"Bar Refaeli, shopping a Milano con Valentina Micchetti - Gossip.it | News sul Gossip e VIP\" \/>\n<meta property=\"og:description\" content=\"Bar Refaeli \u00e8 atterrata a Milano per un po&#039; di sano shopping insieme all&#039;amica di sempre Valentina Micchetti.Bar Refaeli a Milano con Valentina\" \/>\n<meta property=\"og:url\" content=\"https:\/\/www.gossip.it\/news\/bar-refaeli-shopping-valentina-micchetti-milano\/\" \/>\n<meta property=\"og:site_name\" content=\"Gossip.it | News sul Gossip e VIP\" \/>\n<meta property=\"article:publisher\" content=\"https:\/\/www.facebook.com\/GossipIT\" \/>\n<meta property=\"article:published_time\" content=\"2015-06-11T22:00:00+00:00\" \/>\n<meta property=\"og:image\" content=\"http:\/\/files.gossip.it\/immagini_news\/2015\/06\/1434118006_bar_refaeli_valentina_micchetti_paparazzata_milano.jpg\" \/>\n<meta name=\"author\" content=\"La Redazione\" \/>\n<meta name=\"twitter:card\" content=\"summary_large_image\" \/>\n<meta name=\"twitter:image\" content=\"http:\/\/files.gossip.it\/immagini_news\/2015\/06\/1434118006_bar_refaeli_valentina_micchetti_paparazzata_milano.jpg\" \/>\n<meta name=\"twitter:creator\" content=\"@gossinews_it\" \/>\n<meta name=\"twitter:site\" content=\"@gossinews_it\" \/>\n<meta name=\"twitter:label1\" content=\"Scritto da\" \/>\n\t<meta name=\"twitter:data1\" content=\"Annamaria Capozzi\" \/>\n\t<meta name=\"twitter:label2\" content=\"Tempo di lettura stimato\" \/>\n\t<meta name=\"twitter:data2\" content=\"2 minuti\" \/>","yoast_head_json":{"title":"Bar Refaeli, shopping a Milano con Valentina Micchetti - Gossip.it | News sul Gossip e VIP","description":"Bar Refaeli \u00e8 atterrata a Milano per un po' di sano shopping insieme all'amica di sempre Valentina Micchetti.Bar Refaeli a Milano con Valentina","robots":{"index":"index","follow":"follow","max-snippet":"max-snippet:-1","max-image-preview":"max-image-preview:large","max-video-preview":"max-video-preview:-1"},"canonical":"https:\/\/www.gossip.it\/news\/bar-refaeli-shopping-valentina-micchetti-milano\/","og_locale":"it_IT","og_type":"article","og_title":"Bar Refaeli, shopping a Milano con Valentina Micchetti - Gossip.it | News sul Gossip e VIP","og_description":"Bar Refaeli \u00e8 atterrata a Milano per un po' di sano shopping insieme all'amica di sempre Valentina Micchetti.Bar Refaeli a Milano con Valentina","og_url":"https:\/\/www.gossip.it\/news\/bar-refaeli-shopping-valentina-micchetti-milano\/","og_site_name":"Gossip.it | News sul Gossip e VIP","article_publisher":"https:\/\/www.facebook.com\/GossipIT","article_published_time":"2015-06-11T22:00:00+00:00","og_image":[{"url":"http:\/\/files.gossip.it\/immagini_news\/2015\/06\/1434118006_bar_refaeli_valentina_micchetti_paparazzata_milano.jpg"}],"author":"La Redazione","twitter_card":"summary_large_image","twitter_image":"http:\/\/files.gossip.it\/immagini_news\/2015\/06\/1434118006_bar_refaeli_valentina_micchetti_paparazzata_milano.jpg","twitter_creator":"@gossinews_it","twitter_site":"@gossinews_it","twitter_misc":{"Scritto da":"Annamaria Capozzi","Tempo di lettura stimato":"2 minuti"},"schema":{"@context":"https:\/\/schema.org","@graph":[{"@type":"Article","@id":"https:\/\/www.gossip.it\/news\/bar-refaeli-shopping-valentina-micchetti-milano\/#article","isPartOf":{"@id":"https:\/\/www.gossip.it\/news\/bar-refaeli-shopping-valentina-micchetti-milano\/"},"author":{"name":"La Redazione","@id":"https:\/\/www.gossip.it\/#\/schema\/person\/488896f75158bff1cc83c6c39d141110"},"headline":"Bar Refaeli, shopping a Milano con Valentina Micchetti","datePublished":"2015-06-11T22:00:00+00:00","dateModified":"2015-06-11T22:00:00+00:00","mainEntityOfPage":{"@id":"https:\/\/www.gossip.it\/news\/bar-refaeli-shopping-valentina-micchetti-milano\/"},"wordCount":381,"publisher":{"@id":"https:\/\/www.gossip.it\/#organization"},"image":{"@id":"https:\/\/www.gossip.it\/news\/bar-refaeli-shopping-valentina-micchetti-milano\/#primaryimage"},"thumbnailUrl":"http:\/\/files.gossip.it\/immagini_news\/2015\/06\/1434118006_bar_refaeli_valentina_micchetti_paparazzata_milano.jpg","keywords":["bar refaeli","italia","milano","moda","modella","shopping","top model","Valentina Micchetti"],"articleSection":["News"],"inLanguage":"it-IT"},{"@type":"WebPage","@id":"https:\/\/www.gossip.it\/news\/bar-refaeli-shopping-valentina-micchetti-milano\/","url":"https:\/\/www.gossip.it\/news\/bar-refaeli-shopping-valentina-micchetti-milano\/","name":"Bar Refaeli, shopping a Milano con Valentina Micchetti - Gossip.it | News sul Gossip e VIP","isPartOf":{"@id":"https:\/\/www.gossip.it\/#website"},"primaryImageOfPage":{"@id":"https:\/\/www.gossip.it\/news\/bar-refaeli-shopping-valentina-micchetti-milano\/#primaryimage"},"image":{"@id":"https:\/\/www.gossip.it\/news\/bar-refaeli-shopping-valentina-micchetti-milano\/#primaryimage"},"thumbnailUrl":"http:\/\/files.gossip.it\/immagini_news\/2015\/06\/1434118006_bar_refaeli_valentina_micchetti_paparazzata_milano.jpg","datePublished":"2015-06-11T22:00:00+00:00","dateModified":"2015-06-11T22:00:00+00:00","description":"Bar Refaeli \u00e8 atterrata a Milano per un po' di sano shopping insieme all'amica di sempre Valentina Micchetti.Bar Refaeli a Milano con Valentina","breadcrumb":{"@id":"https:\/\/www.gossip.it\/news\/bar-refaeli-shopping-valentina-micchetti-milano\/#breadcrumb"},"inLanguage":"it-IT","potentialAction":[{"@type":"ReadAction","target":["https:\/\/www.gossip.it\/news\/bar-refaeli-shopping-valentina-micchetti-milano\/"]}]},{"@type":"ImageObject","inLanguage":"it-IT","@id":"https:\/\/www.gossip.it\/news\/bar-refaeli-shopping-valentina-micchetti-milano\/#primaryimage","url":"http:\/\/files.gossip.it\/immagini_news\/2015\/06\/1434118006_bar_refaeli_valentina_micchetti_paparazzata_milano.jpg","contentUrl":"http:\/\/files.gossip.it\/immagini_news\/2015\/06\/1434118006_bar_refaeli_valentina_micchetti_paparazzata_milano.jpg"},{"@type":"BreadcrumbList","@id":"https:\/\/www.gossip.it\/news\/bar-refaeli-shopping-valentina-micchetti-milano\/#breadcrumb","itemListElement":[{"@type":"ListItem","position":1,"name":"Home","item":"https:\/\/www.gossip.it\/"},{"@type":"ListItem","position":2,"name":"Bar Refaeli, shopping a Milano con Valentina Micchetti"}]},{"@type":"WebSite","@id":"https:\/\/www.gossip.it\/#website","url":"https:\/\/www.gossip.it\/","name":"Gossip and VIP News","description":"Quotidiano di cronaca rosa, costume e societ\u00e0","publisher":{"@id":"https:\/\/www.gossip.it\/#organization"},"alternateName":"Gossip and VIP News","potentialAction":[{"@type":"SearchAction","target":{"@type":"EntryPoint","urlTemplate":"https:\/\/www.gossip.it\/?s={search_term_string}"},"query-input":{"@type":"PropertyValueSpecification","valueRequired":true,"valueName":"search_term_string"}}],"inLanguage":"it-IT"},{"@type":"Organization","@id":"https:\/\/www.gossip.it\/#organization","name":"Gossip and VIP News","alternateName":"Gossip News","url":"https:\/\/www.gossip.it\/","logo":{"@type":"ImageObject","inLanguage":"it-IT","@id":"https:\/\/www.gossip.it\/#\/schema\/logo\/image\/","url":"https:\/\/www.gossip.it\/wp-content\/uploads\/2022\/04\/cropped-corna-alta-tiny.png","contentUrl":"https:\/\/www.gossip.it\/wp-content\/uploads\/2022\/04\/cropped-corna-alta-tiny.png","width":512,"height":512,"caption":"Gossip and VIP News"},"image":{"@id":"https:\/\/www.gossip.it\/#\/schema\/logo\/image\/"},"sameAs":["https:\/\/www.facebook.com\/GossipIT","https:\/\/x.com\/gossinews_it","https:\/\/instagram.com\/gossip_it"]},{"@type":"Person","@id":"https:\/\/www.gossip.it\/#\/schema\/person\/488896f75158bff1cc83c6c39d141110","name":"La Redazione","image":{"@type":"ImageObject","inLanguage":"it-IT","@id":"https:\/\/www.gossip.it\/#\/schema\/person\/image\/","url":"https:\/\/secure.gravatar.com\/avatar\/5a5f5c6fa3e6700e4249abdad0263a1e94e927d9e0499b1cb09c1cd29c044d80?s=96&d=mm&r=g","contentUrl":"https:\/\/secure.gravatar.com\/avatar\/5a5f5c6fa3e6700e4249abdad0263a1e94e927d9e0499b1cb09c1cd29c044d80?s=96&d=mm&r=g","caption":"La Redazione"},"sameAs":["https:\/\/www.gossip.it"]}]}},"amp_enabled":true,"_links":{"self":[{"href":"https:\/\/www.gossip.it\/api\/wp\/v2\/posts\/51857","targetHints":{"allow":["GET"]}}],"collection":[{"href":"https:\/\/www.gossip.it\/api\/wp\/v2\/posts"}],"about":[{"href":"https:\/\/www.gossip.it\/api\/wp\/v2\/types\/post"}],"author":[{"embeddable":true,"href":"https:\/\/www.gossip.it\/api\/wp\/v2\/users\/1"}],"replies":[{"embeddable":true,"href":"https:\/\/www.gossip.it\/api\/wp\/v2\/comments?post=51857"}],"version-history":[{"count":0,"href":"https:\/\/www.gossip.it\/api\/wp\/v2\/posts\/51857\/revisions"}],"wp:featuredmedia":[{"embeddable":true,"href":"https:\/\/www.gossip.it\/api\/wp\/v2\/media\/107903"}],"wp:attachment":[{"href":"https:\/\/www.gossip.it\/api\/wp\/v2\/media?parent=51857"}],"wp:term":[{"taxonomy":"category","embeddable":true,"href":"https:\/\/www.gossip.it\/api\/wp\/v2\/categories?post=51857"},{"taxonomy":"post_tag","embeddable":true,"href":"https:\/\/www.gossip.it\/api\/wp\/v2\/tags?post=51857"},{"taxonomy":"vip","embeddable":true,"href":"https:\/\/www.gossip.it\/api\/wp\/v2\/vip?post=51857"}],"curies":[{"name":"wp","href":"https:\/\/api.w.org\/{rel}","templated":true}]}}