{"id":51893,"date":"2015-06-17T00:00:00","date_gmt":"2015-06-16T22:00:00","guid":{"rendered":"https:\/\/www.gossip.it\/senza-categoria\/madeleine-di-svezia-prima-foto-ufficiale-figlio\/"},"modified":"2015-06-17T00:00:00","modified_gmt":"2015-06-16T22:00:00","slug":"madeleine-di-svezia-prima-foto-ufficiale-figlio","status":"publish","type":"post","link":"https:\/\/www.gossip.it\/news\/madeleine-di-svezia-prima-foto-ufficiale-figlio\/","title":{"rendered":"La prima foto ufficiale del figlio di Madeleine di Svezia: guarda"},"content":{"rendered":"<p>La Principessa <a href=\"http:\/\/www.gossip.it\/vip\/madeleine-di svezia\/\">Madeleine di Svezia<\/a> ha dato il benvenuto al suo secondo <strong>figlio<\/strong> luned\u00ec 15 giugno. Dopo la piccola <em>Leonor<\/em>, \u00e8 diventata mamma di un maschietto. La <strong>prima foto ufficiale<\/strong> del beb\u00e8 \u00e8 stata gi\u00e0 pubblicata sulla pagina ufficiale <em>Facebook<\/em> della <em>Famiglia Reale<\/em>. Mamma e <strong>figlio<\/strong> marted\u00ec 16 hanno lasciato l'ospedale<em> Danderyds Sjukhus<\/em> di <em>Stoccolma<\/em> e sono a casa con tutta la famiglia.<\/p>\n<figure class=\"caption\"><img decoding=\"async\" alt=\"\" width=\"620\" height=\"416\" src=\"http:\/\/files.gossip.it\/immagini_news\/2015\/06\/1434540130_foto_figlio_principessa_madeleine_di_svezia.jpg\" \/><figcaption>La prima foto ufficiale del figlio di Madeleine di Svezia e Chris O'Neill, nello scatto il bimbo ha appena un giorno di vita<\/figcaption><\/figure>\n<p>Nella <strong>prima foto ufficiale<\/strong> il <strong>figlio<\/strong> di <strong>Madeleine di Svezia<\/strong> ha appena un giorno di vita e\u00a0 dorme tranquillo adagiato su una copertina bianca. Il piccolo indossa un'elegante tutina di filo grigia e ha gi\u00e0 tantissimi capelli castani in tesa.<br \/><span style=\"line-height: 1.6em;\"><strong>Madeleine di Svezia<\/strong>, 33 anni, ha trascorso la prima notte dopo il parto in ospedale insieme al <strong>figlio<\/strong>. Il marito <\/span><a href=\"http:\/\/www.gossip.it\/vip\/chris-o'neill\/\">Chris O'Neill<\/a><span style=\"line-height: 1.6em;\"> \u00e8 rimasto con loro per poi portare moglie ed erede a casa il giorno dopo. Prima per\u00f2 i componenti della <em>Famiglia Reale<\/em> hanno fatto visita al nuovo arrivato. Tra i primi a voler conoscere il principino, naturalmente, i blasonati nonni, ovvero i genitori di <strong>Madeleine<\/strong>, <\/span><a href=\"http:\/\/www.gossip.it\/vip\/re-carl gustav\/\">Re Carl Gustav<\/a><span style=\"line-height: 1.6em;\"> e la <\/span><a href=\"http:\/\/www.gossip.it\/vip\/regina-silvia\/\">Regina Silvia<\/a><span style=\"line-height: 1.6em;\">.<br \/>Il lieto evento \u00e8 stato annunciato poco dopo il parto luned\u00ec 15 giugno sempre su<em> Facebook<\/em>: <em>\"La Principessa Madeleine ha dato alla luce un bimbo sano questo pomeriggio alle 13.45. Mamma e figlio stanno bene e sono felici. Tutta la famiglia \u00e8 felice di questo nuovo arrivo\"<\/em>.<\/span><\/p>\n<figure class=\"caption\"><img decoding=\"async\" alt=\"\" width=\"620\" height=\"620\" src=\"http:\/\/files.gossip.it\/immagini_news\/2015\/06\/1434540331_1434378731_madeleine_di_svezia_ha_partorito.jpg\" \/><figcaption>La Principessa Madeleine al matrimonio del fratello Carl Philip due giorni prima del parto<\/figcaption><\/figure>\n<p>L'addetto stampa <em>Margareta Thorgren<\/em> ha tenuto anche una conferenza con i giornalisti e ha rivelato che al momento della nascita il bimbo pesava 3 chili e 80 grammi e misurava 49 centimetri. La portavoce ha rivelato che il beb\u00e8 ha lo stesso mento del padre. Il nome invece ancora non \u00e8 stato reso noto. Ma il mondo intero pu\u00f2 ammirare il principino grazie alla sua <strong>prima foto ufficiale<\/strong> pubblicata sul social.<\/p>\n","protected":false},"excerpt":{"rendered":"<p>La Principessa Madeleine di Svezia ha dato il benvenuto al suo secondo figlio luned\u00ec 15 giugno. Dopo la piccola Leonor, \u00e8 diventata mamma di un maschietto. La prima foto ufficiale del beb\u00e8 \u00e8 stata gi\u00e0 pubblicata sulla pagina ufficiale Facebook della Famiglia Reale. Mamma e figlio marted\u00ec 16 hanno lasciato l'ospedale Danderyds Sjukhus di Stoccolma [&hellip;]<\/p>\n","protected":false},"author":1,"featured_media":107939,"comment_status":"closed","ping_status":"closed","sticky":false,"template":"","format":"standard","meta":{"footnotes":""},"categories":[54],"tags":[35714,52541,4790,1942,52551,2181,23682,52539,2187,1923,10553],"vip":[],"class_list":["post-51893","post","type-post","status-publish","format-standard","has-post-thumbnail","hentry","category-news","tag-casa-reale","tag-chris-oneill","tag-facebook","tag-figlio","tag-foto-ufficiale","tag-gravidanza","tag-leonor","tag-madeleine-di-svezia","tag-parto","tag-social","tag-stoccolma"],"yoast_head":"<title>La prima foto ufficiale del figlio di Madeleine di Svezia: guarda - Gossip.it | News sul Gossip e VIP<\/title>\n<meta name=\"description\" content=\"La Principessa Madeleine di Svezia ha dato il benvenuto al suo secondo figlio luned\u00ec 15 giugno. Dopo la piccola Leonor, \u00e8 diventata mamma di un\" \/>\n<meta name=\"robots\" content=\"index, follow, max-snippet:-1, max-image-preview:large, max-video-preview:-1\" \/>\n<link rel=\"canonical\" href=\"https:\/\/www.gossip.it\/news\/madeleine-di-svezia-prima-foto-ufficiale-figlio\/\" \/>\n<meta property=\"og:locale\" content=\"it_IT\" \/>\n<meta property=\"og:type\" content=\"article\" \/>\n<meta property=\"og:title\" content=\"La prima foto ufficiale del figlio di Madeleine di Svezia: guarda - Gossip.it | News sul Gossip e VIP\" \/>\n<meta property=\"og:description\" content=\"La Principessa Madeleine di Svezia ha dato il benvenuto al suo secondo figlio luned\u00ec 15 giugno. Dopo la piccola Leonor, \u00e8 diventata mamma di un\" \/>\n<meta property=\"og:url\" content=\"https:\/\/www.gossip.it\/news\/madeleine-di-svezia-prima-foto-ufficiale-figlio\/\" \/>\n<meta property=\"og:site_name\" content=\"Gossip.it | News sul Gossip e VIP\" \/>\n<meta property=\"article:publisher\" content=\"https:\/\/www.facebook.com\/GossipIT\" \/>\n<meta property=\"article:published_time\" content=\"2015-06-16T22:00:00+00:00\" \/>\n<meta property=\"og:image\" content=\"http:\/\/files.gossip.it\/immagini_news\/2015\/06\/1434540130_foto_figlio_principessa_madeleine_di_svezia.jpg\" \/>\n<meta name=\"author\" content=\"La Redazione\" \/>\n<meta name=\"twitter:card\" content=\"summary_large_image\" \/>\n<meta name=\"twitter:image\" content=\"http:\/\/files.gossip.it\/immagini_news\/2015\/06\/1434540130_foto_figlio_principessa_madeleine_di_svezia.jpg\" \/>\n<meta name=\"twitter:creator\" content=\"@gossinews_it\" \/>\n<meta name=\"twitter:site\" content=\"@gossinews_it\" \/>\n<meta name=\"twitter:label1\" content=\"Scritto da\" \/>\n\t<meta name=\"twitter:data1\" content=\"Francesca Romana Domenici\" \/>\n\t<meta name=\"twitter:label2\" content=\"Tempo di lettura stimato\" \/>\n\t<meta name=\"twitter:data2\" content=\"2 minuti\" \/>","yoast_head_json":{"title":"La prima foto ufficiale del figlio di Madeleine di Svezia: guarda - Gossip.it | News sul Gossip e VIP","description":"La Principessa Madeleine di Svezia ha dato il benvenuto al suo secondo figlio luned\u00ec 15 giugno. Dopo la piccola Leonor, \u00e8 diventata mamma di un","robots":{"index":"index","follow":"follow","max-snippet":"max-snippet:-1","max-image-preview":"max-image-preview:large","max-video-preview":"max-video-preview:-1"},"canonical":"https:\/\/www.gossip.it\/news\/madeleine-di-svezia-prima-foto-ufficiale-figlio\/","og_locale":"it_IT","og_type":"article","og_title":"La prima foto ufficiale del figlio di Madeleine di Svezia: guarda - Gossip.it | News sul Gossip e VIP","og_description":"La Principessa Madeleine di Svezia ha dato il benvenuto al suo secondo figlio luned\u00ec 15 giugno. Dopo la piccola Leonor, \u00e8 diventata mamma di un","og_url":"https:\/\/www.gossip.it\/news\/madeleine-di-svezia-prima-foto-ufficiale-figlio\/","og_site_name":"Gossip.it | News sul Gossip e VIP","article_publisher":"https:\/\/www.facebook.com\/GossipIT","article_published_time":"2015-06-16T22:00:00+00:00","og_image":[{"url":"http:\/\/files.gossip.it\/immagini_news\/2015\/06\/1434540130_foto_figlio_principessa_madeleine_di_svezia.jpg"}],"author":"La Redazione","twitter_card":"summary_large_image","twitter_image":"http:\/\/files.gossip.it\/immagini_news\/2015\/06\/1434540130_foto_figlio_principessa_madeleine_di_svezia.jpg","twitter_creator":"@gossinews_it","twitter_site":"@gossinews_it","twitter_misc":{"Scritto da":"Francesca Romana Domenici","Tempo di lettura stimato":"2 minuti"},"schema":{"@context":"https:\/\/schema.org","@graph":[{"@type":"Article","@id":"https:\/\/www.gossip.it\/news\/madeleine-di-svezia-prima-foto-ufficiale-figlio\/#article","isPartOf":{"@id":"https:\/\/www.gossip.it\/news\/madeleine-di-svezia-prima-foto-ufficiale-figlio\/"},"author":{"name":"La Redazione","@id":"https:\/\/www.gossip.it\/#\/schema\/person\/488896f75158bff1cc83c6c39d141110"},"headline":"La prima foto ufficiale del figlio di Madeleine di Svezia: guarda","datePublished":"2015-06-16T22:00:00+00:00","dateModified":"2015-06-16T22:00:00+00:00","mainEntityOfPage":{"@id":"https:\/\/www.gossip.it\/news\/madeleine-di-svezia-prima-foto-ufficiale-figlio\/"},"wordCount":334,"publisher":{"@id":"https:\/\/www.gossip.it\/#organization"},"image":{"@id":"https:\/\/www.gossip.it\/news\/madeleine-di-svezia-prima-foto-ufficiale-figlio\/#primaryimage"},"thumbnailUrl":"http:\/\/files.gossip.it\/immagini_news\/2015\/06\/1434540130_foto_figlio_principessa_madeleine_di_svezia.jpg","keywords":["casa reale","chris o'neill","facebook","figlio","foto ufficiale","gravidanza","leonor","madeleine di svezia","parto","social","stoccolma"],"articleSection":["News"],"inLanguage":"it-IT"},{"@type":"WebPage","@id":"https:\/\/www.gossip.it\/news\/madeleine-di-svezia-prima-foto-ufficiale-figlio\/","url":"https:\/\/www.gossip.it\/news\/madeleine-di-svezia-prima-foto-ufficiale-figlio\/","name":"La prima foto ufficiale del figlio di Madeleine di Svezia: guarda - Gossip.it | News sul Gossip e VIP","isPartOf":{"@id":"https:\/\/www.gossip.it\/#website"},"primaryImageOfPage":{"@id":"https:\/\/www.gossip.it\/news\/madeleine-di-svezia-prima-foto-ufficiale-figlio\/#primaryimage"},"image":{"@id":"https:\/\/www.gossip.it\/news\/madeleine-di-svezia-prima-foto-ufficiale-figlio\/#primaryimage"},"thumbnailUrl":"http:\/\/files.gossip.it\/immagini_news\/2015\/06\/1434540130_foto_figlio_principessa_madeleine_di_svezia.jpg","datePublished":"2015-06-16T22:00:00+00:00","dateModified":"2015-06-16T22:00:00+00:00","description":"La Principessa Madeleine di Svezia ha dato il benvenuto al suo secondo figlio luned\u00ec 15 giugno. Dopo la piccola Leonor, \u00e8 diventata mamma di un","breadcrumb":{"@id":"https:\/\/www.gossip.it\/news\/madeleine-di-svezia-prima-foto-ufficiale-figlio\/#breadcrumb"},"inLanguage":"it-IT","potentialAction":[{"@type":"ReadAction","target":["https:\/\/www.gossip.it\/news\/madeleine-di-svezia-prima-foto-ufficiale-figlio\/"]}]},{"@type":"ImageObject","inLanguage":"it-IT","@id":"https:\/\/www.gossip.it\/news\/madeleine-di-svezia-prima-foto-ufficiale-figlio\/#primaryimage","url":"http:\/\/files.gossip.it\/immagini_news\/2015\/06\/1434540130_foto_figlio_principessa_madeleine_di_svezia.jpg","contentUrl":"http:\/\/files.gossip.it\/immagini_news\/2015\/06\/1434540130_foto_figlio_principessa_madeleine_di_svezia.jpg"},{"@type":"BreadcrumbList","@id":"https:\/\/www.gossip.it\/news\/madeleine-di-svezia-prima-foto-ufficiale-figlio\/#breadcrumb","itemListElement":[{"@type":"ListItem","position":1,"name":"Home","item":"https:\/\/www.gossip.it\/"},{"@type":"ListItem","position":2,"name":"La prima foto ufficiale del figlio di Madeleine di Svezia: guarda"}]},{"@type":"WebSite","@id":"https:\/\/www.gossip.it\/#website","url":"https:\/\/www.gossip.it\/","name":"Gossip and VIP News","description":"Quotidiano di cronaca rosa, costume e societ\u00e0","publisher":{"@id":"https:\/\/www.gossip.it\/#organization"},"alternateName":"Gossip and VIP News","potentialAction":[{"@type":"SearchAction","target":{"@type":"EntryPoint","urlTemplate":"https:\/\/www.gossip.it\/?s={search_term_string}"},"query-input":{"@type":"PropertyValueSpecification","valueRequired":true,"valueName":"search_term_string"}}],"inLanguage":"it-IT"},{"@type":"Organization","@id":"https:\/\/www.gossip.it\/#organization","name":"Gossip and VIP News","alternateName":"Gossip News","url":"https:\/\/www.gossip.it\/","logo":{"@type":"ImageObject","inLanguage":"it-IT","@id":"https:\/\/www.gossip.it\/#\/schema\/logo\/image\/","url":"https:\/\/www.gossip.it\/wp-content\/uploads\/2022\/04\/cropped-corna-alta-tiny.png","contentUrl":"https:\/\/www.gossip.it\/wp-content\/uploads\/2022\/04\/cropped-corna-alta-tiny.png","width":512,"height":512,"caption":"Gossip and VIP News"},"image":{"@id":"https:\/\/www.gossip.it\/#\/schema\/logo\/image\/"},"sameAs":["https:\/\/www.facebook.com\/GossipIT","https:\/\/x.com\/gossinews_it","https:\/\/instagram.com\/gossip_it"]},{"@type":"Person","@id":"https:\/\/www.gossip.it\/#\/schema\/person\/488896f75158bff1cc83c6c39d141110","name":"La Redazione","image":{"@type":"ImageObject","inLanguage":"it-IT","@id":"https:\/\/www.gossip.it\/#\/schema\/person\/image\/","url":"https:\/\/secure.gravatar.com\/avatar\/5a5f5c6fa3e6700e4249abdad0263a1e94e927d9e0499b1cb09c1cd29c044d80?s=96&d=mm&r=g","contentUrl":"https:\/\/secure.gravatar.com\/avatar\/5a5f5c6fa3e6700e4249abdad0263a1e94e927d9e0499b1cb09c1cd29c044d80?s=96&d=mm&r=g","caption":"La Redazione"},"sameAs":["https:\/\/www.gossip.it"]}]}},"amp_enabled":true,"_links":{"self":[{"href":"https:\/\/www.gossip.it\/api\/wp\/v2\/posts\/51893","targetHints":{"allow":["GET"]}}],"collection":[{"href":"https:\/\/www.gossip.it\/api\/wp\/v2\/posts"}],"about":[{"href":"https:\/\/www.gossip.it\/api\/wp\/v2\/types\/post"}],"author":[{"embeddable":true,"href":"https:\/\/www.gossip.it\/api\/wp\/v2\/users\/1"}],"replies":[{"embeddable":true,"href":"https:\/\/www.gossip.it\/api\/wp\/v2\/comments?post=51893"}],"version-history":[{"count":0,"href":"https:\/\/www.gossip.it\/api\/wp\/v2\/posts\/51893\/revisions"}],"wp:featuredmedia":[{"embeddable":true,"href":"https:\/\/www.gossip.it\/api\/wp\/v2\/media\/107939"}],"wp:attachment":[{"href":"https:\/\/www.gossip.it\/api\/wp\/v2\/media?parent=51893"}],"wp:term":[{"taxonomy":"category","embeddable":true,"href":"https:\/\/www.gossip.it\/api\/wp\/v2\/categories?post=51893"},{"taxonomy":"post_tag","embeddable":true,"href":"https:\/\/www.gossip.it\/api\/wp\/v2\/tags?post=51893"},{"taxonomy":"vip","embeddable":true,"href":"https:\/\/www.gossip.it\/api\/wp\/v2\/vip?post=51893"}],"curies":[{"name":"wp","href":"https:\/\/api.w.org\/{rel}","templated":true}]}}