{"id":51903,"date":"2015-06-18T00:00:00","date_gmt":"2015-06-17T22:00:00","guid":{"rendered":"https:\/\/www.gossip.it\/senza-categoria\/cristiano-ronaldo-5-anni-figlio\/"},"modified":"2015-06-18T00:00:00","modified_gmt":"2015-06-17T22:00:00","slug":"cristiano-ronaldo-5-anni-figlio","status":"publish","type":"post","link":"https:\/\/www.gossip.it\/news\/cristiano-ronaldo-5-anni-figlio\/","title":{"rendered":"Cristiano Ronaldo in festa per i 5 anni del figlio"},"content":{"rendered":"<p><a href=\"http:\/\/www.gossip.it\/vip\/cristiano-ronaldo\/\">Cristiano Ronaldo<\/a> nello scatto mandato online suo suo profilo ufficiale sul <a href=\"http:\/\/www.gossip.it\/vip\/social\/\">social<\/a> sorride felice seduto sull'amaca in giardino accanto a <a href=\"http:\/\/www.gossip.it\/vip\/cristiano-junior\/\">Cristiano Junior<\/a>: il <strong>figlio<\/strong> ieri, mercoled\u00ec 17 giugno, ha compiuto <strong>5 anni<\/strong>.<\/p>\n<figure class=\"caption\"><img decoding=\"async\" alt=\"\" width=\"620\" height=\"485\" src=\"http:\/\/files.gossip.it\/immagini_news\/2015\/06\/1434621362_compleanno_figlio_di_cristiano_ronaldo_5_anni.jpg\" \/><figcaption>Cristiano Ronaldo insieme al figlio Cristiano Junior che ieri, 17 giugno, ha compiuto 5 anni<\/figcaption><\/figure>\n<p>Pap\u00e0 e bimbo mostrano la mano e quindi le cinque dita proprio per indicare i <strong>5 anni<\/strong> fatti. <em>\"Celebrating my son's 5th birthday\"<\/em>, ha cinguettato entusiasta la stella del <em>Real Madrid<\/em>, fresco vincitore della Scarpa d'Oro.<br \/>Cristiano Junior \u00e8 la sua gioia pi\u00f9 grande. <strong>Cristiano Ronaldo<\/strong> si gode il <strong>figlio<\/strong> e forse \u00e8 proprio per stare subito insieme a lui che ha mancato l'amichevole contro l'Italia, arrivata marted\u00ec 16 giugno, subito dopo aver deciso con una tripletta la sfida di Qualificazioni a Euro 2016 con l\u2019Armenia. Il giocatore \u00e8 stato liberato da Santos e grazie a questo permesso speciale ha iniziato in anticipo le vacanze. La sua assenza per\u00f2, motivata ufficialmente per un problema muscolare, coster\u00e0 cara alla federazione lusitana che dovr\u00e0 restituire agli organizzatori 380mila euro che sarebbero stati dati al Portogallo solo in caso <strong>Cristiano Ronaldo<\/strong> avesse giocato.<br \/>Poco male. <strong>Cristiano Ronaldo<\/strong> pensa solo al <strong>figlio<\/strong>: per nulla al mondo avrebbe mancato la festa per i suoi <strong>5 anni<\/strong>. Stargli vicino, soprattutto adesso che \u00e8 single, \u00e8 l'unica cosa che conta. Il galactico ha un'esistenza super. Ora, poi, ha persino una galassia che si chiama come lui, CR7: un gruppo di astronomi, guidato dallo scienziato portoghese <em>David Sobral<\/em>, l'ha scoperta e ha deciso di chiamarla cos\u00ec. In uscita anche un lungometraggio sulla sua carriera, come annunciato su <em>Twitter<\/em> dal <a href=\"http:\/\/www.gossip.it\/vip\/calciatore\/\">calciatore<\/a> stesso: a breve inizieranno le riprese di un film-documentario sulla sua vita dentro e fuori dal campo e la sua carriera, dagli esordi in Portogallo all'esperienza in Inghilterra con il Manchester United, fino ai recenti successi con le merengues.<\/p>\n<p>\u00a0<\/p>\n<p>\u00a0<\/p>\n","protected":false},"excerpt":{"rendered":"<p>Cristiano Ronaldo nello scatto mandato online suo suo profilo ufficiale sul social sorride felice seduto sull'amaca in giardino accanto a Cristiano Junior: il figlio ieri, mercoled\u00ec 17 giugno, ha compiuto 5 anni. Cristiano Ronaldo insieme al figlio Cristiano Junior che ieri, 17 giugno, ha compiuto 5 anni Pap\u00e0 e bimbo mostrano la mano e quindi [&hellip;]<\/p>\n","protected":false},"author":1,"featured_media":107949,"comment_status":"closed","ping_status":"closed","sticky":false,"template":"","format":"standard","meta":{"footnotes":""},"categories":[54],"tags":[6113,2218,50685,5402,1942,32764,2121,52561,9098,1923],"vip":[],"class_list":["post-51903","post","type-post","status-publish","format-standard","has-post-thumbnail","hentry","category-news","tag-5-anni","tag-calciatore","tag-cristiano-junior","tag-cristiano-ronaldo","tag-figlio","tag-galactico","tag-instagram","tag-merengues","tag-real-madrid","tag-social"],"yoast_head":"<title>Cristiano Ronaldo in festa per i 5 anni del figlio - Gossip.it | News sul Gossip e VIP<\/title>\n<meta name=\"description\" content=\"Cristiano Ronaldo nello scatto mandato online suo suo profilo ufficiale sul social sorride felice seduto sull&#039;amaca in giardino accanto a Cristiano\" \/>\n<meta name=\"robots\" content=\"index, follow, max-snippet:-1, max-image-preview:large, max-video-preview:-1\" \/>\n<link rel=\"canonical\" href=\"https:\/\/www.gossip.it\/news\/cristiano-ronaldo-5-anni-figlio\/\" \/>\n<meta property=\"og:locale\" content=\"it_IT\" \/>\n<meta property=\"og:type\" content=\"article\" \/>\n<meta property=\"og:title\" content=\"Cristiano Ronaldo in festa per i 5 anni del figlio - Gossip.it | News sul Gossip e VIP\" \/>\n<meta property=\"og:description\" content=\"Cristiano Ronaldo nello scatto mandato online suo suo profilo ufficiale sul social sorride felice seduto sull&#039;amaca in giardino accanto a Cristiano\" \/>\n<meta property=\"og:url\" content=\"https:\/\/www.gossip.it\/news\/cristiano-ronaldo-5-anni-figlio\/\" \/>\n<meta property=\"og:site_name\" content=\"Gossip.it | News sul Gossip e VIP\" \/>\n<meta property=\"article:publisher\" content=\"https:\/\/www.facebook.com\/GossipIT\" \/>\n<meta property=\"article:published_time\" content=\"2015-06-17T22:00:00+00:00\" \/>\n<meta property=\"og:image\" content=\"http:\/\/files.gossip.it\/immagini_news\/2015\/06\/1434621362_compleanno_figlio_di_cristiano_ronaldo_5_anni.jpg\" \/>\n<meta name=\"author\" content=\"La Redazione\" \/>\n<meta name=\"twitter:card\" content=\"summary_large_image\" \/>\n<meta name=\"twitter:image\" content=\"http:\/\/files.gossip.it\/immagini_news\/2015\/06\/1434621362_compleanno_figlio_di_cristiano_ronaldo_5_anni.jpg\" \/>\n<meta name=\"twitter:creator\" content=\"@gossinews_it\" \/>\n<meta name=\"twitter:site\" content=\"@gossinews_it\" \/>\n<meta name=\"twitter:label1\" content=\"Scritto da\" \/>\n\t<meta name=\"twitter:data1\" content=\"Annamaria Capozzi\" \/>\n\t<meta name=\"twitter:label2\" content=\"Tempo di lettura stimato\" \/>\n\t<meta name=\"twitter:data2\" content=\"1 minuto\" \/>","yoast_head_json":{"title":"Cristiano Ronaldo in festa per i 5 anni del figlio - Gossip.it | News sul Gossip e VIP","description":"Cristiano Ronaldo nello scatto mandato online suo suo profilo ufficiale sul social sorride felice seduto sull'amaca in giardino accanto a Cristiano","robots":{"index":"index","follow":"follow","max-snippet":"max-snippet:-1","max-image-preview":"max-image-preview:large","max-video-preview":"max-video-preview:-1"},"canonical":"https:\/\/www.gossip.it\/news\/cristiano-ronaldo-5-anni-figlio\/","og_locale":"it_IT","og_type":"article","og_title":"Cristiano Ronaldo in festa per i 5 anni del figlio - Gossip.it | News sul Gossip e VIP","og_description":"Cristiano Ronaldo nello scatto mandato online suo suo profilo ufficiale sul social sorride felice seduto sull'amaca in giardino accanto a Cristiano","og_url":"https:\/\/www.gossip.it\/news\/cristiano-ronaldo-5-anni-figlio\/","og_site_name":"Gossip.it | News sul Gossip e VIP","article_publisher":"https:\/\/www.facebook.com\/GossipIT","article_published_time":"2015-06-17T22:00:00+00:00","og_image":[{"url":"http:\/\/files.gossip.it\/immagini_news\/2015\/06\/1434621362_compleanno_figlio_di_cristiano_ronaldo_5_anni.jpg"}],"author":"La Redazione","twitter_card":"summary_large_image","twitter_image":"http:\/\/files.gossip.it\/immagini_news\/2015\/06\/1434621362_compleanno_figlio_di_cristiano_ronaldo_5_anni.jpg","twitter_creator":"@gossinews_it","twitter_site":"@gossinews_it","twitter_misc":{"Scritto da":"Annamaria Capozzi","Tempo di lettura stimato":"1 minuto"},"schema":{"@context":"https:\/\/schema.org","@graph":[{"@type":"Article","@id":"https:\/\/www.gossip.it\/news\/cristiano-ronaldo-5-anni-figlio\/#article","isPartOf":{"@id":"https:\/\/www.gossip.it\/news\/cristiano-ronaldo-5-anni-figlio\/"},"author":{"name":"La Redazione","@id":"https:\/\/www.gossip.it\/#\/schema\/person\/488896f75158bff1cc83c6c39d141110"},"headline":"Cristiano Ronaldo in festa per i 5 anni del figlio","datePublished":"2015-06-17T22:00:00+00:00","dateModified":"2015-06-17T22:00:00+00:00","mainEntityOfPage":{"@id":"https:\/\/www.gossip.it\/news\/cristiano-ronaldo-5-anni-figlio\/"},"wordCount":314,"publisher":{"@id":"https:\/\/www.gossip.it\/#organization"},"image":{"@id":"https:\/\/www.gossip.it\/news\/cristiano-ronaldo-5-anni-figlio\/#primaryimage"},"thumbnailUrl":"http:\/\/files.gossip.it\/immagini_news\/2015\/06\/1434621362_compleanno_figlio_di_cristiano_ronaldo_5_anni.jpg","keywords":["5 anni","calciatore","cristiano junior","cristiano ronaldo","figlio","galactico","instagram","merengues","real madrid","social"],"articleSection":["News"],"inLanguage":"it-IT"},{"@type":"WebPage","@id":"https:\/\/www.gossip.it\/news\/cristiano-ronaldo-5-anni-figlio\/","url":"https:\/\/www.gossip.it\/news\/cristiano-ronaldo-5-anni-figlio\/","name":"Cristiano Ronaldo in festa per i 5 anni del figlio - Gossip.it | News sul Gossip e VIP","isPartOf":{"@id":"https:\/\/www.gossip.it\/#website"},"primaryImageOfPage":{"@id":"https:\/\/www.gossip.it\/news\/cristiano-ronaldo-5-anni-figlio\/#primaryimage"},"image":{"@id":"https:\/\/www.gossip.it\/news\/cristiano-ronaldo-5-anni-figlio\/#primaryimage"},"thumbnailUrl":"http:\/\/files.gossip.it\/immagini_news\/2015\/06\/1434621362_compleanno_figlio_di_cristiano_ronaldo_5_anni.jpg","datePublished":"2015-06-17T22:00:00+00:00","dateModified":"2015-06-17T22:00:00+00:00","description":"Cristiano Ronaldo nello scatto mandato online suo suo profilo ufficiale sul social sorride felice seduto sull'amaca in giardino accanto a Cristiano","breadcrumb":{"@id":"https:\/\/www.gossip.it\/news\/cristiano-ronaldo-5-anni-figlio\/#breadcrumb"},"inLanguage":"it-IT","potentialAction":[{"@type":"ReadAction","target":["https:\/\/www.gossip.it\/news\/cristiano-ronaldo-5-anni-figlio\/"]}]},{"@type":"ImageObject","inLanguage":"it-IT","@id":"https:\/\/www.gossip.it\/news\/cristiano-ronaldo-5-anni-figlio\/#primaryimage","url":"http:\/\/files.gossip.it\/immagini_news\/2015\/06\/1434621362_compleanno_figlio_di_cristiano_ronaldo_5_anni.jpg","contentUrl":"http:\/\/files.gossip.it\/immagini_news\/2015\/06\/1434621362_compleanno_figlio_di_cristiano_ronaldo_5_anni.jpg"},{"@type":"BreadcrumbList","@id":"https:\/\/www.gossip.it\/news\/cristiano-ronaldo-5-anni-figlio\/#breadcrumb","itemListElement":[{"@type":"ListItem","position":1,"name":"Home","item":"https:\/\/www.gossip.it\/"},{"@type":"ListItem","position":2,"name":"Cristiano Ronaldo in festa per i 5 anni del figlio"}]},{"@type":"WebSite","@id":"https:\/\/www.gossip.it\/#website","url":"https:\/\/www.gossip.it\/","name":"Gossip and VIP News","description":"Quotidiano di cronaca rosa, costume e societ\u00e0","publisher":{"@id":"https:\/\/www.gossip.it\/#organization"},"alternateName":"Gossip and VIP News","potentialAction":[{"@type":"SearchAction","target":{"@type":"EntryPoint","urlTemplate":"https:\/\/www.gossip.it\/?s={search_term_string}"},"query-input":{"@type":"PropertyValueSpecification","valueRequired":true,"valueName":"search_term_string"}}],"inLanguage":"it-IT"},{"@type":"Organization","@id":"https:\/\/www.gossip.it\/#organization","name":"Gossip and VIP News","alternateName":"Gossip News","url":"https:\/\/www.gossip.it\/","logo":{"@type":"ImageObject","inLanguage":"it-IT","@id":"https:\/\/www.gossip.it\/#\/schema\/logo\/image\/","url":"https:\/\/www.gossip.it\/wp-content\/uploads\/2022\/04\/cropped-corna-alta-tiny.png","contentUrl":"https:\/\/www.gossip.it\/wp-content\/uploads\/2022\/04\/cropped-corna-alta-tiny.png","width":512,"height":512,"caption":"Gossip and VIP News"},"image":{"@id":"https:\/\/www.gossip.it\/#\/schema\/logo\/image\/"},"sameAs":["https:\/\/www.facebook.com\/GossipIT","https:\/\/x.com\/gossinews_it","https:\/\/instagram.com\/gossip_it"]},{"@type":"Person","@id":"https:\/\/www.gossip.it\/#\/schema\/person\/488896f75158bff1cc83c6c39d141110","name":"La Redazione","image":{"@type":"ImageObject","inLanguage":"it-IT","@id":"https:\/\/www.gossip.it\/#\/schema\/person\/image\/","url":"https:\/\/secure.gravatar.com\/avatar\/5a5f5c6fa3e6700e4249abdad0263a1e94e927d9e0499b1cb09c1cd29c044d80?s=96&d=mm&r=g","contentUrl":"https:\/\/secure.gravatar.com\/avatar\/5a5f5c6fa3e6700e4249abdad0263a1e94e927d9e0499b1cb09c1cd29c044d80?s=96&d=mm&r=g","caption":"La Redazione"},"sameAs":["https:\/\/www.gossip.it"]}]}},"amp_enabled":true,"_links":{"self":[{"href":"https:\/\/www.gossip.it\/api\/wp\/v2\/posts\/51903","targetHints":{"allow":["GET"]}}],"collection":[{"href":"https:\/\/www.gossip.it\/api\/wp\/v2\/posts"}],"about":[{"href":"https:\/\/www.gossip.it\/api\/wp\/v2\/types\/post"}],"author":[{"embeddable":true,"href":"https:\/\/www.gossip.it\/api\/wp\/v2\/users\/1"}],"replies":[{"embeddable":true,"href":"https:\/\/www.gossip.it\/api\/wp\/v2\/comments?post=51903"}],"version-history":[{"count":0,"href":"https:\/\/www.gossip.it\/api\/wp\/v2\/posts\/51903\/revisions"}],"wp:featuredmedia":[{"embeddable":true,"href":"https:\/\/www.gossip.it\/api\/wp\/v2\/media\/107949"}],"wp:attachment":[{"href":"https:\/\/www.gossip.it\/api\/wp\/v2\/media?parent=51903"}],"wp:term":[{"taxonomy":"category","embeddable":true,"href":"https:\/\/www.gossip.it\/api\/wp\/v2\/categories?post=51903"},{"taxonomy":"post_tag","embeddable":true,"href":"https:\/\/www.gossip.it\/api\/wp\/v2\/tags?post=51903"},{"taxonomy":"vip","embeddable":true,"href":"https:\/\/www.gossip.it\/api\/wp\/v2\/vip?post=51903"}],"curies":[{"name":"wp","href":"https:\/\/api.w.org\/{rel}","templated":true}]}}