{"id":51913,"date":"2015-06-18T00:00:00","date_gmt":"2015-06-17T22:00:00","guid":{"rendered":"https:\/\/www.gossip.it\/senza-categoria\/fabrizio-corona-scarcerato-comunita-exodus-don-mazzi\/"},"modified":"2015-06-18T00:00:00","modified_gmt":"2015-06-17T22:00:00","slug":"fabrizio-corona-scarcerato-comunita-exodus-don-mazzi","status":"publish","type":"post","link":"https:\/\/www.gossip.it\/news\/fabrizio-corona-scarcerato-comunita-exodus-don-mazzi\/","title":{"rendered":"Fabrizio Corona scarcerato: affidato alla comunit\u00e0 Exodus di Don Mazzi"},"content":{"rendered":"<p><a href=\"http:\/\/www.gossip.it\/vip\/fabrizio-corona\/\">Fabrizio Corona<\/a> \u00e8 stato <strong>scarcerato<\/strong>. Lascer\u00e0 il carcere di Opera dove \u00e8 stato rinchiuso per quasi due anni e mezzo e sar\u00e0 affidato alla <strong>comunit\u00e0<\/strong> per tossicodipendenti <strong>Exodus<\/strong> di <a href=\"http:\/\/www.gossip.it\/vip\/don-mazzi\/\">Don Mazzi<\/a>. Dovr\u00e0 sottoporsi a un programma di recupero, con prescrizioni precise e severe disposte dal giudice.<br \/>Il calvario dell'ex re dei paparazzi, blindato in cella, sembra essere finito. <strong>Scarcerato<\/strong>, <strong>Fabrizio Corona<\/strong> ottiene la sua piccola vittoria. <strong>Don Mazzi<\/strong> nella <strong>comunit\u00e0 Exodus<\/strong>, a cui l'imprenditore \u00e8 stato affidato, dovr\u00e0 aiutarlo a superare i problemi avuti in passato con la cocaina e a inserirsi di nuovo nel mondo che lo circonda, nella societ\u00e0.<\/p>\n<figure class=\"caption\"><img decoding=\"async\" alt=\"\" width=\"620\" height=\"417\" src=\"http:\/\/files.gossip.it\/immagini_news\/2015\/06\/1434638691_fabrizio_corona_scarcerato.jpg\" \/><figcaption>Fabrizio Corona \u00e8 stato scarcerato dopo 3 anni e 2 mesi passati in cella a Opera<\/figcaption><\/figure>\n<p>E' stato il giudice di sorveglianza di Milano Giovanna Di Rosa, a dare il via libera e cos\u00ec <strong>Fabrizio Corona<\/strong> \u00e8 stato <strong>scarcerato<\/strong> e affidato alla <strong>comunit\u00e0 Exodus<\/strong> di <strong>Don Mazzi<\/strong>. Il giudice ha accolto l\u2019istanza presentata da Corona tramite i suoi legali, gli avvocati <em>Ivan Chiesa<\/em> e <em>Antonella Calcaterra<\/em>.<br \/>Condannato a una pena complessiva di 13 anni e due mesi di carcere per alcuni reati (tra i quali quelli legati alla bancarotta della societ\u00e0 Fenice e ai ricatti per foto compromettenti scattate ai vip dai suoi paparazzi), l'ex marito di <a href=\"http:\/\/www.gossip.it\/vip\/nina-moric\/\">Nina Moric<\/a> e pap\u00e0 di <em>Carlos<\/em> era stato mandato a scontare la sua pena nel carcere di massima sicurezza a Opera. Per l\u2019estorsione aggravata ai danni dell\u2019ex <a href=\"http:\/\/www.gossip.it\/vip\/calciatore\/\">calciatore<\/a> della Juventus <a href=\"http:\/\/www.gossip.it\/vip\/david-trezeguet\/\">David Trezeguet<\/a> aveva avuto una condanna a 5 anni: era proprio questa a impedire, teoricamente, la concessione di benefici penitenziari. Il giudice per\u00f2, sulla base di motivi giuridici e decisioni della Cassazione, lo ha invece ritenuto possibile. A favorire la decisione di scarcerarlo sarebbero state pure le relazioni della Asl e della direzione del carcere. La decisione ora, comunque, dovr\u00e0 essere valutata da un collegio del Tribunale di Sorveglianza.<\/p>\n<figure class=\"caption\"><img decoding=\"async\" alt=\"\" width=\"620\" height=\"493\" src=\"http:\/\/files.gossip.it\/immagini_news\/2015\/06\/1434638741_ultime_immagini_corona_carcere.jpg\" \/><figcaption>Domani lascer\u00e0 il carcere e sar\u00e0 affidato alla comunit\u00e0 Exodus di Don Mazzi<\/figcaption><\/figure>\n<p>Il<em> 'fine pena'<\/em> di <strong>Fabrizio Corona<\/strong>, tra l'altro, grazie agli sconti di pena, che sono di 150 giorni per ogni anno trascorso in carcere, e al <em>'presofferto'<\/em> (ossia il tempo che ha gi\u00e0 trascorso in cella da gennaio 2013 a oggi), si \u00e8 abbassato sotto i sei anni. Questo ha reso possibile il suo affidamento in <strong>comunit\u00e0<\/strong>.<br \/>In passato aveva sempre negato di essere dipendente dalla droga, poi sono arrivate le sue prime ammissioni. Ora sembrerebbe che in parte sia stata proprio la cocaina a far scattare alcuni suoi comportamenti psicotici e contraddittori. Poi, in carcere, sono venuti fuori tanti problemi. <em>\"Ha capito di aver sbagliato in passato e ha preso da tempo le distanze da quello che era, accettando le condanne. Sta veramente male\"<\/em>, aveva detto l\u2019avvocato Chiesa. <em>\"E' un uomo molto provato con problemi seri dal punto di vista psicologico e psichiatrico, tanto da essere curato anche con psicofarmaci\"<\/em>, gli aveva fatto eco la Calcaterra. Ora \u00e8 stato <strong>scarcerato<\/strong>, uscendo da Opera inizier\u00e0 il suo cammino verso una nuova vita.<\/p>\n<p>\u00a0<\/p>\n","protected":false},"excerpt":{"rendered":"<p>Fabrizio Corona \u00e8 stato scarcerato. Lascer\u00e0 il carcere di Opera dove \u00e8 stato rinchiuso per quasi due anni e mezzo e sar\u00e0 affidato alla comunit\u00e0 per tossicodipendenti Exodus di Don Mazzi. Dovr\u00e0 sottoporsi a un programma di recupero, con prescrizioni precise e severe disposte dal giudice.Il calvario dell'ex re dei paparazzi, blindato in cella, sembra [&hellip;]<\/p>\n","protected":false},"author":1,"featured_media":107959,"comment_status":"closed","ping_status":"closed","sticky":false,"template":"","format":"standard","meta":{"footnotes":""},"categories":[54],"tags":[7308,11529,39118,4653,1979,2964,35423,9528],"vip":[605,719],"class_list":["post-51913","post","type-post","status-publish","format-standard","has-post-thumbnail","hentry","category-news","tag-carcere","tag-comunita","tag-exodus","tag-giudice","tag-milano","tag-opera","tag-pena","tag-scarcerato","vip-don_mazzi","vip-fabrizio_corona"],"yoast_head":"<title>Fabrizio Corona scarcerato: affidato alla comunit\u00e0 Exodus di Don Mazzi - Gossip.it | News sul Gossip e VIP<\/title>\n<meta name=\"description\" content=\"Fabrizio Corona \u00e8 stato scarcerato. Lascer\u00e0 il carcere di Opera dove \u00e8 stato rinchiuso per quasi due anni e mezzo e sar\u00e0 affidato alla comunit\u00e0 per\" \/>\n<meta name=\"robots\" content=\"index, follow, max-snippet:-1, max-image-preview:large, max-video-preview:-1\" \/>\n<link rel=\"canonical\" href=\"https:\/\/www.gossip.it\/news\/fabrizio-corona-scarcerato-comunita-exodus-don-mazzi\/\" \/>\n<meta property=\"og:locale\" content=\"it_IT\" \/>\n<meta property=\"og:type\" content=\"article\" \/>\n<meta property=\"og:title\" content=\"Fabrizio Corona scarcerato: affidato alla comunit\u00e0 Exodus di Don Mazzi - Gossip.it | News sul Gossip e VIP\" \/>\n<meta property=\"og:description\" content=\"Fabrizio Corona \u00e8 stato scarcerato. Lascer\u00e0 il carcere di Opera dove \u00e8 stato rinchiuso per quasi due anni e mezzo e sar\u00e0 affidato alla comunit\u00e0 per\" \/>\n<meta property=\"og:url\" content=\"https:\/\/www.gossip.it\/news\/fabrizio-corona-scarcerato-comunita-exodus-don-mazzi\/\" \/>\n<meta property=\"og:site_name\" content=\"Gossip.it | News sul Gossip e VIP\" \/>\n<meta property=\"article:publisher\" content=\"https:\/\/www.facebook.com\/GossipIT\" \/>\n<meta property=\"article:published_time\" content=\"2015-06-17T22:00:00+00:00\" \/>\n<meta property=\"og:image\" content=\"http:\/\/files.gossip.it\/immagini_news\/2015\/06\/1434638691_fabrizio_corona_scarcerato.jpg\" \/>\n<meta name=\"author\" content=\"La Redazione\" \/>\n<meta name=\"twitter:card\" content=\"summary_large_image\" \/>\n<meta name=\"twitter:image\" content=\"http:\/\/files.gossip.it\/immagini_news\/2015\/06\/1434638691_fabrizio_corona_scarcerato.jpg\" \/>\n<meta name=\"twitter:creator\" content=\"@gossinews_it\" \/>\n<meta name=\"twitter:site\" content=\"@gossinews_it\" \/>\n<meta name=\"twitter:label1\" content=\"Scritto da\" \/>\n\t<meta name=\"twitter:data1\" content=\"Annamaria Capozzi\" \/>\n\t<meta name=\"twitter:label2\" content=\"Tempo di lettura stimato\" \/>\n\t<meta name=\"twitter:data2\" content=\"2 minuti\" \/>","yoast_head_json":{"title":"Fabrizio Corona scarcerato: affidato alla comunit\u00e0 Exodus di Don Mazzi - Gossip.it | News sul Gossip e VIP","description":"Fabrizio Corona \u00e8 stato scarcerato. Lascer\u00e0 il carcere di Opera dove \u00e8 stato rinchiuso per quasi due anni e mezzo e sar\u00e0 affidato alla comunit\u00e0 per","robots":{"index":"index","follow":"follow","max-snippet":"max-snippet:-1","max-image-preview":"max-image-preview:large","max-video-preview":"max-video-preview:-1"},"canonical":"https:\/\/www.gossip.it\/news\/fabrizio-corona-scarcerato-comunita-exodus-don-mazzi\/","og_locale":"it_IT","og_type":"article","og_title":"Fabrizio Corona scarcerato: affidato alla comunit\u00e0 Exodus di Don Mazzi - Gossip.it | News sul Gossip e VIP","og_description":"Fabrizio Corona \u00e8 stato scarcerato. Lascer\u00e0 il carcere di Opera dove \u00e8 stato rinchiuso per quasi due anni e mezzo e sar\u00e0 affidato alla comunit\u00e0 per","og_url":"https:\/\/www.gossip.it\/news\/fabrizio-corona-scarcerato-comunita-exodus-don-mazzi\/","og_site_name":"Gossip.it | News sul Gossip e VIP","article_publisher":"https:\/\/www.facebook.com\/GossipIT","article_published_time":"2015-06-17T22:00:00+00:00","og_image":[{"url":"http:\/\/files.gossip.it\/immagini_news\/2015\/06\/1434638691_fabrizio_corona_scarcerato.jpg"}],"author":"La Redazione","twitter_card":"summary_large_image","twitter_image":"http:\/\/files.gossip.it\/immagini_news\/2015\/06\/1434638691_fabrizio_corona_scarcerato.jpg","twitter_creator":"@gossinews_it","twitter_site":"@gossinews_it","twitter_misc":{"Scritto da":"Annamaria Capozzi","Tempo di lettura stimato":"2 minuti"},"schema":{"@context":"https:\/\/schema.org","@graph":[{"@type":"Article","@id":"https:\/\/www.gossip.it\/news\/fabrizio-corona-scarcerato-comunita-exodus-don-mazzi\/#article","isPartOf":{"@id":"https:\/\/www.gossip.it\/news\/fabrizio-corona-scarcerato-comunita-exodus-don-mazzi\/"},"author":{"name":"La Redazione","@id":"https:\/\/www.gossip.it\/#\/schema\/person\/488896f75158bff1cc83c6c39d141110"},"headline":"Fabrizio Corona scarcerato: affidato alla comunit\u00e0 Exodus di Don Mazzi","datePublished":"2015-06-17T22:00:00+00:00","dateModified":"2015-06-17T22:00:00+00:00","mainEntityOfPage":{"@id":"https:\/\/www.gossip.it\/news\/fabrizio-corona-scarcerato-comunita-exodus-don-mazzi\/"},"wordCount":497,"publisher":{"@id":"https:\/\/www.gossip.it\/#organization"},"image":{"@id":"https:\/\/www.gossip.it\/news\/fabrizio-corona-scarcerato-comunita-exodus-don-mazzi\/#primaryimage"},"thumbnailUrl":"http:\/\/files.gossip.it\/immagini_news\/2015\/06\/1434638691_fabrizio_corona_scarcerato.jpg","keywords":["carcere","comunita'","exodus","giudice","milano","opera","pena","scarcerato"],"articleSection":["News"],"inLanguage":"it-IT"},{"@type":"WebPage","@id":"https:\/\/www.gossip.it\/news\/fabrizio-corona-scarcerato-comunita-exodus-don-mazzi\/","url":"https:\/\/www.gossip.it\/news\/fabrizio-corona-scarcerato-comunita-exodus-don-mazzi\/","name":"Fabrizio Corona scarcerato: affidato alla comunit\u00e0 Exodus di Don Mazzi - Gossip.it | News sul Gossip e VIP","isPartOf":{"@id":"https:\/\/www.gossip.it\/#website"},"primaryImageOfPage":{"@id":"https:\/\/www.gossip.it\/news\/fabrizio-corona-scarcerato-comunita-exodus-don-mazzi\/#primaryimage"},"image":{"@id":"https:\/\/www.gossip.it\/news\/fabrizio-corona-scarcerato-comunita-exodus-don-mazzi\/#primaryimage"},"thumbnailUrl":"http:\/\/files.gossip.it\/immagini_news\/2015\/06\/1434638691_fabrizio_corona_scarcerato.jpg","datePublished":"2015-06-17T22:00:00+00:00","dateModified":"2015-06-17T22:00:00+00:00","description":"Fabrizio Corona \u00e8 stato scarcerato. Lascer\u00e0 il carcere di Opera dove \u00e8 stato rinchiuso per quasi due anni e mezzo e sar\u00e0 affidato alla comunit\u00e0 per","breadcrumb":{"@id":"https:\/\/www.gossip.it\/news\/fabrizio-corona-scarcerato-comunita-exodus-don-mazzi\/#breadcrumb"},"inLanguage":"it-IT","potentialAction":[{"@type":"ReadAction","target":["https:\/\/www.gossip.it\/news\/fabrizio-corona-scarcerato-comunita-exodus-don-mazzi\/"]}]},{"@type":"ImageObject","inLanguage":"it-IT","@id":"https:\/\/www.gossip.it\/news\/fabrizio-corona-scarcerato-comunita-exodus-don-mazzi\/#primaryimage","url":"http:\/\/files.gossip.it\/immagini_news\/2015\/06\/1434638691_fabrizio_corona_scarcerato.jpg","contentUrl":"http:\/\/files.gossip.it\/immagini_news\/2015\/06\/1434638691_fabrizio_corona_scarcerato.jpg"},{"@type":"BreadcrumbList","@id":"https:\/\/www.gossip.it\/news\/fabrizio-corona-scarcerato-comunita-exodus-don-mazzi\/#breadcrumb","itemListElement":[{"@type":"ListItem","position":1,"name":"Home","item":"https:\/\/www.gossip.it\/"},{"@type":"ListItem","position":2,"name":"Fabrizio Corona scarcerato: affidato alla comunit\u00e0 Exodus di Don Mazzi"}]},{"@type":"WebSite","@id":"https:\/\/www.gossip.it\/#website","url":"https:\/\/www.gossip.it\/","name":"Gossip and VIP News","description":"Quotidiano di cronaca rosa, costume e societ\u00e0","publisher":{"@id":"https:\/\/www.gossip.it\/#organization"},"alternateName":"Gossip and VIP News","potentialAction":[{"@type":"SearchAction","target":{"@type":"EntryPoint","urlTemplate":"https:\/\/www.gossip.it\/?s={search_term_string}"},"query-input":{"@type":"PropertyValueSpecification","valueRequired":true,"valueName":"search_term_string"}}],"inLanguage":"it-IT"},{"@type":"Organization","@id":"https:\/\/www.gossip.it\/#organization","name":"Gossip and VIP News","alternateName":"Gossip News","url":"https:\/\/www.gossip.it\/","logo":{"@type":"ImageObject","inLanguage":"it-IT","@id":"https:\/\/www.gossip.it\/#\/schema\/logo\/image\/","url":"https:\/\/www.gossip.it\/wp-content\/uploads\/2022\/04\/cropped-corna-alta-tiny.png","contentUrl":"https:\/\/www.gossip.it\/wp-content\/uploads\/2022\/04\/cropped-corna-alta-tiny.png","width":512,"height":512,"caption":"Gossip and VIP News"},"image":{"@id":"https:\/\/www.gossip.it\/#\/schema\/logo\/image\/"},"sameAs":["https:\/\/www.facebook.com\/GossipIT","https:\/\/x.com\/gossinews_it","https:\/\/instagram.com\/gossip_it"]},{"@type":"Person","@id":"https:\/\/www.gossip.it\/#\/schema\/person\/488896f75158bff1cc83c6c39d141110","name":"La Redazione","image":{"@type":"ImageObject","inLanguage":"it-IT","@id":"https:\/\/www.gossip.it\/#\/schema\/person\/image\/","url":"https:\/\/secure.gravatar.com\/avatar\/5a5f5c6fa3e6700e4249abdad0263a1e94e927d9e0499b1cb09c1cd29c044d80?s=96&d=mm&r=g","contentUrl":"https:\/\/secure.gravatar.com\/avatar\/5a5f5c6fa3e6700e4249abdad0263a1e94e927d9e0499b1cb09c1cd29c044d80?s=96&d=mm&r=g","caption":"La Redazione"},"sameAs":["https:\/\/www.gossip.it"]}]}},"amp_enabled":true,"_links":{"self":[{"href":"https:\/\/www.gossip.it\/api\/wp\/v2\/posts\/51913","targetHints":{"allow":["GET"]}}],"collection":[{"href":"https:\/\/www.gossip.it\/api\/wp\/v2\/posts"}],"about":[{"href":"https:\/\/www.gossip.it\/api\/wp\/v2\/types\/post"}],"author":[{"embeddable":true,"href":"https:\/\/www.gossip.it\/api\/wp\/v2\/users\/1"}],"replies":[{"embeddable":true,"href":"https:\/\/www.gossip.it\/api\/wp\/v2\/comments?post=51913"}],"version-history":[{"count":0,"href":"https:\/\/www.gossip.it\/api\/wp\/v2\/posts\/51913\/revisions"}],"wp:featuredmedia":[{"embeddable":true,"href":"https:\/\/www.gossip.it\/api\/wp\/v2\/media\/107959"}],"wp:attachment":[{"href":"https:\/\/www.gossip.it\/api\/wp\/v2\/media?parent=51913"}],"wp:term":[{"taxonomy":"category","embeddable":true,"href":"https:\/\/www.gossip.it\/api\/wp\/v2\/categories?post=51913"},{"taxonomy":"post_tag","embeddable":true,"href":"https:\/\/www.gossip.it\/api\/wp\/v2\/tags?post=51913"},{"taxonomy":"vip","embeddable":true,"href":"https:\/\/www.gossip.it\/api\/wp\/v2\/vip?post=51913"}],"curies":[{"name":"wp","href":"https:\/\/api.w.org\/{rel}","templated":true}]}}