{"id":51990,"date":"2015-06-26T00:00:00","date_gmt":"2015-06-25T22:00:00","guid":{"rendered":"https:\/\/www.gossip.it\/senza-categoria\/claudia-galanti-pitti-bimbo-nanan\/"},"modified":"2015-06-26T00:00:00","modified_gmt":"2015-06-25T22:00:00","slug":"claudia-galanti-pitti-bimbo-nanan","status":"publish","type":"post","link":"https:\/\/www.gossip.it\/news\/claudia-galanti-pitti-bimbo-nanan\/","title":{"rendered":"Claudia Galanti al Pitti Bimbo da Nanan"},"content":{"rendered":"<p><a href=\"http:\/\/www.gossip.it\/vip\/claudia-galanti\/\">Claudia Galanti<\/a> \u00e8 volata al <strong>Pitti Bimbo<\/strong> a Firenze, invitata d'eccezione allo stand <strong>Nanan<\/strong> come madrina. Alla Fortezza da Basso, dove va in scena la famosa manifestazione <a href=\"http:\/\/www.gossip.it\/vip\/moda\/\">moda<\/a>, il brand ha presentato la nuova collezione 2016 e ha voluto che la testimonial del marchio fosse una super mamma come la <a href=\"http:\/\/www.gossip.it\/vip\/showgirl\/\">showgirl<\/a> e <a href=\"http:\/\/www.gossip.it\/vip\/modella\/\">modella<\/a> paraguaiana 34enne.<\/p>\n<figure class=\"caption\"><img decoding=\"async\" alt=\"\" width=\"620\" height=\"619\" src=\"http:\/\/files.gossip.it\/immagini_news\/2015\/06\/1435322385_claudia_galanti_pitti_bimbo_nanan.jpg\" \/><figcaption>Claudia Galanti allo stand Nanan al Pitti Bimbo con le stiliste del brand<\/figcaption><\/figure>\n<p>Tornata in Sardegna dopo la parentesi a Forte dei Marmi, sempre con i deliziosi <em>Liam Elijah<\/em>, 4 anni, e <em>Tal Harlow<\/em>, 3, al seguito, i figli avuti dall'ex <a href=\"http:\/\/www.gossip.it\/vip\/arnaud-mimran\/\">Arnaud Mimran<\/a>, <strong>Claudia Galanti<\/strong> ha detto di s\u00ec all'invito di <strong>Nanan<\/strong> per il <strong>Pitti Bimbo<\/strong> e ha preso un volo per Firenze. Ha annunciato che ci sarebbe stata sul suo profilo sul <a href=\"http:\/\/www.gossip.it\/vip\/social\/\">social<\/a>, dove poi ha pure mandato online alcune immagini che la ritraggono nello stand.<br \/>Da <strong>Nanan<\/strong> al <strong>Pitti Bimbo Claudia Galanti<\/strong>, felicemente attorniata dai famosi orsetti che raccontano l'azienda da sempre, ha raccolto i complimenti di tantissimi, grazie alla sua bellezza e al suo super look.<\/p>\n<figure class=\"caption\"><img decoding=\"async\" alt=\"\" width=\"620\" height=\"847\" src=\"http:\/\/files.gossip.it\/immagini_news\/2015\/06\/1435322405_claudia_galanti_tal_harlow_braccialetti_nana.jpg\" \/><figcaption>Claudia Galanti con Tal Harlow ringrazia Nanan e mostra i braccialetti avuti in regalo<\/figcaption><\/figure>\n<p><strong>Claudia Galanti<\/strong> per l'occasione ha indossato shorts neri, come pure black la camicia messa su e i sandali ai piedi. Favolosa, ha sorriso a tutti e mostrato grande cortesia. Sempre pi\u00f9 sicura di s\u00e9, dopo essere stata colpita dalla tragedia per la perdita dell'ultimogenita <a href=\"http:\/\/www.gossip.it\/vip\/indila\/\">Indila<\/a> solo pochi mesi fa, \u00e8 tornata sotto i riflettori, rendendosi protagonista per\u00f2 solo per eventi solidali o indirizzati ai pi\u00f9 piccoli. Nonostante abbia scelto di essere attiva sul network, mantiene un profilo nettamente pi\u00f9 basso rispetto al passato. Prima tutto il suo mondo trasudava lusso e ostentazione. Ora, seppur Claudia continui a vivere in case di un certo tipo e a fare vacanze che molti possono solo sognare, \u00e8 la donna a essere in primo piano, con i suoi sentimenti e il suo ruolo centrale in una famiglia in cui \u00e8 <em>'costretta'<\/em> a gestire ogni cosa, almeno fino a quando l'ex Arnaud non chiarir\u00e0 i suoi problemi con la giustizia francese.<\/p>\n<p>\u00a0<\/p>\n<p>\u00a0<\/p>\n","protected":false},"excerpt":{"rendered":"<p>Claudia Galanti \u00e8 volata al Pitti Bimbo a Firenze, invitata d'eccezione allo stand Nanan come madrina. Alla Fortezza da Basso, dove va in scena la famosa manifestazione moda, il brand ha presentato la nuova collezione 2016 e ha voluto che la testimonial del marchio fosse una super mamma come la showgirl e modella paraguaiana 34enne. [&hellip;]<\/p>\n","protected":false},"author":1,"featured_media":108036,"comment_status":"closed","ping_status":"closed","sticky":false,"template":"","format":"standard","meta":{"footnotes":""},"categories":[54],"tags":[7658,2121,9879,3099,1997,6265,7661,1967,1923,8098],"vip":[368,502],"class_list":["post-51990","post","type-post","status-publish","format-standard","has-post-thumbnail","hentry","category-news","tag-firenze","tag-instagram","tag-liam-elijah","tag-moda","tag-modella","tag-nanan","tag-pitti-bimbo","tag-showgirl","tag-social","tag-tal-harlow","vip-arnaud_mimran","vip-claudia_galanti"],"yoast_head":"<title>Claudia Galanti al Pitti Bimbo da Nanan - Gossip.it | News sul Gossip e VIP<\/title>\n<meta name=\"description\" content=\"Claudia Galanti \u00e8 volata al Pitti Bimbo a Firenze, invitata d&#039;eccezione allo stand Nanan come madrina. Alla Fortezza da Basso, dove va in scena la famosa\" \/>\n<meta name=\"robots\" content=\"index, follow, max-snippet:-1, max-image-preview:large, max-video-preview:-1\" \/>\n<link rel=\"canonical\" href=\"https:\/\/www.gossip.it\/news\/claudia-galanti-pitti-bimbo-nanan\/\" \/>\n<meta property=\"og:locale\" content=\"it_IT\" \/>\n<meta property=\"og:type\" content=\"article\" \/>\n<meta property=\"og:title\" content=\"Claudia Galanti al Pitti Bimbo da Nanan - Gossip.it | News sul Gossip e VIP\" \/>\n<meta property=\"og:description\" content=\"Claudia Galanti \u00e8 volata al Pitti Bimbo a Firenze, invitata d&#039;eccezione allo stand Nanan come madrina. Alla Fortezza da Basso, dove va in scena la famosa\" \/>\n<meta property=\"og:url\" content=\"https:\/\/www.gossip.it\/news\/claudia-galanti-pitti-bimbo-nanan\/\" \/>\n<meta property=\"og:site_name\" content=\"Gossip.it | News sul Gossip e VIP\" \/>\n<meta property=\"article:publisher\" content=\"https:\/\/www.facebook.com\/GossipIT\" \/>\n<meta property=\"article:published_time\" content=\"2015-06-25T22:00:00+00:00\" \/>\n<meta property=\"og:image\" content=\"http:\/\/files.gossip.it\/immagini_news\/2015\/06\/1435322385_claudia_galanti_pitti_bimbo_nanan.jpg\" \/>\n<meta name=\"author\" content=\"La Redazione\" \/>\n<meta name=\"twitter:card\" content=\"summary_large_image\" \/>\n<meta name=\"twitter:image\" content=\"http:\/\/files.gossip.it\/immagini_news\/2015\/06\/1435322385_claudia_galanti_pitti_bimbo_nanan.jpg\" \/>\n<meta name=\"twitter:creator\" content=\"@gossinews_it\" \/>\n<meta name=\"twitter:site\" content=\"@gossinews_it\" \/>\n<meta name=\"twitter:label1\" content=\"Scritto da\" \/>\n\t<meta name=\"twitter:data1\" content=\"Annamaria Capozzi\" \/>\n\t<meta name=\"twitter:label2\" content=\"Tempo di lettura stimato\" \/>\n\t<meta name=\"twitter:data2\" content=\"2 minuti\" \/>","yoast_head_json":{"title":"Claudia Galanti al Pitti Bimbo da Nanan - Gossip.it | News sul Gossip e VIP","description":"Claudia Galanti \u00e8 volata al Pitti Bimbo a Firenze, invitata d'eccezione allo stand Nanan come madrina. Alla Fortezza da Basso, dove va in scena la famosa","robots":{"index":"index","follow":"follow","max-snippet":"max-snippet:-1","max-image-preview":"max-image-preview:large","max-video-preview":"max-video-preview:-1"},"canonical":"https:\/\/www.gossip.it\/news\/claudia-galanti-pitti-bimbo-nanan\/","og_locale":"it_IT","og_type":"article","og_title":"Claudia Galanti al Pitti Bimbo da Nanan - Gossip.it | News sul Gossip e VIP","og_description":"Claudia Galanti \u00e8 volata al Pitti Bimbo a Firenze, invitata d'eccezione allo stand Nanan come madrina. Alla Fortezza da Basso, dove va in scena la famosa","og_url":"https:\/\/www.gossip.it\/news\/claudia-galanti-pitti-bimbo-nanan\/","og_site_name":"Gossip.it | News sul Gossip e VIP","article_publisher":"https:\/\/www.facebook.com\/GossipIT","article_published_time":"2015-06-25T22:00:00+00:00","og_image":[{"url":"http:\/\/files.gossip.it\/immagini_news\/2015\/06\/1435322385_claudia_galanti_pitti_bimbo_nanan.jpg"}],"author":"La Redazione","twitter_card":"summary_large_image","twitter_image":"http:\/\/files.gossip.it\/immagini_news\/2015\/06\/1435322385_claudia_galanti_pitti_bimbo_nanan.jpg","twitter_creator":"@gossinews_it","twitter_site":"@gossinews_it","twitter_misc":{"Scritto da":"Annamaria Capozzi","Tempo di lettura stimato":"2 minuti"},"schema":{"@context":"https:\/\/schema.org","@graph":[{"@type":"Article","@id":"https:\/\/www.gossip.it\/news\/claudia-galanti-pitti-bimbo-nanan\/#article","isPartOf":{"@id":"https:\/\/www.gossip.it\/news\/claudia-galanti-pitti-bimbo-nanan\/"},"author":{"name":"La Redazione","@id":"https:\/\/www.gossip.it\/#\/schema\/person\/488896f75158bff1cc83c6c39d141110"},"headline":"Claudia Galanti al Pitti Bimbo da Nanan","datePublished":"2015-06-25T22:00:00+00:00","dateModified":"2015-06-25T22:00:00+00:00","mainEntityOfPage":{"@id":"https:\/\/www.gossip.it\/news\/claudia-galanti-pitti-bimbo-nanan\/"},"wordCount":351,"publisher":{"@id":"https:\/\/www.gossip.it\/#organization"},"image":{"@id":"https:\/\/www.gossip.it\/news\/claudia-galanti-pitti-bimbo-nanan\/#primaryimage"},"thumbnailUrl":"http:\/\/files.gossip.it\/immagini_news\/2015\/06\/1435322385_claudia_galanti_pitti_bimbo_nanan.jpg","keywords":["firenze","instagram","liam elijah","moda","modella","nanan","pitti bimbo","showgirl","social","tal harlow"],"articleSection":["News"],"inLanguage":"it-IT"},{"@type":"WebPage","@id":"https:\/\/www.gossip.it\/news\/claudia-galanti-pitti-bimbo-nanan\/","url":"https:\/\/www.gossip.it\/news\/claudia-galanti-pitti-bimbo-nanan\/","name":"Claudia Galanti al Pitti Bimbo da Nanan - Gossip.it | News sul Gossip e VIP","isPartOf":{"@id":"https:\/\/www.gossip.it\/#website"},"primaryImageOfPage":{"@id":"https:\/\/www.gossip.it\/news\/claudia-galanti-pitti-bimbo-nanan\/#primaryimage"},"image":{"@id":"https:\/\/www.gossip.it\/news\/claudia-galanti-pitti-bimbo-nanan\/#primaryimage"},"thumbnailUrl":"http:\/\/files.gossip.it\/immagini_news\/2015\/06\/1435322385_claudia_galanti_pitti_bimbo_nanan.jpg","datePublished":"2015-06-25T22:00:00+00:00","dateModified":"2015-06-25T22:00:00+00:00","description":"Claudia Galanti \u00e8 volata al Pitti Bimbo a Firenze, invitata d'eccezione allo stand Nanan come madrina. Alla Fortezza da Basso, dove va in scena la famosa","breadcrumb":{"@id":"https:\/\/www.gossip.it\/news\/claudia-galanti-pitti-bimbo-nanan\/#breadcrumb"},"inLanguage":"it-IT","potentialAction":[{"@type":"ReadAction","target":["https:\/\/www.gossip.it\/news\/claudia-galanti-pitti-bimbo-nanan\/"]}]},{"@type":"ImageObject","inLanguage":"it-IT","@id":"https:\/\/www.gossip.it\/news\/claudia-galanti-pitti-bimbo-nanan\/#primaryimage","url":"http:\/\/files.gossip.it\/immagini_news\/2015\/06\/1435322385_claudia_galanti_pitti_bimbo_nanan.jpg","contentUrl":"http:\/\/files.gossip.it\/immagini_news\/2015\/06\/1435322385_claudia_galanti_pitti_bimbo_nanan.jpg"},{"@type":"BreadcrumbList","@id":"https:\/\/www.gossip.it\/news\/claudia-galanti-pitti-bimbo-nanan\/#breadcrumb","itemListElement":[{"@type":"ListItem","position":1,"name":"Home","item":"https:\/\/www.gossip.it\/"},{"@type":"ListItem","position":2,"name":"Claudia Galanti al Pitti Bimbo da Nanan"}]},{"@type":"WebSite","@id":"https:\/\/www.gossip.it\/#website","url":"https:\/\/www.gossip.it\/","name":"Gossip and VIP News","description":"Quotidiano di cronaca rosa, costume e societ\u00e0","publisher":{"@id":"https:\/\/www.gossip.it\/#organization"},"alternateName":"Gossip and VIP News","potentialAction":[{"@type":"SearchAction","target":{"@type":"EntryPoint","urlTemplate":"https:\/\/www.gossip.it\/?s={search_term_string}"},"query-input":{"@type":"PropertyValueSpecification","valueRequired":true,"valueName":"search_term_string"}}],"inLanguage":"it-IT"},{"@type":"Organization","@id":"https:\/\/www.gossip.it\/#organization","name":"Gossip and VIP News","alternateName":"Gossip News","url":"https:\/\/www.gossip.it\/","logo":{"@type":"ImageObject","inLanguage":"it-IT","@id":"https:\/\/www.gossip.it\/#\/schema\/logo\/image\/","url":"https:\/\/www.gossip.it\/wp-content\/uploads\/2022\/04\/cropped-corna-alta-tiny.png","contentUrl":"https:\/\/www.gossip.it\/wp-content\/uploads\/2022\/04\/cropped-corna-alta-tiny.png","width":512,"height":512,"caption":"Gossip and VIP News"},"image":{"@id":"https:\/\/www.gossip.it\/#\/schema\/logo\/image\/"},"sameAs":["https:\/\/www.facebook.com\/GossipIT","https:\/\/x.com\/gossinews_it","https:\/\/instagram.com\/gossip_it"]},{"@type":"Person","@id":"https:\/\/www.gossip.it\/#\/schema\/person\/488896f75158bff1cc83c6c39d141110","name":"La Redazione","image":{"@type":"ImageObject","inLanguage":"it-IT","@id":"https:\/\/www.gossip.it\/#\/schema\/person\/image\/","url":"https:\/\/secure.gravatar.com\/avatar\/5a5f5c6fa3e6700e4249abdad0263a1e94e927d9e0499b1cb09c1cd29c044d80?s=96&d=mm&r=g","contentUrl":"https:\/\/secure.gravatar.com\/avatar\/5a5f5c6fa3e6700e4249abdad0263a1e94e927d9e0499b1cb09c1cd29c044d80?s=96&d=mm&r=g","caption":"La Redazione"},"sameAs":["https:\/\/www.gossip.it"]}]}},"amp_enabled":true,"_links":{"self":[{"href":"https:\/\/www.gossip.it\/api\/wp\/v2\/posts\/51990","targetHints":{"allow":["GET"]}}],"collection":[{"href":"https:\/\/www.gossip.it\/api\/wp\/v2\/posts"}],"about":[{"href":"https:\/\/www.gossip.it\/api\/wp\/v2\/types\/post"}],"author":[{"embeddable":true,"href":"https:\/\/www.gossip.it\/api\/wp\/v2\/users\/1"}],"replies":[{"embeddable":true,"href":"https:\/\/www.gossip.it\/api\/wp\/v2\/comments?post=51990"}],"version-history":[{"count":0,"href":"https:\/\/www.gossip.it\/api\/wp\/v2\/posts\/51990\/revisions"}],"wp:featuredmedia":[{"embeddable":true,"href":"https:\/\/www.gossip.it\/api\/wp\/v2\/media\/108036"}],"wp:attachment":[{"href":"https:\/\/www.gossip.it\/api\/wp\/v2\/media?parent=51990"}],"wp:term":[{"taxonomy":"category","embeddable":true,"href":"https:\/\/www.gossip.it\/api\/wp\/v2\/categories?post=51990"},{"taxonomy":"post_tag","embeddable":true,"href":"https:\/\/www.gossip.it\/api\/wp\/v2\/tags?post=51990"},{"taxonomy":"vip","embeddable":true,"href":"https:\/\/www.gossip.it\/api\/wp\/v2\/vip?post=51990"}],"curies":[{"name":"wp","href":"https:\/\/api.w.org\/{rel}","templated":true}]}}