{"id":52005,"date":"2015-06-29T00:00:00","date_gmt":"2015-06-28T22:00:00","guid":{"rendered":"https:\/\/www.gossip.it\/senza-categoria\/ilary-blasi-francesco-totti-forte-dei-marmi\/"},"modified":"2015-06-29T00:00:00","modified_gmt":"2015-06-28T22:00:00","slug":"ilary-blasi-francesco-totti-forte-dei-marmi","status":"publish","type":"post","link":"https:\/\/www.gossip.it\/news\/ilary-blasi-francesco-totti-forte-dei-marmi\/","title":{"rendered":"Ilary Blasi e Francesco Totti a Forte dei Marmi"},"content":{"rendered":"<p><a href=\"http:\/\/www.gossip.it\/vip\/ilary-blasi\/\">Ilary Blasi<\/a> e <a href=\"http:\/\/www.gossip.it\/vip\/francesco-totti\/\">Francesco Totti<\/a>, dopo la Grecia, sono arrivati a <strong>Forte dei Marmi<\/strong>: la Versila quest'anno fa di nuovo il pieno di vip.<\/p>\n<figure class=\"caption\"><img decoding=\"async\" alt=\"\" width=\"620\" height=\"620\" src=\"http:\/\/files.gossip.it\/immagini_news\/2015\/06\/1435579616_ilary_blasi_francesco_totti_vacanza_forte_dei_marmi_la_capannina.jpg\" \/><figcaption>Ilary Blasi e Francesco Totti insieme ieri sera a La Capannina di Franceschi<\/figcaption><\/figure>\n<p>Per <strong>Francesco Totti<\/strong> e <strong>Ilary Blasi<\/strong> a <strong>Forte dei Marmi<\/strong> tanto relax in spiaggia al Bagno Roma di Levante. Il capitano della Roma e la sua bella moglie, conduttrice doc di \"<a href=\"http:\/\/www.gossip.it\/vip\/le-iene\/\">Le Iene<\/a>\" sono sembrati pi\u00f9 uniti e felici che mai. Perennemente circondati da tanti fan, pronti a chiedere un autografo del <a href=\"http:\/\/www.gossip.it\/vip\/calciatore\/\">calciatore<\/a> e della bionda, ma soprattutto selfie insieme a loro, i due hanno cercato di mantenere un certo riserbo, si sono comunque dimostrati disponibili verso tutti quelli che li amano e che li hanno fermati.<br \/>Sul <a href=\"http:\/\/www.gossip.it\/vip\/social\/\">social<\/a> \u00e8 stato il forum dedicato a <strong>Ilary Blasi<\/strong>, sempre informatissimo riguardo all'ex <a href=\"http:\/\/www.gossip.it\/vip\/letterina\/\">Letterina<\/a>, ad accendere i riflettori sulla vacanza della coppia a <strong>Forte dei Marmi<\/strong>.<\/p>\n<figure class=\"caption\"><img decoding=\"async\" alt=\"\" width=\"620\" height=\"620\" src=\"http:\/\/files.gossip.it\/immagini_news\/2015\/06\/1435579682_francesco_totti_ilary_blasi_fan_la_capannina.jpg\" \/><figcaption>Per la coppia, che sta trascorrendo una parte delle vacanze a Forte dei Marmi, bagno di folla nel locale<\/figcaption><\/figure>\n<figure class=\"caption\"><img decoding=\"async\" alt=\"\" width=\"620\" height=\"620\" src=\"http:\/\/files.gossip.it\/immagini_news\/2015\/06\/1435579726_ilary_blasi_forte_dei_marmi.jpg\" \/><figcaption>Super look per la conduttrice di Le Iene, sia la sera che di giorno, in spiaggia<\/figcaption><\/figure>\n<p>L'Official Forum ha anche mandato online uno scatto di <strong>Ilary Blasi<\/strong> con indosso un due pezzi a fascia, meravigliosa e ancora una volta con le curve perfette.<\/p>\n<figure class=\"caption\"><img decoding=\"async\" alt=\"\" width=\"620\" height=\"620\" src=\"http:\/\/files.gossip.it\/immagini_news\/2015\/06\/1435579774_ilary_blasi_la_capannina_forte_dei_marmi.jpg\" \/><figcaption>Ilary e il capitano della Roma sono arrivati al Forte venerd\u00ec<\/figcaption><\/figure>\n<figure class=\"caption\"><img decoding=\"async\" alt=\"\" width=\"620\" height=\"350\" src=\"http:\/\/files.gossip.it\/immagini_news\/2015\/06\/1435579827_blasi_totti_la_capannina_di_franceschi.jpg\" \/><figcaption>La Blasi e Totti posano con Maurizio Laudicino<\/figcaption><\/figure>\n<p><strong>Francesco Totti<\/strong> e Ilary sono andati a <strong>Forte dei Marmi<\/strong> con i due figli, <em>Cristian<\/em> e <em>Chanel<\/em>, e alcuni amici. Venerd\u00ec, sabato e domenica sera sono stati avvistati a La Capannina di Franceschi, dove hanno anche cenato. Bellissima la Blasi ieri con indosso una camicia leggera nera, sotto shorts cortissimi in denim e a tracolla una fantastica borsa modello \"Monogramme\" di <a href=\"http:\/\/www.gossip.it\/vip\/yves-saint laurent\/\">Yves Saint Laurent<\/a>.<\/p>\n<figure class=\"caption\"><img decoding=\"async\" alt=\"\" width=\"620\" height=\"350\" src=\"http:\/\/files.gossip.it\/immagini_news\/2015\/06\/1435579997_marco_gelardi_ilary_blasi_francesco_totti_la_capannina.jpg\" \/><figcaption>I due insieme a Marco Gelardi<\/figcaption><\/figure>\n<p>La stella della <a href=\"http:\/\/www.gossip.it\/vip\/tv\/\">tv<\/a> e il giallorosso hanno pure apprezzato le cover con sopra raffigurati loro stessi donate da <em>Marco Gelardi<\/em> che le ha realizzate.<br \/>Al Forte per entrambi il divertimento continua. Pure stamane in spiaggia consueto bagno di folla per entrambi che a prendere la tintarella, nonostante la fama che li circonda, provano comunque. Tanti gli impegni che li aspettano. La 34enne, confermata a Le Iene, sar\u00e0 la protagonista anche di <em>\"Love cut\"<\/em>, una nuova sit-com che occuper\u00e0 il palinsesto di Italia 1 nella fascia oraria access prime time dal prossimo autunno. Sar\u00e0 la versione italiana della serie francese \"<em>Ma Meuf\"<\/em>. In questa sketch comedy Ilary interpreter\u00e0 la trentenne Margherita, ripresa dalla telecamera del fidanzato, che rimarr\u00e0 sempre dietro la macchina da presa, filmando per\u00f2 molti attimi della loro vita quotidiana.<\/p>\n<p>\u00a0<\/p>\n<p>\u00a0<\/p>\n","protected":false},"excerpt":{"rendered":"<p>Ilary Blasi e Francesco Totti, dopo la Grecia, sono arrivati a Forte dei Marmi: la Versila quest'anno fa di nuovo il pieno di vip. Ilary Blasi e Francesco Totti insieme ieri sera a La Capannina di Franceschi Per Francesco Totti e Ilary Blasi a Forte dei Marmi tanto relax in spiaggia al Bagno Roma di [&hellip;]<\/p>\n","protected":false},"author":1,"featured_media":108051,"comment_status":"closed","ping_status":"closed","sticky":false,"template":"","format":"standard","meta":{"footnotes":""},"categories":[54],"tags":[2218,2149,1992,7322,9510,5064,2121,1928,6593,1879,1923,2097,1899,13301],"vip":[801,952],"class_list":["post-52005","post","type-post","status-publish","format-standard","has-post-thumbnail","hentry","category-news","tag-calciatore","tag-chanel","tag-conduttrice","tag-cristian","tag-forte-dei-marmi","tag-giocatore","tag-instagram","tag-le-iene","tag-letterina","tag-roma","tag-social","tag-tv","tag-vacanza","tag-versilia","vip-francesco_totti","vip-ilary_blasi"],"yoast_head":"<title>Ilary Blasi e Francesco Totti a Forte dei Marmi - Gossip.it | News sul Gossip e VIP<\/title>\n<meta name=\"description\" content=\"Ilary Blasi e Francesco Totti, dopo la Grecia, sono arrivati a Forte dei Marmi: la Versila quest&#039;anno fa di nuovo il pieno di vip.Ilary Blasi e Francesco\" \/>\n<meta name=\"robots\" content=\"index, follow, max-snippet:-1, max-image-preview:large, max-video-preview:-1\" \/>\n<link rel=\"canonical\" href=\"https:\/\/www.gossip.it\/news\/ilary-blasi-francesco-totti-forte-dei-marmi\/\" \/>\n<meta property=\"og:locale\" content=\"it_IT\" \/>\n<meta property=\"og:type\" content=\"article\" \/>\n<meta property=\"og:title\" content=\"Ilary Blasi e Francesco Totti a Forte dei Marmi - Gossip.it | News sul Gossip e VIP\" \/>\n<meta property=\"og:description\" content=\"Ilary Blasi e Francesco Totti, dopo la Grecia, sono arrivati a Forte dei Marmi: la Versila quest&#039;anno fa di nuovo il pieno di vip.Ilary Blasi e Francesco\" \/>\n<meta property=\"og:url\" content=\"https:\/\/www.gossip.it\/news\/ilary-blasi-francesco-totti-forte-dei-marmi\/\" \/>\n<meta property=\"og:site_name\" content=\"Gossip.it | News sul Gossip e VIP\" \/>\n<meta property=\"article:publisher\" content=\"https:\/\/www.facebook.com\/GossipIT\" \/>\n<meta property=\"article:published_time\" content=\"2015-06-28T22:00:00+00:00\" \/>\n<meta property=\"og:image\" content=\"http:\/\/files.gossip.it\/immagini_news\/2015\/06\/1435579616_ilary_blasi_francesco_totti_vacanza_forte_dei_marmi_la_capannina.jpg\" \/>\n<meta name=\"author\" content=\"La Redazione\" \/>\n<meta name=\"twitter:card\" content=\"summary_large_image\" \/>\n<meta name=\"twitter:image\" content=\"http:\/\/files.gossip.it\/immagini_news\/2015\/06\/1435579616_ilary_blasi_francesco_totti_vacanza_forte_dei_marmi_la_capannina.jpg\" \/>\n<meta name=\"twitter:creator\" content=\"@gossinews_it\" \/>\n<meta name=\"twitter:site\" content=\"@gossinews_it\" \/>\n<meta name=\"twitter:label1\" content=\"Scritto da\" \/>\n\t<meta name=\"twitter:data1\" content=\"Annamaria Capozzi\" \/>\n\t<meta name=\"twitter:label2\" content=\"Tempo di lettura stimato\" \/>\n\t<meta name=\"twitter:data2\" content=\"2 minuti\" \/>","yoast_head_json":{"title":"Ilary Blasi e Francesco Totti a Forte dei Marmi - Gossip.it | News sul Gossip e VIP","description":"Ilary Blasi e Francesco Totti, dopo la Grecia, sono arrivati a Forte dei Marmi: la Versila quest'anno fa di nuovo il pieno di vip.Ilary Blasi e Francesco","robots":{"index":"index","follow":"follow","max-snippet":"max-snippet:-1","max-image-preview":"max-image-preview:large","max-video-preview":"max-video-preview:-1"},"canonical":"https:\/\/www.gossip.it\/news\/ilary-blasi-francesco-totti-forte-dei-marmi\/","og_locale":"it_IT","og_type":"article","og_title":"Ilary Blasi e Francesco Totti a Forte dei Marmi - Gossip.it | News sul Gossip e VIP","og_description":"Ilary Blasi e Francesco Totti, dopo la Grecia, sono arrivati a Forte dei Marmi: la Versila quest'anno fa di nuovo il pieno di vip.Ilary Blasi e Francesco","og_url":"https:\/\/www.gossip.it\/news\/ilary-blasi-francesco-totti-forte-dei-marmi\/","og_site_name":"Gossip.it | News sul Gossip e VIP","article_publisher":"https:\/\/www.facebook.com\/GossipIT","article_published_time":"2015-06-28T22:00:00+00:00","og_image":[{"url":"http:\/\/files.gossip.it\/immagini_news\/2015\/06\/1435579616_ilary_blasi_francesco_totti_vacanza_forte_dei_marmi_la_capannina.jpg"}],"author":"La Redazione","twitter_card":"summary_large_image","twitter_image":"http:\/\/files.gossip.it\/immagini_news\/2015\/06\/1435579616_ilary_blasi_francesco_totti_vacanza_forte_dei_marmi_la_capannina.jpg","twitter_creator":"@gossinews_it","twitter_site":"@gossinews_it","twitter_misc":{"Scritto da":"Annamaria Capozzi","Tempo di lettura stimato":"2 minuti"},"schema":{"@context":"https:\/\/schema.org","@graph":[{"@type":"Article","@id":"https:\/\/www.gossip.it\/news\/ilary-blasi-francesco-totti-forte-dei-marmi\/#article","isPartOf":{"@id":"https:\/\/www.gossip.it\/news\/ilary-blasi-francesco-totti-forte-dei-marmi\/"},"author":{"name":"La Redazione","@id":"https:\/\/www.gossip.it\/#\/schema\/person\/488896f75158bff1cc83c6c39d141110"},"headline":"Ilary Blasi e Francesco Totti a Forte dei Marmi","datePublished":"2015-06-28T22:00:00+00:00","dateModified":"2015-06-28T22:00:00+00:00","mainEntityOfPage":{"@id":"https:\/\/www.gossip.it\/news\/ilary-blasi-francesco-totti-forte-dei-marmi\/"},"wordCount":444,"publisher":{"@id":"https:\/\/www.gossip.it\/#organization"},"image":{"@id":"https:\/\/www.gossip.it\/news\/ilary-blasi-francesco-totti-forte-dei-marmi\/#primaryimage"},"thumbnailUrl":"http:\/\/files.gossip.it\/immagini_news\/2015\/06\/1435579616_ilary_blasi_francesco_totti_vacanza_forte_dei_marmi_la_capannina.jpg","keywords":["calciatore","chanel","conduttrice","cristian","forte dei marmi","giocatore","instagram","le iene","letterina","roma","social","tv","vacanza","versilia"],"articleSection":["News"],"inLanguage":"it-IT"},{"@type":"WebPage","@id":"https:\/\/www.gossip.it\/news\/ilary-blasi-francesco-totti-forte-dei-marmi\/","url":"https:\/\/www.gossip.it\/news\/ilary-blasi-francesco-totti-forte-dei-marmi\/","name":"Ilary Blasi e Francesco Totti a Forte dei Marmi - Gossip.it | News sul Gossip e VIP","isPartOf":{"@id":"https:\/\/www.gossip.it\/#website"},"primaryImageOfPage":{"@id":"https:\/\/www.gossip.it\/news\/ilary-blasi-francesco-totti-forte-dei-marmi\/#primaryimage"},"image":{"@id":"https:\/\/www.gossip.it\/news\/ilary-blasi-francesco-totti-forte-dei-marmi\/#primaryimage"},"thumbnailUrl":"http:\/\/files.gossip.it\/immagini_news\/2015\/06\/1435579616_ilary_blasi_francesco_totti_vacanza_forte_dei_marmi_la_capannina.jpg","datePublished":"2015-06-28T22:00:00+00:00","dateModified":"2015-06-28T22:00:00+00:00","description":"Ilary Blasi e Francesco Totti, dopo la Grecia, sono arrivati a Forte dei Marmi: la Versila quest'anno fa di nuovo il pieno di vip.Ilary Blasi e Francesco","breadcrumb":{"@id":"https:\/\/www.gossip.it\/news\/ilary-blasi-francesco-totti-forte-dei-marmi\/#breadcrumb"},"inLanguage":"it-IT","potentialAction":[{"@type":"ReadAction","target":["https:\/\/www.gossip.it\/news\/ilary-blasi-francesco-totti-forte-dei-marmi\/"]}]},{"@type":"ImageObject","inLanguage":"it-IT","@id":"https:\/\/www.gossip.it\/news\/ilary-blasi-francesco-totti-forte-dei-marmi\/#primaryimage","url":"http:\/\/files.gossip.it\/immagini_news\/2015\/06\/1435579616_ilary_blasi_francesco_totti_vacanza_forte_dei_marmi_la_capannina.jpg","contentUrl":"http:\/\/files.gossip.it\/immagini_news\/2015\/06\/1435579616_ilary_blasi_francesco_totti_vacanza_forte_dei_marmi_la_capannina.jpg"},{"@type":"BreadcrumbList","@id":"https:\/\/www.gossip.it\/news\/ilary-blasi-francesco-totti-forte-dei-marmi\/#breadcrumb","itemListElement":[{"@type":"ListItem","position":1,"name":"Home","item":"https:\/\/www.gossip.it\/"},{"@type":"ListItem","position":2,"name":"Ilary Blasi e Francesco Totti a Forte dei Marmi"}]},{"@type":"WebSite","@id":"https:\/\/www.gossip.it\/#website","url":"https:\/\/www.gossip.it\/","name":"Gossip and VIP News","description":"Quotidiano di cronaca rosa, costume e societ\u00e0","publisher":{"@id":"https:\/\/www.gossip.it\/#organization"},"alternateName":"Gossip and VIP News","potentialAction":[{"@type":"SearchAction","target":{"@type":"EntryPoint","urlTemplate":"https:\/\/www.gossip.it\/?s={search_term_string}"},"query-input":{"@type":"PropertyValueSpecification","valueRequired":true,"valueName":"search_term_string"}}],"inLanguage":"it-IT"},{"@type":"Organization","@id":"https:\/\/www.gossip.it\/#organization","name":"Gossip and VIP News","alternateName":"Gossip News","url":"https:\/\/www.gossip.it\/","logo":{"@type":"ImageObject","inLanguage":"it-IT","@id":"https:\/\/www.gossip.it\/#\/schema\/logo\/image\/","url":"https:\/\/www.gossip.it\/wp-content\/uploads\/2022\/04\/cropped-corna-alta-tiny.png","contentUrl":"https:\/\/www.gossip.it\/wp-content\/uploads\/2022\/04\/cropped-corna-alta-tiny.png","width":512,"height":512,"caption":"Gossip and VIP News"},"image":{"@id":"https:\/\/www.gossip.it\/#\/schema\/logo\/image\/"},"sameAs":["https:\/\/www.facebook.com\/GossipIT","https:\/\/x.com\/gossinews_it","https:\/\/instagram.com\/gossip_it"]},{"@type":"Person","@id":"https:\/\/www.gossip.it\/#\/schema\/person\/488896f75158bff1cc83c6c39d141110","name":"La Redazione","image":{"@type":"ImageObject","inLanguage":"it-IT","@id":"https:\/\/www.gossip.it\/#\/schema\/person\/image\/","url":"https:\/\/secure.gravatar.com\/avatar\/5a5f5c6fa3e6700e4249abdad0263a1e94e927d9e0499b1cb09c1cd29c044d80?s=96&d=mm&r=g","contentUrl":"https:\/\/secure.gravatar.com\/avatar\/5a5f5c6fa3e6700e4249abdad0263a1e94e927d9e0499b1cb09c1cd29c044d80?s=96&d=mm&r=g","caption":"La Redazione"},"sameAs":["https:\/\/www.gossip.it"]}]}},"amp_enabled":true,"_links":{"self":[{"href":"https:\/\/www.gossip.it\/api\/wp\/v2\/posts\/52005","targetHints":{"allow":["GET"]}}],"collection":[{"href":"https:\/\/www.gossip.it\/api\/wp\/v2\/posts"}],"about":[{"href":"https:\/\/www.gossip.it\/api\/wp\/v2\/types\/post"}],"author":[{"embeddable":true,"href":"https:\/\/www.gossip.it\/api\/wp\/v2\/users\/1"}],"replies":[{"embeddable":true,"href":"https:\/\/www.gossip.it\/api\/wp\/v2\/comments?post=52005"}],"version-history":[{"count":0,"href":"https:\/\/www.gossip.it\/api\/wp\/v2\/posts\/52005\/revisions"}],"wp:featuredmedia":[{"embeddable":true,"href":"https:\/\/www.gossip.it\/api\/wp\/v2\/media\/108051"}],"wp:attachment":[{"href":"https:\/\/www.gossip.it\/api\/wp\/v2\/media?parent=52005"}],"wp:term":[{"taxonomy":"category","embeddable":true,"href":"https:\/\/www.gossip.it\/api\/wp\/v2\/categories?post=52005"},{"taxonomy":"post_tag","embeddable":true,"href":"https:\/\/www.gossip.it\/api\/wp\/v2\/tags?post=52005"},{"taxonomy":"vip","embeddable":true,"href":"https:\/\/www.gossip.it\/api\/wp\/v2\/vip?post=52005"}],"curies":[{"name":"wp","href":"https:\/\/api.w.org\/{rel}","templated":true}]}}