{"id":52063,"date":"2015-07-06T00:00:00","date_gmt":"2015-07-05T22:00:00","guid":{"rendered":"https:\/\/www.gossip.it\/senza-categoria\/belen-rodriguez-famiglia-amici-ibiza\/"},"modified":"2015-07-06T00:00:00","modified_gmt":"2015-07-05T22:00:00","slug":"belen-rodriguez-famiglia-amici-ibiza","status":"publish","type":"post","link":"https:\/\/www.gossip.it\/news\/belen-rodriguez-famiglia-amici-ibiza\/","title":{"rendered":"Belen Rodriguez, famiglia e amici, tutto a Ibiza"},"content":{"rendered":"<p><a href=\"http:\/\/www.gossip.it\/vip\/belen-rodriguez\/\">Belen Rodriguez<\/a> \u00e8 volata nuovamente a <strong>Ibiza<\/strong>, in una splendida villa con piscina affittata sull'isola delle Baleari che le \u00e8 tanto cara. Con lei <a href=\"http:\/\/www.gossip.it\/vip\/santiago\/\">Santiago<\/a> e <a href=\"http:\/\/www.gossip.it\/vip\/stefano-de martino\/\">Stefano De Martino<\/a>, la sua <strong>famiglia<\/strong>. A <strong>Ibiza<\/strong> ci sono anche gli <strong>amici<\/strong>, con cui trascorrere le giornate, tanti intimi, tra cui <a href=\"http:\/\/www.gossip.it\/vip\/piergiorgio-borriello\/\">Piergiorgio Borriello<\/a>, il fratello maggiore dell'ex dell'argentina, <a href=\"http:\/\/www.gossip.it\/vip\/marco-borriello\/\">Marco Borriello<\/a>, e del fidanzato di <a href=\"http:\/\/www.gossip.it\/vip\/emma-marrone\/\">Emma Marrone<\/a>, <a href=\"http:\/\/www.gossip.it\/vip\/fabio-borriell\/\">Fabio Borriell<\/a>o.<\/p>\n<figure class=\"caption\"><img decoding=\"async\" alt=\"\" width=\"620\" height=\"622\" src=\"http:\/\/files.gossip.it\/immagini_news\/2015\/07\/1436177956_belen_rodriguez_santiago_in_spiaggia_ad_ibiza.jpg\" \/><figcaption>Belen Rodriguez bacia il figlio Santiago in spiaggia a Ibiza<\/figcaption><\/figure>\n<p><strong>Famiglia<\/strong> e <strong>amici<\/strong>, <strong>Belen Rodriguez<\/strong> a <strong>Ibiza<\/strong> sta bene immersa completamente nel suo mondo. Splendida in costume due pezzi, la <a href=\"http:\/\/www.gossip.it\/vip\/showgirl\/\">showgirl<\/a> 30enne si diverte in spiaggia, ma pure a cena. Al risveglio i suoi uomini gustano la colazione seduti al tavolo all'aperto, lei li osserva e il cuore le si riepie di gioia.<br \/><strong>Belen Rodriguez<\/strong> condivide gli scatti dell'altro spezzone di vacanza di questa estate 2015 alquanto movimentata sul <a href=\"http:\/\/www.gossip.it\/vip\/social\/\">social<\/a>. E' felice di far osservare la sua dimensione tra <strong>famiglia<\/strong> e <strong>amici<\/strong> a <strong>Ibiza<\/strong> con l'aiuto del network. In molti apprezzano e ammirano una vita che possono solo immaginare.<br \/>Non potr\u00e0 fermarsi a <strong>Ibiza<\/strong> a lungo, molti impegni l'attendono. E' partita subito dopo aver inaugurato a Milano il flagship store di Cotril, brand di prodotti per la cura dei capelli di cui \u00e8 diventata socia.<\/p>\n<figure class=\"caption\"><img decoding=\"async\" alt=\"\" width=\"620\" height=\"350\" src=\"http:\/\/files.gossip.it\/immagini_news\/2015\/07\/1436177986_belen_stefano_relax_alle_baleari.jpg\" \/><figcaption>L'argentina \u00e8 volata alle Baleari con il piccolo e il marito Stefano De Martino<\/figcaption><\/figure>\n<figure class=\"caption\"><img decoding=\"async\" alt=\"\" width=\"620\" height=\"622\" src=\"http:\/\/files.gossip.it\/immagini_news\/2015\/07\/1436178084_belen_stefano_mondani_ibiza_amici.jpg\" \/><figcaption>La showgirl fa l'peritivo con gli amici e il consorte<\/figcaption><\/figure>\n<p><em>\"Ci so davvero fare con tagli, colori e pieghe. Da piccola giocavo alla parrucchiera, acconciavo io tutte le mie amiche, ero bravissima. Ora, con questa nuova realt\u00e0 imprenditoriale, ho realizzato un altro sogno nel cassetto. Avrei fatto l'architetto. Per entrambi i lavori, serve comunque creativit\u00e0. Forse \u00e8 per questo che mi piacciono i capelli\"<\/em>, ha confessato a <em>Gente<\/em>. Ha pure svelato di aver tagliato i capelli di recente, ma di aver aggiunto le extension dopo pochi giorni perch\u00e9 non si piaceva troppo.<br \/>Tanti consigli sulla chioma dalla bella: <em>\"Le parole d'ordine per mettere la testa a posto sono due: semplicit\u00e0 e naturalezza. Il fascino non arriva solo dalla bellezza ma anche dalla solarit\u00e0. E dal sapersi valorizzare. Chi ha un bel d\u00e9collet\u00e9, per esempio, lo esalti con un corto o con un raccolto. E attenzione al peso: se si dimagrisce troppo, ne fanno le spese il viso e i capelli. Credo che la pettinatura vada di pari passo con l'umore. Se ti senti bene, conquisti il mondo, che tu abbia le chiome lunghe o corte. Capita anche a me di svegliarmi e non piacermi. Allora mi faccio una bella maschera a viso e capelli: 15-20 minuti e sono pi\u00f9 distesa. Il segreto \u00e8 stare bene con se stesse: guardarsi allo specchio ed essere contente di aver saputo trovare i propri punti di forza\"<\/em>.<\/p>\n<figure class=\"caption\"><img decoding=\"async\" alt=\"\" width=\"620\" height=\"350\" src=\"http:\/\/files.gossip.it\/immagini_news\/2015\/07\/1436178184_selfie_piergiorgio_borriello_belen_rodriguez_amici.jpg\" \/><figcaption>Belen in spiaggia con Piergiorgio Borriello<\/figcaption><\/figure>\n<p>Belen Rodriguez, poi, al settimanale ha smentito per l'ennesima volta la crisi con il ballerino, quella di cui si continua a vociferare sui giornali.<em> \"Far\u00f2 una campagna per eliminare i pettegolezzi stupidi. La crisi tra me e Stefano non c'\u00e8 mai stata. Una sorellina per Santiago? E' nei miei desideri...\"<\/em>, ha detto. A <a href=\"http:\/\/www.gossip.it\/vip\/ibiza\/\">Ibiza<\/a> prove di <a href=\"http:\/\/www.gossip.it\/vip\/cicogna\/\">cicogna<\/a>? Chiss\u00e0...<\/p>\n<figure class=\"caption\"><img decoding=\"async\" alt=\"\" width=\"620\" height=\"350\" src=\"http:\/\/files.gossip.it\/immagini_news\/2015\/07\/1436178264_belen_serata_amici_ibiza.jpg\" \/><figcaption>L'argentina accanto ad altri amici: a Ibiza c'\u00e8 una parte del mondo che ama<\/figcaption><\/figure>\n<p>\u00a0<\/p>\n<p>\u00a0<\/p>\n","protected":false},"excerpt":{"rendered":"<p>Belen Rodriguez \u00e8 volata nuovamente a Ibiza, in una splendida villa con piscina affittata sull'isola delle Baleari che le \u00e8 tanto cara. Con lei Santiago e Stefano De Martino, la sua famiglia. A Ibiza ci sono anche gli amici, con cui trascorrere le giornate, tanti intimi, tra cui Piergiorgio Borriello, il fratello maggiore dell'ex dell'argentina, [&hellip;]<\/p>\n","protected":false},"author":1,"featured_media":108109,"comment_status":"closed","ping_status":"closed","sticky":false,"template":"","format":"standard","meta":{"footnotes":""},"categories":[54],"tags":[1909,7837,2588,9287,2102,1908,3333,4844,2121,2199,52529,7659,1967,1923,1899],"vip":[396,1731],"class_list":["post-52063","post","type-post","status-publish","format-standard","has-post-thumbnail","hentry","category-news","tag-amici","tag-baleari","tag-capelli","tag-cotril","tag-dichiarazioni","tag-famiglia","tag-gente","tag-ibiza","tag-instagram","tag-isola","tag-piergiorgio-borriello","tag-santiago","tag-showgirl","tag-social","tag-vacanza","vip-belen_rodriguez","vip-stefano_de_martino"],"yoast_head":"<title>Belen Rodriguez, famiglia e amici, tutto a Ibiza - Gossip.it | News sul Gossip e VIP<\/title>\n<meta name=\"description\" content=\"Belen Rodriguez \u00e8 volata nuovamente a Ibiza, in una splendida villa con piscina affittata sull&#039;isola delle Baleari che le \u00e8 tanto cara. Con lei Santiago e\" \/>\n<meta name=\"robots\" content=\"index, follow, max-snippet:-1, max-image-preview:large, max-video-preview:-1\" \/>\n<link rel=\"canonical\" href=\"https:\/\/www.gossip.it\/news\/belen-rodriguez-famiglia-amici-ibiza\/\" \/>\n<meta property=\"og:locale\" content=\"it_IT\" \/>\n<meta property=\"og:type\" content=\"article\" \/>\n<meta property=\"og:title\" content=\"Belen Rodriguez, famiglia e amici, tutto a Ibiza - Gossip.it | News sul Gossip e VIP\" \/>\n<meta property=\"og:description\" content=\"Belen Rodriguez \u00e8 volata nuovamente a Ibiza, in una splendida villa con piscina affittata sull&#039;isola delle Baleari che le \u00e8 tanto cara. Con lei Santiago e\" \/>\n<meta property=\"og:url\" content=\"https:\/\/www.gossip.it\/news\/belen-rodriguez-famiglia-amici-ibiza\/\" \/>\n<meta property=\"og:site_name\" content=\"Gossip.it | News sul Gossip e VIP\" \/>\n<meta property=\"article:publisher\" content=\"https:\/\/www.facebook.com\/GossipIT\" \/>\n<meta property=\"article:published_time\" content=\"2015-07-05T22:00:00+00:00\" \/>\n<meta property=\"og:image\" content=\"http:\/\/files.gossip.it\/immagini_news\/2015\/07\/1436177956_belen_rodriguez_santiago_in_spiaggia_ad_ibiza.jpg\" \/>\n<meta name=\"author\" content=\"La Redazione\" \/>\n<meta name=\"twitter:card\" content=\"summary_large_image\" \/>\n<meta name=\"twitter:image\" content=\"http:\/\/files.gossip.it\/immagini_news\/2015\/07\/1436177956_belen_rodriguez_santiago_in_spiaggia_ad_ibiza.jpg\" \/>\n<meta name=\"twitter:creator\" content=\"@gossinews_it\" \/>\n<meta name=\"twitter:site\" content=\"@gossinews_it\" \/>\n<meta name=\"twitter:label1\" content=\"Scritto da\" \/>\n\t<meta name=\"twitter:data1\" content=\"Annamaria Capozzi\" \/>\n\t<meta name=\"twitter:label2\" content=\"Tempo di lettura stimato\" \/>\n\t<meta name=\"twitter:data2\" content=\"3 minuti\" \/>","yoast_head_json":{"title":"Belen Rodriguez, famiglia e amici, tutto a Ibiza - Gossip.it | News sul Gossip e VIP","description":"Belen Rodriguez \u00e8 volata nuovamente a Ibiza, in una splendida villa con piscina affittata sull'isola delle Baleari che le \u00e8 tanto cara. Con lei Santiago e","robots":{"index":"index","follow":"follow","max-snippet":"max-snippet:-1","max-image-preview":"max-image-preview:large","max-video-preview":"max-video-preview:-1"},"canonical":"https:\/\/www.gossip.it\/news\/belen-rodriguez-famiglia-amici-ibiza\/","og_locale":"it_IT","og_type":"article","og_title":"Belen Rodriguez, famiglia e amici, tutto a Ibiza - Gossip.it | News sul Gossip e VIP","og_description":"Belen Rodriguez \u00e8 volata nuovamente a Ibiza, in una splendida villa con piscina affittata sull'isola delle Baleari che le \u00e8 tanto cara. Con lei Santiago e","og_url":"https:\/\/www.gossip.it\/news\/belen-rodriguez-famiglia-amici-ibiza\/","og_site_name":"Gossip.it | News sul Gossip e VIP","article_publisher":"https:\/\/www.facebook.com\/GossipIT","article_published_time":"2015-07-05T22:00:00+00:00","og_image":[{"url":"http:\/\/files.gossip.it\/immagini_news\/2015\/07\/1436177956_belen_rodriguez_santiago_in_spiaggia_ad_ibiza.jpg"}],"author":"La Redazione","twitter_card":"summary_large_image","twitter_image":"http:\/\/files.gossip.it\/immagini_news\/2015\/07\/1436177956_belen_rodriguez_santiago_in_spiaggia_ad_ibiza.jpg","twitter_creator":"@gossinews_it","twitter_site":"@gossinews_it","twitter_misc":{"Scritto da":"Annamaria Capozzi","Tempo di lettura stimato":"3 minuti"},"schema":{"@context":"https:\/\/schema.org","@graph":[{"@type":"Article","@id":"https:\/\/www.gossip.it\/news\/belen-rodriguez-famiglia-amici-ibiza\/#article","isPartOf":{"@id":"https:\/\/www.gossip.it\/news\/belen-rodriguez-famiglia-amici-ibiza\/"},"author":{"name":"La Redazione","@id":"https:\/\/www.gossip.it\/#\/schema\/person\/488896f75158bff1cc83c6c39d141110"},"headline":"Belen Rodriguez, famiglia e amici, tutto a Ibiza","datePublished":"2015-07-05T22:00:00+00:00","dateModified":"2015-07-05T22:00:00+00:00","mainEntityOfPage":{"@id":"https:\/\/www.gossip.it\/news\/belen-rodriguez-famiglia-amici-ibiza\/"},"wordCount":551,"publisher":{"@id":"https:\/\/www.gossip.it\/#organization"},"image":{"@id":"https:\/\/www.gossip.it\/news\/belen-rodriguez-famiglia-amici-ibiza\/#primaryimage"},"thumbnailUrl":"http:\/\/files.gossip.it\/immagini_news\/2015\/07\/1436177956_belen_rodriguez_santiago_in_spiaggia_ad_ibiza.jpg","keywords":["amici","baleari","capelli","cotril","dichiarazioni","famiglia","gente","ibiza","instagram","isola","piergiorgio borriello","santiago","showgirl","social","vacanza"],"articleSection":["News"],"inLanguage":"it-IT"},{"@type":"WebPage","@id":"https:\/\/www.gossip.it\/news\/belen-rodriguez-famiglia-amici-ibiza\/","url":"https:\/\/www.gossip.it\/news\/belen-rodriguez-famiglia-amici-ibiza\/","name":"Belen Rodriguez, famiglia e amici, tutto a Ibiza - Gossip.it | News sul Gossip e VIP","isPartOf":{"@id":"https:\/\/www.gossip.it\/#website"},"primaryImageOfPage":{"@id":"https:\/\/www.gossip.it\/news\/belen-rodriguez-famiglia-amici-ibiza\/#primaryimage"},"image":{"@id":"https:\/\/www.gossip.it\/news\/belen-rodriguez-famiglia-amici-ibiza\/#primaryimage"},"thumbnailUrl":"http:\/\/files.gossip.it\/immagini_news\/2015\/07\/1436177956_belen_rodriguez_santiago_in_spiaggia_ad_ibiza.jpg","datePublished":"2015-07-05T22:00:00+00:00","dateModified":"2015-07-05T22:00:00+00:00","description":"Belen Rodriguez \u00e8 volata nuovamente a Ibiza, in una splendida villa con piscina affittata sull'isola delle Baleari che le \u00e8 tanto cara. Con lei Santiago e","breadcrumb":{"@id":"https:\/\/www.gossip.it\/news\/belen-rodriguez-famiglia-amici-ibiza\/#breadcrumb"},"inLanguage":"it-IT","potentialAction":[{"@type":"ReadAction","target":["https:\/\/www.gossip.it\/news\/belen-rodriguez-famiglia-amici-ibiza\/"]}]},{"@type":"ImageObject","inLanguage":"it-IT","@id":"https:\/\/www.gossip.it\/news\/belen-rodriguez-famiglia-amici-ibiza\/#primaryimage","url":"http:\/\/files.gossip.it\/immagini_news\/2015\/07\/1436177956_belen_rodriguez_santiago_in_spiaggia_ad_ibiza.jpg","contentUrl":"http:\/\/files.gossip.it\/immagini_news\/2015\/07\/1436177956_belen_rodriguez_santiago_in_spiaggia_ad_ibiza.jpg"},{"@type":"BreadcrumbList","@id":"https:\/\/www.gossip.it\/news\/belen-rodriguez-famiglia-amici-ibiza\/#breadcrumb","itemListElement":[{"@type":"ListItem","position":1,"name":"Home","item":"https:\/\/www.gossip.it\/"},{"@type":"ListItem","position":2,"name":"Belen Rodriguez, famiglia e amici, tutto a Ibiza"}]},{"@type":"WebSite","@id":"https:\/\/www.gossip.it\/#website","url":"https:\/\/www.gossip.it\/","name":"Gossip and VIP News","description":"Quotidiano di cronaca rosa, costume e societ\u00e0","publisher":{"@id":"https:\/\/www.gossip.it\/#organization"},"alternateName":"Gossip and VIP News","potentialAction":[{"@type":"SearchAction","target":{"@type":"EntryPoint","urlTemplate":"https:\/\/www.gossip.it\/?s={search_term_string}"},"query-input":{"@type":"PropertyValueSpecification","valueRequired":true,"valueName":"search_term_string"}}],"inLanguage":"it-IT"},{"@type":"Organization","@id":"https:\/\/www.gossip.it\/#organization","name":"Gossip and VIP News","alternateName":"Gossip News","url":"https:\/\/www.gossip.it\/","logo":{"@type":"ImageObject","inLanguage":"it-IT","@id":"https:\/\/www.gossip.it\/#\/schema\/logo\/image\/","url":"https:\/\/www.gossip.it\/wp-content\/uploads\/2022\/04\/cropped-corna-alta-tiny.png","contentUrl":"https:\/\/www.gossip.it\/wp-content\/uploads\/2022\/04\/cropped-corna-alta-tiny.png","width":512,"height":512,"caption":"Gossip and VIP News"},"image":{"@id":"https:\/\/www.gossip.it\/#\/schema\/logo\/image\/"},"sameAs":["https:\/\/www.facebook.com\/GossipIT","https:\/\/x.com\/gossinews_it","https:\/\/instagram.com\/gossip_it"]},{"@type":"Person","@id":"https:\/\/www.gossip.it\/#\/schema\/person\/488896f75158bff1cc83c6c39d141110","name":"La Redazione","image":{"@type":"ImageObject","inLanguage":"it-IT","@id":"https:\/\/www.gossip.it\/#\/schema\/person\/image\/","url":"https:\/\/secure.gravatar.com\/avatar\/5a5f5c6fa3e6700e4249abdad0263a1e94e927d9e0499b1cb09c1cd29c044d80?s=96&d=mm&r=g","contentUrl":"https:\/\/secure.gravatar.com\/avatar\/5a5f5c6fa3e6700e4249abdad0263a1e94e927d9e0499b1cb09c1cd29c044d80?s=96&d=mm&r=g","caption":"La Redazione"},"sameAs":["https:\/\/www.gossip.it"]}]}},"amp_enabled":true,"_links":{"self":[{"href":"https:\/\/www.gossip.it\/api\/wp\/v2\/posts\/52063","targetHints":{"allow":["GET"]}}],"collection":[{"href":"https:\/\/www.gossip.it\/api\/wp\/v2\/posts"}],"about":[{"href":"https:\/\/www.gossip.it\/api\/wp\/v2\/types\/post"}],"author":[{"embeddable":true,"href":"https:\/\/www.gossip.it\/api\/wp\/v2\/users\/1"}],"replies":[{"embeddable":true,"href":"https:\/\/www.gossip.it\/api\/wp\/v2\/comments?post=52063"}],"version-history":[{"count":0,"href":"https:\/\/www.gossip.it\/api\/wp\/v2\/posts\/52063\/revisions"}],"wp:featuredmedia":[{"embeddable":true,"href":"https:\/\/www.gossip.it\/api\/wp\/v2\/media\/108109"}],"wp:attachment":[{"href":"https:\/\/www.gossip.it\/api\/wp\/v2\/media?parent=52063"}],"wp:term":[{"taxonomy":"category","embeddable":true,"href":"https:\/\/www.gossip.it\/api\/wp\/v2\/categories?post=52063"},{"taxonomy":"post_tag","embeddable":true,"href":"https:\/\/www.gossip.it\/api\/wp\/v2\/tags?post=52063"},{"taxonomy":"vip","embeddable":true,"href":"https:\/\/www.gossip.it\/api\/wp\/v2\/vip?post=52063"}],"curies":[{"name":"wp","href":"https:\/\/api.w.org\/{rel}","templated":true}]}}