{"id":52074,"date":"2015-07-06T00:00:00","date_gmt":"2015-07-05T22:00:00","guid":{"rendered":"https:\/\/www.gossip.it\/senza-categoria\/fabio-borriello-fratello-marco-formentera\/"},"modified":"2015-07-06T00:00:00","modified_gmt":"2015-07-05T22:00:00","slug":"fabio-borriello-fratello-marco-formentera","status":"publish","type":"post","link":"https:\/\/www.gossip.it\/news\/fabio-borriello-fratello-marco-formentera\/","title":{"rendered":"Fabio Borriello dal fratello Marco a Formentera"},"content":{"rendered":"<p><a href=\"http:\/\/www.gossip.it\/vip\/fabio-borriello\/\">Fabio Borriello<\/a>, 29 anni, \u00e8 volato a <strong>Formentera<\/strong> dal<strong> fratello Marco<\/strong>, 33 anni. Con l'imprenditore ed ex <a href=\"http:\/\/www.gossip.it\/vip\/calciatore\/\">calciatore<\/a> non c'\u00e8 <a href=\"http:\/\/www.gossip.it\/vip\/emma-marrone\/\">Emma Marrone<\/a>. Alle Baleari il bomber ha accolto il <strong>fratello<\/strong> minore con grande calore. I due sono stati pizzicati in spiaggia dai paparazzi, belli e impossibili, super spiati, mentre si concedevano anche un giro in gommone insieme ad altri amici.<\/p>\n<figure class=\"caption\"><img decoding=\"async\" alt=\"\" width=\"620\" height=\"468\" src=\"http:\/\/files.gossip.it\/immagini_news\/2015\/07\/1436189175_i_borriello_a_formentera.jpg\" \/><figcaption>Fabio Borriello con il fratello Marco a Formentera<\/figcaption><\/figure>\n<p><strong>Fabio Borriello<\/strong> ha lasciato l'Italia dopo aver vissuto un weekend romantico con <a href=\"http:\/\/www.gossip.it\/vip\/emma\/\">Emma<\/a> a Capri. Si pensava che pure la <a href=\"http:\/\/www.gossip.it\/vip\/cantante\/\">cantante<\/a> salentina andasse a <strong>Formentera<\/strong> con lui dal <strong>fratello Marco<\/strong>. Per il momento cos\u00ec non \u00e8: la coach di <a href=\"http:\/\/www.gossip.it\/vip\/amici\/\">Amici<\/a> \u00e8 rimasta a Roma e ha trascorso il sabato con lo stilista <a href=\"http:\/\/www.gossip.it\/vip\/francesco-scognamiglio\/\">Francesco Scognamiglio<\/a>. Domenica, dopo aver preso il sole con le amiche, la sera ha assistito a un evento musicale a Villa Ada nella Capitale insieme alle sue cugine, subito riconosciuta dalle fan che l'hanno chiamamente circondata d'affetto.<br \/><strong>Fabio Borriello<\/strong>, invece, a <strong>Formentera<\/strong> dal <strong>fratello<\/strong>\u00a0<strong>Marco<\/strong>\u00a0si \u00e8 dedicato esclusivamente alla tintarella.<\/p>\n<figure class=\"caption\"><img decoding=\"async\" alt=\"\" width=\"620\" height=\"586\" src=\"http:\/\/files.gossip.it\/immagini_news\/2015\/07\/1436189217_marco_e_fabio_borriello_spiaggia_formentera.jpg\" \/><figcaption>L'imprenditore \u00e8 volato alle Baleari senza Emma Marrone<\/figcaption><\/figure>\n<p>I gossip dicono che sia atteso gi\u00e0 oggi o domani nel Bel Paese dalla fidanzata e che ritorneranno sull'isola da coppia.<\/p>\n<figure class=\"caption\"><img decoding=\"async\" alt=\"\" width=\"620\" height=\"620\" src=\"http:\/\/files.gossip.it\/immagini_news\/2015\/07\/1436189271_vacanze_a_formentera_per_marco_e_fabio_borriello.jpg\" \/><figcaption>Marco, 33 anni, e Fabio, 29, sull'isola hanno catturato l'attenzione dei paparazzi e non solo<\/figcaption><\/figure>\n<p>La<em> 'Borriello Family'<\/em>, tra l'altro, alle Baleari \u00e8 di casa. Mentre <strong>Fabio Borriello<\/strong> e <strong>Marco<\/strong> si divertivano a <strong>Formentera<\/strong>, a Ibiza c''era anche il maggiore, <a href=\"http:\/\/www.gossip.it\/vip\/piergiorgio-borriello\/\">Piergiorgio Borriello<\/a>, che se la spassava insieme a <a href=\"http:\/\/www.gossip.it\/vip\/belen-rodriguez\/\">Belen Rodriguez<\/a>, <a href=\"http:\/\/www.gossip.it\/vip\/stefano-de martino\/\">Stefano De Martino<\/a> e il resto dell'allegra compagnia.\u00a0<br \/>Incroci pericolosi che non fanno paura, evidentemente. Perch\u00e9, anche se l'argentina \u00e8 stata l'ex di <a href=\"http:\/\/www.gossip.it\/vip\/marco-borriello\/\">Marco Borriello<\/a>, con il tempo quel che \u00e8 stato, \u00e8 stato: si pu\u00f2 essere amici senza che i maligni pensino subito il peggio.<\/p>\n<figure class=\"caption\"><img decoding=\"async\" alt=\"\" width=\"620\" height=\"535\" src=\"http:\/\/files.gossip.it\/immagini_news\/2015\/07\/1436189321_marco_e_fabio_borriello_gommone_formentera.jpg\" \/><figcaption>Per i due un giro in gommone con gli amici<\/figcaption><\/figure>\n<p><strong>Fabio Borriello<\/strong> \u00e8 pazzo di Emma, ma lo \u00e8 pure la sua mamma, <a href=\"http:\/\/www.gossip.it\/vip\/margherita-esposito\/\">Margherita Esposito<\/a>, a cui ha gi\u00e0 presentato l'artista del cuore. E la signora su <em>Instagram<\/em> monitora i commenti sulla Marrone e la difende dai cattivi. A chi la insulta malamente, risponde: <em>\"E' bella dentro e fuori!\"<\/em>. Ormai \u00e8 completamente conquistata.<\/p>\n<p>\u00a0<\/p>\n","protected":false},"excerpt":{"rendered":"<p>Fabio Borriello, 29 anni, \u00e8 volato a Formentera dal fratello Marco, 33 anni. Con l'imprenditore ed ex calciatore non c'\u00e8 Emma Marrone. Alle Baleari il bomber ha accolto il fratello minore con grande calore. I due sono stati pizzicati in spiaggia dai paparazzi, belli e impossibili, super spiati, mentre si concedevano anche un giro in [&hellip;]<\/p>\n","protected":false},"author":1,"featured_media":108120,"comment_status":"closed","ping_status":"closed","sticky":false,"template":"","format":"standard","meta":{"footnotes":""},"categories":[54],"tags":[7837,1981,6845,9723,2298,7981,2322,5582,2110,52529],"vip":[396,669,1203],"class_list":["post-52074","post","type-post","status-publish","format-standard","has-post-thumbnail","hentry","category-news","tag-baleari","tag-cantante","tag-emma","tag-fabio-borriello","tag-fidanzato","tag-formentera","tag-fratello","tag-marco","tag-paparazzata","tag-piergiorgio-borriello","vip-belen_rodriguez","vip-emma_marrone","vip-marco_borriello"],"yoast_head":"<title>Fabio Borriello dal fratello Marco a Formentera - Gossip.it | News sul Gossip e VIP<\/title>\n<meta name=\"description\" content=\"Fabio Borriello, 29 anni, \u00e8 volato a Formentera dal fratello Marco, 33 anni. Con l&#039;imprenditore ed ex calciatore non c&#039;\u00e8 Emma Marrone. Alle Baleari il\" \/>\n<meta name=\"robots\" content=\"index, follow, max-snippet:-1, max-image-preview:large, max-video-preview:-1\" \/>\n<link rel=\"canonical\" href=\"https:\/\/www.gossip.it\/news\/fabio-borriello-fratello-marco-formentera\/\" \/>\n<meta property=\"og:locale\" content=\"it_IT\" \/>\n<meta property=\"og:type\" content=\"article\" \/>\n<meta property=\"og:title\" content=\"Fabio Borriello dal fratello Marco a Formentera - Gossip.it | News sul Gossip e VIP\" \/>\n<meta property=\"og:description\" content=\"Fabio Borriello, 29 anni, \u00e8 volato a Formentera dal fratello Marco, 33 anni. Con l&#039;imprenditore ed ex calciatore non c&#039;\u00e8 Emma Marrone. Alle Baleari il\" \/>\n<meta property=\"og:url\" content=\"https:\/\/www.gossip.it\/news\/fabio-borriello-fratello-marco-formentera\/\" \/>\n<meta property=\"og:site_name\" content=\"Gossip.it | News sul Gossip e VIP\" \/>\n<meta property=\"article:publisher\" content=\"https:\/\/www.facebook.com\/GossipIT\" \/>\n<meta property=\"article:published_time\" content=\"2015-07-05T22:00:00+00:00\" \/>\n<meta property=\"og:image\" content=\"http:\/\/files.gossip.it\/immagini_news\/2015\/07\/1436189175_i_borriello_a_formentera.jpg\" \/>\n<meta name=\"author\" content=\"La Redazione\" \/>\n<meta name=\"twitter:card\" content=\"summary_large_image\" \/>\n<meta name=\"twitter:image\" content=\"http:\/\/files.gossip.it\/immagini_news\/2015\/07\/1436189175_i_borriello_a_formentera.jpg\" \/>\n<meta name=\"twitter:creator\" content=\"@gossinews_it\" \/>\n<meta name=\"twitter:site\" content=\"@gossinews_it\" \/>\n<meta name=\"twitter:label1\" content=\"Scritto da\" \/>\n\t<meta name=\"twitter:data1\" content=\"Annamaria Capozzi\" \/>\n\t<meta name=\"twitter:label2\" content=\"Tempo di lettura stimato\" \/>\n\t<meta name=\"twitter:data2\" content=\"2 minuti\" \/>","yoast_head_json":{"title":"Fabio Borriello dal fratello Marco a Formentera - Gossip.it | News sul Gossip e VIP","description":"Fabio Borriello, 29 anni, \u00e8 volato a Formentera dal fratello Marco, 33 anni. Con l'imprenditore ed ex calciatore non c'\u00e8 Emma Marrone. Alle Baleari il","robots":{"index":"index","follow":"follow","max-snippet":"max-snippet:-1","max-image-preview":"max-image-preview:large","max-video-preview":"max-video-preview:-1"},"canonical":"https:\/\/www.gossip.it\/news\/fabio-borriello-fratello-marco-formentera\/","og_locale":"it_IT","og_type":"article","og_title":"Fabio Borriello dal fratello Marco a Formentera - Gossip.it | News sul Gossip e VIP","og_description":"Fabio Borriello, 29 anni, \u00e8 volato a Formentera dal fratello Marco, 33 anni. Con l'imprenditore ed ex calciatore non c'\u00e8 Emma Marrone. Alle Baleari il","og_url":"https:\/\/www.gossip.it\/news\/fabio-borriello-fratello-marco-formentera\/","og_site_name":"Gossip.it | News sul Gossip e VIP","article_publisher":"https:\/\/www.facebook.com\/GossipIT","article_published_time":"2015-07-05T22:00:00+00:00","og_image":[{"url":"http:\/\/files.gossip.it\/immagini_news\/2015\/07\/1436189175_i_borriello_a_formentera.jpg"}],"author":"La Redazione","twitter_card":"summary_large_image","twitter_image":"http:\/\/files.gossip.it\/immagini_news\/2015\/07\/1436189175_i_borriello_a_formentera.jpg","twitter_creator":"@gossinews_it","twitter_site":"@gossinews_it","twitter_misc":{"Scritto da":"Annamaria Capozzi","Tempo di lettura stimato":"2 minuti"},"schema":{"@context":"https:\/\/schema.org","@graph":[{"@type":"Article","@id":"https:\/\/www.gossip.it\/news\/fabio-borriello-fratello-marco-formentera\/#article","isPartOf":{"@id":"https:\/\/www.gossip.it\/news\/fabio-borriello-fratello-marco-formentera\/"},"author":{"name":"La Redazione","@id":"https:\/\/www.gossip.it\/#\/schema\/person\/488896f75158bff1cc83c6c39d141110"},"headline":"Fabio Borriello dal fratello Marco a Formentera","datePublished":"2015-07-05T22:00:00+00:00","dateModified":"2015-07-05T22:00:00+00:00","mainEntityOfPage":{"@id":"https:\/\/www.gossip.it\/news\/fabio-borriello-fratello-marco-formentera\/"},"wordCount":364,"publisher":{"@id":"https:\/\/www.gossip.it\/#organization"},"image":{"@id":"https:\/\/www.gossip.it\/news\/fabio-borriello-fratello-marco-formentera\/#primaryimage"},"thumbnailUrl":"http:\/\/files.gossip.it\/immagini_news\/2015\/07\/1436189175_i_borriello_a_formentera.jpg","keywords":["baleari","cantante","emma","fabio borriello","fidanzato","formentera","fratello","marco","paparazzata","piergiorgio borriello"],"articleSection":["News"],"inLanguage":"it-IT"},{"@type":"WebPage","@id":"https:\/\/www.gossip.it\/news\/fabio-borriello-fratello-marco-formentera\/","url":"https:\/\/www.gossip.it\/news\/fabio-borriello-fratello-marco-formentera\/","name":"Fabio Borriello dal fratello Marco a Formentera - Gossip.it | News sul Gossip e VIP","isPartOf":{"@id":"https:\/\/www.gossip.it\/#website"},"primaryImageOfPage":{"@id":"https:\/\/www.gossip.it\/news\/fabio-borriello-fratello-marco-formentera\/#primaryimage"},"image":{"@id":"https:\/\/www.gossip.it\/news\/fabio-borriello-fratello-marco-formentera\/#primaryimage"},"thumbnailUrl":"http:\/\/files.gossip.it\/immagini_news\/2015\/07\/1436189175_i_borriello_a_formentera.jpg","datePublished":"2015-07-05T22:00:00+00:00","dateModified":"2015-07-05T22:00:00+00:00","description":"Fabio Borriello, 29 anni, \u00e8 volato a Formentera dal fratello Marco, 33 anni. Con l'imprenditore ed ex calciatore non c'\u00e8 Emma Marrone. Alle Baleari il","breadcrumb":{"@id":"https:\/\/www.gossip.it\/news\/fabio-borriello-fratello-marco-formentera\/#breadcrumb"},"inLanguage":"it-IT","potentialAction":[{"@type":"ReadAction","target":["https:\/\/www.gossip.it\/news\/fabio-borriello-fratello-marco-formentera\/"]}]},{"@type":"ImageObject","inLanguage":"it-IT","@id":"https:\/\/www.gossip.it\/news\/fabio-borriello-fratello-marco-formentera\/#primaryimage","url":"http:\/\/files.gossip.it\/immagini_news\/2015\/07\/1436189175_i_borriello_a_formentera.jpg","contentUrl":"http:\/\/files.gossip.it\/immagini_news\/2015\/07\/1436189175_i_borriello_a_formentera.jpg"},{"@type":"BreadcrumbList","@id":"https:\/\/www.gossip.it\/news\/fabio-borriello-fratello-marco-formentera\/#breadcrumb","itemListElement":[{"@type":"ListItem","position":1,"name":"Home","item":"https:\/\/www.gossip.it\/"},{"@type":"ListItem","position":2,"name":"Fabio Borriello dal fratello Marco a Formentera"}]},{"@type":"WebSite","@id":"https:\/\/www.gossip.it\/#website","url":"https:\/\/www.gossip.it\/","name":"Gossip and VIP News","description":"Quotidiano di cronaca rosa, costume e societ\u00e0","publisher":{"@id":"https:\/\/www.gossip.it\/#organization"},"alternateName":"Gossip and VIP News","potentialAction":[{"@type":"SearchAction","target":{"@type":"EntryPoint","urlTemplate":"https:\/\/www.gossip.it\/?s={search_term_string}"},"query-input":{"@type":"PropertyValueSpecification","valueRequired":true,"valueName":"search_term_string"}}],"inLanguage":"it-IT"},{"@type":"Organization","@id":"https:\/\/www.gossip.it\/#organization","name":"Gossip and VIP News","alternateName":"Gossip News","url":"https:\/\/www.gossip.it\/","logo":{"@type":"ImageObject","inLanguage":"it-IT","@id":"https:\/\/www.gossip.it\/#\/schema\/logo\/image\/","url":"https:\/\/www.gossip.it\/wp-content\/uploads\/2022\/04\/cropped-corna-alta-tiny.png","contentUrl":"https:\/\/www.gossip.it\/wp-content\/uploads\/2022\/04\/cropped-corna-alta-tiny.png","width":512,"height":512,"caption":"Gossip and VIP News"},"image":{"@id":"https:\/\/www.gossip.it\/#\/schema\/logo\/image\/"},"sameAs":["https:\/\/www.facebook.com\/GossipIT","https:\/\/x.com\/gossinews_it","https:\/\/instagram.com\/gossip_it"]},{"@type":"Person","@id":"https:\/\/www.gossip.it\/#\/schema\/person\/488896f75158bff1cc83c6c39d141110","name":"La Redazione","image":{"@type":"ImageObject","inLanguage":"it-IT","@id":"https:\/\/www.gossip.it\/#\/schema\/person\/image\/","url":"https:\/\/secure.gravatar.com\/avatar\/5a5f5c6fa3e6700e4249abdad0263a1e94e927d9e0499b1cb09c1cd29c044d80?s=96&d=mm&r=g","contentUrl":"https:\/\/secure.gravatar.com\/avatar\/5a5f5c6fa3e6700e4249abdad0263a1e94e927d9e0499b1cb09c1cd29c044d80?s=96&d=mm&r=g","caption":"La Redazione"},"sameAs":["https:\/\/www.gossip.it"]}]}},"amp_enabled":true,"_links":{"self":[{"href":"https:\/\/www.gossip.it\/api\/wp\/v2\/posts\/52074","targetHints":{"allow":["GET"]}}],"collection":[{"href":"https:\/\/www.gossip.it\/api\/wp\/v2\/posts"}],"about":[{"href":"https:\/\/www.gossip.it\/api\/wp\/v2\/types\/post"}],"author":[{"embeddable":true,"href":"https:\/\/www.gossip.it\/api\/wp\/v2\/users\/1"}],"replies":[{"embeddable":true,"href":"https:\/\/www.gossip.it\/api\/wp\/v2\/comments?post=52074"}],"version-history":[{"count":0,"href":"https:\/\/www.gossip.it\/api\/wp\/v2\/posts\/52074\/revisions"}],"wp:featuredmedia":[{"embeddable":true,"href":"https:\/\/www.gossip.it\/api\/wp\/v2\/media\/108120"}],"wp:attachment":[{"href":"https:\/\/www.gossip.it\/api\/wp\/v2\/media?parent=52074"}],"wp:term":[{"taxonomy":"category","embeddable":true,"href":"https:\/\/www.gossip.it\/api\/wp\/v2\/categories?post=52074"},{"taxonomy":"post_tag","embeddable":true,"href":"https:\/\/www.gossip.it\/api\/wp\/v2\/tags?post=52074"},{"taxonomy":"vip","embeddable":true,"href":"https:\/\/www.gossip.it\/api\/wp\/v2\/vip?post=52074"}],"curies":[{"name":"wp","href":"https:\/\/api.w.org\/{rel}","templated":true}]}}