{"id":52101,"date":"2015-07-08T00:00:00","date_gmt":"2015-07-07T22:00:00","guid":{"rendered":"https:\/\/www.gossip.it\/senza-categoria\/francesca-de-andre-daniele-interrante-anima-gemella\/"},"modified":"2015-07-08T00:00:00","modified_gmt":"2015-07-07T22:00:00","slug":"francesca-de-andre-daniele-interrante-anima-gemella","status":"publish","type":"post","link":"https:\/\/www.gossip.it\/news\/francesca-de-andre-daniele-interrante-anima-gemella\/","title":{"rendered":"Francesca De Andr\u00e8, Daniele Interrante la sua anima gemella"},"content":{"rendered":"<p><a href=\"http:\/\/www.gossip.it\/vip\/francesca-de andr\u00e8\/\">Francesca De Andr\u00e8<\/a> non ha dubbi: <a href=\"http:\/\/www.gossip.it\/vip\/daniele-interrante\/\">Daniele Interrante<\/a> \u00e8 la sua <strong>anima gemella<\/strong>. I due si amano alla follia: insieme da molto tempo, non hanno ancora visto appassire una passione che, anzi, pare ingigantirsi sempre di pi\u00f9.<\/p>\n<figure class=\"caption\"><img decoding=\"async\" alt=\"\" width=\"620\" height=\"614\" src=\"http:\/\/files.gossip.it\/immagini_news\/2015\/07\/1436356464_francesca_de_andre_daniele_interrante_anime_gemelle.jpg\" \/><figcaption>Un collage di immagini di Francesca De Andr\u00e8 e Daniele Interrante innamoratissimi<\/figcaption><\/figure>\n<p>Stamane <strong>Francesca De Andr\u00e8<\/strong>, 25 anni, ha voluto fare una ulteriore dichiarazione d'amore al suo bello. Mandando online un collage di quattro foto in cui \u00e8 ritratta appassionata con <strong>Daniele Interrante<\/strong>, scatti abbelliti da cuoricini disegnati sopra, ha cinguettato: <em>\"E quando mi svegli la mattina per dirmi che sono la pi\u00f9 bella del mondo, che vuoi fare l'amore con me ogni giorno della nostra vita e che non hai mai amato e stimato niente e nessuna al mondo quanto me, io mi sciolgo, muoio e resuscito! Le anime gemelle sono rare nella vita, trovatela perch\u00e9 \u00e8 la cosa pi\u00f9 bella del mondo... #love #goodmorning #buongiorno #thinkpositive #smile #me #FrancescaDeAndr\u00e8 #mylove #DanieleInterrante\"<\/em>.<\/p>\n<figure class=\"caption\"><img decoding=\"async\" alt=\"\" width=\"620\" height=\"734\" src=\"http:\/\/files.gossip.it\/immagini_news\/2015\/07\/1436356502_francesca_de_andre_daniele_interrante.jpg\" \/><figcaption>I due si considerano vere anime gemelle<\/figcaption><\/figure>\n<p><strong>Daniele Interrante<\/strong> \u00e8 la sua <strong>anima gemella<\/strong>, senza ombra di dubbio. <strong>Francesca De Andr\u00e8<\/strong> ne \u00e8 assolutamente convinta. Sul suo account sul network sono tante le immagini condivise che la immortalano con il moraccione. <em>\"Siamo la coppia pi\u00f9 bella del mondoooo e ci dispiace per gli altriiii che sono tristiii! E sono tristiiii! Perch\u00e9 non sanno pi\u00f9 cos'\u00e8 l'amor! Il VERO amore per sempre unito dal cielo, nessuno in terra, anche se vuole, pu\u00f2 separarlo maaaiii. \" \u00a0#buongiorno a tutti voooiiiii #Happiness #NOI #Love #Saturday direzione #FortedeiMarmi #Marechiaro\"<\/em>, canticchiava sul web la bella figlia di <a href=\"http:\/\/www.gossip.it\/vip\/cristiano-de andr\u00e8\/\">Cristiano De Andr\u00e8<\/a>.<br \/>Niente potr\u00e0 separarla dal suo bel compagno, <strong>Daniele Interrante<\/strong> \u00e8 tutto suo. Il concetto \u00e8 pi\u00f9 che chiaro.<\/p>\n<figure class=\"caption\"><img decoding=\"async\" alt=\"\" width=\"620\" height=\"686\" src=\"http:\/\/files.gossip.it\/immagini_news\/2015\/07\/1436356534_francesca_de_andre_daniele_interrante_innamoratissimi.jpg\" \/><figcaption>Un altro scatto social della 25enne e del 34enne<\/figcaption><\/figure>\n<p>E <strong>Francesca De Andr\u00e8<\/strong>, ospite a <em>Pomeriggio 5<\/em> lo scorso maggio, stuzzicata da <a href=\"http:\/\/www.gossip.it\/vip\/barbara-d'urso\/\">Barbara D'Urso<\/a> sull'ex di Daniele, <a href=\"http:\/\/www.gossip.it\/vip\/guendalina-canessa\/\">Guendalina Canessa<\/a>, mamma di <em>Chloe<\/em>, figlia proprio del 34enne, e della sua mania di pubblicare foto con dedica, aveva detto: <em>\"Guendalina non si mette l'animo in pace. Non si rassegna al fatto che io e Daniele stiamo insieme. Con lei non riesco ad avere rapporti. Anche Daniele \u00e8 indispettito perch\u00e9 non gli fa piacere che pubblichi queste foto. Glielo dice. Ma non so perch\u00e9 lei continui a farlo. Non accetta\"<\/em>.<br \/>Ma lei pu\u00f2 farlo, giustamente, pu\u00f2 pubblicare tutto ci\u00f2 che vuole e che la immortala con la sua <strong>anima gemella<\/strong> con cui l'amore va a mille.<\/p>\n<p>\u00a0<\/p>\n","protected":false},"excerpt":{"rendered":"<p>Francesca De Andr\u00e8 non ha dubbi: Daniele Interrante \u00e8 la sua anima gemella. I due si amano alla follia: insieme da molto tempo, non hanno ancora visto appassire una passione che, anzi, pare ingigantirsi sempre di pi\u00f9. Un collage di immagini di Francesca De Andr\u00e8 e Daniele Interrante innamoratissimi Stamane Francesca De Andr\u00e8, 25 anni, [&hellip;]<\/p>\n","protected":false},"author":1,"featured_media":108147,"comment_status":"closed","ping_status":"closed","sticky":false,"template":"","format":"standard","meta":{"footnotes":""},"categories":[54],"tags":[3874,6269,1880,51279,10384,2121,1923],"vip":[558,774,925],"class_list":["post-52101","post","type-post","status-publish","format-standard","has-post-thumbnail","hentry","category-news","tag-anima","tag-chloe","tag-coppia","tag-dichiarazione-damore","tag-gemella","tag-instagram","tag-social","vip-daniele_interrante","vip-francesca_de_andre","vip-guendalina_canessa"],"yoast_head":"<title>Francesca De Andr\u00e8, Daniele Interrante la sua anima gemella - Gossip.it | News sul Gossip e VIP<\/title>\n<meta name=\"description\" content=\"Francesca De Andr\u00e8 non ha dubbi: Daniele Interrante \u00e8 la sua anima gemella. I due si amano alla follia: insieme da molto tempo, non hanno ancora visto\" \/>\n<meta name=\"robots\" content=\"index, follow, max-snippet:-1, max-image-preview:large, max-video-preview:-1\" \/>\n<link rel=\"canonical\" href=\"https:\/\/www.gossip.it\/news\/francesca-de-andre-daniele-interrante-anima-gemella\/\" \/>\n<meta property=\"og:locale\" content=\"it_IT\" \/>\n<meta property=\"og:type\" content=\"article\" \/>\n<meta property=\"og:title\" content=\"Francesca De Andr\u00e8, Daniele Interrante la sua anima gemella - Gossip.it | News sul Gossip e VIP\" \/>\n<meta property=\"og:description\" content=\"Francesca De Andr\u00e8 non ha dubbi: Daniele Interrante \u00e8 la sua anima gemella. I due si amano alla follia: insieme da molto tempo, non hanno ancora visto\" \/>\n<meta property=\"og:url\" content=\"https:\/\/www.gossip.it\/news\/francesca-de-andre-daniele-interrante-anima-gemella\/\" \/>\n<meta property=\"og:site_name\" content=\"Gossip.it | News sul Gossip e VIP\" \/>\n<meta property=\"article:publisher\" content=\"https:\/\/www.facebook.com\/GossipIT\" \/>\n<meta property=\"article:published_time\" content=\"2015-07-07T22:00:00+00:00\" \/>\n<meta property=\"og:image\" content=\"http:\/\/files.gossip.it\/immagini_news\/2015\/07\/1436356464_francesca_de_andre_daniele_interrante_anime_gemelle.jpg\" \/>\n<meta name=\"author\" content=\"La Redazione\" \/>\n<meta name=\"twitter:card\" content=\"summary_large_image\" \/>\n<meta name=\"twitter:image\" content=\"http:\/\/files.gossip.it\/immagini_news\/2015\/07\/1436356464_francesca_de_andre_daniele_interrante_anime_gemelle.jpg\" \/>\n<meta name=\"twitter:creator\" content=\"@gossinews_it\" \/>\n<meta name=\"twitter:site\" content=\"@gossinews_it\" \/>\n<meta name=\"twitter:label1\" content=\"Scritto da\" \/>\n\t<meta name=\"twitter:data1\" content=\"Annamaria Capozzi\" \/>\n\t<meta name=\"twitter:label2\" content=\"Tempo di lettura stimato\" \/>\n\t<meta name=\"twitter:data2\" content=\"2 minuti\" \/>","yoast_head_json":{"title":"Francesca De Andr\u00e8, Daniele Interrante la sua anima gemella - Gossip.it | News sul Gossip e VIP","description":"Francesca De Andr\u00e8 non ha dubbi: Daniele Interrante \u00e8 la sua anima gemella. I due si amano alla follia: insieme da molto tempo, non hanno ancora visto","robots":{"index":"index","follow":"follow","max-snippet":"max-snippet:-1","max-image-preview":"max-image-preview:large","max-video-preview":"max-video-preview:-1"},"canonical":"https:\/\/www.gossip.it\/news\/francesca-de-andre-daniele-interrante-anima-gemella\/","og_locale":"it_IT","og_type":"article","og_title":"Francesca De Andr\u00e8, Daniele Interrante la sua anima gemella - Gossip.it | News sul Gossip e VIP","og_description":"Francesca De Andr\u00e8 non ha dubbi: Daniele Interrante \u00e8 la sua anima gemella. I due si amano alla follia: insieme da molto tempo, non hanno ancora visto","og_url":"https:\/\/www.gossip.it\/news\/francesca-de-andre-daniele-interrante-anima-gemella\/","og_site_name":"Gossip.it | News sul Gossip e VIP","article_publisher":"https:\/\/www.facebook.com\/GossipIT","article_published_time":"2015-07-07T22:00:00+00:00","og_image":[{"url":"http:\/\/files.gossip.it\/immagini_news\/2015\/07\/1436356464_francesca_de_andre_daniele_interrante_anime_gemelle.jpg"}],"author":"La Redazione","twitter_card":"summary_large_image","twitter_image":"http:\/\/files.gossip.it\/immagini_news\/2015\/07\/1436356464_francesca_de_andre_daniele_interrante_anime_gemelle.jpg","twitter_creator":"@gossinews_it","twitter_site":"@gossinews_it","twitter_misc":{"Scritto da":"Annamaria Capozzi","Tempo di lettura stimato":"2 minuti"},"schema":{"@context":"https:\/\/schema.org","@graph":[{"@type":"Article","@id":"https:\/\/www.gossip.it\/news\/francesca-de-andre-daniele-interrante-anima-gemella\/#article","isPartOf":{"@id":"https:\/\/www.gossip.it\/news\/francesca-de-andre-daniele-interrante-anima-gemella\/"},"author":{"name":"La Redazione","@id":"https:\/\/www.gossip.it\/#\/schema\/person\/488896f75158bff1cc83c6c39d141110"},"headline":"Francesca De Andr\u00e8, Daniele Interrante la sua anima gemella","datePublished":"2015-07-07T22:00:00+00:00","dateModified":"2015-07-07T22:00:00+00:00","mainEntityOfPage":{"@id":"https:\/\/www.gossip.it\/news\/francesca-de-andre-daniele-interrante-anima-gemella\/"},"wordCount":411,"publisher":{"@id":"https:\/\/www.gossip.it\/#organization"},"image":{"@id":"https:\/\/www.gossip.it\/news\/francesca-de-andre-daniele-interrante-anima-gemella\/#primaryimage"},"thumbnailUrl":"http:\/\/files.gossip.it\/immagini_news\/2015\/07\/1436356464_francesca_de_andre_daniele_interrante_anime_gemelle.jpg","keywords":["anima","chloe","coppia","dichiarazione d'amore","gemella","instagram","social"],"articleSection":["News"],"inLanguage":"it-IT"},{"@type":"WebPage","@id":"https:\/\/www.gossip.it\/news\/francesca-de-andre-daniele-interrante-anima-gemella\/","url":"https:\/\/www.gossip.it\/news\/francesca-de-andre-daniele-interrante-anima-gemella\/","name":"Francesca De Andr\u00e8, Daniele Interrante la sua anima gemella - Gossip.it | News sul Gossip e VIP","isPartOf":{"@id":"https:\/\/www.gossip.it\/#website"},"primaryImageOfPage":{"@id":"https:\/\/www.gossip.it\/news\/francesca-de-andre-daniele-interrante-anima-gemella\/#primaryimage"},"image":{"@id":"https:\/\/www.gossip.it\/news\/francesca-de-andre-daniele-interrante-anima-gemella\/#primaryimage"},"thumbnailUrl":"http:\/\/files.gossip.it\/immagini_news\/2015\/07\/1436356464_francesca_de_andre_daniele_interrante_anime_gemelle.jpg","datePublished":"2015-07-07T22:00:00+00:00","dateModified":"2015-07-07T22:00:00+00:00","description":"Francesca De Andr\u00e8 non ha dubbi: Daniele Interrante \u00e8 la sua anima gemella. I due si amano alla follia: insieme da molto tempo, non hanno ancora visto","breadcrumb":{"@id":"https:\/\/www.gossip.it\/news\/francesca-de-andre-daniele-interrante-anima-gemella\/#breadcrumb"},"inLanguage":"it-IT","potentialAction":[{"@type":"ReadAction","target":["https:\/\/www.gossip.it\/news\/francesca-de-andre-daniele-interrante-anima-gemella\/"]}]},{"@type":"ImageObject","inLanguage":"it-IT","@id":"https:\/\/www.gossip.it\/news\/francesca-de-andre-daniele-interrante-anima-gemella\/#primaryimage","url":"http:\/\/files.gossip.it\/immagini_news\/2015\/07\/1436356464_francesca_de_andre_daniele_interrante_anime_gemelle.jpg","contentUrl":"http:\/\/files.gossip.it\/immagini_news\/2015\/07\/1436356464_francesca_de_andre_daniele_interrante_anime_gemelle.jpg"},{"@type":"BreadcrumbList","@id":"https:\/\/www.gossip.it\/news\/francesca-de-andre-daniele-interrante-anima-gemella\/#breadcrumb","itemListElement":[{"@type":"ListItem","position":1,"name":"Home","item":"https:\/\/www.gossip.it\/"},{"@type":"ListItem","position":2,"name":"Francesca De Andr\u00e8, Daniele Interrante la sua anima gemella"}]},{"@type":"WebSite","@id":"https:\/\/www.gossip.it\/#website","url":"https:\/\/www.gossip.it\/","name":"Gossip and VIP News","description":"Quotidiano di cronaca rosa, costume e societ\u00e0","publisher":{"@id":"https:\/\/www.gossip.it\/#organization"},"alternateName":"Gossip and VIP News","potentialAction":[{"@type":"SearchAction","target":{"@type":"EntryPoint","urlTemplate":"https:\/\/www.gossip.it\/?s={search_term_string}"},"query-input":{"@type":"PropertyValueSpecification","valueRequired":true,"valueName":"search_term_string"}}],"inLanguage":"it-IT"},{"@type":"Organization","@id":"https:\/\/www.gossip.it\/#organization","name":"Gossip and VIP News","alternateName":"Gossip News","url":"https:\/\/www.gossip.it\/","logo":{"@type":"ImageObject","inLanguage":"it-IT","@id":"https:\/\/www.gossip.it\/#\/schema\/logo\/image\/","url":"https:\/\/www.gossip.it\/wp-content\/uploads\/2022\/04\/cropped-corna-alta-tiny.png","contentUrl":"https:\/\/www.gossip.it\/wp-content\/uploads\/2022\/04\/cropped-corna-alta-tiny.png","width":512,"height":512,"caption":"Gossip and VIP News"},"image":{"@id":"https:\/\/www.gossip.it\/#\/schema\/logo\/image\/"},"sameAs":["https:\/\/www.facebook.com\/GossipIT","https:\/\/x.com\/gossinews_it","https:\/\/instagram.com\/gossip_it"]},{"@type":"Person","@id":"https:\/\/www.gossip.it\/#\/schema\/person\/488896f75158bff1cc83c6c39d141110","name":"La Redazione","image":{"@type":"ImageObject","inLanguage":"it-IT","@id":"https:\/\/www.gossip.it\/#\/schema\/person\/image\/","url":"https:\/\/secure.gravatar.com\/avatar\/5a5f5c6fa3e6700e4249abdad0263a1e94e927d9e0499b1cb09c1cd29c044d80?s=96&d=mm&r=g","contentUrl":"https:\/\/secure.gravatar.com\/avatar\/5a5f5c6fa3e6700e4249abdad0263a1e94e927d9e0499b1cb09c1cd29c044d80?s=96&d=mm&r=g","caption":"La Redazione"},"sameAs":["https:\/\/www.gossip.it"]}]}},"amp_enabled":true,"_links":{"self":[{"href":"https:\/\/www.gossip.it\/api\/wp\/v2\/posts\/52101","targetHints":{"allow":["GET"]}}],"collection":[{"href":"https:\/\/www.gossip.it\/api\/wp\/v2\/posts"}],"about":[{"href":"https:\/\/www.gossip.it\/api\/wp\/v2\/types\/post"}],"author":[{"embeddable":true,"href":"https:\/\/www.gossip.it\/api\/wp\/v2\/users\/1"}],"replies":[{"embeddable":true,"href":"https:\/\/www.gossip.it\/api\/wp\/v2\/comments?post=52101"}],"version-history":[{"count":0,"href":"https:\/\/www.gossip.it\/api\/wp\/v2\/posts\/52101\/revisions"}],"wp:featuredmedia":[{"embeddable":true,"href":"https:\/\/www.gossip.it\/api\/wp\/v2\/media\/108147"}],"wp:attachment":[{"href":"https:\/\/www.gossip.it\/api\/wp\/v2\/media?parent=52101"}],"wp:term":[{"taxonomy":"category","embeddable":true,"href":"https:\/\/www.gossip.it\/api\/wp\/v2\/categories?post=52101"},{"taxonomy":"post_tag","embeddable":true,"href":"https:\/\/www.gossip.it\/api\/wp\/v2\/tags?post=52101"},{"taxonomy":"vip","embeddable":true,"href":"https:\/\/www.gossip.it\/api\/wp\/v2\/vip?post=52101"}],"curies":[{"name":"wp","href":"https:\/\/api.w.org\/{rel}","templated":true}]}}