{"id":52144,"date":"2015-07-14T00:00:00","date_gmt":"2015-07-13T22:00:00","guid":{"rendered":"https:\/\/www.gossip.it\/senza-categoria\/claudia-galanti-tommaso-buti-passione-sardegna\/"},"modified":"2015-07-14T00:00:00","modified_gmt":"2015-07-13T22:00:00","slug":"claudia-galanti-tommaso-buti-passione-sardegna","status":"publish","type":"post","link":"https:\/\/www.gossip.it\/news\/claudia-galanti-tommaso-buti-passione-sardegna\/","title":{"rendered":"Claudia Galanti e Tommaso Buti, passione sotto il sole in Sardegna: foto"},"content":{"rendered":"<p><strong><a href=\"http:\/\/www.gossip.it\/vip\/claudia-galanti \/\">Claudia Galanti <\/a><\/strong>non si separa pi\u00f9 da <strong><a href=\"http:\/\/www.gossip.it\/vip\/tommaso-buti\/\">Tommaso Buti<\/a><\/strong>. La showgirl paraguaiana \u00e8 in vacanza in Sardegna ad Arzachena con l'imprenditore , un momento di relax e svago, ma anche all'insegna della <strong>passione<\/strong>. Baci, coccole e tuffi per la coppia paparazzata in spiaggia.<\/p>\n<figure class=\"caption\"><img decoding=\"async\" alt=\"\" src=\"http:\/\/files.gossip.it\/immagini_news\/2015\/07\/1436869039_claudia_galanti_innamoratissima_del_suo_tommaso_buti.jpg\" \/><figcaption>Claudia Galanti e Tommaso Buti inseparabili in vacanza in Sardegna<\/figcaption><\/figure>\n<p><span style=\"line-height: 1.6em;\">Claudia, infatti, dopo le vicissitudini che hanno colpito la sua famiglia, sembra aver trovato il suo punto fermo. La Galanti sembra aver riscoperto l'amore e la serenit\u00e0 dopo la separazione da <\/span><strong><a href=\"http:\/\/www.gossip.it\/vip\/arnaud-mimram\/\">Arnaud Mimram<\/a><\/strong><span style=\"line-height: 1.6em;\">, con cui ha avuto i \u00a0figli <strong>Liam<\/strong>, 4 anni, \u00a0<strong>Tal Harlow<\/strong>, 3, \u00a0e la piccola <strong>Indila <\/strong>scomparsa lo scorso dicembre. Un dolore immenso, quello della perdita della bimba di 9 mesi che sembrava averla riavvicinata all'ex compagno. Poi Mimram \u00e8 finito in carcere e Claudia si \u00e8 occupata dei due bimbi. Accanto a lei per\u00f2 c'\u00e8 sempre stato <\/span><strong><a href=\"http:\/\/www.gossip.it\/vip\/tommaso-buti\/\">Tommaso Buti<\/a><\/strong><span style=\"line-height: 1.6em;\">, l'uomo che le ha restituito il sorriso. I due sono stati paparazzati in spiaggia tra le acque sarde abbracciati come due piccioncini. Baci, abbracci, coccole e passeggiate. La Galanti ha sfoggiato un bikini a fascia con tanga che ha messo in risalto le sue curve latine.<\/span><\/p>\n<figure class=\"caption\"><img decoding=\"async\" alt=\"\" src=\"http:\/\/files.gossip.it\/immagini_news\/2015\/07\/1436869083_claudia_galanti_tommaso_baci_passionali.jpg\" \/><figcaption>Baci roventi sotto al sole della Sardegna per Claudia Galanti e Tommaso Buti<\/figcaption><\/figure>\n<figure class=\"caption\"><img decoding=\"async\" alt=\"\" src=\"http:\/\/files.gossip.it\/immagini_news\/2015\/07\/1436869152_coccole_per_claudia_galanti_e_tommaso_buti_in_sardegna.jpg\" \/><figcaption>La showgirl paraguaiana ha ritrovato il sorriso accanto all'imprenditore<\/figcaption><\/figure>\n<figure class=\"caption\"><img decoding=\"async\" alt=\"\" src=\"http:\/\/files.gossip.it\/immagini_news\/2015\/07\/1436869173_claudia_galanti_tommaso_buti.jpg\" \/><figcaption>Claudia Galanti e Tommaso Buti si stanno rilassando ad Arzachena, in Sardegna<\/figcaption><\/figure>\n<p>\u00a0<\/p>\n<p><span style=\"line-height: 1.6em;\">E' un mare di passione quello della Sardegna e Claudia non vuole farsi scappare il suo Tommaso: tra un tuffo e l'altro lo tiene stretto a s\u00e8 baciandolo pi\u00f9 volte. Dopo tanta sofferenza, \u00e8 tempo di tornare a sorridere e Buti sembra proprio l'uomo giusto con cui ricominciare.<\/span><\/p>\n<p>\u00a0<\/p>\n<p>\u00a0<\/p>\n","protected":false},"excerpt":{"rendered":"<p>Claudia Galanti non si separa pi\u00f9 da Tommaso Buti. La showgirl paraguaiana \u00e8 in vacanza in Sardegna ad Arzachena con l'imprenditore , un momento di relax e svago, ma anche all'insegna della passione. Baci, coccole e tuffi per la coppia paparazzata in spiaggia. Claudia Galanti e Tommaso Buti inseparabili in vacanza in Sardegna Claudia, infatti, [&hellip;]<\/p>\n","protected":false},"author":1,"featured_media":108190,"comment_status":"closed","ping_status":"closed","sticky":false,"template":"","format":"standard","meta":{"footnotes":""},"categories":[54],"tags":[2572,2387,8881,9589,2635,1945,2000,8880,7151,1889,3220,8098],"vip":[502,1776],"class_list":["post-52144","post","type-post","status-publish","format-standard","has-post-thumbnail","hentry","category-news","tag-abbracci","tag-amore","tag-arnaud-mimram","tag-arzachena","tag-baci","tag-compagno","tag-figli","tag-indila","tag-liam","tag-passione","tag-sardegna","tag-tal-harlow","vip-claudia_galanti","vip-tommaso_buti"],"yoast_head":"<title>Claudia Galanti e Tommaso Buti, passione sotto il sole in Sardegna: foto - Gossip.it | News sul Gossip e VIP<\/title>\n<meta name=\"description\" content=\"Claudia Galanti non si separa pi\u00f9 da Tommaso Buti. La showgirl paraguaiana \u00e8 in vacanza in Sardegna ad Arzachena con l&#039;imprenditore , un momento di relax\" \/>\n<meta name=\"robots\" content=\"index, follow, max-snippet:-1, max-image-preview:large, max-video-preview:-1\" \/>\n<link rel=\"canonical\" href=\"https:\/\/www.gossip.it\/news\/claudia-galanti-tommaso-buti-passione-sardegna\/\" \/>\n<meta property=\"og:locale\" content=\"it_IT\" \/>\n<meta property=\"og:type\" content=\"article\" \/>\n<meta property=\"og:title\" content=\"Claudia Galanti e Tommaso Buti, passione sotto il sole in Sardegna: foto - Gossip.it | News sul Gossip e VIP\" \/>\n<meta property=\"og:description\" content=\"Claudia Galanti non si separa pi\u00f9 da Tommaso Buti. La showgirl paraguaiana \u00e8 in vacanza in Sardegna ad Arzachena con l&#039;imprenditore , un momento di relax\" \/>\n<meta property=\"og:url\" content=\"https:\/\/www.gossip.it\/news\/claudia-galanti-tommaso-buti-passione-sardegna\/\" \/>\n<meta property=\"og:site_name\" content=\"Gossip.it | News sul Gossip e VIP\" \/>\n<meta property=\"article:publisher\" content=\"https:\/\/www.facebook.com\/GossipIT\" \/>\n<meta property=\"article:published_time\" content=\"2015-07-13T22:00:00+00:00\" \/>\n<meta property=\"og:image\" content=\"http:\/\/files.gossip.it\/immagini_news\/2015\/07\/1436869039_claudia_galanti_innamoratissima_del_suo_tommaso_buti.jpg\" \/>\n<meta name=\"author\" content=\"La Redazione\" \/>\n<meta name=\"twitter:card\" content=\"summary_large_image\" \/>\n<meta name=\"twitter:image\" content=\"http:\/\/files.gossip.it\/immagini_news\/2015\/07\/1436869039_claudia_galanti_innamoratissima_del_suo_tommaso_buti.jpg\" \/>\n<meta name=\"twitter:creator\" content=\"@gossinews_it\" \/>\n<meta name=\"twitter:site\" content=\"@gossinews_it\" \/>\n<meta name=\"twitter:label1\" content=\"Scritto da\" \/>\n\t<meta name=\"twitter:data1\" content=\"Veronica Langella\" \/>\n\t<meta name=\"twitter:label2\" content=\"Tempo di lettura stimato\" \/>\n\t<meta name=\"twitter:data2\" content=\"1 minuto\" \/>","yoast_head_json":{"title":"Claudia Galanti e Tommaso Buti, passione sotto il sole in Sardegna: foto - Gossip.it | News sul Gossip e VIP","description":"Claudia Galanti non si separa pi\u00f9 da Tommaso Buti. La showgirl paraguaiana \u00e8 in vacanza in Sardegna ad Arzachena con l'imprenditore , un momento di relax","robots":{"index":"index","follow":"follow","max-snippet":"max-snippet:-1","max-image-preview":"max-image-preview:large","max-video-preview":"max-video-preview:-1"},"canonical":"https:\/\/www.gossip.it\/news\/claudia-galanti-tommaso-buti-passione-sardegna\/","og_locale":"it_IT","og_type":"article","og_title":"Claudia Galanti e Tommaso Buti, passione sotto il sole in Sardegna: foto - Gossip.it | News sul Gossip e VIP","og_description":"Claudia Galanti non si separa pi\u00f9 da Tommaso Buti. La showgirl paraguaiana \u00e8 in vacanza in Sardegna ad Arzachena con l'imprenditore , un momento di relax","og_url":"https:\/\/www.gossip.it\/news\/claudia-galanti-tommaso-buti-passione-sardegna\/","og_site_name":"Gossip.it | News sul Gossip e VIP","article_publisher":"https:\/\/www.facebook.com\/GossipIT","article_published_time":"2015-07-13T22:00:00+00:00","og_image":[{"url":"http:\/\/files.gossip.it\/immagini_news\/2015\/07\/1436869039_claudia_galanti_innamoratissima_del_suo_tommaso_buti.jpg"}],"author":"La Redazione","twitter_card":"summary_large_image","twitter_image":"http:\/\/files.gossip.it\/immagini_news\/2015\/07\/1436869039_claudia_galanti_innamoratissima_del_suo_tommaso_buti.jpg","twitter_creator":"@gossinews_it","twitter_site":"@gossinews_it","twitter_misc":{"Scritto da":"Veronica Langella","Tempo di lettura stimato":"1 minuto"},"schema":{"@context":"https:\/\/schema.org","@graph":[{"@type":"Article","@id":"https:\/\/www.gossip.it\/news\/claudia-galanti-tommaso-buti-passione-sardegna\/#article","isPartOf":{"@id":"https:\/\/www.gossip.it\/news\/claudia-galanti-tommaso-buti-passione-sardegna\/"},"author":{"name":"La Redazione","@id":"https:\/\/www.gossip.it\/#\/schema\/person\/488896f75158bff1cc83c6c39d141110"},"headline":"Claudia Galanti e Tommaso Buti, passione sotto il sole in Sardegna: foto","datePublished":"2015-07-13T22:00:00+00:00","dateModified":"2015-07-13T22:00:00+00:00","mainEntityOfPage":{"@id":"https:\/\/www.gossip.it\/news\/claudia-galanti-tommaso-buti-passione-sardegna\/"},"wordCount":286,"publisher":{"@id":"https:\/\/www.gossip.it\/#organization"},"image":{"@id":"https:\/\/www.gossip.it\/news\/claudia-galanti-tommaso-buti-passione-sardegna\/#primaryimage"},"thumbnailUrl":"http:\/\/files.gossip.it\/immagini_news\/2015\/07\/1436869039_claudia_galanti_innamoratissima_del_suo_tommaso_buti.jpg","keywords":["abbracci","amore","arnaud mimram","arzachena","baci","compagno","figli","indila","liam","passione","sardegna","tal harlow"],"articleSection":["News"],"inLanguage":"it-IT"},{"@type":"WebPage","@id":"https:\/\/www.gossip.it\/news\/claudia-galanti-tommaso-buti-passione-sardegna\/","url":"https:\/\/www.gossip.it\/news\/claudia-galanti-tommaso-buti-passione-sardegna\/","name":"Claudia Galanti e Tommaso Buti, passione sotto il sole in Sardegna: foto - Gossip.it | News sul Gossip e VIP","isPartOf":{"@id":"https:\/\/www.gossip.it\/#website"},"primaryImageOfPage":{"@id":"https:\/\/www.gossip.it\/news\/claudia-galanti-tommaso-buti-passione-sardegna\/#primaryimage"},"image":{"@id":"https:\/\/www.gossip.it\/news\/claudia-galanti-tommaso-buti-passione-sardegna\/#primaryimage"},"thumbnailUrl":"http:\/\/files.gossip.it\/immagini_news\/2015\/07\/1436869039_claudia_galanti_innamoratissima_del_suo_tommaso_buti.jpg","datePublished":"2015-07-13T22:00:00+00:00","dateModified":"2015-07-13T22:00:00+00:00","description":"Claudia Galanti non si separa pi\u00f9 da Tommaso Buti. La showgirl paraguaiana \u00e8 in vacanza in Sardegna ad Arzachena con l'imprenditore , un momento di relax","breadcrumb":{"@id":"https:\/\/www.gossip.it\/news\/claudia-galanti-tommaso-buti-passione-sardegna\/#breadcrumb"},"inLanguage":"it-IT","potentialAction":[{"@type":"ReadAction","target":["https:\/\/www.gossip.it\/news\/claudia-galanti-tommaso-buti-passione-sardegna\/"]}]},{"@type":"ImageObject","inLanguage":"it-IT","@id":"https:\/\/www.gossip.it\/news\/claudia-galanti-tommaso-buti-passione-sardegna\/#primaryimage","url":"http:\/\/files.gossip.it\/immagini_news\/2015\/07\/1436869039_claudia_galanti_innamoratissima_del_suo_tommaso_buti.jpg","contentUrl":"http:\/\/files.gossip.it\/immagini_news\/2015\/07\/1436869039_claudia_galanti_innamoratissima_del_suo_tommaso_buti.jpg"},{"@type":"BreadcrumbList","@id":"https:\/\/www.gossip.it\/news\/claudia-galanti-tommaso-buti-passione-sardegna\/#breadcrumb","itemListElement":[{"@type":"ListItem","position":1,"name":"Home","item":"https:\/\/www.gossip.it\/"},{"@type":"ListItem","position":2,"name":"Claudia Galanti e Tommaso Buti, passione sotto il sole in Sardegna: foto"}]},{"@type":"WebSite","@id":"https:\/\/www.gossip.it\/#website","url":"https:\/\/www.gossip.it\/","name":"Gossip and VIP News","description":"Quotidiano di cronaca rosa, costume e societ\u00e0","publisher":{"@id":"https:\/\/www.gossip.it\/#organization"},"alternateName":"Gossip and VIP News","potentialAction":[{"@type":"SearchAction","target":{"@type":"EntryPoint","urlTemplate":"https:\/\/www.gossip.it\/?s={search_term_string}"},"query-input":{"@type":"PropertyValueSpecification","valueRequired":true,"valueName":"search_term_string"}}],"inLanguage":"it-IT"},{"@type":"Organization","@id":"https:\/\/www.gossip.it\/#organization","name":"Gossip and VIP News","alternateName":"Gossip News","url":"https:\/\/www.gossip.it\/","logo":{"@type":"ImageObject","inLanguage":"it-IT","@id":"https:\/\/www.gossip.it\/#\/schema\/logo\/image\/","url":"https:\/\/www.gossip.it\/wp-content\/uploads\/2022\/04\/cropped-corna-alta-tiny.png","contentUrl":"https:\/\/www.gossip.it\/wp-content\/uploads\/2022\/04\/cropped-corna-alta-tiny.png","width":512,"height":512,"caption":"Gossip and VIP News"},"image":{"@id":"https:\/\/www.gossip.it\/#\/schema\/logo\/image\/"},"sameAs":["https:\/\/www.facebook.com\/GossipIT","https:\/\/x.com\/gossinews_it","https:\/\/instagram.com\/gossip_it"]},{"@type":"Person","@id":"https:\/\/www.gossip.it\/#\/schema\/person\/488896f75158bff1cc83c6c39d141110","name":"La Redazione","image":{"@type":"ImageObject","inLanguage":"it-IT","@id":"https:\/\/www.gossip.it\/#\/schema\/person\/image\/","url":"https:\/\/secure.gravatar.com\/avatar\/5a5f5c6fa3e6700e4249abdad0263a1e94e927d9e0499b1cb09c1cd29c044d80?s=96&d=mm&r=g","contentUrl":"https:\/\/secure.gravatar.com\/avatar\/5a5f5c6fa3e6700e4249abdad0263a1e94e927d9e0499b1cb09c1cd29c044d80?s=96&d=mm&r=g","caption":"La Redazione"},"sameAs":["https:\/\/www.gossip.it"]}]}},"amp_enabled":true,"_links":{"self":[{"href":"https:\/\/www.gossip.it\/api\/wp\/v2\/posts\/52144","targetHints":{"allow":["GET"]}}],"collection":[{"href":"https:\/\/www.gossip.it\/api\/wp\/v2\/posts"}],"about":[{"href":"https:\/\/www.gossip.it\/api\/wp\/v2\/types\/post"}],"author":[{"embeddable":true,"href":"https:\/\/www.gossip.it\/api\/wp\/v2\/users\/1"}],"replies":[{"embeddable":true,"href":"https:\/\/www.gossip.it\/api\/wp\/v2\/comments?post=52144"}],"version-history":[{"count":0,"href":"https:\/\/www.gossip.it\/api\/wp\/v2\/posts\/52144\/revisions"}],"wp:featuredmedia":[{"embeddable":true,"href":"https:\/\/www.gossip.it\/api\/wp\/v2\/media\/108190"}],"wp:attachment":[{"href":"https:\/\/www.gossip.it\/api\/wp\/v2\/media?parent=52144"}],"wp:term":[{"taxonomy":"category","embeddable":true,"href":"https:\/\/www.gossip.it\/api\/wp\/v2\/categories?post=52144"},{"taxonomy":"post_tag","embeddable":true,"href":"https:\/\/www.gossip.it\/api\/wp\/v2\/tags?post=52144"},{"taxonomy":"vip","embeddable":true,"href":"https:\/\/www.gossip.it\/api\/wp\/v2\/vip?post=52144"}],"curies":[{"name":"wp","href":"https:\/\/api.w.org\/{rel}","templated":true}]}}