{"id":52217,"date":"2015-07-23T00:00:00","date_gmt":"2015-07-22T22:00:00","guid":{"rendered":"https:\/\/www.gossip.it\/senza-categoria\/sardegna-vacanze-claudia-galanti\/"},"modified":"2015-07-23T00:00:00","modified_gmt":"2015-07-22T22:00:00","slug":"sardegna-vacanze-claudia-galanti","status":"publish","type":"post","link":"https:\/\/www.gossip.it\/news\/sardegna-vacanze-claudia-galanti\/","title":{"rendered":"Claudia Galanti, le vacanze in Sardegna continuano..."},"content":{"rendered":"<p><a href=\"http:\/\/www.gossip.it\/vip\/claudia-galanti\/\">Claudia Galanti<\/a> si lascia scaldare dai raggi del sole sfoggiando un due pezzi mozzafiato. Per lei le <strong>vacanze<\/strong> non finiscono mai: la paraguaiana si trova ancora in<strong> Sardegna<\/strong>. Si sta rilassando in barca, dopo una mattinata passata a nuotare. Accanto ha due vassoi neri con qualcosa da stuzzicare mentre prende la tintarella al largo della <em>Costa Smeralda<\/em>.<\/p>\n<figure class=\"caption\"><img decoding=\"async\" alt=\"\" width=\"620\" height=\"614\" src=\"http:\/\/files.gossip.it\/immagini_news\/2015\/07\/1437654827_claudia_galanti_relax_in_barca.jpg\" \/><figcaption>Claudia Galanti prende il sole in barca<\/figcaption><\/figure>\n<p>In questi caldi giorni di luglio, <strong>Claudia Galanti<\/strong> sta trascorrendo le sue giornate in <strong>Sardegna <\/strong>insieme ai figli <em>Liam<\/em> e <em>Tal Harlow.<\/em> A farle compagnia, oltre al fidanzato <a href=\"http:\/\/www.gossip.it\/vip\/tommaso-buti\/\">Tommaso Buti<\/a>, anche l'inseparabile <a href=\"http:\/\/www.gossip.it\/vip\/jenina-b\/\">Jenina B<\/a> e altre amiche. L'allegra compagnia si diverte a fare snorkeling con tanto di pinne, maschera e boccaglio. Anche il piccolo <em>Liam<\/em> ha voluto provare come mostra uno scatto pubblicato dalla mamma sul suo profilo social.<br \/><span style=\"line-height: 1.6em;\">Divertimento ma poca mondanit\u00e0 per <strong>Claudia Galanti<\/strong> in <strong>Sardegna<\/strong>:\u00a0passa la maggior del tempo al mare e con i figli. Prima di portarli in spiaggia o a fare il bagno nella piscina della villa che li ospita, insieme guardano i cartoni animati sdraiati sul divano. Uno sopra all'altro.<br \/><strong>Claudia<\/strong>\u00a0\u00e8 molto legata ai suoi bimbi e li sta riempiendo di coccole. Con il primogenito si \u00e8 fatta anche un selfie davanti allo specchio. L'ometto di casa sembra avere gi\u00e0 una certa dimestichezza nel maneggiare l'iphone.<\/span><\/p>\n<figure class=\"caption\"><img decoding=\"async\" alt=\"\" width=\"620\" height=\"350\" src=\"http:\/\/files.gossip.it\/immagini_news\/2015\/07\/1437654860_claudia_galanti_parrucchiere_bionda_tal_harlow_liam.jpg\" \/><figcaption>Claudia insieme ai figli Liam e Tal Harlow<\/figcaption><\/figure>\n<figure class=\"caption\"><img decoding=\"async\" alt=\"\" width=\"620\" height=\"350\" src=\"http:\/\/files.gossip.it\/immagini_news\/2015\/07\/1437654898_claudia_galanti_relax_liam_tal_harlow.jpg\" \/><figcaption>La Galanti guarda la tv con i bimbi e poi tutti a fare un bagno in piscina<\/figcaption><\/figure>\n<p><strong>Claudia Galanti<\/strong> si sta rilassando lontano dal tran tran quotidiano durante queste<strong> vacanze <\/strong>da sogno. Un soggiorno lunghissimo il suo: le prime foto scattate in<strong> Sardegna<\/strong> risalgono allo scorso maggio. A parte qualche piccola interruzione per motivi di lavoro, sono ormai quasi due mesi che se ne sta al mare.<\/p>\n<figure class=\"caption\"><img decoding=\"async\" alt=\"\" width=\"620\" height=\"663\" src=\"http:\/\/files.gossip.it\/immagini_news\/2015\/07\/1437654988_claudia_galanti_sport_in_spiaggia.jpg\" \/><figcaption>Claudia pronta per lo snorkeling insieme alle amiche<\/figcaption><\/figure>\n<figure class=\"caption\"><img decoding=\"async\" alt=\"\" width=\"620\" height=\"350\" src=\"http:\/\/files.gossip.it\/immagini_news\/2015\/07\/1437655061_claudia_galanti_tintarella_spiaggia_yacht.jpg\" \/><figcaption>La bella paraguaiana prende il sole in spiaggia e sulla barca dove passa gran parte delle sue giornate<\/figcaption><\/figure>\n<figure class=\"caption\"><img decoding=\"async\" alt=\"\" width=\"620\" height=\"350\" src=\"http:\/\/files.gossip.it\/immagini_news\/2015\/07\/1437655142_claudia_galanti_liam_sub.jpg\" \/><figcaption>Claudia insieme al figlio Liam, il primogenito<\/figcaption><\/figure>\n<p>Alle lunghe <strong>vacanze<\/strong>\u00a0la <strong>Galanti<\/strong> ci \u00e8 abituata, solo ha cambiato meta: fino all'anno scorso, quando ancora era legata ad <a href=\"http:\/\/www.gossip.it\/vip\/arnaud-mimran\/\">Arnaud Mimran<\/a>, passava lunghi periodi alle <em>Baleari<\/em>, tra <em>Ibiza<\/em> e <em>Formentera<\/em>. Le cose per\u00f2 sono cambiate. L'imprenditore francese non \u00e8 pi\u00f9 al suo fianco. Ora c'\u00e8 <em>Buti<\/em> e con lui <strong>Claudia<\/strong> rimane in Italia.<\/p>\n","protected":false},"excerpt":{"rendered":"<p>Claudia Galanti si lascia scaldare dai raggi del sole sfoggiando un due pezzi mozzafiato. Per lei le vacanze non finiscono mai: la paraguaiana si trova ancora in Sardegna. Si sta rilassando in barca, dopo una mattinata passata a nuotare. Accanto ha due vassoi neri con qualcosa da stuzzicare mentre prende la tintarella al largo della [&hellip;]<\/p>\n","protected":false},"author":1,"featured_media":108263,"comment_status":"closed","ping_status":"closed","sticky":false,"template":"","format":"standard","meta":{"footnotes":""},"categories":[54],"tags":[43324,52210,7151,3170,3220,1923,3288,8098,2978],"vip":[368,502,1776],"class_list":["post-52217","post","type-post","status-publish","format-standard","has-post-thumbnail","hentry","category-news","tag-due-pezzi","tag-jenina-b","tag-liam","tag-mare","tag-sardegna","tag-social","tag-sole","tag-tal-harlow","tag-vacanze","vip-arnaud_mimran","vip-claudia_galanti","vip-tommaso_buti"],"yoast_head":"<title>Claudia Galanti, le vacanze in Sardegna continuano... - Gossip.it | News sul Gossip e VIP<\/title>\n<meta name=\"description\" content=\"Claudia Galanti si lascia scaldare dai raggi del sole sfoggiando un due pezzi mozzafiato. Per lei le vacanze non finiscono mai: la paraguaiana si trova\" \/>\n<meta name=\"robots\" content=\"index, follow, max-snippet:-1, max-image-preview:large, max-video-preview:-1\" \/>\n<link rel=\"canonical\" href=\"https:\/\/www.gossip.it\/news\/sardegna-vacanze-claudia-galanti\/\" \/>\n<meta property=\"og:locale\" content=\"it_IT\" \/>\n<meta property=\"og:type\" content=\"article\" \/>\n<meta property=\"og:title\" content=\"Claudia Galanti, le vacanze in Sardegna continuano... - Gossip.it | News sul Gossip e VIP\" \/>\n<meta property=\"og:description\" content=\"Claudia Galanti si lascia scaldare dai raggi del sole sfoggiando un due pezzi mozzafiato. Per lei le vacanze non finiscono mai: la paraguaiana si trova\" \/>\n<meta property=\"og:url\" content=\"https:\/\/www.gossip.it\/news\/sardegna-vacanze-claudia-galanti\/\" \/>\n<meta property=\"og:site_name\" content=\"Gossip.it | News sul Gossip e VIP\" \/>\n<meta property=\"article:publisher\" content=\"https:\/\/www.facebook.com\/GossipIT\" \/>\n<meta property=\"article:published_time\" content=\"2015-07-22T22:00:00+00:00\" \/>\n<meta property=\"og:image\" content=\"http:\/\/files.gossip.it\/immagini_news\/2015\/07\/1437654827_claudia_galanti_relax_in_barca.jpg\" \/>\n<meta name=\"author\" content=\"La Redazione\" \/>\n<meta name=\"twitter:card\" content=\"summary_large_image\" \/>\n<meta name=\"twitter:image\" content=\"http:\/\/files.gossip.it\/immagini_news\/2015\/07\/1437654827_claudia_galanti_relax_in_barca.jpg\" \/>\n<meta name=\"twitter:creator\" content=\"@gossinews_it\" \/>\n<meta name=\"twitter:site\" content=\"@gossinews_it\" \/>\n<meta name=\"twitter:label1\" content=\"Scritto da\" \/>\n\t<meta name=\"twitter:data1\" content=\"Francesca Romana Domenici\" \/>\n\t<meta name=\"twitter:label2\" content=\"Tempo di lettura stimato\" \/>\n\t<meta name=\"twitter:data2\" content=\"2 minuti\" \/>","yoast_head_json":{"title":"Claudia Galanti, le vacanze in Sardegna continuano... - Gossip.it | News sul Gossip e VIP","description":"Claudia Galanti si lascia scaldare dai raggi del sole sfoggiando un due pezzi mozzafiato. Per lei le vacanze non finiscono mai: la paraguaiana si trova","robots":{"index":"index","follow":"follow","max-snippet":"max-snippet:-1","max-image-preview":"max-image-preview:large","max-video-preview":"max-video-preview:-1"},"canonical":"https:\/\/www.gossip.it\/news\/sardegna-vacanze-claudia-galanti\/","og_locale":"it_IT","og_type":"article","og_title":"Claudia Galanti, le vacanze in Sardegna continuano... - Gossip.it | News sul Gossip e VIP","og_description":"Claudia Galanti si lascia scaldare dai raggi del sole sfoggiando un due pezzi mozzafiato. Per lei le vacanze non finiscono mai: la paraguaiana si trova","og_url":"https:\/\/www.gossip.it\/news\/sardegna-vacanze-claudia-galanti\/","og_site_name":"Gossip.it | News sul Gossip e VIP","article_publisher":"https:\/\/www.facebook.com\/GossipIT","article_published_time":"2015-07-22T22:00:00+00:00","og_image":[{"url":"http:\/\/files.gossip.it\/immagini_news\/2015\/07\/1437654827_claudia_galanti_relax_in_barca.jpg"}],"author":"La Redazione","twitter_card":"summary_large_image","twitter_image":"http:\/\/files.gossip.it\/immagini_news\/2015\/07\/1437654827_claudia_galanti_relax_in_barca.jpg","twitter_creator":"@gossinews_it","twitter_site":"@gossinews_it","twitter_misc":{"Scritto da":"Francesca Romana Domenici","Tempo di lettura stimato":"2 minuti"},"schema":{"@context":"https:\/\/schema.org","@graph":[{"@type":"Article","@id":"https:\/\/www.gossip.it\/news\/sardegna-vacanze-claudia-galanti\/#article","isPartOf":{"@id":"https:\/\/www.gossip.it\/news\/sardegna-vacanze-claudia-galanti\/"},"author":{"name":"La Redazione","@id":"https:\/\/www.gossip.it\/#\/schema\/person\/488896f75158bff1cc83c6c39d141110"},"headline":"Claudia Galanti, le vacanze in Sardegna continuano...","datePublished":"2015-07-22T22:00:00+00:00","dateModified":"2015-07-22T22:00:00+00:00","mainEntityOfPage":{"@id":"https:\/\/www.gossip.it\/news\/sardegna-vacanze-claudia-galanti\/"},"wordCount":390,"publisher":{"@id":"https:\/\/www.gossip.it\/#organization"},"image":{"@id":"https:\/\/www.gossip.it\/news\/sardegna-vacanze-claudia-galanti\/#primaryimage"},"thumbnailUrl":"http:\/\/files.gossip.it\/immagini_news\/2015\/07\/1437654827_claudia_galanti_relax_in_barca.jpg","keywords":["due pezzi","jenina b","liam","mare","sardegna","social","sole","tal harlow","vacanze"],"articleSection":["News"],"inLanguage":"it-IT"},{"@type":"WebPage","@id":"https:\/\/www.gossip.it\/news\/sardegna-vacanze-claudia-galanti\/","url":"https:\/\/www.gossip.it\/news\/sardegna-vacanze-claudia-galanti\/","name":"Claudia Galanti, le vacanze in Sardegna continuano... - Gossip.it | News sul Gossip e VIP","isPartOf":{"@id":"https:\/\/www.gossip.it\/#website"},"primaryImageOfPage":{"@id":"https:\/\/www.gossip.it\/news\/sardegna-vacanze-claudia-galanti\/#primaryimage"},"image":{"@id":"https:\/\/www.gossip.it\/news\/sardegna-vacanze-claudia-galanti\/#primaryimage"},"thumbnailUrl":"http:\/\/files.gossip.it\/immagini_news\/2015\/07\/1437654827_claudia_galanti_relax_in_barca.jpg","datePublished":"2015-07-22T22:00:00+00:00","dateModified":"2015-07-22T22:00:00+00:00","description":"Claudia Galanti si lascia scaldare dai raggi del sole sfoggiando un due pezzi mozzafiato. Per lei le vacanze non finiscono mai: la paraguaiana si trova","breadcrumb":{"@id":"https:\/\/www.gossip.it\/news\/sardegna-vacanze-claudia-galanti\/#breadcrumb"},"inLanguage":"it-IT","potentialAction":[{"@type":"ReadAction","target":["https:\/\/www.gossip.it\/news\/sardegna-vacanze-claudia-galanti\/"]}]},{"@type":"ImageObject","inLanguage":"it-IT","@id":"https:\/\/www.gossip.it\/news\/sardegna-vacanze-claudia-galanti\/#primaryimage","url":"http:\/\/files.gossip.it\/immagini_news\/2015\/07\/1437654827_claudia_galanti_relax_in_barca.jpg","contentUrl":"http:\/\/files.gossip.it\/immagini_news\/2015\/07\/1437654827_claudia_galanti_relax_in_barca.jpg"},{"@type":"BreadcrumbList","@id":"https:\/\/www.gossip.it\/news\/sardegna-vacanze-claudia-galanti\/#breadcrumb","itemListElement":[{"@type":"ListItem","position":1,"name":"Home","item":"https:\/\/www.gossip.it\/"},{"@type":"ListItem","position":2,"name":"Claudia Galanti, le vacanze in Sardegna continuano..."}]},{"@type":"WebSite","@id":"https:\/\/www.gossip.it\/#website","url":"https:\/\/www.gossip.it\/","name":"Gossip and VIP News","description":"Quotidiano di cronaca rosa, costume e societ\u00e0","publisher":{"@id":"https:\/\/www.gossip.it\/#organization"},"alternateName":"Gossip and VIP News","potentialAction":[{"@type":"SearchAction","target":{"@type":"EntryPoint","urlTemplate":"https:\/\/www.gossip.it\/?s={search_term_string}"},"query-input":{"@type":"PropertyValueSpecification","valueRequired":true,"valueName":"search_term_string"}}],"inLanguage":"it-IT"},{"@type":"Organization","@id":"https:\/\/www.gossip.it\/#organization","name":"Gossip and VIP News","alternateName":"Gossip News","url":"https:\/\/www.gossip.it\/","logo":{"@type":"ImageObject","inLanguage":"it-IT","@id":"https:\/\/www.gossip.it\/#\/schema\/logo\/image\/","url":"https:\/\/www.gossip.it\/wp-content\/uploads\/2022\/04\/cropped-corna-alta-tiny.png","contentUrl":"https:\/\/www.gossip.it\/wp-content\/uploads\/2022\/04\/cropped-corna-alta-tiny.png","width":512,"height":512,"caption":"Gossip and VIP News"},"image":{"@id":"https:\/\/www.gossip.it\/#\/schema\/logo\/image\/"},"sameAs":["https:\/\/www.facebook.com\/GossipIT","https:\/\/x.com\/gossinews_it","https:\/\/instagram.com\/gossip_it"]},{"@type":"Person","@id":"https:\/\/www.gossip.it\/#\/schema\/person\/488896f75158bff1cc83c6c39d141110","name":"La Redazione","image":{"@type":"ImageObject","inLanguage":"it-IT","@id":"https:\/\/www.gossip.it\/#\/schema\/person\/image\/","url":"https:\/\/secure.gravatar.com\/avatar\/5a5f5c6fa3e6700e4249abdad0263a1e94e927d9e0499b1cb09c1cd29c044d80?s=96&d=mm&r=g","contentUrl":"https:\/\/secure.gravatar.com\/avatar\/5a5f5c6fa3e6700e4249abdad0263a1e94e927d9e0499b1cb09c1cd29c044d80?s=96&d=mm&r=g","caption":"La Redazione"},"sameAs":["https:\/\/www.gossip.it"]}]}},"amp_enabled":true,"_links":{"self":[{"href":"https:\/\/www.gossip.it\/api\/wp\/v2\/posts\/52217","targetHints":{"allow":["GET"]}}],"collection":[{"href":"https:\/\/www.gossip.it\/api\/wp\/v2\/posts"}],"about":[{"href":"https:\/\/www.gossip.it\/api\/wp\/v2\/types\/post"}],"author":[{"embeddable":true,"href":"https:\/\/www.gossip.it\/api\/wp\/v2\/users\/1"}],"replies":[{"embeddable":true,"href":"https:\/\/www.gossip.it\/api\/wp\/v2\/comments?post=52217"}],"version-history":[{"count":0,"href":"https:\/\/www.gossip.it\/api\/wp\/v2\/posts\/52217\/revisions"}],"wp:featuredmedia":[{"embeddable":true,"href":"https:\/\/www.gossip.it\/api\/wp\/v2\/media\/108263"}],"wp:attachment":[{"href":"https:\/\/www.gossip.it\/api\/wp\/v2\/media?parent=52217"}],"wp:term":[{"taxonomy":"category","embeddable":true,"href":"https:\/\/www.gossip.it\/api\/wp\/v2\/categories?post=52217"},{"taxonomy":"post_tag","embeddable":true,"href":"https:\/\/www.gossip.it\/api\/wp\/v2\/tags?post=52217"},{"taxonomy":"vip","embeddable":true,"href":"https:\/\/www.gossip.it\/api\/wp\/v2\/vip?post=52217"}],"curies":[{"name":"wp","href":"https:\/\/api.w.org\/{rel}","templated":true}]}}