{"id":52250,"date":"2015-07-29T00:00:00","date_gmt":"2015-07-28T22:00:00","guid":{"rendered":"https:\/\/www.gossip.it\/senza-categoria\/alessandra-amoroso-operata-corde-vocali\/"},"modified":"2015-07-29T00:00:00","modified_gmt":"2015-07-28T22:00:00","slug":"alessandra-amoroso-operata-corde-vocali","status":"publish","type":"post","link":"https:\/\/www.gossip.it\/news\/alessandra-amoroso-operata-corde-vocali\/","title":{"rendered":"Alessandra Amoroso operata alle corde vocali: 'Sto da Dio'"},"content":{"rendered":"<p><a href=\"http:\/\/www.gossip.it\/vip\/alessandra-amoroso\/\">Alessandra Amoroso<\/a> \u00e8 stata <strong>operata<\/strong>\u00a0alle <strong>corde vocali<\/strong> per togliere due noduli che le impedivano di cantare come avrebbe dovuto. Tutto \u00e8 andato per il meglio. Stamane la <a href=\"http:\/\/www.gossip.it\/vip\/cantante\/\">cantante<\/a> salentina ex \"<a href=\"http:\/\/www.gossip.it\/vip\/amici\/\">Amici<\/a>\" ha mandato online sul suo profilo sul <a href=\"http:\/\/www.gossip.it\/vip\/social\/\">social<\/a> un selfie in cui, subito dopo essere finita sotto i ferri, ha mandato un bacio virtuale ai fan e li ha rassicurati. <em>\"Finito tutto e sto da Dioooooo! Tutti i vostri cuori erano per me e mi avete dato forza! GRAZIE DI ESISTERE #bigfamily #lontanimasemprevicini #amiomodoviamo\"<\/em>, ha cinguettato.<\/p>\n<figure class=\"caption\"><img decoding=\"async\" alt=\"\" src=\"http:\/\/files.gossip.it\/immagini_news\/2015\/07\/1438167988_alessandra_amoroso_selfie_post_operazione.jpg\" \/><figcaption>Un selfie subito dopo essere stata operata: Alessandra Amoroso rassicura i suoi fan sul social<\/figcaption><\/figure>\n<p><strong>Alessandra Amoroso<\/strong> ha fatto sapere che sarebbe stata <strong>operata<\/strong> alle <strong>corde vocali<\/strong> con un video sempre condiviso sul network e accompagnato da un post. <em>\"Sono qui per dirvi che sarei dovuta stare due settimane in Messico, ne ho fatta una sola perch\u00e9 avevo un po' di problemi con la voce. Sono andata a fare dei controlli l\u00ec e mi hanno detto che era meglio operarsi... Ma non \u00e8 niente di che! Io aspetto il vostro in bocca al lupo perch\u00e9 lo voglio, per\u00f2 state sereni, io sono molto serena, sono contenta perch\u00e9 ritorner\u00f2 pi\u00f9 forte che mai! Vi abbraccio fortissimo!\"<\/em>, ha scritto.<br \/>Nel filmato <strong>Alessandra Amoroso<\/strong> ha ulteriormente chiarito: \"<em>Sono andata a fare dei controlli l\u00ec da un foniatra e mi hanno detto che era meglio operarsi...\"<\/em>. E ha aggiunto: <em>\"Ho girato un po' di medici. Devo togliere due noduli, succede quando si sforza troppo la voce. La salute, per me, \u00e8 la prima cosa. L'operazione \u00e8 una fesseria. Un po' di progetti verranno spostati. La prima settimana dovr\u00f2 stare muta\"<\/em>.<\/p>\n<p><iframe src=\"http:\/\/www.gossip.it\/video\/share\/3547\/\" style=\"border:0;width:620px;height:320px;\"><\/iframe><\/p>\n<p><strong>Operata<\/strong> stamani, ha gi\u00e0 fatto sapere che si sente benissimo. Le sue <strong>corde vocali<\/strong> torneranno come nuove e Ale potr\u00e0 continuare a incantare il mondo con una voce che ha conquistato tutti e l'ha portata a essere in pochissimo tempo una delle regine del pop in Italia.<\/p>\n<p>\u00a0<\/p>\n<p>\u00a0<\/p>\n","protected":false},"excerpt":{"rendered":"<p>Alessandra Amoroso \u00e8 stata operata\u00a0alle corde vocali per togliere due noduli che le impedivano di cantare come avrebbe dovuto. Tutto \u00e8 andato per il meglio. Stamane la cantante salentina ex \"Amici\" ha mandato online sul suo profilo sul social un selfie in cui, subito dopo essere finita sotto i ferri, ha mandato un bacio virtuale [&hellip;]<\/p>\n","protected":false},"author":1,"featured_media":108296,"comment_status":"closed","ping_status":"closed","sticky":false,"template":"","format":"standard","meta":{"footnotes":""},"categories":[54],"tags":[1909,1981,9588,2102,2121,2408,13829,8466,41631],"vip":[247],"class_list":["post-52250","post","type-post","status-publish","format-standard","has-post-thumbnail","hentry","category-news","tag-amici","tag-cantante","tag-corde-vocali","tag-dichiarazioni","tag-instagram","tag-musica","tag-operata","tag-operazione","tag-social-facebook","vip-alessandra_amoroso"],"yoast_head":"<title>Alessandra Amoroso operata alle corde vocali: &#039;Sto da Dio&#039; - Gossip.it | News sul Gossip e VIP<\/title>\n<meta name=\"description\" content=\"Alessandra Amoroso \u00e8 stata operata\u00a0alle corde vocali per togliere due noduli che le impedivano di cantare come avrebbe dovuto. Tutto \u00e8 andato per il\" \/>\n<meta name=\"robots\" content=\"index, follow, max-snippet:-1, max-image-preview:large, max-video-preview:-1\" \/>\n<link rel=\"canonical\" href=\"https:\/\/www.gossip.it\/news\/alessandra-amoroso-operata-corde-vocali\/\" \/>\n<meta property=\"og:locale\" content=\"it_IT\" \/>\n<meta property=\"og:type\" content=\"article\" \/>\n<meta property=\"og:title\" content=\"Alessandra Amoroso operata alle corde vocali: &#039;Sto da Dio&#039; - Gossip.it | News sul Gossip e VIP\" \/>\n<meta property=\"og:description\" content=\"Alessandra Amoroso \u00e8 stata operata\u00a0alle corde vocali per togliere due noduli che le impedivano di cantare come avrebbe dovuto. Tutto \u00e8 andato per il\" \/>\n<meta property=\"og:url\" content=\"https:\/\/www.gossip.it\/news\/alessandra-amoroso-operata-corde-vocali\/\" \/>\n<meta property=\"og:site_name\" content=\"Gossip.it | News sul Gossip e VIP\" \/>\n<meta property=\"article:publisher\" content=\"https:\/\/www.facebook.com\/GossipIT\" \/>\n<meta property=\"article:published_time\" content=\"2015-07-28T22:00:00+00:00\" \/>\n<meta property=\"og:image\" content=\"http:\/\/files.gossip.it\/immagini_news\/2015\/07\/1438167988_alessandra_amoroso_selfie_post_operazione.jpg\" \/>\n<meta name=\"author\" content=\"La Redazione\" \/>\n<meta name=\"twitter:card\" content=\"summary_large_image\" \/>\n<meta name=\"twitter:image\" content=\"http:\/\/files.gossip.it\/immagini_news\/2015\/07\/1438167988_alessandra_amoroso_selfie_post_operazione.jpg\" \/>\n<meta name=\"twitter:creator\" content=\"@gossinews_it\" \/>\n<meta name=\"twitter:site\" content=\"@gossinews_it\" \/>\n<meta name=\"twitter:label1\" content=\"Scritto da\" \/>\n\t<meta name=\"twitter:data1\" content=\"Annamaria Capozzi\" \/>\n\t<meta name=\"twitter:label2\" content=\"Tempo di lettura stimato\" \/>\n\t<meta name=\"twitter:data2\" content=\"2 minuti\" \/>","yoast_head_json":{"title":"Alessandra Amoroso operata alle corde vocali: 'Sto da Dio' - Gossip.it | News sul Gossip e VIP","description":"Alessandra Amoroso \u00e8 stata operata\u00a0alle corde vocali per togliere due noduli che le impedivano di cantare come avrebbe dovuto. Tutto \u00e8 andato per il","robots":{"index":"index","follow":"follow","max-snippet":"max-snippet:-1","max-image-preview":"max-image-preview:large","max-video-preview":"max-video-preview:-1"},"canonical":"https:\/\/www.gossip.it\/news\/alessandra-amoroso-operata-corde-vocali\/","og_locale":"it_IT","og_type":"article","og_title":"Alessandra Amoroso operata alle corde vocali: 'Sto da Dio' - Gossip.it | News sul Gossip e VIP","og_description":"Alessandra Amoroso \u00e8 stata operata\u00a0alle corde vocali per togliere due noduli che le impedivano di cantare come avrebbe dovuto. Tutto \u00e8 andato per il","og_url":"https:\/\/www.gossip.it\/news\/alessandra-amoroso-operata-corde-vocali\/","og_site_name":"Gossip.it | News sul Gossip e VIP","article_publisher":"https:\/\/www.facebook.com\/GossipIT","article_published_time":"2015-07-28T22:00:00+00:00","og_image":[{"url":"http:\/\/files.gossip.it\/immagini_news\/2015\/07\/1438167988_alessandra_amoroso_selfie_post_operazione.jpg"}],"author":"La Redazione","twitter_card":"summary_large_image","twitter_image":"http:\/\/files.gossip.it\/immagini_news\/2015\/07\/1438167988_alessandra_amoroso_selfie_post_operazione.jpg","twitter_creator":"@gossinews_it","twitter_site":"@gossinews_it","twitter_misc":{"Scritto da":"Annamaria Capozzi","Tempo di lettura stimato":"2 minuti"},"schema":{"@context":"https:\/\/schema.org","@graph":[{"@type":"Article","@id":"https:\/\/www.gossip.it\/news\/alessandra-amoroso-operata-corde-vocali\/#article","isPartOf":{"@id":"https:\/\/www.gossip.it\/news\/alessandra-amoroso-operata-corde-vocali\/"},"author":{"name":"La Redazione","@id":"https:\/\/www.gossip.it\/#\/schema\/person\/488896f75158bff1cc83c6c39d141110"},"headline":"Alessandra Amoroso operata alle corde vocali: 'Sto da Dio'","datePublished":"2015-07-28T22:00:00+00:00","dateModified":"2015-07-28T22:00:00+00:00","mainEntityOfPage":{"@id":"https:\/\/www.gossip.it\/news\/alessandra-amoroso-operata-corde-vocali\/"},"wordCount":327,"publisher":{"@id":"https:\/\/www.gossip.it\/#organization"},"image":{"@id":"https:\/\/www.gossip.it\/news\/alessandra-amoroso-operata-corde-vocali\/#primaryimage"},"thumbnailUrl":"http:\/\/files.gossip.it\/immagini_news\/2015\/07\/1438167988_alessandra_amoroso_selfie_post_operazione.jpg","keywords":["amici","cantante","corde vocali","dichiarazioni","instagram","musica","operata","operazione","social facebook"],"articleSection":["News"],"inLanguage":"it-IT"},{"@type":"WebPage","@id":"https:\/\/www.gossip.it\/news\/alessandra-amoroso-operata-corde-vocali\/","url":"https:\/\/www.gossip.it\/news\/alessandra-amoroso-operata-corde-vocali\/","name":"Alessandra Amoroso operata alle corde vocali: 'Sto da Dio' - Gossip.it | News sul Gossip e VIP","isPartOf":{"@id":"https:\/\/www.gossip.it\/#website"},"primaryImageOfPage":{"@id":"https:\/\/www.gossip.it\/news\/alessandra-amoroso-operata-corde-vocali\/#primaryimage"},"image":{"@id":"https:\/\/www.gossip.it\/news\/alessandra-amoroso-operata-corde-vocali\/#primaryimage"},"thumbnailUrl":"http:\/\/files.gossip.it\/immagini_news\/2015\/07\/1438167988_alessandra_amoroso_selfie_post_operazione.jpg","datePublished":"2015-07-28T22:00:00+00:00","dateModified":"2015-07-28T22:00:00+00:00","description":"Alessandra Amoroso \u00e8 stata operata\u00a0alle corde vocali per togliere due noduli che le impedivano di cantare come avrebbe dovuto. Tutto \u00e8 andato per il","breadcrumb":{"@id":"https:\/\/www.gossip.it\/news\/alessandra-amoroso-operata-corde-vocali\/#breadcrumb"},"inLanguage":"it-IT","potentialAction":[{"@type":"ReadAction","target":["https:\/\/www.gossip.it\/news\/alessandra-amoroso-operata-corde-vocali\/"]}]},{"@type":"ImageObject","inLanguage":"it-IT","@id":"https:\/\/www.gossip.it\/news\/alessandra-amoroso-operata-corde-vocali\/#primaryimage","url":"http:\/\/files.gossip.it\/immagini_news\/2015\/07\/1438167988_alessandra_amoroso_selfie_post_operazione.jpg","contentUrl":"http:\/\/files.gossip.it\/immagini_news\/2015\/07\/1438167988_alessandra_amoroso_selfie_post_operazione.jpg"},{"@type":"BreadcrumbList","@id":"https:\/\/www.gossip.it\/news\/alessandra-amoroso-operata-corde-vocali\/#breadcrumb","itemListElement":[{"@type":"ListItem","position":1,"name":"Home","item":"https:\/\/www.gossip.it\/"},{"@type":"ListItem","position":2,"name":"Alessandra Amoroso operata alle corde vocali: 'Sto da Dio'"}]},{"@type":"WebSite","@id":"https:\/\/www.gossip.it\/#website","url":"https:\/\/www.gossip.it\/","name":"Gossip and VIP News","description":"Quotidiano di cronaca rosa, costume e societ\u00e0","publisher":{"@id":"https:\/\/www.gossip.it\/#organization"},"alternateName":"Gossip and VIP News","potentialAction":[{"@type":"SearchAction","target":{"@type":"EntryPoint","urlTemplate":"https:\/\/www.gossip.it\/?s={search_term_string}"},"query-input":{"@type":"PropertyValueSpecification","valueRequired":true,"valueName":"search_term_string"}}],"inLanguage":"it-IT"},{"@type":"Organization","@id":"https:\/\/www.gossip.it\/#organization","name":"Gossip and VIP News","alternateName":"Gossip News","url":"https:\/\/www.gossip.it\/","logo":{"@type":"ImageObject","inLanguage":"it-IT","@id":"https:\/\/www.gossip.it\/#\/schema\/logo\/image\/","url":"https:\/\/www.gossip.it\/wp-content\/uploads\/2022\/04\/cropped-corna-alta-tiny.png","contentUrl":"https:\/\/www.gossip.it\/wp-content\/uploads\/2022\/04\/cropped-corna-alta-tiny.png","width":512,"height":512,"caption":"Gossip and VIP News"},"image":{"@id":"https:\/\/www.gossip.it\/#\/schema\/logo\/image\/"},"sameAs":["https:\/\/www.facebook.com\/GossipIT","https:\/\/x.com\/gossinews_it","https:\/\/instagram.com\/gossip_it"]},{"@type":"Person","@id":"https:\/\/www.gossip.it\/#\/schema\/person\/488896f75158bff1cc83c6c39d141110","name":"La Redazione","image":{"@type":"ImageObject","inLanguage":"it-IT","@id":"https:\/\/www.gossip.it\/#\/schema\/person\/image\/","url":"https:\/\/secure.gravatar.com\/avatar\/5a5f5c6fa3e6700e4249abdad0263a1e94e927d9e0499b1cb09c1cd29c044d80?s=96&d=mm&r=g","contentUrl":"https:\/\/secure.gravatar.com\/avatar\/5a5f5c6fa3e6700e4249abdad0263a1e94e927d9e0499b1cb09c1cd29c044d80?s=96&d=mm&r=g","caption":"La Redazione"},"sameAs":["https:\/\/www.gossip.it"]}]}},"amp_enabled":true,"_links":{"self":[{"href":"https:\/\/www.gossip.it\/api\/wp\/v2\/posts\/52250","targetHints":{"allow":["GET"]}}],"collection":[{"href":"https:\/\/www.gossip.it\/api\/wp\/v2\/posts"}],"about":[{"href":"https:\/\/www.gossip.it\/api\/wp\/v2\/types\/post"}],"author":[{"embeddable":true,"href":"https:\/\/www.gossip.it\/api\/wp\/v2\/users\/1"}],"replies":[{"embeddable":true,"href":"https:\/\/www.gossip.it\/api\/wp\/v2\/comments?post=52250"}],"version-history":[{"count":0,"href":"https:\/\/www.gossip.it\/api\/wp\/v2\/posts\/52250\/revisions"}],"wp:featuredmedia":[{"embeddable":true,"href":"https:\/\/www.gossip.it\/api\/wp\/v2\/media\/108296"}],"wp:attachment":[{"href":"https:\/\/www.gossip.it\/api\/wp\/v2\/media?parent=52250"}],"wp:term":[{"taxonomy":"category","embeddable":true,"href":"https:\/\/www.gossip.it\/api\/wp\/v2\/categories?post=52250"},{"taxonomy":"post_tag","embeddable":true,"href":"https:\/\/www.gossip.it\/api\/wp\/v2\/tags?post=52250"},{"taxonomy":"vip","embeddable":true,"href":"https:\/\/www.gossip.it\/api\/wp\/v2\/vip?post=52250"}],"curies":[{"name":"wp","href":"https:\/\/api.w.org\/{rel}","templated":true}]}}