{"id":52274,"date":"2015-08-03T00:00:00","date_gmt":"2015-08-02T22:00:00","guid":{"rendered":"https:\/\/www.gossip.it\/senza-categoria\/bianca-balti-battesimo-mia\/"},"modified":"2015-08-03T00:00:00","modified_gmt":"2015-08-02T22:00:00","slug":"bianca-balti-battesimo-mia","status":"publish","type":"post","link":"https:\/\/www.gossip.it\/news\/bianca-balti-battesimo-mia\/","title":{"rendered":"Bianca Balti, il battesimo di Mia"},"content":{"rendered":"<p><a href=\"http:\/\/www.gossip.it\/vip\/bianca-balti\/\">Bianca Balti<\/a> ha raccontato sul <a href=\"http:\/\/www.gossip.it\/vip\/social\/\">social<\/a> il <strong>battesimo<\/strong> della sua piccola <strong>Mia<\/strong>, nata lo scorso 14 aprile. La cerimonia che ha visto protagonista la secondogenita della <a href=\"http:\/\/www.gossip.it\/vip\/modella\/\">modella<\/a> 31enne \u00e8 andata in scena negli States, dove la musa di <a href=\"http:\/\/www.gossip.it\/vip\/dolce-e gabbana\/\">Dolce e Gabbana<\/a> si trova in questo momento. <strong>Bianca Balti<\/strong> il giorno del <strong>battesimo<\/strong> di <strong>Mia<\/strong>, emozionata, ha vissuto con molto batticuore un evento importantissimo per la figlioletta. A suo fianco il compagno, <a href=\"http:\/\/www.gossip.it\/vip\/matthew-mcrae\/\">Matthew McRae<\/a>, l'uomo con cui ha desiderato mettere al mondo un altro beb\u00e8 e con cui vive un'appassionata storia d'amore.<\/p>\n<figure class=\"caption\"><img decoding=\"async\" alt=\"\" height=\"621\" width=\"620\" src=\"http:\/\/files.gossip.it\/immagini_news\/2015\/08\/1438595530_bianca_balti_famiglia_felice_con_mia_e_matthew_mcrae.jpg\" \/><figcaption>Bianca Balti e Matthwe McRae hanno battezzato la figlia Mia, nata lo scorso 13 aprile<\/figcaption><\/figure>\n<p>Nel condividere sul social gli scatti del <strong>battesimo<\/strong> di <strong>Mia<\/strong>, <strong>Bianca Balti<\/strong> ha commentato semplicemente: <em>\" #family #mia #baptism #CA\"<\/em>. La <a href=\"http:\/\/www.gossip.it\/vip\/top-model\/\">top model<\/a> ha pure detto grazie a chi la deve aver aiutata nell'organizzazione. <em>\"Thank you Mimi #baptism #mia #family #CA #mimi\"<\/em>, ha scritto.<br \/>E' stata una giornata speciale e indimenticabile quella del <strong>battesimo<\/strong> di <strong>Mia<\/strong>, <strong>Bianca Balti<\/strong> non ha avuto dubbi nello scriverlo, anche se molto stancante. Nel mandare online una foto in cui dorme accanto alla bimba, Bianca ha sottolineato: \"It's been a fabulous day but then we were tired... #baptism #mia #family #CA\". Tradotto: <em>\"E' stato favoloso, ma noi siamo stanche\"<\/em>.<br \/>Bellissima <strong>Mia<\/strong> con indosso il suo abitino elegante e sognante per essere battezzata. Classica la mise della Balti, che ha scelto un vestito nero a fantasia <em>'white'<\/em>, senza strafare.<\/p>\n<figure class=\"caption\"><img decoding=\"async\" alt=\"\" height=\"619\" width=\"620\" src=\"http:\/\/files.gossip.it\/immagini_news\/2015\/08\/1438595647_torta_battesimo_mia_figlia_bianca_balti_matthew_mcrae.jpg\" \/><figcaption>La modella e il compagno con la piccolina, deliziosa con il suo abitino sognante<\/figcaption><\/figure>\n<figure class=\"caption\"><img decoding=\"async\" alt=\"\" height=\"619\" width=\"620\" src=\"http:\/\/files.gossip.it\/immagini_news\/2015\/08\/1438595575_foto_battesimo_mia_balti.jpg\" \/><figcaption>La cerimonia si \u00e8 svolta negli States<\/figcaption><\/figure>\n<p>Casual il look di Matthew, simpatico con la sua faccia barbuta e senza pretese: uno che pare essere proprio al di fuori dal mondo dello showbiz.<\/p>\n<figure class=\"caption\"><img decoding=\"async\" alt=\"\" height=\"619\" width=\"620\" src=\"http:\/\/files.gossip.it\/immagini_news\/2015\/08\/1438595617_fine_giornata_battesimo_bianca_balti_e_mia_stanche.jpg\" \/><figcaption>Bianca e Mia stanche a fine giornata dormono<\/figcaption><\/figure>\n<p><strong>Bianca Balti<\/strong>, gi\u00e0 mamma di Matilde, 8 anni, avuta dall'ex marito <a href=\"http:\/\/www.gossip.it\/vip\/christian-lucidi\/\">Christian Lucidi<\/a>, dopo il parto, sta cercando di recuperare la forma, ma senza l'assillo dei chili in pi\u00f9. Sul network la scorsa settimana ha precisato: <em>\"Dopo aver avuto una figlia, a 31 anni, sto amando il mio corpo come non mai. E' solo grazie al mio corpo che ho avuto la forza di far crescere dentro di me mia figlia, partorire e allattarla ogni giorno. Per questo lo amo e lo rispetto. Per questo voglio prendermene cura nutrendolo e allenandolo per fare in modo che sia sempre al meglio. Per la prima volta nella mia vita, non dar\u00f2 per scontato il mio corpo, me ne prender\u00f2 cura, e gli dar\u00f2 le attenzioni che merita\"<\/em>.<\/p>\n<p>\u00a0<\/p>\n","protected":false},"excerpt":{"rendered":"<p>Bianca Balti ha raccontato sul social il battesimo della sua piccola Mia, nata lo scorso 14 aprile. La cerimonia che ha visto protagonista la secondogenita della modella 31enne \u00e8 andata in scena negli States, dove la musa di Dolce e Gabbana si trova in questo momento. Bianca Balti il giorno del battesimo di Mia, emozionata, [&hellip;]<\/p>\n","protected":false},"author":1,"featured_media":108320,"comment_status":"closed","ping_status":"closed","sticky":false,"template":"","format":"standard","meta":{"footnotes":""},"categories":[54],"tags":[8615,2102,6634,4790,2118,1989,10019,10870,6985,1997,8631,1923,2333],"vip":[414],"class_list":["post-52274","post","type-post","status-publish","format-standard","has-post-thumbnail","hentry","category-news","tag-battesimo","tag-dichiarazioni","tag-dolce-gabbana","tag-facebook","tag-foto","tag-lingerie","tag-matilde","tag-matthew-mcrae","tag-mia","tag-modella","tag-selfie","tag-social","tag-top-model","vip-bianca_balti"],"yoast_head":"<title>Bianca Balti, il battesimo di Mia - Gossip.it | News sul Gossip e VIP<\/title>\n<meta name=\"description\" content=\"Bianca Balti ha raccontato sul social il battesimo della sua piccola Mia, nata lo scorso 14 aprile. La cerimonia che ha visto protagonista la\" \/>\n<meta name=\"robots\" content=\"index, follow, max-snippet:-1, max-image-preview:large, max-video-preview:-1\" \/>\n<link rel=\"canonical\" href=\"https:\/\/www.gossip.it\/news\/bianca-balti-battesimo-mia\/\" \/>\n<meta property=\"og:locale\" content=\"it_IT\" \/>\n<meta property=\"og:type\" content=\"article\" \/>\n<meta property=\"og:title\" content=\"Bianca Balti, il battesimo di Mia - Gossip.it | News sul Gossip e VIP\" \/>\n<meta property=\"og:description\" content=\"Bianca Balti ha raccontato sul social il battesimo della sua piccola Mia, nata lo scorso 14 aprile. La cerimonia che ha visto protagonista la\" \/>\n<meta property=\"og:url\" content=\"https:\/\/www.gossip.it\/news\/bianca-balti-battesimo-mia\/\" \/>\n<meta property=\"og:site_name\" content=\"Gossip.it | News sul Gossip e VIP\" \/>\n<meta property=\"article:publisher\" content=\"https:\/\/www.facebook.com\/GossipIT\" \/>\n<meta property=\"article:published_time\" content=\"2015-08-02T22:00:00+00:00\" \/>\n<meta property=\"og:image\" content=\"http:\/\/files.gossip.it\/immagini_news\/2015\/08\/1438595530_bianca_balti_famiglia_felice_con_mia_e_matthew_mcrae.jpg\" \/>\n<meta name=\"author\" content=\"La Redazione\" \/>\n<meta name=\"twitter:card\" content=\"summary_large_image\" \/>\n<meta name=\"twitter:image\" content=\"http:\/\/files.gossip.it\/immagini_news\/2015\/08\/1438595530_bianca_balti_famiglia_felice_con_mia_e_matthew_mcrae.jpg\" \/>\n<meta name=\"twitter:creator\" content=\"@gossinews_it\" \/>\n<meta name=\"twitter:site\" content=\"@gossinews_it\" \/>\n<meta name=\"twitter:label1\" content=\"Scritto da\" \/>\n\t<meta name=\"twitter:data1\" content=\"Annamaria Capozzi\" \/>\n\t<meta name=\"twitter:label2\" content=\"Tempo di lettura stimato\" \/>\n\t<meta name=\"twitter:data2\" content=\"2 minuti\" \/>","yoast_head_json":{"title":"Bianca Balti, il battesimo di Mia - Gossip.it | News sul Gossip e VIP","description":"Bianca Balti ha raccontato sul social il battesimo della sua piccola Mia, nata lo scorso 14 aprile. La cerimonia che ha visto protagonista la","robots":{"index":"index","follow":"follow","max-snippet":"max-snippet:-1","max-image-preview":"max-image-preview:large","max-video-preview":"max-video-preview:-1"},"canonical":"https:\/\/www.gossip.it\/news\/bianca-balti-battesimo-mia\/","og_locale":"it_IT","og_type":"article","og_title":"Bianca Balti, il battesimo di Mia - Gossip.it | News sul Gossip e VIP","og_description":"Bianca Balti ha raccontato sul social il battesimo della sua piccola Mia, nata lo scorso 14 aprile. La cerimonia che ha visto protagonista la","og_url":"https:\/\/www.gossip.it\/news\/bianca-balti-battesimo-mia\/","og_site_name":"Gossip.it | News sul Gossip e VIP","article_publisher":"https:\/\/www.facebook.com\/GossipIT","article_published_time":"2015-08-02T22:00:00+00:00","og_image":[{"url":"http:\/\/files.gossip.it\/immagini_news\/2015\/08\/1438595530_bianca_balti_famiglia_felice_con_mia_e_matthew_mcrae.jpg"}],"author":"La Redazione","twitter_card":"summary_large_image","twitter_image":"http:\/\/files.gossip.it\/immagini_news\/2015\/08\/1438595530_bianca_balti_famiglia_felice_con_mia_e_matthew_mcrae.jpg","twitter_creator":"@gossinews_it","twitter_site":"@gossinews_it","twitter_misc":{"Scritto da":"Annamaria Capozzi","Tempo di lettura stimato":"2 minuti"},"schema":{"@context":"https:\/\/schema.org","@graph":[{"@type":"Article","@id":"https:\/\/www.gossip.it\/news\/bianca-balti-battesimo-mia\/#article","isPartOf":{"@id":"https:\/\/www.gossip.it\/news\/bianca-balti-battesimo-mia\/"},"author":{"name":"La Redazione","@id":"https:\/\/www.gossip.it\/#\/schema\/person\/488896f75158bff1cc83c6c39d141110"},"headline":"Bianca Balti, il battesimo di Mia","datePublished":"2015-08-02T22:00:00+00:00","dateModified":"2015-08-02T22:00:00+00:00","mainEntityOfPage":{"@id":"https:\/\/www.gossip.it\/news\/bianca-balti-battesimo-mia\/"},"wordCount":425,"publisher":{"@id":"https:\/\/www.gossip.it\/#organization"},"image":{"@id":"https:\/\/www.gossip.it\/news\/bianca-balti-battesimo-mia\/#primaryimage"},"thumbnailUrl":"http:\/\/files.gossip.it\/immagini_news\/2015\/08\/1438595530_bianca_balti_famiglia_felice_con_mia_e_matthew_mcrae.jpg","keywords":["battesimo","dichiarazioni","dolce &amp; gabbana","facebook","foto","lingerie","matilde","matthew mcrae","mia","modella","selfie","social","top model"],"articleSection":["News"],"inLanguage":"it-IT"},{"@type":"WebPage","@id":"https:\/\/www.gossip.it\/news\/bianca-balti-battesimo-mia\/","url":"https:\/\/www.gossip.it\/news\/bianca-balti-battesimo-mia\/","name":"Bianca Balti, il battesimo di Mia - Gossip.it | News sul Gossip e VIP","isPartOf":{"@id":"https:\/\/www.gossip.it\/#website"},"primaryImageOfPage":{"@id":"https:\/\/www.gossip.it\/news\/bianca-balti-battesimo-mia\/#primaryimage"},"image":{"@id":"https:\/\/www.gossip.it\/news\/bianca-balti-battesimo-mia\/#primaryimage"},"thumbnailUrl":"http:\/\/files.gossip.it\/immagini_news\/2015\/08\/1438595530_bianca_balti_famiglia_felice_con_mia_e_matthew_mcrae.jpg","datePublished":"2015-08-02T22:00:00+00:00","dateModified":"2015-08-02T22:00:00+00:00","description":"Bianca Balti ha raccontato sul social il battesimo della sua piccola Mia, nata lo scorso 14 aprile. La cerimonia che ha visto protagonista la","breadcrumb":{"@id":"https:\/\/www.gossip.it\/news\/bianca-balti-battesimo-mia\/#breadcrumb"},"inLanguage":"it-IT","potentialAction":[{"@type":"ReadAction","target":["https:\/\/www.gossip.it\/news\/bianca-balti-battesimo-mia\/"]}]},{"@type":"ImageObject","inLanguage":"it-IT","@id":"https:\/\/www.gossip.it\/news\/bianca-balti-battesimo-mia\/#primaryimage","url":"http:\/\/files.gossip.it\/immagini_news\/2015\/08\/1438595530_bianca_balti_famiglia_felice_con_mia_e_matthew_mcrae.jpg","contentUrl":"http:\/\/files.gossip.it\/immagini_news\/2015\/08\/1438595530_bianca_balti_famiglia_felice_con_mia_e_matthew_mcrae.jpg"},{"@type":"BreadcrumbList","@id":"https:\/\/www.gossip.it\/news\/bianca-balti-battesimo-mia\/#breadcrumb","itemListElement":[{"@type":"ListItem","position":1,"name":"Home","item":"https:\/\/www.gossip.it\/"},{"@type":"ListItem","position":2,"name":"Bianca Balti, il battesimo di Mia"}]},{"@type":"WebSite","@id":"https:\/\/www.gossip.it\/#website","url":"https:\/\/www.gossip.it\/","name":"Gossip and VIP News","description":"Quotidiano di cronaca rosa, costume e societ\u00e0","publisher":{"@id":"https:\/\/www.gossip.it\/#organization"},"alternateName":"Gossip and VIP News","potentialAction":[{"@type":"SearchAction","target":{"@type":"EntryPoint","urlTemplate":"https:\/\/www.gossip.it\/?s={search_term_string}"},"query-input":{"@type":"PropertyValueSpecification","valueRequired":true,"valueName":"search_term_string"}}],"inLanguage":"it-IT"},{"@type":"Organization","@id":"https:\/\/www.gossip.it\/#organization","name":"Gossip and VIP News","alternateName":"Gossip News","url":"https:\/\/www.gossip.it\/","logo":{"@type":"ImageObject","inLanguage":"it-IT","@id":"https:\/\/www.gossip.it\/#\/schema\/logo\/image\/","url":"https:\/\/www.gossip.it\/wp-content\/uploads\/2022\/04\/cropped-corna-alta-tiny.png","contentUrl":"https:\/\/www.gossip.it\/wp-content\/uploads\/2022\/04\/cropped-corna-alta-tiny.png","width":512,"height":512,"caption":"Gossip and VIP News"},"image":{"@id":"https:\/\/www.gossip.it\/#\/schema\/logo\/image\/"},"sameAs":["https:\/\/www.facebook.com\/GossipIT","https:\/\/x.com\/gossinews_it","https:\/\/instagram.com\/gossip_it"]},{"@type":"Person","@id":"https:\/\/www.gossip.it\/#\/schema\/person\/488896f75158bff1cc83c6c39d141110","name":"La Redazione","image":{"@type":"ImageObject","inLanguage":"it-IT","@id":"https:\/\/www.gossip.it\/#\/schema\/person\/image\/","url":"https:\/\/secure.gravatar.com\/avatar\/5a5f5c6fa3e6700e4249abdad0263a1e94e927d9e0499b1cb09c1cd29c044d80?s=96&d=mm&r=g","contentUrl":"https:\/\/secure.gravatar.com\/avatar\/5a5f5c6fa3e6700e4249abdad0263a1e94e927d9e0499b1cb09c1cd29c044d80?s=96&d=mm&r=g","caption":"La Redazione"},"sameAs":["https:\/\/www.gossip.it"]}]}},"amp_enabled":true,"_links":{"self":[{"href":"https:\/\/www.gossip.it\/api\/wp\/v2\/posts\/52274","targetHints":{"allow":["GET"]}}],"collection":[{"href":"https:\/\/www.gossip.it\/api\/wp\/v2\/posts"}],"about":[{"href":"https:\/\/www.gossip.it\/api\/wp\/v2\/types\/post"}],"author":[{"embeddable":true,"href":"https:\/\/www.gossip.it\/api\/wp\/v2\/users\/1"}],"replies":[{"embeddable":true,"href":"https:\/\/www.gossip.it\/api\/wp\/v2\/comments?post=52274"}],"version-history":[{"count":0,"href":"https:\/\/www.gossip.it\/api\/wp\/v2\/posts\/52274\/revisions"}],"wp:featuredmedia":[{"embeddable":true,"href":"https:\/\/www.gossip.it\/api\/wp\/v2\/media\/108320"}],"wp:attachment":[{"href":"https:\/\/www.gossip.it\/api\/wp\/v2\/media?parent=52274"}],"wp:term":[{"taxonomy":"category","embeddable":true,"href":"https:\/\/www.gossip.it\/api\/wp\/v2\/categories?post=52274"},{"taxonomy":"post_tag","embeddable":true,"href":"https:\/\/www.gossip.it\/api\/wp\/v2\/tags?post=52274"},{"taxonomy":"vip","embeddable":true,"href":"https:\/\/www.gossip.it\/api\/wp\/v2\/vip?post=52274"}],"curies":[{"name":"wp","href":"https:\/\/api.w.org\/{rel}","templated":true}]}}