{"id":52289,"date":"2015-08-04T00:00:00","date_gmt":"2015-08-03T22:00:00","guid":{"rendered":"https:\/\/www.gossip.it\/senza-categoria\/belen-rodriguez-milano-cena-ricci-famiglia-amici\/"},"modified":"2015-08-04T00:00:00","modified_gmt":"2015-08-03T22:00:00","slug":"belen-rodriguez-milano-cena-ricci-famiglia-amici","status":"publish","type":"post","link":"https:\/\/www.gossip.it\/news\/belen-rodriguez-milano-cena-ricci-famiglia-amici\/","title":{"rendered":"Belen Rodriguez, a cena a Milano da Ricci con famiglia e amici"},"content":{"rendered":"<p><a href=\"http:\/\/www.gossip.it\/vip\/belen-rodriguez\/\">Belen Rodriguez<\/a> \u00e8 tornata a Milano. Ha lasciato le Baleari, la sua Ibiza, per starsene in citt\u00e0, anche se \u00e8 presto per dire se sar\u00e0 un addio definitivo alle vacanze o meno.<br \/>Una volta nel capoluogo lombardo, la <a href=\"http:\/\/www.gossip.it\/vip\/showgirl\/\">showgirl<\/a> non ha perso tempo: indossato un mini dress nero scollato ed elegante, \u00e8 uscita a <strong>cena<\/strong>\u00a0nel suo <strong>Ricci<\/strong>, il ristorante aperto lo scorso giugno in societ\u00e0 con <a href=\"http:\/\/www.gossip.it\/vip\/joe-bastianich\/\">Joe Bastianich<\/a>, Luca Guelfi e <a href=\"http:\/\/www.gossip.it\/vip\/simona-miele\/\">Simona Miele<\/a>. Con lei l'adorata <strong>famiglia<\/strong> e gli <strong>amici<\/strong>.<\/p>\n<figure class=\"caption\"><img decoding=\"async\" alt=\"\" height=\"542\" width=\"620\" src=\"http:\/\/files.gossip.it\/immagini_news\/2015\/08\/1438683975_famiglia_rodriguez_ritorno_a_milano.jpg\" \/><figcaption>Belen Rodriguez a cena da Ricci a Milano con la famiglia e gli amici<\/figcaption><\/figure>\n<p>A <strong>Milano Belen Rodriguez<\/strong>, appena tornata dalla Spagna, \u00e8 andata a <strong>cena<\/strong> da <strong>Ricci<\/strong> con <strong>amici <\/strong>e <strong>famiglia<\/strong>, come svelato sul suo profilo <a href=\"http:\/\/www.gossip.it\/vip\/social\/\">social<\/a>. L'argentina ha mandanto online un'immagine che la immortala con il <em>'clan'<\/em>\u00a0quasi al gran completo. Insieme alla 30enne, <a href=\"http:\/\/www.gossip.it\/vip\/stefano-de martino\/\">Stefano De Martino<\/a>, abbracciato al pap\u00e0, <a href=\"http:\/\/www.gossip.it\/vip\/veronica-cozzani\/\">Veronica Cozzani<\/a>, <a href=\"http:\/\/www.gossip.it\/vip\/gustavo-rodriguez\/\">Gustavo Rodriguez<\/a>, <a href=\"http:\/\/www.gossip.it\/vip\/jeremias-rodriguez\/\">Jeremias Rodriguez<\/a>, <a href=\"http:\/\/www.gossip.it\/vip\/giuseppe-dicecca\/\">Giuseppe Dicecca<\/a>, Fabrizio Fiorani, la bionda Milca, Francesco Panessa e il dolcissimo e tenero <a href=\"http:\/\/www.gossip.it\/vip\/santiago\/\">Santiago<\/a>, il figlio di Belen e il ballerino ex <a href=\"http:\/\/www.gossip.it\/vip\/amici\/\">Amici<\/a>. <em>\"La verdad... Mejor familia que esta no pod\u00eda desear!!!!!! #losamo @giuseppedicecca @fabriziofiorani @frenkroll87 @milcagili @jeremiasgr @stedemartino @gustavogrodriguez @veronicacozzani\"<\/em>, ha cinguettato <strong>Belen Rodriguez<\/strong>.<\/p>\n<figure class=\"caption\"><img decoding=\"async\" alt=\"\" height=\"622\" width=\"620\" src=\"http:\/\/files.gossip.it\/immagini_news\/2015\/08\/1438684015_belen_cena_ricci_milano.jpg\" \/><figcaption>L'argentina con la sua amica e connazionale Milca<\/figcaption><\/figure>\n<p><em>\"Ciao ciao io vado #ciudadvacia #milan #mencanta\"<\/em>, aveva scritto <strong>Belen Rodriguez<\/strong> prima di uscire, accompagnando le sue parole con una foto davanti lo specchio che raccontava l'outfit scelto per andare a <strong>cena<\/strong> da <strong>Ricci<\/strong> insieme alla sua <strong>famiglia<\/strong> e agli <strong>amici<\/strong>.<\/p>\n<figure class=\"caption\"><img decoding=\"async\" alt=\"\" height=\"622\" width=\"620\" src=\"http:\/\/files.gossip.it\/immagini_news\/2015\/08\/1438684043_selfie_belen_ascensore_milano.jpg\" \/><figcaption>Un selfie in ascensore prima di uscire per la 30enne<\/figcaption><\/figure>\n<p>E' felice di essere perennemente circondata da chi ama: non potrebbe desiderare niente di meglio. E anche se tra i fan sul network sono tanti pure i maligni, quelli che la criticano, poco importa. Perch\u00e9 la Rodriguez si lascia scivolare tutto addosso e raccoglie moltissimo dopo aver seminato bene. In autunno torner\u00e0 in <a href=\"http:\/\/www.gossip.it\/vip\/tv\/\">tv<\/a>, ma \u00e8 molto altro quel che l'aspetta.<\/p>\n<p>\u00a0<\/p>\n","protected":false},"excerpt":{"rendered":"<p>Belen Rodriguez \u00e8 tornata a Milano. Ha lasciato le Baleari, la sua Ibiza, per starsene in citt\u00e0, anche se \u00e8 presto per dire se sar\u00e0 un addio definitivo alle vacanze o meno.Una volta nel capoluogo lombardo, la showgirl non ha perso tempo: indossato un mini dress nero scollato ed elegante, \u00e8 uscita a cena\u00a0nel suo [&hellip;]<\/p>\n","protected":false},"author":1,"featured_media":108335,"comment_status":"closed","ping_status":"closed","sticky":false,"template":"","format":"standard","meta":{"footnotes":""},"categories":[54],"tags":[1909,1877,44493,1908,33948,2242,2121,1979,9382,7659,1967,1923,8625],"vip":[396,1731],"class_list":["post-52289","post","type-post","status-publish","format-standard","has-post-thumbnail","hentry","category-news","tag-amici","tag-cena","tag-fabrizio-fiorani","tag-famiglia","tag-giuseppe-dicecca","tag-gustavo-rodriguez","tag-instagram","tag-milano","tag-ricci","tag-santiago","tag-showgirl","tag-social","tag-veronica-cozzani","vip-belen_rodriguez","vip-stefano_de_martino"],"yoast_head":"<title>Belen Rodriguez, a cena a Milano da Ricci con famiglia e amici - Gossip.it | News sul Gossip e VIP<\/title>\n<meta name=\"description\" content=\"Belen Rodriguez \u00e8 tornata a Milano. Ha lasciato le Baleari, la sua Ibiza, per starsene in citt\u00e0, anche se \u00e8 presto per dire se sar\u00e0 un addio definitivo\" \/>\n<meta name=\"robots\" content=\"index, follow, max-snippet:-1, max-image-preview:large, max-video-preview:-1\" \/>\n<link rel=\"canonical\" href=\"https:\/\/www.gossip.it\/news\/belen-rodriguez-milano-cena-ricci-famiglia-amici\/\" \/>\n<meta property=\"og:locale\" content=\"it_IT\" \/>\n<meta property=\"og:type\" content=\"article\" \/>\n<meta property=\"og:title\" content=\"Belen Rodriguez, a cena a Milano da Ricci con famiglia e amici - Gossip.it | News sul Gossip e VIP\" \/>\n<meta property=\"og:description\" content=\"Belen Rodriguez \u00e8 tornata a Milano. Ha lasciato le Baleari, la sua Ibiza, per starsene in citt\u00e0, anche se \u00e8 presto per dire se sar\u00e0 un addio definitivo\" \/>\n<meta property=\"og:url\" content=\"https:\/\/www.gossip.it\/news\/belen-rodriguez-milano-cena-ricci-famiglia-amici\/\" \/>\n<meta property=\"og:site_name\" content=\"Gossip.it | News sul Gossip e VIP\" \/>\n<meta property=\"article:publisher\" content=\"https:\/\/www.facebook.com\/GossipIT\" \/>\n<meta property=\"article:published_time\" content=\"2015-08-03T22:00:00+00:00\" \/>\n<meta property=\"og:image\" content=\"http:\/\/files.gossip.it\/immagini_news\/2015\/08\/1438683975_famiglia_rodriguez_ritorno_a_milano.jpg\" \/>\n<meta name=\"author\" content=\"La Redazione\" \/>\n<meta name=\"twitter:card\" content=\"summary_large_image\" \/>\n<meta name=\"twitter:image\" content=\"http:\/\/files.gossip.it\/immagini_news\/2015\/08\/1438683975_famiglia_rodriguez_ritorno_a_milano.jpg\" \/>\n<meta name=\"twitter:creator\" content=\"@gossinews_it\" \/>\n<meta name=\"twitter:site\" content=\"@gossinews_it\" \/>\n<meta name=\"twitter:label1\" content=\"Scritto da\" \/>\n\t<meta name=\"twitter:data1\" content=\"Annamaria Capozzi\" \/>\n\t<meta name=\"twitter:label2\" content=\"Tempo di lettura stimato\" \/>\n\t<meta name=\"twitter:data2\" content=\"2 minuti\" \/>","yoast_head_json":{"title":"Belen Rodriguez, a cena a Milano da Ricci con famiglia e amici - Gossip.it | News sul Gossip e VIP","description":"Belen Rodriguez \u00e8 tornata a Milano. Ha lasciato le Baleari, la sua Ibiza, per starsene in citt\u00e0, anche se \u00e8 presto per dire se sar\u00e0 un addio definitivo","robots":{"index":"index","follow":"follow","max-snippet":"max-snippet:-1","max-image-preview":"max-image-preview:large","max-video-preview":"max-video-preview:-1"},"canonical":"https:\/\/www.gossip.it\/news\/belen-rodriguez-milano-cena-ricci-famiglia-amici\/","og_locale":"it_IT","og_type":"article","og_title":"Belen Rodriguez, a cena a Milano da Ricci con famiglia e amici - Gossip.it | News sul Gossip e VIP","og_description":"Belen Rodriguez \u00e8 tornata a Milano. Ha lasciato le Baleari, la sua Ibiza, per starsene in citt\u00e0, anche se \u00e8 presto per dire se sar\u00e0 un addio definitivo","og_url":"https:\/\/www.gossip.it\/news\/belen-rodriguez-milano-cena-ricci-famiglia-amici\/","og_site_name":"Gossip.it | News sul Gossip e VIP","article_publisher":"https:\/\/www.facebook.com\/GossipIT","article_published_time":"2015-08-03T22:00:00+00:00","og_image":[{"url":"http:\/\/files.gossip.it\/immagini_news\/2015\/08\/1438683975_famiglia_rodriguez_ritorno_a_milano.jpg"}],"author":"La Redazione","twitter_card":"summary_large_image","twitter_image":"http:\/\/files.gossip.it\/immagini_news\/2015\/08\/1438683975_famiglia_rodriguez_ritorno_a_milano.jpg","twitter_creator":"@gossinews_it","twitter_site":"@gossinews_it","twitter_misc":{"Scritto da":"Annamaria Capozzi","Tempo di lettura stimato":"2 minuti"},"schema":{"@context":"https:\/\/schema.org","@graph":[{"@type":"Article","@id":"https:\/\/www.gossip.it\/news\/belen-rodriguez-milano-cena-ricci-famiglia-amici\/#article","isPartOf":{"@id":"https:\/\/www.gossip.it\/news\/belen-rodriguez-milano-cena-ricci-famiglia-amici\/"},"author":{"name":"La Redazione","@id":"https:\/\/www.gossip.it\/#\/schema\/person\/488896f75158bff1cc83c6c39d141110"},"headline":"Belen Rodriguez, a cena a Milano da Ricci con famiglia e amici","datePublished":"2015-08-03T22:00:00+00:00","dateModified":"2015-08-03T22:00:00+00:00","mainEntityOfPage":{"@id":"https:\/\/www.gossip.it\/news\/belen-rodriguez-milano-cena-ricci-famiglia-amici\/"},"wordCount":329,"publisher":{"@id":"https:\/\/www.gossip.it\/#organization"},"image":{"@id":"https:\/\/www.gossip.it\/news\/belen-rodriguez-milano-cena-ricci-famiglia-amici\/#primaryimage"},"thumbnailUrl":"http:\/\/files.gossip.it\/immagini_news\/2015\/08\/1438683975_famiglia_rodriguez_ritorno_a_milano.jpg","keywords":["amici","cena","fabrizio fiorani","famiglia","giuseppe dicecca","gustavo rodriguez","instagram","milano","ricci","santiago","showgirl","social","veronica cozzani"],"articleSection":["News"],"inLanguage":"it-IT"},{"@type":"WebPage","@id":"https:\/\/www.gossip.it\/news\/belen-rodriguez-milano-cena-ricci-famiglia-amici\/","url":"https:\/\/www.gossip.it\/news\/belen-rodriguez-milano-cena-ricci-famiglia-amici\/","name":"Belen Rodriguez, a cena a Milano da Ricci con famiglia e amici - Gossip.it | News sul Gossip e VIP","isPartOf":{"@id":"https:\/\/www.gossip.it\/#website"},"primaryImageOfPage":{"@id":"https:\/\/www.gossip.it\/news\/belen-rodriguez-milano-cena-ricci-famiglia-amici\/#primaryimage"},"image":{"@id":"https:\/\/www.gossip.it\/news\/belen-rodriguez-milano-cena-ricci-famiglia-amici\/#primaryimage"},"thumbnailUrl":"http:\/\/files.gossip.it\/immagini_news\/2015\/08\/1438683975_famiglia_rodriguez_ritorno_a_milano.jpg","datePublished":"2015-08-03T22:00:00+00:00","dateModified":"2015-08-03T22:00:00+00:00","description":"Belen Rodriguez \u00e8 tornata a Milano. Ha lasciato le Baleari, la sua Ibiza, per starsene in citt\u00e0, anche se \u00e8 presto per dire se sar\u00e0 un addio definitivo","breadcrumb":{"@id":"https:\/\/www.gossip.it\/news\/belen-rodriguez-milano-cena-ricci-famiglia-amici\/#breadcrumb"},"inLanguage":"it-IT","potentialAction":[{"@type":"ReadAction","target":["https:\/\/www.gossip.it\/news\/belen-rodriguez-milano-cena-ricci-famiglia-amici\/"]}]},{"@type":"ImageObject","inLanguage":"it-IT","@id":"https:\/\/www.gossip.it\/news\/belen-rodriguez-milano-cena-ricci-famiglia-amici\/#primaryimage","url":"http:\/\/files.gossip.it\/immagini_news\/2015\/08\/1438683975_famiglia_rodriguez_ritorno_a_milano.jpg","contentUrl":"http:\/\/files.gossip.it\/immagini_news\/2015\/08\/1438683975_famiglia_rodriguez_ritorno_a_milano.jpg"},{"@type":"BreadcrumbList","@id":"https:\/\/www.gossip.it\/news\/belen-rodriguez-milano-cena-ricci-famiglia-amici\/#breadcrumb","itemListElement":[{"@type":"ListItem","position":1,"name":"Home","item":"https:\/\/www.gossip.it\/"},{"@type":"ListItem","position":2,"name":"Belen Rodriguez, a cena a Milano da Ricci con famiglia e amici"}]},{"@type":"WebSite","@id":"https:\/\/www.gossip.it\/#website","url":"https:\/\/www.gossip.it\/","name":"Gossip and VIP News","description":"Quotidiano di cronaca rosa, costume e societ\u00e0","publisher":{"@id":"https:\/\/www.gossip.it\/#organization"},"alternateName":"Gossip and VIP News","potentialAction":[{"@type":"SearchAction","target":{"@type":"EntryPoint","urlTemplate":"https:\/\/www.gossip.it\/?s={search_term_string}"},"query-input":{"@type":"PropertyValueSpecification","valueRequired":true,"valueName":"search_term_string"}}],"inLanguage":"it-IT"},{"@type":"Organization","@id":"https:\/\/www.gossip.it\/#organization","name":"Gossip and VIP News","alternateName":"Gossip News","url":"https:\/\/www.gossip.it\/","logo":{"@type":"ImageObject","inLanguage":"it-IT","@id":"https:\/\/www.gossip.it\/#\/schema\/logo\/image\/","url":"https:\/\/www.gossip.it\/wp-content\/uploads\/2022\/04\/cropped-corna-alta-tiny.png","contentUrl":"https:\/\/www.gossip.it\/wp-content\/uploads\/2022\/04\/cropped-corna-alta-tiny.png","width":512,"height":512,"caption":"Gossip and VIP News"},"image":{"@id":"https:\/\/www.gossip.it\/#\/schema\/logo\/image\/"},"sameAs":["https:\/\/www.facebook.com\/GossipIT","https:\/\/x.com\/gossinews_it","https:\/\/instagram.com\/gossip_it"]},{"@type":"Person","@id":"https:\/\/www.gossip.it\/#\/schema\/person\/488896f75158bff1cc83c6c39d141110","name":"La Redazione","image":{"@type":"ImageObject","inLanguage":"it-IT","@id":"https:\/\/www.gossip.it\/#\/schema\/person\/image\/","url":"https:\/\/secure.gravatar.com\/avatar\/5a5f5c6fa3e6700e4249abdad0263a1e94e927d9e0499b1cb09c1cd29c044d80?s=96&d=mm&r=g","contentUrl":"https:\/\/secure.gravatar.com\/avatar\/5a5f5c6fa3e6700e4249abdad0263a1e94e927d9e0499b1cb09c1cd29c044d80?s=96&d=mm&r=g","caption":"La Redazione"},"sameAs":["https:\/\/www.gossip.it"]}]}},"amp_enabled":true,"_links":{"self":[{"href":"https:\/\/www.gossip.it\/api\/wp\/v2\/posts\/52289","targetHints":{"allow":["GET"]}}],"collection":[{"href":"https:\/\/www.gossip.it\/api\/wp\/v2\/posts"}],"about":[{"href":"https:\/\/www.gossip.it\/api\/wp\/v2\/types\/post"}],"author":[{"embeddable":true,"href":"https:\/\/www.gossip.it\/api\/wp\/v2\/users\/1"}],"replies":[{"embeddable":true,"href":"https:\/\/www.gossip.it\/api\/wp\/v2\/comments?post=52289"}],"version-history":[{"count":0,"href":"https:\/\/www.gossip.it\/api\/wp\/v2\/posts\/52289\/revisions"}],"wp:featuredmedia":[{"embeddable":true,"href":"https:\/\/www.gossip.it\/api\/wp\/v2\/media\/108335"}],"wp:attachment":[{"href":"https:\/\/www.gossip.it\/api\/wp\/v2\/media?parent=52289"}],"wp:term":[{"taxonomy":"category","embeddable":true,"href":"https:\/\/www.gossip.it\/api\/wp\/v2\/categories?post=52289"},{"taxonomy":"post_tag","embeddable":true,"href":"https:\/\/www.gossip.it\/api\/wp\/v2\/tags?post=52289"},{"taxonomy":"vip","embeddable":true,"href":"https:\/\/www.gossip.it\/api\/wp\/v2\/vip?post=52289"}],"curies":[{"name":"wp","href":"https:\/\/api.w.org\/{rel}","templated":true}]}}