{"id":52303,"date":"2015-08-05T00:00:00","date_gmt":"2015-08-04T22:00:00","guid":{"rendered":"https:\/\/www.gossip.it\/senza-categoria\/simona-ventura-perdono-ma-non-dimentico\/"},"modified":"2015-08-05T00:00:00","modified_gmt":"2015-08-04T22:00:00","slug":"simona-ventura-perdono-ma-non-dimentico","status":"publish","type":"post","link":"https:\/\/www.gossip.it\/news\/simona-ventura-perdono-ma-non-dimentico\/","title":{"rendered":"Simona Ventura ai detrattori: 'Perdono ma non dimentico'"},"content":{"rendered":"<p><a href=\"http:\/\/www.gossip.it\/vip\/simona-ventura\/\">Simona Ventura<\/a>, 50 anni e una carriera da superstar in <a href=\"http:\/\/www.gossip.it\/vip\/tv\/\">tv<\/a>, si sta godendo le vacanze in Sardegna accanto al compagno <a href=\"http:\/\/www.gossip.it\/vip\/ger\u00f2-carraro\/\">Ger\u00f2 Carraro<\/a>, 49 anni, e alla figlia Caterina, 9 anni, la bimba avuta in affido sin da piccolissima. Nicol\u00f2 e Giacomo, i due pargoli avuti dall'ex marito <a href=\"http:\/\/www.gossip.it\/vip\/stefano-bettarini\/\">Stefano Bettarini<\/a>, sono all'estero per studiare.<br \/>La conduttrice \u00e8 piena di entusiasmo, non le interessa che il suo nome non compaia nella lista dei palinsesti della tv generalista. Pu\u00f2 attendere, lei non muore mai e soprattutto, parole sue: <em>\"<strong>Perdono ma non dimentico<\/strong>\"<\/em>. Come ha confessato intervistata a <em>Chi<\/em>.<\/p>\n<figure class=\"caption\"><img decoding=\"async\" alt=\"\" width=\"620\" height=\"620\" src=\"http:\/\/files.gossip.it\/immagini_news\/2015\/08\/1438767489_simona_ventura_gero_carraro.jpg\" \/><figcaption>Simona Ventura, 50 anni, con ger\u00f2 carraro, 49, e la figlia Caterina, 9 anni<\/figcaption><\/figure>\n<p>In autunno <strong>Simona Ventura<\/strong> torner\u00e0 in onda. Il 20 settembre su La7 sar\u00e0 al timone ancora una volta di <a href=\"http:\/\/www.gossip.it\/vip\/miss-italia\/\">Miss Italia<\/a>. Poi su FoxLife partir\u00e0 la nuova stagione di <em>\"Il contadino cerca moglie\"<\/em>. Questa primavera otto contadini hanno\u00a0lanciato un appello per trovare la donna ideale, ora si scoprir\u00e0 come \u00e8 andata a quelle che si sono candidate per essere le <em>'prescelte'<\/em>.<br \/>A Miss Italia <strong>Simona Ventura<\/strong> ha deciso con <a href=\"http:\/\/www.gossip.it\/vip\/patrizia-mirigliani\/\">Patrizia Mirigliani<\/a> di ammettere per la prima volta le ragazze un po' pi\u00f9 in carne. \"<em>Le \u201ccurvy\u201d sono ragazze come tutte che, magari, per corporatura e genetica, sono pi\u00f9 in carne di altre. Se nasci con un seno prorompente e dei bei fianchi non devi sognare di essere magra, ma andare fiera delle tue forme, che gli uomini apprezzano. Con Patrizia Mirigliani abbiamo deciso di ammettere alle prefinali tre ragazze curvy per farle uscire dal \u201cghetto\u201d\u00a0e dare loro una possibilit\u00e0 in pi\u00f9. Poi saranno loro a dover dimostrare di essere belle, in gamba, con un bell\u2019approccio\"<\/em>. Per l'entrata in gara delle trans bisogner\u00e0 aspettare invece: <em>\"Ci stiamo lavorando per il futuro. Cominciamo, per\u00f2, con il dire che abbiamo voluto in giuria Luxuria, che \u00e8 una donna intelligente, e di grande cultura perch\u00e9 vorremmo che si pensasse alle persone per ci\u00f2 che sono e non per l\u2019orientamento sessuale. Quando vedo una bella donna non mi chiedo se \u00e8 una trans, ma se \u00e8 intelligente, ha carattere ed \u00e8 una persona perbene\"<\/em>.<\/p>\n<figure class=\"caption\"><img decoding=\"async\" alt=\"\" width=\"620\" height=\"612\" src=\"http:\/\/files.gossip.it\/immagini_news\/2015\/08\/1438767563_simona_ventura_vacanza_in_famiglia.jpg\" \/><figcaption>La conduttrice e la bimba felici: sono in vacanza in Sardegna<\/figcaption><\/figure>\n<p>Sperimenta, si getta a capofitto in nuovi progetti, non si ferma mai. <strong>Simona Ventura<\/strong> rispetta la fama di SuperSimo e anche se la Rai sembra averle chiuso le porte poco importa: <em>\"Non penso ci possa essere qualcuno che vuole questa situazione. Ma, nel caso ci fosse, deve sapere che posso permettermi di aspettare facendo altre mille esperienze, che in un minuto cambia tutto e che non sono mai morta\"<\/em>.<\/p>\n<figure class=\"caption\"><img decoding=\"async\" alt=\"\" width=\"620\" height=\"624\" src=\"http:\/\/files.gossip.it\/immagini_news\/2015\/08\/1438767596_simona_ventura_ponza.jpg\" \/><figcaption>SuperSimo sorridente una settimana fa a Ponza<\/figcaption><\/figure>\n<p>Chi ha provato a sostituirla (vedi <a href=\"http:\/\/www.gossip.it\/vip\/victoria-cabello\/\">Victoria Cabello<\/a>) ha fatto fiasco. <strong>Simona Ventura<\/strong> ammette: <em>\"<strong>Perdono ma non dimentico<\/strong>\"<\/em>. Non si sente per\u00f2 <em>'insostituibile'<\/em>: <em>\"Nessuno lo \u00e8. Metto grande passione nei programmi che faccio, per cui diventano un vestito che mi cucio addosso e questo pu\u00f2 dare fastidio. Mi sembra un momento in cui si cercano persone buone per tutte le stagioni, che non mettano particolare passione in ci\u00f2 che fanno. Si va verso l\u2019appiattimento\"<\/em>.<br \/>E' una donna tranquilla e realizzata: <em>\"<strong>Perdono, ma non dimentico<\/strong>, anche se non passo il tempo a pensare a chi mi vuole male: sono serena e dormo come un sasso\"<\/em>.<\/p>\n<p>\u00a0<\/p>\n","protected":false},"excerpt":{"rendered":"<p>Simona Ventura, 50 anni e una carriera da superstar in tv, si sta godendo le vacanze in Sardegna accanto al compagno Ger\u00f2 Carraro, 49 anni, e alla figlia Caterina, 9 anni, la bimba avuta in affido sin da piccolissima. Nicol\u00f2 e Giacomo, i due pargoli avuti dall'ex marito Stefano Bettarini, sono all'estero per studiare.La conduttrice [&hellip;]<\/p>\n","protected":false},"author":1,"featured_media":108349,"comment_status":"closed","ping_status":"closed","sticky":false,"template":"","format":"standard","meta":{"footnotes":""},"categories":[54],"tags":[7457,2104,1992,2102,23225,9419,9430,11857,2910,52834,2097],"vip":[1698],"class_list":["post-52303","post","type-post","status-publish","format-standard","has-post-thumbnail","hentry","category-news","tag-caterina","tag-chi","tag-conduttrice","tag-dichiarazioni","tag-foxlife","tag-gero-carraro","tag-il-contadino-cerca-moglie","tag-la7","tag-miss-italia","tag-perdono-ma-non-dimentico","tag-tv","vip-simona_ventura"],"yoast_head":"<title>Simona Ventura ai detrattori: &#039;Perdono ma non dimentico&#039; - Gossip.it | News sul Gossip e VIP<\/title>\n<meta name=\"description\" content=\"Simona Ventura, 50 anni e una carriera da superstar in tv, si sta godendo le vacanze in Sardegna accanto al compagno Ger\u00f2 Carraro, 49 anni, e alla figlia\" \/>\n<meta name=\"robots\" content=\"index, follow, max-snippet:-1, max-image-preview:large, max-video-preview:-1\" \/>\n<link rel=\"canonical\" href=\"https:\/\/www.gossip.it\/news\/simona-ventura-perdono-ma-non-dimentico\/\" \/>\n<meta property=\"og:locale\" content=\"it_IT\" \/>\n<meta property=\"og:type\" content=\"article\" \/>\n<meta property=\"og:title\" content=\"Simona Ventura ai detrattori: &#039;Perdono ma non dimentico&#039; - Gossip.it | News sul Gossip e VIP\" \/>\n<meta property=\"og:description\" content=\"Simona Ventura, 50 anni e una carriera da superstar in tv, si sta godendo le vacanze in Sardegna accanto al compagno Ger\u00f2 Carraro, 49 anni, e alla figlia\" \/>\n<meta property=\"og:url\" content=\"https:\/\/www.gossip.it\/news\/simona-ventura-perdono-ma-non-dimentico\/\" \/>\n<meta property=\"og:site_name\" content=\"Gossip.it | News sul Gossip e VIP\" \/>\n<meta property=\"article:publisher\" content=\"https:\/\/www.facebook.com\/GossipIT\" \/>\n<meta property=\"article:published_time\" content=\"2015-08-04T22:00:00+00:00\" \/>\n<meta property=\"og:image\" content=\"http:\/\/files.gossip.it\/immagini_news\/2015\/08\/1438767489_simona_ventura_gero_carraro.jpg\" \/>\n<meta name=\"author\" content=\"La Redazione\" \/>\n<meta name=\"twitter:card\" content=\"summary_large_image\" \/>\n<meta name=\"twitter:image\" content=\"http:\/\/files.gossip.it\/immagini_news\/2015\/08\/1438767489_simona_ventura_gero_carraro.jpg\" \/>\n<meta name=\"twitter:creator\" content=\"@gossinews_it\" \/>\n<meta name=\"twitter:site\" content=\"@gossinews_it\" \/>\n<meta name=\"twitter:label1\" content=\"Scritto da\" \/>\n\t<meta name=\"twitter:data1\" content=\"Annamaria Capozzi\" \/>\n\t<meta name=\"twitter:label2\" content=\"Tempo di lettura stimato\" \/>\n\t<meta name=\"twitter:data2\" content=\"3 minuti\" \/>","yoast_head_json":{"title":"Simona Ventura ai detrattori: 'Perdono ma non dimentico' - Gossip.it | News sul Gossip e VIP","description":"Simona Ventura, 50 anni e una carriera da superstar in tv, si sta godendo le vacanze in Sardegna accanto al compagno Ger\u00f2 Carraro, 49 anni, e alla figlia","robots":{"index":"index","follow":"follow","max-snippet":"max-snippet:-1","max-image-preview":"max-image-preview:large","max-video-preview":"max-video-preview:-1"},"canonical":"https:\/\/www.gossip.it\/news\/simona-ventura-perdono-ma-non-dimentico\/","og_locale":"it_IT","og_type":"article","og_title":"Simona Ventura ai detrattori: 'Perdono ma non dimentico' - Gossip.it | News sul Gossip e VIP","og_description":"Simona Ventura, 50 anni e una carriera da superstar in tv, si sta godendo le vacanze in Sardegna accanto al compagno Ger\u00f2 Carraro, 49 anni, e alla figlia","og_url":"https:\/\/www.gossip.it\/news\/simona-ventura-perdono-ma-non-dimentico\/","og_site_name":"Gossip.it | News sul Gossip e VIP","article_publisher":"https:\/\/www.facebook.com\/GossipIT","article_published_time":"2015-08-04T22:00:00+00:00","og_image":[{"url":"http:\/\/files.gossip.it\/immagini_news\/2015\/08\/1438767489_simona_ventura_gero_carraro.jpg"}],"author":"La Redazione","twitter_card":"summary_large_image","twitter_image":"http:\/\/files.gossip.it\/immagini_news\/2015\/08\/1438767489_simona_ventura_gero_carraro.jpg","twitter_creator":"@gossinews_it","twitter_site":"@gossinews_it","twitter_misc":{"Scritto da":"Annamaria Capozzi","Tempo di lettura stimato":"3 minuti"},"schema":{"@context":"https:\/\/schema.org","@graph":[{"@type":"Article","@id":"https:\/\/www.gossip.it\/news\/simona-ventura-perdono-ma-non-dimentico\/#article","isPartOf":{"@id":"https:\/\/www.gossip.it\/news\/simona-ventura-perdono-ma-non-dimentico\/"},"author":{"name":"La Redazione","@id":"https:\/\/www.gossip.it\/#\/schema\/person\/488896f75158bff1cc83c6c39d141110"},"headline":"Simona Ventura ai detrattori: 'Perdono ma non dimentico'","datePublished":"2015-08-04T22:00:00+00:00","dateModified":"2015-08-04T22:00:00+00:00","mainEntityOfPage":{"@id":"https:\/\/www.gossip.it\/news\/simona-ventura-perdono-ma-non-dimentico\/"},"wordCount":542,"publisher":{"@id":"https:\/\/www.gossip.it\/#organization"},"image":{"@id":"https:\/\/www.gossip.it\/news\/simona-ventura-perdono-ma-non-dimentico\/#primaryimage"},"thumbnailUrl":"http:\/\/files.gossip.it\/immagini_news\/2015\/08\/1438767489_simona_ventura_gero_carraro.jpg","keywords":["caterina","chi","conduttrice","dichiarazioni","foxlife","ger\u00f2 carraro","il contadino cerca moglie","la7","miss italia","perdono ma non dimentico","tv"],"articleSection":["News"],"inLanguage":"it-IT"},{"@type":"WebPage","@id":"https:\/\/www.gossip.it\/news\/simona-ventura-perdono-ma-non-dimentico\/","url":"https:\/\/www.gossip.it\/news\/simona-ventura-perdono-ma-non-dimentico\/","name":"Simona Ventura ai detrattori: 'Perdono ma non dimentico' - Gossip.it | News sul Gossip e VIP","isPartOf":{"@id":"https:\/\/www.gossip.it\/#website"},"primaryImageOfPage":{"@id":"https:\/\/www.gossip.it\/news\/simona-ventura-perdono-ma-non-dimentico\/#primaryimage"},"image":{"@id":"https:\/\/www.gossip.it\/news\/simona-ventura-perdono-ma-non-dimentico\/#primaryimage"},"thumbnailUrl":"http:\/\/files.gossip.it\/immagini_news\/2015\/08\/1438767489_simona_ventura_gero_carraro.jpg","datePublished":"2015-08-04T22:00:00+00:00","dateModified":"2015-08-04T22:00:00+00:00","description":"Simona Ventura, 50 anni e una carriera da superstar in tv, si sta godendo le vacanze in Sardegna accanto al compagno Ger\u00f2 Carraro, 49 anni, e alla figlia","breadcrumb":{"@id":"https:\/\/www.gossip.it\/news\/simona-ventura-perdono-ma-non-dimentico\/#breadcrumb"},"inLanguage":"it-IT","potentialAction":[{"@type":"ReadAction","target":["https:\/\/www.gossip.it\/news\/simona-ventura-perdono-ma-non-dimentico\/"]}]},{"@type":"ImageObject","inLanguage":"it-IT","@id":"https:\/\/www.gossip.it\/news\/simona-ventura-perdono-ma-non-dimentico\/#primaryimage","url":"http:\/\/files.gossip.it\/immagini_news\/2015\/08\/1438767489_simona_ventura_gero_carraro.jpg","contentUrl":"http:\/\/files.gossip.it\/immagini_news\/2015\/08\/1438767489_simona_ventura_gero_carraro.jpg"},{"@type":"BreadcrumbList","@id":"https:\/\/www.gossip.it\/news\/simona-ventura-perdono-ma-non-dimentico\/#breadcrumb","itemListElement":[{"@type":"ListItem","position":1,"name":"Home","item":"https:\/\/www.gossip.it\/"},{"@type":"ListItem","position":2,"name":"Simona Ventura ai detrattori: 'Perdono ma non dimentico'"}]},{"@type":"WebSite","@id":"https:\/\/www.gossip.it\/#website","url":"https:\/\/www.gossip.it\/","name":"Gossip and VIP News","description":"Quotidiano di cronaca rosa, costume e societ\u00e0","publisher":{"@id":"https:\/\/www.gossip.it\/#organization"},"alternateName":"Gossip and VIP News","potentialAction":[{"@type":"SearchAction","target":{"@type":"EntryPoint","urlTemplate":"https:\/\/www.gossip.it\/?s={search_term_string}"},"query-input":{"@type":"PropertyValueSpecification","valueRequired":true,"valueName":"search_term_string"}}],"inLanguage":"it-IT"},{"@type":"Organization","@id":"https:\/\/www.gossip.it\/#organization","name":"Gossip and VIP News","alternateName":"Gossip News","url":"https:\/\/www.gossip.it\/","logo":{"@type":"ImageObject","inLanguage":"it-IT","@id":"https:\/\/www.gossip.it\/#\/schema\/logo\/image\/","url":"https:\/\/www.gossip.it\/wp-content\/uploads\/2022\/04\/cropped-corna-alta-tiny.png","contentUrl":"https:\/\/www.gossip.it\/wp-content\/uploads\/2022\/04\/cropped-corna-alta-tiny.png","width":512,"height":512,"caption":"Gossip and VIP News"},"image":{"@id":"https:\/\/www.gossip.it\/#\/schema\/logo\/image\/"},"sameAs":["https:\/\/www.facebook.com\/GossipIT","https:\/\/x.com\/gossinews_it","https:\/\/instagram.com\/gossip_it"]},{"@type":"Person","@id":"https:\/\/www.gossip.it\/#\/schema\/person\/488896f75158bff1cc83c6c39d141110","name":"La Redazione","image":{"@type":"ImageObject","inLanguage":"it-IT","@id":"https:\/\/www.gossip.it\/#\/schema\/person\/image\/","url":"https:\/\/secure.gravatar.com\/avatar\/5a5f5c6fa3e6700e4249abdad0263a1e94e927d9e0499b1cb09c1cd29c044d80?s=96&d=mm&r=g","contentUrl":"https:\/\/secure.gravatar.com\/avatar\/5a5f5c6fa3e6700e4249abdad0263a1e94e927d9e0499b1cb09c1cd29c044d80?s=96&d=mm&r=g","caption":"La Redazione"},"sameAs":["https:\/\/www.gossip.it"]}]}},"amp_enabled":true,"_links":{"self":[{"href":"https:\/\/www.gossip.it\/api\/wp\/v2\/posts\/52303","targetHints":{"allow":["GET"]}}],"collection":[{"href":"https:\/\/www.gossip.it\/api\/wp\/v2\/posts"}],"about":[{"href":"https:\/\/www.gossip.it\/api\/wp\/v2\/types\/post"}],"author":[{"embeddable":true,"href":"https:\/\/www.gossip.it\/api\/wp\/v2\/users\/1"}],"replies":[{"embeddable":true,"href":"https:\/\/www.gossip.it\/api\/wp\/v2\/comments?post=52303"}],"version-history":[{"count":0,"href":"https:\/\/www.gossip.it\/api\/wp\/v2\/posts\/52303\/revisions"}],"wp:featuredmedia":[{"embeddable":true,"href":"https:\/\/www.gossip.it\/api\/wp\/v2\/media\/108349"}],"wp:attachment":[{"href":"https:\/\/www.gossip.it\/api\/wp\/v2\/media?parent=52303"}],"wp:term":[{"taxonomy":"category","embeddable":true,"href":"https:\/\/www.gossip.it\/api\/wp\/v2\/categories?post=52303"},{"taxonomy":"post_tag","embeddable":true,"href":"https:\/\/www.gossip.it\/api\/wp\/v2\/tags?post=52303"},{"taxonomy":"vip","embeddable":true,"href":"https:\/\/www.gossip.it\/api\/wp\/v2\/vip?post=52303"}],"curies":[{"name":"wp","href":"https:\/\/api.w.org\/{rel}","templated":true}]}}