{"id":52343,"date":"2015-08-12T00:00:00","date_gmt":"2015-08-11T22:00:00","guid":{"rendered":"https:\/\/www.gossip.it\/senza-categoria\/aurora-ramazzotti-x-factor\/"},"modified":"2015-08-12T00:00:00","modified_gmt":"2015-08-11T22:00:00","slug":"aurora-ramazzotti-x-factor","status":"publish","type":"post","link":"https:\/\/www.gossip.it\/news\/aurora-ramazzotti-x-factor\/","title":{"rendered":"Aurora Ramazzotti condurr\u00e0 il daily di X Factor su Sky: la rete insorge e pap\u00e0 Eros la difende"},"content":{"rendered":"<p><strong><a href=\"http:\/\/www.gossip.it\/vip\/aurora-ramazzotti \/\">Aurora Ramazzotti <\/a><\/strong><span style=\"line-height: 1.6em;\">sbarca in tv. La figlia di <\/span><strong><a href=\"http:\/\/www.gossip.it\/vip\/eros-ramazzotti \/\">Eros Ramazzotti <\/a><\/strong><span style=\"line-height: 1.6em;\">e <\/span><strong><a href=\"http:\/\/www.gossip.it\/vip\/michelle-hunziker\/\">Michelle Hunziker<\/a>\u00a0<\/strong><span style=\"line-height: 1.6em;\">sar\u00e0 la nuova <strong>conduttrice<\/strong> di <strong>X Factor Daily<\/strong> (in onda su<strong> Sky Uno<\/strong> dal luned\u00ec al venerd\u00ec a partire da ottobre). La notizia ha suscitato polemiche sul web e pap\u00e0 Eros \u00e8 intervenuto per difenderla.<\/span><\/p>\n<figure class=\"caption\"><img decoding=\"async\" alt=\"\" height=\"798\" width=\"620\" src=\"http:\/\/files.gossip.it\/immagini_news\/2015\/08\/1439391536_AURORA_X_FACTOR.jpg\" \/><figcaption>Aurora Ramazzotti condurr\u00e0 la striscia quotidiana di X Factor su Sky Uno a partire da ottobre<\/figcaption><\/figure>\n<p><span style=\"line-height: 1.6em;\">Ogni settimana la Ramazzotti, quasi coetanea di molti concorrenti, avr\u00e0 il compito di portare al pubblico le loro emozioni e la loro preparazione ai <em>Live Show<\/em>, fino alla fatidica finale. Per farlo, Aurora, vivr\u00e0 a stretto contatto con i ragazzi, raccontando la loro esperienza ogni giorno. Ad annunciare la novit\u00e0 \u00e8 stata la pagina ufficiale del talent di Sky, ma la notizia ha sollevato diverse critiche sui social. Gli utenti hanno messo in dubbio il fatto che la ragazza sia stata scelta per ragioni meritocratiche e per talento, dandole della \u2018<strong>raccomandata<\/strong>\u2019.\u00a0<\/span><\/p>\n<figure class=\"caption\"><img decoding=\"async\" alt=\"\" height=\"368\" width=\"620\" src=\"http:\/\/files.gossip.it\/immagini_news\/2015\/08\/1439391638_eros_instagram.jpg\" \/><figcaption>Eros Ramazzotti ha difeso la figlia con un lungo post sul suo profilo Instagram<\/figcaption><\/figure>\n<p><span style=\"line-height: 1.6em;\">Alle critiche ha voluto rispondere pap\u00e0 Eros con un lungo post su<em> Instagram<\/em>: \u2018<em>Cari ragazzi\/e, i genitori di Aurora( io sono il padre se non si era capito, non quello della foto??)oltre ad aver fatto la gavetta avendo ottenuto calci nel culo e porte in faccia da quasi tutti, oggi, con la grinta e il talento che mi\/ci distingueva dalla massa,fanno lavorare migliaia e miglialia di persone in quasi tutto il mondo. Sentire la becera gente attaccare Aurora Ramazzotti come quella \"raccomandata\" e paragonarla al nepotismo schifoso di una societa marcia come la nostra, mi VIENE LETTERALMENTE DA RIDERE. Noi ci siamo fatti il mazzo per arrivare dove siamo e non abbiamo rubato, ripeto \"RUBATO\" nulla a nessuna e tantomeno \"UCCISO\". Eravamo UMILI, e UMILI RESTEREMO e non sar\u00e0 un applauso in pi\u00f9 a cambiare la nostra visione della vita. Smettetela di nascondervi dietro un falso nome a sparare sentenze anche moooolto offensive nei confronti di chi ha piu possibilit\u00e0 e che verosimilmente ve le dimostrer\u00e0 alla grande,sbugiardandovi alla prima occasione. Quando questo sistema in Italia andr\u00e0 a morire penso si vivr\u00e0 tutti meglio, chi con pi\u00f9, chi con meno, questa sar\u00e0 la vita, e questo dovremo accettare, TUTTI,senza INVIDIA?\u2764\ufe0f?ps: e fatevela na risata. Ps: Aurora \u00e8 stata presa da professionisti che ogni giorno selezionano migliaia di persone non certamente TUTTE con anni di gavetta alle spalle o con diplomi vari..Dobbiamo metterci in testa che la vita oggi va cos\u00ec\u2019.<\/em><\/span><\/p>\n<p>\u00a0<\/p>\n","protected":false},"excerpt":{"rendered":"<p>Aurora Ramazzotti sbarca in tv. La figlia di Eros Ramazzotti e Michelle Hunziker\u00a0sar\u00e0 la nuova conduttrice di X Factor Daily (in onda su Sky Uno dal luned\u00ec al venerd\u00ec a partire da ottobre). La notizia ha suscitato polemiche sul web e pap\u00e0 Eros \u00e8 intervenuto per difenderla. Aurora Ramazzotti condurr\u00e0 la striscia quotidiana di X [&hellip;]<\/p>\n","protected":false},"author":1,"featured_media":108389,"comment_status":"closed","ping_status":"closed","sticky":false,"template":"","format":"standard","meta":{"footnotes":""},"categories":[54],"tags":[1939,1992,3296,40412,51810,1905,1900,1912,3352,43951,1932,4903,5411],"vip":[693,1351,1775],"class_list":["post-52343","post","type-post","status-publish","format-standard","has-post-thumbnail","hentry","category-news","tag-aurora-ramazzotti","tag-conduttrice","tag-critiche","tag-daily","tag-edoardo-gori","tag-figlia","tag-mamma","tag-padre","tag-polemiche","tag-quotidiana","tag-sky","tag-striscia","tag-x-factor","vip-eros_ramazzotti","vip-michelle_hunziker","vip-tomaso_trussardi"],"yoast_head":"<title>Aurora Ramazzotti condurr\u00e0 il daily di X Factor su Sky: la rete insorge e pap\u00e0 Eros la difende - Gossip.it | News sul Gossip e VIP<\/title>\n<meta name=\"description\" content=\"Aurora Ramazzotti sbarca in tv. La figlia di Eros Ramazzotti e Michelle Hunziker\u00a0sar\u00e0 la nuova conduttrice di X Factor Daily (in onda su Sky Uno dal\" \/>\n<meta name=\"robots\" content=\"index, follow, max-snippet:-1, max-image-preview:large, max-video-preview:-1\" \/>\n<link rel=\"canonical\" href=\"https:\/\/www.gossip.it\/news\/aurora-ramazzotti-x-factor\/\" \/>\n<meta property=\"og:locale\" content=\"it_IT\" \/>\n<meta property=\"og:type\" content=\"article\" \/>\n<meta property=\"og:title\" content=\"Aurora Ramazzotti condurr\u00e0 il daily di X Factor su Sky: la rete insorge e pap\u00e0 Eros la difende - Gossip.it | News sul Gossip e VIP\" \/>\n<meta property=\"og:description\" content=\"Aurora Ramazzotti sbarca in tv. La figlia di Eros Ramazzotti e Michelle Hunziker\u00a0sar\u00e0 la nuova conduttrice di X Factor Daily (in onda su Sky Uno dal\" \/>\n<meta property=\"og:url\" content=\"https:\/\/www.gossip.it\/news\/aurora-ramazzotti-x-factor\/\" \/>\n<meta property=\"og:site_name\" content=\"Gossip.it | News sul Gossip e VIP\" \/>\n<meta property=\"article:publisher\" content=\"https:\/\/www.facebook.com\/GossipIT\" \/>\n<meta property=\"article:published_time\" content=\"2015-08-11T22:00:00+00:00\" \/>\n<meta property=\"og:image\" content=\"http:\/\/files.gossip.it\/immagini_news\/2015\/08\/1439391536_AURORA_X_FACTOR.jpg\" \/>\n<meta name=\"author\" content=\"La Redazione\" \/>\n<meta name=\"twitter:card\" content=\"summary_large_image\" \/>\n<meta name=\"twitter:image\" content=\"http:\/\/files.gossip.it\/immagini_news\/2015\/08\/1439391536_AURORA_X_FACTOR.jpg\" \/>\n<meta name=\"twitter:creator\" content=\"@gossinews_it\" \/>\n<meta name=\"twitter:site\" content=\"@gossinews_it\" \/>\n<meta name=\"twitter:label1\" content=\"Scritto da\" \/>\n\t<meta name=\"twitter:data1\" content=\"Veronica Langella\" \/>\n\t<meta name=\"twitter:label2\" content=\"Tempo di lettura stimato\" \/>\n\t<meta name=\"twitter:data2\" content=\"2 minuti\" \/>","yoast_head_json":{"title":"Aurora Ramazzotti condurr\u00e0 il daily di X Factor su Sky: la rete insorge e pap\u00e0 Eros la difende - Gossip.it | News sul Gossip e VIP","description":"Aurora Ramazzotti sbarca in tv. La figlia di Eros Ramazzotti e Michelle Hunziker\u00a0sar\u00e0 la nuova conduttrice di X Factor Daily (in onda su Sky Uno dal","robots":{"index":"index","follow":"follow","max-snippet":"max-snippet:-1","max-image-preview":"max-image-preview:large","max-video-preview":"max-video-preview:-1"},"canonical":"https:\/\/www.gossip.it\/news\/aurora-ramazzotti-x-factor\/","og_locale":"it_IT","og_type":"article","og_title":"Aurora Ramazzotti condurr\u00e0 il daily di X Factor su Sky: la rete insorge e pap\u00e0 Eros la difende - Gossip.it | News sul Gossip e VIP","og_description":"Aurora Ramazzotti sbarca in tv. La figlia di Eros Ramazzotti e Michelle Hunziker\u00a0sar\u00e0 la nuova conduttrice di X Factor Daily (in onda su Sky Uno dal","og_url":"https:\/\/www.gossip.it\/news\/aurora-ramazzotti-x-factor\/","og_site_name":"Gossip.it | News sul Gossip e VIP","article_publisher":"https:\/\/www.facebook.com\/GossipIT","article_published_time":"2015-08-11T22:00:00+00:00","og_image":[{"url":"http:\/\/files.gossip.it\/immagini_news\/2015\/08\/1439391536_AURORA_X_FACTOR.jpg"}],"author":"La Redazione","twitter_card":"summary_large_image","twitter_image":"http:\/\/files.gossip.it\/immagini_news\/2015\/08\/1439391536_AURORA_X_FACTOR.jpg","twitter_creator":"@gossinews_it","twitter_site":"@gossinews_it","twitter_misc":{"Scritto da":"Veronica Langella","Tempo di lettura stimato":"2 minuti"},"schema":{"@context":"https:\/\/schema.org","@graph":[{"@type":"Article","@id":"https:\/\/www.gossip.it\/news\/aurora-ramazzotti-x-factor\/#article","isPartOf":{"@id":"https:\/\/www.gossip.it\/news\/aurora-ramazzotti-x-factor\/"},"author":{"name":"La Redazione","@id":"https:\/\/www.gossip.it\/#\/schema\/person\/488896f75158bff1cc83c6c39d141110"},"headline":"Aurora Ramazzotti condurr\u00e0 il daily di X Factor su Sky: la rete insorge e pap\u00e0 Eros la difende","datePublished":"2015-08-11T22:00:00+00:00","dateModified":"2015-08-11T22:00:00+00:00","mainEntityOfPage":{"@id":"https:\/\/www.gossip.it\/news\/aurora-ramazzotti-x-factor\/"},"wordCount":432,"publisher":{"@id":"https:\/\/www.gossip.it\/#organization"},"image":{"@id":"https:\/\/www.gossip.it\/news\/aurora-ramazzotti-x-factor\/#primaryimage"},"thumbnailUrl":"http:\/\/files.gossip.it\/immagini_news\/2015\/08\/1439391536_AURORA_X_FACTOR.jpg","keywords":["aurora ramazzotti","conduttrice","critiche","daily","edoardo gori","figlia","mamma","padre","polemiche","quotidiana","sky","striscia","x factor"],"articleSection":["News"],"inLanguage":"it-IT"},{"@type":"WebPage","@id":"https:\/\/www.gossip.it\/news\/aurora-ramazzotti-x-factor\/","url":"https:\/\/www.gossip.it\/news\/aurora-ramazzotti-x-factor\/","name":"Aurora Ramazzotti condurr\u00e0 il daily di X Factor su Sky: la rete insorge e pap\u00e0 Eros la difende - Gossip.it | News sul Gossip e VIP","isPartOf":{"@id":"https:\/\/www.gossip.it\/#website"},"primaryImageOfPage":{"@id":"https:\/\/www.gossip.it\/news\/aurora-ramazzotti-x-factor\/#primaryimage"},"image":{"@id":"https:\/\/www.gossip.it\/news\/aurora-ramazzotti-x-factor\/#primaryimage"},"thumbnailUrl":"http:\/\/files.gossip.it\/immagini_news\/2015\/08\/1439391536_AURORA_X_FACTOR.jpg","datePublished":"2015-08-11T22:00:00+00:00","dateModified":"2015-08-11T22:00:00+00:00","description":"Aurora Ramazzotti sbarca in tv. La figlia di Eros Ramazzotti e Michelle Hunziker\u00a0sar\u00e0 la nuova conduttrice di X Factor Daily (in onda su Sky Uno dal","breadcrumb":{"@id":"https:\/\/www.gossip.it\/news\/aurora-ramazzotti-x-factor\/#breadcrumb"},"inLanguage":"it-IT","potentialAction":[{"@type":"ReadAction","target":["https:\/\/www.gossip.it\/news\/aurora-ramazzotti-x-factor\/"]}]},{"@type":"ImageObject","inLanguage":"it-IT","@id":"https:\/\/www.gossip.it\/news\/aurora-ramazzotti-x-factor\/#primaryimage","url":"http:\/\/files.gossip.it\/immagini_news\/2015\/08\/1439391536_AURORA_X_FACTOR.jpg","contentUrl":"http:\/\/files.gossip.it\/immagini_news\/2015\/08\/1439391536_AURORA_X_FACTOR.jpg"},{"@type":"BreadcrumbList","@id":"https:\/\/www.gossip.it\/news\/aurora-ramazzotti-x-factor\/#breadcrumb","itemListElement":[{"@type":"ListItem","position":1,"name":"Home","item":"https:\/\/www.gossip.it\/"},{"@type":"ListItem","position":2,"name":"Aurora Ramazzotti condurr\u00e0 il daily di X Factor su Sky: la rete insorge e pap\u00e0 Eros la difende"}]},{"@type":"WebSite","@id":"https:\/\/www.gossip.it\/#website","url":"https:\/\/www.gossip.it\/","name":"Gossip and VIP News","description":"Quotidiano di cronaca rosa, costume e societ\u00e0","publisher":{"@id":"https:\/\/www.gossip.it\/#organization"},"alternateName":"Gossip and VIP News","potentialAction":[{"@type":"SearchAction","target":{"@type":"EntryPoint","urlTemplate":"https:\/\/www.gossip.it\/?s={search_term_string}"},"query-input":{"@type":"PropertyValueSpecification","valueRequired":true,"valueName":"search_term_string"}}],"inLanguage":"it-IT"},{"@type":"Organization","@id":"https:\/\/www.gossip.it\/#organization","name":"Gossip and VIP News","alternateName":"Gossip News","url":"https:\/\/www.gossip.it\/","logo":{"@type":"ImageObject","inLanguage":"it-IT","@id":"https:\/\/www.gossip.it\/#\/schema\/logo\/image\/","url":"https:\/\/www.gossip.it\/wp-content\/uploads\/2022\/04\/cropped-corna-alta-tiny.png","contentUrl":"https:\/\/www.gossip.it\/wp-content\/uploads\/2022\/04\/cropped-corna-alta-tiny.png","width":512,"height":512,"caption":"Gossip and VIP News"},"image":{"@id":"https:\/\/www.gossip.it\/#\/schema\/logo\/image\/"},"sameAs":["https:\/\/www.facebook.com\/GossipIT","https:\/\/x.com\/gossinews_it","https:\/\/instagram.com\/gossip_it"]},{"@type":"Person","@id":"https:\/\/www.gossip.it\/#\/schema\/person\/488896f75158bff1cc83c6c39d141110","name":"La Redazione","image":{"@type":"ImageObject","inLanguage":"it-IT","@id":"https:\/\/www.gossip.it\/#\/schema\/person\/image\/","url":"https:\/\/secure.gravatar.com\/avatar\/5a5f5c6fa3e6700e4249abdad0263a1e94e927d9e0499b1cb09c1cd29c044d80?s=96&d=mm&r=g","contentUrl":"https:\/\/secure.gravatar.com\/avatar\/5a5f5c6fa3e6700e4249abdad0263a1e94e927d9e0499b1cb09c1cd29c044d80?s=96&d=mm&r=g","caption":"La Redazione"},"sameAs":["https:\/\/www.gossip.it"]}]}},"amp_enabled":true,"_links":{"self":[{"href":"https:\/\/www.gossip.it\/api\/wp\/v2\/posts\/52343","targetHints":{"allow":["GET"]}}],"collection":[{"href":"https:\/\/www.gossip.it\/api\/wp\/v2\/posts"}],"about":[{"href":"https:\/\/www.gossip.it\/api\/wp\/v2\/types\/post"}],"author":[{"embeddable":true,"href":"https:\/\/www.gossip.it\/api\/wp\/v2\/users\/1"}],"replies":[{"embeddable":true,"href":"https:\/\/www.gossip.it\/api\/wp\/v2\/comments?post=52343"}],"version-history":[{"count":0,"href":"https:\/\/www.gossip.it\/api\/wp\/v2\/posts\/52343\/revisions"}],"wp:featuredmedia":[{"embeddable":true,"href":"https:\/\/www.gossip.it\/api\/wp\/v2\/media\/108389"}],"wp:attachment":[{"href":"https:\/\/www.gossip.it\/api\/wp\/v2\/media?parent=52343"}],"wp:term":[{"taxonomy":"category","embeddable":true,"href":"https:\/\/www.gossip.it\/api\/wp\/v2\/categories?post=52343"},{"taxonomy":"post_tag","embeddable":true,"href":"https:\/\/www.gossip.it\/api\/wp\/v2\/tags?post=52343"},{"taxonomy":"vip","embeddable":true,"href":"https:\/\/www.gossip.it\/api\/wp\/v2\/vip?post=52343"}],"curies":[{"name":"wp","href":"https:\/\/api.w.org\/{rel}","templated":true}]}}