{"id":52392,"date":"2015-08-25T00:00:00","date_gmt":"2015-08-24T22:00:00","guid":{"rendered":"https:\/\/www.gossip.it\/senza-categoria\/barbara-d-urso-lavoro-pomeriggio-cinque\/"},"modified":"2015-08-25T00:00:00","modified_gmt":"2015-08-24T22:00:00","slug":"barbara-d-urso-lavoro-pomeriggio-cinque","status":"publish","type":"post","link":"https:\/\/www.gossip.it\/news\/barbara-d-urso-lavoro-pomeriggio-cinque\/","title":{"rendered":"Barbara D'Urso torna al lavoro per 'Pomeriggio Cinque'"},"content":{"rendered":"<p><a href=\"http:\/\/www.gossip.it\/vip\/barbara-d'urso\/\">Barbara D'Urso<\/a> di nuovo al<strong> lavoro<\/strong>. Mancano pochi giorni alla messa in onda su<em> Canale 5 <\/em>della nuova edizione di \"<strong>Pomeriggio Cinque<\/strong>\". L'appuntamento \u00e8 per luned\u00ec 31 agosto. La conduttrice \u00e8 gi\u00e0 all'opera: ha lasciato il mare della <em>Toscana <\/em>dove si trovava in vacanza per raggiungere gli uffici <em>Mediaset<\/em> di <em>Milano<\/em>. Sul suo profilo social ha anche mostrato ai follower il nuovo studio, si \u00e8 scattata un selfie nell'ascensore di <em>Cologno Monzese<\/em> e ha mandato ai follower un\u00a0<em>carmelitasmack<\/em> direttamente dal camerino.<\/p>\n<figure class=\"caption\"><img decoding=\"async\" alt=\"\" height=\"619\" width=\"620\" src=\"http:\/\/files.gossip.it\/immagini_news\/2015\/08\/1440508678_barbara_d_urso_ritorno_al_lavoro.jpg\" \/><figcaption>Barbara D'Urso \u00e8 tornata al lavoro e manda un bacio ai follower dal camerino\u00a0<\/figcaption><\/figure>\n<p>Dopo la vacanza,<strong> Barbara D'Urso<\/strong> \u00e8 di nuovo al<strong> lavoro<\/strong> per preparare la sua storica trasmissione che all'inizio sar\u00e0 ancor pi\u00f9 impegnativa del solito: per le prime settimane di programmazione \"<strong>Pomeriggio Cinque<\/strong>\" durer\u00e0 dalle 15 alle 19, riempiendo anche la fascia oraria di <em>\"Uomini e Donne\"<\/em> e <em>\"Avanti un altro\"<\/em> che torneranno a partire dal 14 settembre.\u00a0<br \/><span style=\"line-height: 1.6em;\"><strong>Barbara<\/strong> ai follower ha mostrato felice la foto del nuovo studio: <em>\"Dopo anni abbiamo traslocato<\/em> - ha raccontato al <em>Corriere della Sera<\/em> <em>- e per me che vivo l\u00ec dentro non \u00e8 stata una passeggiata. Ho sposato il divano letto, camerini... Sar\u00e0 uno studio low-cost che renderemo ugualmente accogliente\"<\/em>. Riguardo ai contenuti del contenitore pomeridiano invece ha detto:<em> \"La priorit\u00e0 resta sempre la cronaca\"<\/em>.<\/span><\/p>\n<figure class=\"caption\"><img decoding=\"async\" alt=\"\" height=\"619\" width=\"620\" src=\"http:\/\/files.gossip.it\/immagini_news\/2015\/08\/1440508770_barbara_d_urso_lavori_studio_pomeriggio_cinque.jpg\" \/><figcaption>La conduttrice nel nuovo studio di 'Pomeriggio Cinque'<\/figcaption><\/figure>\n<figure class=\"caption\"><img decoding=\"async\" alt=\"\" height=\"619\" width=\"620\" src=\"http:\/\/files.gossip.it\/immagini_news\/2015\/08\/1440508810_barbara_d_urso_selfie_studi_canale_5.jpg\" \/><figcaption>La D'Urso si scatta un selfie nell'ascensore degli uffici Mediaset di Cologno Monzese<\/figcaption><\/figure>\n<p><strong>Barbara D'Urso<\/strong> ha trascorso le ultime settimane a prendere il sole in<em> Toscana<\/em>. Si \u00e8 divertita un mondo e ha passato del tempo anche con la sua amica\u00a0<a href=\"http:\/\/www.gossip.it\/vip\/-fabiola sciabbarrasi\/\">Fabiola Sciabbarrasi<\/a>. Ma dagli scatti che posta sul social sembra ben contenta di cominciare la nuova stagione televisiva. Il suo pubblico le \u00e8 mancato e ora \u00e8 di nuovo al<strong> lavoro<\/strong> per preparare un'edizione di \"<strong>Pomeriggio Cinque<\/strong>\" coi fiocchi. Non mancheranno le sorprese, come cinguetta lei stessa sul social.\u00a0<\/p>\n<p>\u00a0<\/p>\n","protected":false},"excerpt":{"rendered":"<p>Barbara D'Urso di nuovo al lavoro. Mancano pochi giorni alla messa in onda su Canale 5 della nuova edizione di \"Pomeriggio Cinque\". L'appuntamento \u00e8 per luned\u00ec 31 agosto. La conduttrice \u00e8 gi\u00e0 all'opera: ha lasciato il mare della Toscana dove si trovava in vacanza per raggiungere gli uffici Mediaset di Milano. Sul suo profilo social [&hellip;]<\/p>\n","protected":false},"author":1,"featured_media":108438,"comment_status":"closed","ping_status":"closed","sticky":false,"template":"","format":"standard","meta":{"footnotes":""},"categories":[54],"tags":[2098,1992,12200,2976,3170,2291,1979,7369,1923,10945,6021,2097,2978],"vip":[383],"class_list":["post-52392","post","type-post","status-publish","format-standard","has-post-thumbnail","hentry","category-news","tag-canale-5","tag-conduttrice","tag-follower","tag-lavoro","tag-mare","tag-mediaset","tag-milano","tag-pomeriggio-cinque","tag-social","tag-studi","tag-toscana","tag-tv","tag-vacanze","vip-barbara_durso"],"yoast_head":"<title>Barbara D&#039;Urso torna al lavoro per &#039;Pomeriggio Cinque&#039; - Gossip.it | News sul Gossip e VIP<\/title>\n<meta name=\"description\" content=\"Barbara D&#039;Urso di nuovo al lavoro. Mancano pochi giorni alla messa in onda su Canale 5 della nuova edizione di &quot;Pomeriggio Cinque&quot;. L&#039;appuntamento \u00e8 per\" \/>\n<meta name=\"robots\" content=\"index, follow, max-snippet:-1, max-image-preview:large, max-video-preview:-1\" \/>\n<link rel=\"canonical\" href=\"https:\/\/www.gossip.it\/news\/barbara-d-urso-lavoro-pomeriggio-cinque\/\" \/>\n<meta property=\"og:locale\" content=\"it_IT\" \/>\n<meta property=\"og:type\" content=\"article\" \/>\n<meta property=\"og:title\" content=\"Barbara D&#039;Urso torna al lavoro per &#039;Pomeriggio Cinque&#039; - Gossip.it | News sul Gossip e VIP\" \/>\n<meta property=\"og:description\" content=\"Barbara D&#039;Urso di nuovo al lavoro. Mancano pochi giorni alla messa in onda su Canale 5 della nuova edizione di &quot;Pomeriggio Cinque&quot;. L&#039;appuntamento \u00e8 per\" \/>\n<meta property=\"og:url\" content=\"https:\/\/www.gossip.it\/news\/barbara-d-urso-lavoro-pomeriggio-cinque\/\" \/>\n<meta property=\"og:site_name\" content=\"Gossip.it | News sul Gossip e VIP\" \/>\n<meta property=\"article:publisher\" content=\"https:\/\/www.facebook.com\/GossipIT\" \/>\n<meta property=\"article:published_time\" content=\"2015-08-24T22:00:00+00:00\" \/>\n<meta property=\"og:image\" content=\"http:\/\/files.gossip.it\/immagini_news\/2015\/08\/1440508678_barbara_d_urso_ritorno_al_lavoro.jpg\" \/>\n<meta name=\"author\" content=\"La Redazione\" \/>\n<meta name=\"twitter:card\" content=\"summary_large_image\" \/>\n<meta name=\"twitter:image\" content=\"http:\/\/files.gossip.it\/immagini_news\/2015\/08\/1440508678_barbara_d_urso_ritorno_al_lavoro.jpg\" \/>\n<meta name=\"twitter:creator\" content=\"@gossinews_it\" \/>\n<meta name=\"twitter:site\" content=\"@gossinews_it\" \/>\n<meta name=\"twitter:label1\" content=\"Scritto da\" \/>\n\t<meta name=\"twitter:data1\" content=\"Francesca Romana Domenici\" \/>\n\t<meta name=\"twitter:label2\" content=\"Tempo di lettura stimato\" \/>\n\t<meta name=\"twitter:data2\" content=\"1 minuto\" \/>","yoast_head_json":{"title":"Barbara D'Urso torna al lavoro per 'Pomeriggio Cinque' - Gossip.it | News sul Gossip e VIP","description":"Barbara D'Urso di nuovo al lavoro. Mancano pochi giorni alla messa in onda su Canale 5 della nuova edizione di \"Pomeriggio Cinque\". L'appuntamento \u00e8 per","robots":{"index":"index","follow":"follow","max-snippet":"max-snippet:-1","max-image-preview":"max-image-preview:large","max-video-preview":"max-video-preview:-1"},"canonical":"https:\/\/www.gossip.it\/news\/barbara-d-urso-lavoro-pomeriggio-cinque\/","og_locale":"it_IT","og_type":"article","og_title":"Barbara D'Urso torna al lavoro per 'Pomeriggio Cinque' - Gossip.it | News sul Gossip e VIP","og_description":"Barbara D'Urso di nuovo al lavoro. Mancano pochi giorni alla messa in onda su Canale 5 della nuova edizione di \"Pomeriggio Cinque\". L'appuntamento \u00e8 per","og_url":"https:\/\/www.gossip.it\/news\/barbara-d-urso-lavoro-pomeriggio-cinque\/","og_site_name":"Gossip.it | News sul Gossip e VIP","article_publisher":"https:\/\/www.facebook.com\/GossipIT","article_published_time":"2015-08-24T22:00:00+00:00","og_image":[{"url":"http:\/\/files.gossip.it\/immagini_news\/2015\/08\/1440508678_barbara_d_urso_ritorno_al_lavoro.jpg"}],"author":"La Redazione","twitter_card":"summary_large_image","twitter_image":"http:\/\/files.gossip.it\/immagini_news\/2015\/08\/1440508678_barbara_d_urso_ritorno_al_lavoro.jpg","twitter_creator":"@gossinews_it","twitter_site":"@gossinews_it","twitter_misc":{"Scritto da":"Francesca Romana Domenici","Tempo di lettura stimato":"1 minuto"},"schema":{"@context":"https:\/\/schema.org","@graph":[{"@type":"Article","@id":"https:\/\/www.gossip.it\/news\/barbara-d-urso-lavoro-pomeriggio-cinque\/#article","isPartOf":{"@id":"https:\/\/www.gossip.it\/news\/barbara-d-urso-lavoro-pomeriggio-cinque\/"},"author":{"name":"La Redazione","@id":"https:\/\/www.gossip.it\/#\/schema\/person\/488896f75158bff1cc83c6c39d141110"},"headline":"Barbara D'Urso torna al lavoro per 'Pomeriggio Cinque'","datePublished":"2015-08-24T22:00:00+00:00","dateModified":"2015-08-24T22:00:00+00:00","mainEntityOfPage":{"@id":"https:\/\/www.gossip.it\/news\/barbara-d-urso-lavoro-pomeriggio-cinque\/"},"wordCount":321,"publisher":{"@id":"https:\/\/www.gossip.it\/#organization"},"image":{"@id":"https:\/\/www.gossip.it\/news\/barbara-d-urso-lavoro-pomeriggio-cinque\/#primaryimage"},"thumbnailUrl":"http:\/\/files.gossip.it\/immagini_news\/2015\/08\/1440508678_barbara_d_urso_ritorno_al_lavoro.jpg","keywords":["canale 5","conduttrice","follower","lavoro","mare","mediaset","milano","pomeriggio cinque","social","studi","toscana","tv","vacanze"],"articleSection":["News"],"inLanguage":"it-IT"},{"@type":"WebPage","@id":"https:\/\/www.gossip.it\/news\/barbara-d-urso-lavoro-pomeriggio-cinque\/","url":"https:\/\/www.gossip.it\/news\/barbara-d-urso-lavoro-pomeriggio-cinque\/","name":"Barbara D'Urso torna al lavoro per 'Pomeriggio Cinque' - Gossip.it | News sul Gossip e VIP","isPartOf":{"@id":"https:\/\/www.gossip.it\/#website"},"primaryImageOfPage":{"@id":"https:\/\/www.gossip.it\/news\/barbara-d-urso-lavoro-pomeriggio-cinque\/#primaryimage"},"image":{"@id":"https:\/\/www.gossip.it\/news\/barbara-d-urso-lavoro-pomeriggio-cinque\/#primaryimage"},"thumbnailUrl":"http:\/\/files.gossip.it\/immagini_news\/2015\/08\/1440508678_barbara_d_urso_ritorno_al_lavoro.jpg","datePublished":"2015-08-24T22:00:00+00:00","dateModified":"2015-08-24T22:00:00+00:00","description":"Barbara D'Urso di nuovo al lavoro. Mancano pochi giorni alla messa in onda su Canale 5 della nuova edizione di \"Pomeriggio Cinque\". L'appuntamento \u00e8 per","breadcrumb":{"@id":"https:\/\/www.gossip.it\/news\/barbara-d-urso-lavoro-pomeriggio-cinque\/#breadcrumb"},"inLanguage":"it-IT","potentialAction":[{"@type":"ReadAction","target":["https:\/\/www.gossip.it\/news\/barbara-d-urso-lavoro-pomeriggio-cinque\/"]}]},{"@type":"ImageObject","inLanguage":"it-IT","@id":"https:\/\/www.gossip.it\/news\/barbara-d-urso-lavoro-pomeriggio-cinque\/#primaryimage","url":"http:\/\/files.gossip.it\/immagini_news\/2015\/08\/1440508678_barbara_d_urso_ritorno_al_lavoro.jpg","contentUrl":"http:\/\/files.gossip.it\/immagini_news\/2015\/08\/1440508678_barbara_d_urso_ritorno_al_lavoro.jpg"},{"@type":"BreadcrumbList","@id":"https:\/\/www.gossip.it\/news\/barbara-d-urso-lavoro-pomeriggio-cinque\/#breadcrumb","itemListElement":[{"@type":"ListItem","position":1,"name":"Home","item":"https:\/\/www.gossip.it\/"},{"@type":"ListItem","position":2,"name":"Barbara D'Urso torna al lavoro per 'Pomeriggio Cinque'"}]},{"@type":"WebSite","@id":"https:\/\/www.gossip.it\/#website","url":"https:\/\/www.gossip.it\/","name":"Gossip and VIP News","description":"Quotidiano di cronaca rosa, costume e societ\u00e0","publisher":{"@id":"https:\/\/www.gossip.it\/#organization"},"alternateName":"Gossip and VIP News","potentialAction":[{"@type":"SearchAction","target":{"@type":"EntryPoint","urlTemplate":"https:\/\/www.gossip.it\/?s={search_term_string}"},"query-input":{"@type":"PropertyValueSpecification","valueRequired":true,"valueName":"search_term_string"}}],"inLanguage":"it-IT"},{"@type":"Organization","@id":"https:\/\/www.gossip.it\/#organization","name":"Gossip and VIP News","alternateName":"Gossip News","url":"https:\/\/www.gossip.it\/","logo":{"@type":"ImageObject","inLanguage":"it-IT","@id":"https:\/\/www.gossip.it\/#\/schema\/logo\/image\/","url":"https:\/\/www.gossip.it\/wp-content\/uploads\/2022\/04\/cropped-corna-alta-tiny.png","contentUrl":"https:\/\/www.gossip.it\/wp-content\/uploads\/2022\/04\/cropped-corna-alta-tiny.png","width":512,"height":512,"caption":"Gossip and VIP News"},"image":{"@id":"https:\/\/www.gossip.it\/#\/schema\/logo\/image\/"},"sameAs":["https:\/\/www.facebook.com\/GossipIT","https:\/\/x.com\/gossinews_it","https:\/\/instagram.com\/gossip_it"]},{"@type":"Person","@id":"https:\/\/www.gossip.it\/#\/schema\/person\/488896f75158bff1cc83c6c39d141110","name":"La Redazione","image":{"@type":"ImageObject","inLanguage":"it-IT","@id":"https:\/\/www.gossip.it\/#\/schema\/person\/image\/","url":"https:\/\/secure.gravatar.com\/avatar\/5a5f5c6fa3e6700e4249abdad0263a1e94e927d9e0499b1cb09c1cd29c044d80?s=96&d=mm&r=g","contentUrl":"https:\/\/secure.gravatar.com\/avatar\/5a5f5c6fa3e6700e4249abdad0263a1e94e927d9e0499b1cb09c1cd29c044d80?s=96&d=mm&r=g","caption":"La Redazione"},"sameAs":["https:\/\/www.gossip.it"]}]}},"amp_enabled":true,"_links":{"self":[{"href":"https:\/\/www.gossip.it\/api\/wp\/v2\/posts\/52392","targetHints":{"allow":["GET"]}}],"collection":[{"href":"https:\/\/www.gossip.it\/api\/wp\/v2\/posts"}],"about":[{"href":"https:\/\/www.gossip.it\/api\/wp\/v2\/types\/post"}],"author":[{"embeddable":true,"href":"https:\/\/www.gossip.it\/api\/wp\/v2\/users\/1"}],"replies":[{"embeddable":true,"href":"https:\/\/www.gossip.it\/api\/wp\/v2\/comments?post=52392"}],"version-history":[{"count":0,"href":"https:\/\/www.gossip.it\/api\/wp\/v2\/posts\/52392\/revisions"}],"wp:featuredmedia":[{"embeddable":true,"href":"https:\/\/www.gossip.it\/api\/wp\/v2\/media\/108438"}],"wp:attachment":[{"href":"https:\/\/www.gossip.it\/api\/wp\/v2\/media?parent=52392"}],"wp:term":[{"taxonomy":"category","embeddable":true,"href":"https:\/\/www.gossip.it\/api\/wp\/v2\/categories?post=52392"},{"taxonomy":"post_tag","embeddable":true,"href":"https:\/\/www.gossip.it\/api\/wp\/v2\/tags?post=52392"},{"taxonomy":"vip","embeddable":true,"href":"https:\/\/www.gossip.it\/api\/wp\/v2\/vip?post=52392"}],"curies":[{"name":"wp","href":"https:\/\/api.w.org\/{rel}","templated":true}]}}