{"id":52432,"date":"2015-08-31T00:00:00","date_gmt":"2015-08-30T22:00:00","guid":{"rendered":"https:\/\/www.gossip.it\/senza-categoria\/elisabetta-canalis-incinta-mini-dress\/"},"modified":"2015-08-31T00:00:00","modified_gmt":"2015-08-30T22:00:00","slug":"elisabetta-canalis-incinta-mini-dress","status":"publish","type":"post","link":"https:\/\/www.gossip.it\/news\/elisabetta-canalis-incinta-mini-dress\/","title":{"rendered":"Elisabetta Canalis incinta a LA con il mini dress black"},"content":{"rendered":"<p><a href=\"http:\/\/www.gossip.it\/vip\/elisabetta-canalis\/\">Elisabetta Canalis<\/a> per andare in lavanderia a Los Angeles sceglie un look comodo e fresco: l'ex <a href=\"http:\/\/www.gossip.it\/vip\/velina\/\">velina<\/a> 36enne, <a href=\"http:\/\/www.gossip.it\/vip\/incinta\/\">incinta<\/a> di otto mesi, ha voluto indossare un delizioso <strong>mini dress<\/strong> morbido nero, con disegni bianchi sul bordo.<\/p>\n<figure class=\"caption\"><img decoding=\"async\" alt=\"\" width=\"620\" height=\"980\" src=\"http:\/\/files.gossip.it\/immagini_news\/2015\/08\/1441010251_Elisabetta-Canalis-esce-dalla-lavanderia.jpg\" \/><figcaption>Elisabetta Canalis per andare in lavanderia a Los Angeles sceglie un mini dress nero e ai piedi infradito<\/figcaption><\/figure>\n<p>La <a href=\"http:\/\/www.gossip.it\/vip\/gravidanza\/\">gravidanza<\/a> l'ha resa radiosa. <strong>Elisabetta Canali<\/strong>s da donna <strong>incinta<\/strong> ha catturato ancor pi\u00f9 le simpatie dei fan, che hanno adorato il suo modo di essere <em>'acqua e sapone'<\/em>. E anche durante la passeggiata nella Citt\u00e0 degli Angeli, intenta a sbrigare le faccende di casa, come portare una busta piena di vestiti\u00a0sporchi in lavanderia, ancora una volta fa del look <em>'nature'<\/em> un suo vanto: per la mora un <strong>mini dress<\/strong> black, infradito basse ai piedi e capelli raccolti in una coda senza molte pretese.<br \/>Sempre seguitissima negli Usa, in special modo ora che \u00e8 <strong>incinta<\/strong> di una bella beb\u00e8, non \u00e8 parsa infastidita dai paparazzi, anzi. Scesa dalla sua auto, una jeep, ha camminato tranquilla verso la lavanderia, dove ha lasciato gli abiti. Poi, subito dopo, \u00e8 tornata verso la macchina. Il <strong>mini dress<\/strong> ampio l'aiuta sicuramente a non sentire caldo in questo ultimo periodo di gestazione.<\/p>\n<figure class=\"caption\"><img decoding=\"async\" alt=\"\" width=\"620\" height=\"960\" src=\"http:\/\/files.gossip.it\/immagini_news\/2015\/08\/1441010309_Elisabetta-Canalis-incinta-los-angeles.jpg\" \/><figcaption>Per la 36enne un pancione enorme di quasi nove mesi<\/figcaption><\/figure>\n<figure class=\"caption\"><img decoding=\"async\" alt=\"\" width=\"620\" height=\"885\" src=\"http:\/\/files.gossip.it\/immagini_news\/2015\/08\/1441010340_Elisabetta-Canalis-lavanderia.jpg\" \/><figcaption>La showgirl e modella in dolce attesa ha sempre adottato l'ook semplici, acqua e sapone<\/figcaption><\/figure>\n<p>Fascino e semplicit\u00e0: <strong>Elisabetta Canalis<\/strong> a 36 anni e incinta del suo primo figlio, una femminuccia che arriver\u00e0 tra fine settembre e i primi di ottobre, \u00e8 un sogno con i suoi sorrisi da donna innamorata e appagata. Il prossimo 14 settembre festegger\u00e0 il suo primo anniversario di <a href=\"http:\/\/www.gossip.it\/vip\/matrimonio\/\">matrimonio<\/a>. Con <a href=\"http:\/\/www.gossip.it\/vip\/brian-perri\/\">Brian Perri<\/a> va tutto alla grande.<\/p>\n<figure class=\"caption\"><img decoding=\"async\" alt=\"\" width=\"620\" height=\"620\" src=\"http:\/\/files.gossip.it\/immagini_news\/2015\/08\/1441009542_eli-e-brian.JPG\" \/><figcaption>Eli e Brian un mese da insieme in Italia, a Venezia<\/figcaption><\/figure>\n<p>Il chirurgo ortopedico \u00e8 impaziente di abbracciare la pargola che nascer\u00e0, come la <a href=\"http:\/\/www.gossip.it\/vip\/showgirl\/\">showgirl<\/a>. Insieme formano una coppia perfetta. Eli appena pu\u00f2 trascorre ogni istante con il consorte, con cui ha passato splendide vacanze in Italia. Sul <a href=\"http:\/\/www.gossip.it\/vip\/social\/\">social<\/a> ricorda il viaggio a Venezia tra lavoro e piacere di un mese fa. La Canalis manda online una foto che la ritrae con Brian felice in Laguna. Sono davvero bellissimi.<\/p>\n<p>\u00a0<\/p>\n","protected":false},"excerpt":{"rendered":"<p>Elisabetta Canalis per andare in lavanderia a Los Angeles sceglie un look comodo e fresco: l'ex velina 36enne, incinta di otto mesi, ha voluto indossare un delizioso mini dress morbido nero, con disegni bianchi sul bordo. Elisabetta Canalis per andare in lavanderia a Los Angeles sceglie un mini dress nero e ai piedi infradito La [&hellip;]<\/p>\n","protected":false},"author":1,"featured_media":108478,"comment_status":"closed","ping_status":"closed","sticky":false,"template":"","format":"standard","meta":{"footnotes":""},"categories":[54],"tags":[6288,8825,4548,1905,2181,2094,2121,42374,7325,52893,1997,4812,2110,1967,1923,6561],"vip":[649],"class_list":["post-52432","post","type-post","status-publish","format-standard","has-post-thumbnail","hentry","category-news","tag-bebe-in-arrivo","tag-brian-perri","tag-cicogna","tag-figlia","tag-gravidanza","tag-incinta","tag-instagram","tag-lavanderia","tag-los-angeles","tag-mini-dress","tag-modella","tag-pancione","tag-paparazzata","tag-showgirl","tag-social","tag-velina","vip-elisabetta_canalis"],"yoast_head":"<title>Elisabetta Canalis incinta a LA con il mini dress black - Gossip.it | News sul Gossip e VIP<\/title>\n<meta name=\"description\" content=\"Elisabetta Canalis per andare in lavanderia a Los Angeles sceglie un look comodo e fresco: l&#039;ex velina 36enne, incinta di otto mesi, ha voluto indossare\" \/>\n<meta name=\"robots\" content=\"index, follow, max-snippet:-1, max-image-preview:large, max-video-preview:-1\" \/>\n<link rel=\"canonical\" href=\"https:\/\/www.gossip.it\/news\/elisabetta-canalis-incinta-mini-dress\/\" \/>\n<meta property=\"og:locale\" content=\"it_IT\" \/>\n<meta property=\"og:type\" content=\"article\" \/>\n<meta property=\"og:title\" content=\"Elisabetta Canalis incinta a LA con il mini dress black - Gossip.it | News sul Gossip e VIP\" \/>\n<meta property=\"og:description\" content=\"Elisabetta Canalis per andare in lavanderia a Los Angeles sceglie un look comodo e fresco: l&#039;ex velina 36enne, incinta di otto mesi, ha voluto indossare\" \/>\n<meta property=\"og:url\" content=\"https:\/\/www.gossip.it\/news\/elisabetta-canalis-incinta-mini-dress\/\" \/>\n<meta property=\"og:site_name\" content=\"Gossip.it | News sul Gossip e VIP\" \/>\n<meta property=\"article:publisher\" content=\"https:\/\/www.facebook.com\/GossipIT\" \/>\n<meta property=\"article:published_time\" content=\"2015-08-30T22:00:00+00:00\" \/>\n<meta property=\"og:image\" content=\"http:\/\/files.gossip.it\/immagini_news\/2015\/08\/1441010251_Elisabetta-Canalis-esce-dalla-lavanderia.jpg\" \/>\n<meta name=\"author\" content=\"La Redazione\" \/>\n<meta name=\"twitter:card\" content=\"summary_large_image\" \/>\n<meta name=\"twitter:image\" content=\"http:\/\/files.gossip.it\/immagini_news\/2015\/08\/1441010251_Elisabetta-Canalis-esce-dalla-lavanderia.jpg\" \/>\n<meta name=\"twitter:creator\" content=\"@gossinews_it\" \/>\n<meta name=\"twitter:site\" content=\"@gossinews_it\" \/>\n<meta name=\"twitter:label1\" content=\"Scritto da\" \/>\n\t<meta name=\"twitter:data1\" content=\"Annamaria Capozzi\" \/>\n\t<meta name=\"twitter:label2\" content=\"Tempo di lettura stimato\" \/>\n\t<meta name=\"twitter:data2\" content=\"2 minuti\" \/>","yoast_head_json":{"title":"Elisabetta Canalis incinta a LA con il mini dress black - Gossip.it | News sul Gossip e VIP","description":"Elisabetta Canalis per andare in lavanderia a Los Angeles sceglie un look comodo e fresco: l'ex velina 36enne, incinta di otto mesi, ha voluto indossare","robots":{"index":"index","follow":"follow","max-snippet":"max-snippet:-1","max-image-preview":"max-image-preview:large","max-video-preview":"max-video-preview:-1"},"canonical":"https:\/\/www.gossip.it\/news\/elisabetta-canalis-incinta-mini-dress\/","og_locale":"it_IT","og_type":"article","og_title":"Elisabetta Canalis incinta a LA con il mini dress black - Gossip.it | News sul Gossip e VIP","og_description":"Elisabetta Canalis per andare in lavanderia a Los Angeles sceglie un look comodo e fresco: l'ex velina 36enne, incinta di otto mesi, ha voluto indossare","og_url":"https:\/\/www.gossip.it\/news\/elisabetta-canalis-incinta-mini-dress\/","og_site_name":"Gossip.it | News sul Gossip e VIP","article_publisher":"https:\/\/www.facebook.com\/GossipIT","article_published_time":"2015-08-30T22:00:00+00:00","og_image":[{"url":"http:\/\/files.gossip.it\/immagini_news\/2015\/08\/1441010251_Elisabetta-Canalis-esce-dalla-lavanderia.jpg"}],"author":"La Redazione","twitter_card":"summary_large_image","twitter_image":"http:\/\/files.gossip.it\/immagini_news\/2015\/08\/1441010251_Elisabetta-Canalis-esce-dalla-lavanderia.jpg","twitter_creator":"@gossinews_it","twitter_site":"@gossinews_it","twitter_misc":{"Scritto da":"Annamaria Capozzi","Tempo di lettura stimato":"2 minuti"},"schema":{"@context":"https:\/\/schema.org","@graph":[{"@type":"Article","@id":"https:\/\/www.gossip.it\/news\/elisabetta-canalis-incinta-mini-dress\/#article","isPartOf":{"@id":"https:\/\/www.gossip.it\/news\/elisabetta-canalis-incinta-mini-dress\/"},"author":{"name":"La Redazione","@id":"https:\/\/www.gossip.it\/#\/schema\/person\/488896f75158bff1cc83c6c39d141110"},"headline":"Elisabetta Canalis incinta a LA con il mini dress black","datePublished":"2015-08-30T22:00:00+00:00","dateModified":"2015-08-30T22:00:00+00:00","mainEntityOfPage":{"@id":"https:\/\/www.gossip.it\/news\/elisabetta-canalis-incinta-mini-dress\/"},"wordCount":369,"publisher":{"@id":"https:\/\/www.gossip.it\/#organization"},"image":{"@id":"https:\/\/www.gossip.it\/news\/elisabetta-canalis-incinta-mini-dress\/#primaryimage"},"thumbnailUrl":"http:\/\/files.gossip.it\/immagini_news\/2015\/08\/1441010251_Elisabetta-Canalis-esce-dalla-lavanderia.jpg","keywords":["beb\u00e8 in arrivo","brian perri","cicogna","figlia","gravidanza","incinta","instagram","lavanderia","los angeles","mini dress","modella","pancione","paparazzata","showgirl","social","velina"],"articleSection":["News"],"inLanguage":"it-IT"},{"@type":"WebPage","@id":"https:\/\/www.gossip.it\/news\/elisabetta-canalis-incinta-mini-dress\/","url":"https:\/\/www.gossip.it\/news\/elisabetta-canalis-incinta-mini-dress\/","name":"Elisabetta Canalis incinta a LA con il mini dress black - Gossip.it | News sul Gossip e VIP","isPartOf":{"@id":"https:\/\/www.gossip.it\/#website"},"primaryImageOfPage":{"@id":"https:\/\/www.gossip.it\/news\/elisabetta-canalis-incinta-mini-dress\/#primaryimage"},"image":{"@id":"https:\/\/www.gossip.it\/news\/elisabetta-canalis-incinta-mini-dress\/#primaryimage"},"thumbnailUrl":"http:\/\/files.gossip.it\/immagini_news\/2015\/08\/1441010251_Elisabetta-Canalis-esce-dalla-lavanderia.jpg","datePublished":"2015-08-30T22:00:00+00:00","dateModified":"2015-08-30T22:00:00+00:00","description":"Elisabetta Canalis per andare in lavanderia a Los Angeles sceglie un look comodo e fresco: l'ex velina 36enne, incinta di otto mesi, ha voluto indossare","breadcrumb":{"@id":"https:\/\/www.gossip.it\/news\/elisabetta-canalis-incinta-mini-dress\/#breadcrumb"},"inLanguage":"it-IT","potentialAction":[{"@type":"ReadAction","target":["https:\/\/www.gossip.it\/news\/elisabetta-canalis-incinta-mini-dress\/"]}]},{"@type":"ImageObject","inLanguage":"it-IT","@id":"https:\/\/www.gossip.it\/news\/elisabetta-canalis-incinta-mini-dress\/#primaryimage","url":"http:\/\/files.gossip.it\/immagini_news\/2015\/08\/1441010251_Elisabetta-Canalis-esce-dalla-lavanderia.jpg","contentUrl":"http:\/\/files.gossip.it\/immagini_news\/2015\/08\/1441010251_Elisabetta-Canalis-esce-dalla-lavanderia.jpg"},{"@type":"BreadcrumbList","@id":"https:\/\/www.gossip.it\/news\/elisabetta-canalis-incinta-mini-dress\/#breadcrumb","itemListElement":[{"@type":"ListItem","position":1,"name":"Home","item":"https:\/\/www.gossip.it\/"},{"@type":"ListItem","position":2,"name":"Elisabetta Canalis incinta a LA con il mini dress black"}]},{"@type":"WebSite","@id":"https:\/\/www.gossip.it\/#website","url":"https:\/\/www.gossip.it\/","name":"Gossip and VIP News","description":"Quotidiano di cronaca rosa, costume e societ\u00e0","publisher":{"@id":"https:\/\/www.gossip.it\/#organization"},"alternateName":"Gossip and VIP News","potentialAction":[{"@type":"SearchAction","target":{"@type":"EntryPoint","urlTemplate":"https:\/\/www.gossip.it\/?s={search_term_string}"},"query-input":{"@type":"PropertyValueSpecification","valueRequired":true,"valueName":"search_term_string"}}],"inLanguage":"it-IT"},{"@type":"Organization","@id":"https:\/\/www.gossip.it\/#organization","name":"Gossip and VIP News","alternateName":"Gossip News","url":"https:\/\/www.gossip.it\/","logo":{"@type":"ImageObject","inLanguage":"it-IT","@id":"https:\/\/www.gossip.it\/#\/schema\/logo\/image\/","url":"https:\/\/www.gossip.it\/wp-content\/uploads\/2022\/04\/cropped-corna-alta-tiny.png","contentUrl":"https:\/\/www.gossip.it\/wp-content\/uploads\/2022\/04\/cropped-corna-alta-tiny.png","width":512,"height":512,"caption":"Gossip and VIP News"},"image":{"@id":"https:\/\/www.gossip.it\/#\/schema\/logo\/image\/"},"sameAs":["https:\/\/www.facebook.com\/GossipIT","https:\/\/x.com\/gossinews_it","https:\/\/instagram.com\/gossip_it"]},{"@type":"Person","@id":"https:\/\/www.gossip.it\/#\/schema\/person\/488896f75158bff1cc83c6c39d141110","name":"La Redazione","image":{"@type":"ImageObject","inLanguage":"it-IT","@id":"https:\/\/www.gossip.it\/#\/schema\/person\/image\/","url":"https:\/\/secure.gravatar.com\/avatar\/5a5f5c6fa3e6700e4249abdad0263a1e94e927d9e0499b1cb09c1cd29c044d80?s=96&d=mm&r=g","contentUrl":"https:\/\/secure.gravatar.com\/avatar\/5a5f5c6fa3e6700e4249abdad0263a1e94e927d9e0499b1cb09c1cd29c044d80?s=96&d=mm&r=g","caption":"La Redazione"},"sameAs":["https:\/\/www.gossip.it"]}]}},"amp_enabled":true,"_links":{"self":[{"href":"https:\/\/www.gossip.it\/api\/wp\/v2\/posts\/52432","targetHints":{"allow":["GET"]}}],"collection":[{"href":"https:\/\/www.gossip.it\/api\/wp\/v2\/posts"}],"about":[{"href":"https:\/\/www.gossip.it\/api\/wp\/v2\/types\/post"}],"author":[{"embeddable":true,"href":"https:\/\/www.gossip.it\/api\/wp\/v2\/users\/1"}],"replies":[{"embeddable":true,"href":"https:\/\/www.gossip.it\/api\/wp\/v2\/comments?post=52432"}],"version-history":[{"count":0,"href":"https:\/\/www.gossip.it\/api\/wp\/v2\/posts\/52432\/revisions"}],"wp:featuredmedia":[{"embeddable":true,"href":"https:\/\/www.gossip.it\/api\/wp\/v2\/media\/108478"}],"wp:attachment":[{"href":"https:\/\/www.gossip.it\/api\/wp\/v2\/media?parent=52432"}],"wp:term":[{"taxonomy":"category","embeddable":true,"href":"https:\/\/www.gossip.it\/api\/wp\/v2\/categories?post=52432"},{"taxonomy":"post_tag","embeddable":true,"href":"https:\/\/www.gossip.it\/api\/wp\/v2\/tags?post=52432"},{"taxonomy":"vip","embeddable":true,"href":"https:\/\/www.gossip.it\/api\/wp\/v2\/vip?post=52432"}],"curies":[{"name":"wp","href":"https:\/\/api.w.org\/{rel}","templated":true}]}}