{"id":52511,"date":"2015-09-07T00:00:00","date_gmt":"2015-09-06T22:00:00","guid":{"rendered":"https:\/\/www.gossip.it\/senza-categoria\/mario-balotelli-patente-ritirata-elicottero\/"},"modified":"2015-09-07T00:00:00","modified_gmt":"2015-09-06T22:00:00","slug":"mario-balotelli-patente-ritirata-elicottero","status":"publish","type":"post","link":"https:\/\/www.gossip.it\/news\/mario-balotelli-patente-ritirata-elicottero\/","title":{"rendered":"Mario Balotelli, con la patente ritirata va in elicottero..."},"content":{"rendered":"<p><a href=\"http:\/\/www.gossip.it\/vip\/mario-balotelli\/\">Mario Balotelli<\/a> anche se non ha pi\u00f9 la <strong>patente<\/strong> perch\u00e9 gli \u00e8 stata <strong>ritirata<\/strong>, va in <strong>elicottero<\/strong>, nessun problema. Lo fa sapere lui stesso. Il <a href=\"http:\/\/www.gossip.it\/vip\/calciatore\/\">calciatore<\/a> ha mandato online sul suo profilo sul <a href=\"http:\/\/www.gossip.it\/vip\/social\/\">social<\/a> un'immagine in cui posa ad alta quota. Si \u00e8 preso qualche giorno di pausa insieme a un amico in montagna per rilassarsi e prepararsi al derby contro l'Inter a San Siro. Per arrivare nel suo <em>'buen retiro'<\/em> <a href=\"http:\/\/www.gossip.it\/vip\/supermario\/\">SuperMario<\/a> ha preso l'<strong>elicottero<\/strong>...<\/p>\n<figure class=\"caption\"><img decoding=\"async\" alt=\"\" width=\"620\" height=\"622\" src=\"http:\/\/files.gossip.it\/immagini_news\/2015\/09\/1441635483_mario_balotelli_elicottero.jpg\" \/><figcaption>Mario Balotelli con la patente ritirata viaggia in elicottero...<\/figcaption><\/figure>\n<p>La <strong>patente<\/strong> \u00e8 stata <strong>ritirata<\/strong> a <strong>Mario Balotelli<\/strong> per eccesso di velocit\u00e0, come ha scritto il <em>Giornale di Brescia<\/em>. All'inizio della scorsa settimana vicino casa proprio a Brescia <strong>Mario Balotelli<\/strong> \u00e8 stato fermato da una pattuglia della polizia locale che ne ha rilevato la guida ad alta velocit\u00e0 attraverso il telelaser. Nella zona il limite \u00e8 di 50 chilometri orari, ma, dato che \u00e8 scattato il provvedimento del ritiro del documento di guida (la patente \u00e8 sospesa in attesa che gli atti siano trasmessi alla Prefettura e sia stabilita la sanzione definitiva), \u00e8 presumibile che il bomber con la sua \u00a0Lamborghini andasse a pi\u00f9 di 90 chilometri orari.<br \/><em>\"Mi dispiace<\/em> - ha detto il rossonero - <em>non me ne sono accorto\"<\/em>.\u00a0<br \/><strong>Mario Balotelli<\/strong> ha accettato senza protestare il provvedimento preso nei suoi confronti. Del resto ha mille risorse da tirare fuori dal cappello a cilindro, come fosse il migliore dei maghi, come, ad esempio, arrivare a destinazione con la <strong>patente ritirata<\/strong> in <strong>elicottero<\/strong>.<br \/>E' volato via con l'amico <em>Antony Uberti<\/em>. Le Dolomiti a far da sfondo alla loro piccola vacanza. <em>\"Relax e un po' di aria pura... in fase di concentrazione per il derby\"<\/em>. Domenica spera di essere finalmente titolare: tornato al Milan dopo l'ennesimo flop al Liverpool ha deciso di adottare un profilo bassissimo in attesa del riscatto sul campo, semmai arriver\u00e0.\u00a0<\/p>\n<p>\u00a0<\/p>\n","protected":false},"excerpt":{"rendered":"<p>Mario Balotelli anche se non ha pi\u00f9 la patente perch\u00e9 gli \u00e8 stata ritirata, va in elicottero, nessun problema. Lo fa sapere lui stesso. Il calciatore ha mandato online sul suo profilo sul social un'immagine in cui posa ad alta quota. Si \u00e8 preso qualche giorno di pausa insieme a un amico in montagna per [&hellip;]<\/p>\n","protected":false},"author":1,"featured_media":108557,"comment_status":"closed","ping_status":"closed","sticky":false,"template":"","format":"standard","meta":{"footnotes":""},"categories":[54],"tags":[2218,11915,5328,2121,5544,5639,7424,52943,1923],"vip":[1260],"class_list":["post-52511","post","type-post","status-publish","format-standard","has-post-thumbnail","hentry","category-news","tag-calciatore","tag-derby","tag-elicottero","tag-instagram","tag-inter","tag-milan","tag-patente","tag-patente-ritirata","tag-social","vip-mario_balotelli"],"yoast_head":"<title>Mario Balotelli, con la patente ritirata va in elicottero... - Gossip.it | News sul Gossip e VIP<\/title>\n<meta name=\"description\" content=\"Mario Balotelli anche se non ha pi\u00f9 la patente perch\u00e9 gli \u00e8 stata ritirata, va in elicottero, nessun problema. Lo fa sapere lui stesso. Il calciatore ha\" \/>\n<meta name=\"robots\" content=\"index, follow, max-snippet:-1, max-image-preview:large, max-video-preview:-1\" \/>\n<link rel=\"canonical\" href=\"https:\/\/www.gossip.it\/news\/mario-balotelli-patente-ritirata-elicottero\/\" \/>\n<meta property=\"og:locale\" content=\"it_IT\" \/>\n<meta property=\"og:type\" content=\"article\" \/>\n<meta property=\"og:title\" content=\"Mario Balotelli, con la patente ritirata va in elicottero... - Gossip.it | News sul Gossip e VIP\" \/>\n<meta property=\"og:description\" content=\"Mario Balotelli anche se non ha pi\u00f9 la patente perch\u00e9 gli \u00e8 stata ritirata, va in elicottero, nessun problema. Lo fa sapere lui stesso. Il calciatore ha\" \/>\n<meta property=\"og:url\" content=\"https:\/\/www.gossip.it\/news\/mario-balotelli-patente-ritirata-elicottero\/\" \/>\n<meta property=\"og:site_name\" content=\"Gossip.it | News sul Gossip e VIP\" \/>\n<meta property=\"article:publisher\" content=\"https:\/\/www.facebook.com\/GossipIT\" \/>\n<meta property=\"article:published_time\" content=\"2015-09-06T22:00:00+00:00\" \/>\n<meta property=\"og:image\" content=\"http:\/\/files.gossip.it\/immagini_news\/2015\/09\/1441635483_mario_balotelli_elicottero.jpg\" \/>\n<meta name=\"author\" content=\"La Redazione\" \/>\n<meta name=\"twitter:card\" content=\"summary_large_image\" \/>\n<meta name=\"twitter:image\" content=\"http:\/\/files.gossip.it\/immagini_news\/2015\/09\/1441635483_mario_balotelli_elicottero.jpg\" \/>\n<meta name=\"twitter:creator\" content=\"@gossinews_it\" \/>\n<meta name=\"twitter:site\" content=\"@gossinews_it\" \/>\n<meta name=\"twitter:label1\" content=\"Scritto da\" \/>\n\t<meta name=\"twitter:data1\" content=\"Annamaria Capozzi\" \/>\n\t<meta name=\"twitter:label2\" content=\"Tempo di lettura stimato\" \/>\n\t<meta name=\"twitter:data2\" content=\"1 minuto\" \/>","yoast_head_json":{"title":"Mario Balotelli, con la patente ritirata va in elicottero... - Gossip.it | News sul Gossip e VIP","description":"Mario Balotelli anche se non ha pi\u00f9 la patente perch\u00e9 gli \u00e8 stata ritirata, va in elicottero, nessun problema. Lo fa sapere lui stesso. Il calciatore ha","robots":{"index":"index","follow":"follow","max-snippet":"max-snippet:-1","max-image-preview":"max-image-preview:large","max-video-preview":"max-video-preview:-1"},"canonical":"https:\/\/www.gossip.it\/news\/mario-balotelli-patente-ritirata-elicottero\/","og_locale":"it_IT","og_type":"article","og_title":"Mario Balotelli, con la patente ritirata va in elicottero... - Gossip.it | News sul Gossip e VIP","og_description":"Mario Balotelli anche se non ha pi\u00f9 la patente perch\u00e9 gli \u00e8 stata ritirata, va in elicottero, nessun problema. Lo fa sapere lui stesso. Il calciatore ha","og_url":"https:\/\/www.gossip.it\/news\/mario-balotelli-patente-ritirata-elicottero\/","og_site_name":"Gossip.it | News sul Gossip e VIP","article_publisher":"https:\/\/www.facebook.com\/GossipIT","article_published_time":"2015-09-06T22:00:00+00:00","og_image":[{"url":"http:\/\/files.gossip.it\/immagini_news\/2015\/09\/1441635483_mario_balotelli_elicottero.jpg"}],"author":"La Redazione","twitter_card":"summary_large_image","twitter_image":"http:\/\/files.gossip.it\/immagini_news\/2015\/09\/1441635483_mario_balotelli_elicottero.jpg","twitter_creator":"@gossinews_it","twitter_site":"@gossinews_it","twitter_misc":{"Scritto da":"Annamaria Capozzi","Tempo di lettura stimato":"1 minuto"},"schema":{"@context":"https:\/\/schema.org","@graph":[{"@type":"Article","@id":"https:\/\/www.gossip.it\/news\/mario-balotelli-patente-ritirata-elicottero\/#article","isPartOf":{"@id":"https:\/\/www.gossip.it\/news\/mario-balotelli-patente-ritirata-elicottero\/"},"author":{"name":"La Redazione","@id":"https:\/\/www.gossip.it\/#\/schema\/person\/488896f75158bff1cc83c6c39d141110"},"headline":"Mario Balotelli, con la patente ritirata va in elicottero...","datePublished":"2015-09-06T22:00:00+00:00","dateModified":"2015-09-06T22:00:00+00:00","mainEntityOfPage":{"@id":"https:\/\/www.gossip.it\/news\/mario-balotelli-patente-ritirata-elicottero\/"},"wordCount":312,"publisher":{"@id":"https:\/\/www.gossip.it\/#organization"},"image":{"@id":"https:\/\/www.gossip.it\/news\/mario-balotelli-patente-ritirata-elicottero\/#primaryimage"},"thumbnailUrl":"http:\/\/files.gossip.it\/immagini_news\/2015\/09\/1441635483_mario_balotelli_elicottero.jpg","keywords":["calciatore","derby","elicottero","instagram","inter","milan","patente","patente ritirata","social"],"articleSection":["News"],"inLanguage":"it-IT"},{"@type":"WebPage","@id":"https:\/\/www.gossip.it\/news\/mario-balotelli-patente-ritirata-elicottero\/","url":"https:\/\/www.gossip.it\/news\/mario-balotelli-patente-ritirata-elicottero\/","name":"Mario Balotelli, con la patente ritirata va in elicottero... - Gossip.it | News sul Gossip e VIP","isPartOf":{"@id":"https:\/\/www.gossip.it\/#website"},"primaryImageOfPage":{"@id":"https:\/\/www.gossip.it\/news\/mario-balotelli-patente-ritirata-elicottero\/#primaryimage"},"image":{"@id":"https:\/\/www.gossip.it\/news\/mario-balotelli-patente-ritirata-elicottero\/#primaryimage"},"thumbnailUrl":"http:\/\/files.gossip.it\/immagini_news\/2015\/09\/1441635483_mario_balotelli_elicottero.jpg","datePublished":"2015-09-06T22:00:00+00:00","dateModified":"2015-09-06T22:00:00+00:00","description":"Mario Balotelli anche se non ha pi\u00f9 la patente perch\u00e9 gli \u00e8 stata ritirata, va in elicottero, nessun problema. Lo fa sapere lui stesso. Il calciatore ha","breadcrumb":{"@id":"https:\/\/www.gossip.it\/news\/mario-balotelli-patente-ritirata-elicottero\/#breadcrumb"},"inLanguage":"it-IT","potentialAction":[{"@type":"ReadAction","target":["https:\/\/www.gossip.it\/news\/mario-balotelli-patente-ritirata-elicottero\/"]}]},{"@type":"ImageObject","inLanguage":"it-IT","@id":"https:\/\/www.gossip.it\/news\/mario-balotelli-patente-ritirata-elicottero\/#primaryimage","url":"http:\/\/files.gossip.it\/immagini_news\/2015\/09\/1441635483_mario_balotelli_elicottero.jpg","contentUrl":"http:\/\/files.gossip.it\/immagini_news\/2015\/09\/1441635483_mario_balotelli_elicottero.jpg"},{"@type":"BreadcrumbList","@id":"https:\/\/www.gossip.it\/news\/mario-balotelli-patente-ritirata-elicottero\/#breadcrumb","itemListElement":[{"@type":"ListItem","position":1,"name":"Home","item":"https:\/\/www.gossip.it\/"},{"@type":"ListItem","position":2,"name":"Mario Balotelli, con la patente ritirata va in elicottero..."}]},{"@type":"WebSite","@id":"https:\/\/www.gossip.it\/#website","url":"https:\/\/www.gossip.it\/","name":"Gossip and VIP News","description":"Quotidiano di cronaca rosa, costume e societ\u00e0","publisher":{"@id":"https:\/\/www.gossip.it\/#organization"},"alternateName":"Gossip and VIP News","potentialAction":[{"@type":"SearchAction","target":{"@type":"EntryPoint","urlTemplate":"https:\/\/www.gossip.it\/?s={search_term_string}"},"query-input":{"@type":"PropertyValueSpecification","valueRequired":true,"valueName":"search_term_string"}}],"inLanguage":"it-IT"},{"@type":"Organization","@id":"https:\/\/www.gossip.it\/#organization","name":"Gossip and VIP News","alternateName":"Gossip News","url":"https:\/\/www.gossip.it\/","logo":{"@type":"ImageObject","inLanguage":"it-IT","@id":"https:\/\/www.gossip.it\/#\/schema\/logo\/image\/","url":"https:\/\/www.gossip.it\/wp-content\/uploads\/2022\/04\/cropped-corna-alta-tiny.png","contentUrl":"https:\/\/www.gossip.it\/wp-content\/uploads\/2022\/04\/cropped-corna-alta-tiny.png","width":512,"height":512,"caption":"Gossip and VIP News"},"image":{"@id":"https:\/\/www.gossip.it\/#\/schema\/logo\/image\/"},"sameAs":["https:\/\/www.facebook.com\/GossipIT","https:\/\/x.com\/gossinews_it","https:\/\/instagram.com\/gossip_it"]},{"@type":"Person","@id":"https:\/\/www.gossip.it\/#\/schema\/person\/488896f75158bff1cc83c6c39d141110","name":"La Redazione","image":{"@type":"ImageObject","inLanguage":"it-IT","@id":"https:\/\/www.gossip.it\/#\/schema\/person\/image\/","url":"https:\/\/secure.gravatar.com\/avatar\/5a5f5c6fa3e6700e4249abdad0263a1e94e927d9e0499b1cb09c1cd29c044d80?s=96&d=mm&r=g","contentUrl":"https:\/\/secure.gravatar.com\/avatar\/5a5f5c6fa3e6700e4249abdad0263a1e94e927d9e0499b1cb09c1cd29c044d80?s=96&d=mm&r=g","caption":"La Redazione"},"sameAs":["https:\/\/www.gossip.it"]}]}},"amp_enabled":true,"_links":{"self":[{"href":"https:\/\/www.gossip.it\/api\/wp\/v2\/posts\/52511","targetHints":{"allow":["GET"]}}],"collection":[{"href":"https:\/\/www.gossip.it\/api\/wp\/v2\/posts"}],"about":[{"href":"https:\/\/www.gossip.it\/api\/wp\/v2\/types\/post"}],"author":[{"embeddable":true,"href":"https:\/\/www.gossip.it\/api\/wp\/v2\/users\/1"}],"replies":[{"embeddable":true,"href":"https:\/\/www.gossip.it\/api\/wp\/v2\/comments?post=52511"}],"version-history":[{"count":0,"href":"https:\/\/www.gossip.it\/api\/wp\/v2\/posts\/52511\/revisions"}],"wp:featuredmedia":[{"embeddable":true,"href":"https:\/\/www.gossip.it\/api\/wp\/v2\/media\/108557"}],"wp:attachment":[{"href":"https:\/\/www.gossip.it\/api\/wp\/v2\/media?parent=52511"}],"wp:term":[{"taxonomy":"category","embeddable":true,"href":"https:\/\/www.gossip.it\/api\/wp\/v2\/categories?post=52511"},{"taxonomy":"post_tag","embeddable":true,"href":"https:\/\/www.gossip.it\/api\/wp\/v2\/tags?post=52511"},{"taxonomy":"vip","embeddable":true,"href":"https:\/\/www.gossip.it\/api\/wp\/v2\/vip?post=52511"}],"curies":[{"name":"wp","href":"https:\/\/api.w.org\/{rel}","templated":true}]}}