{"id":52537,"date":"2015-09-09T00:00:00","date_gmt":"2015-09-08T22:00:00","guid":{"rendered":"https:\/\/www.gossip.it\/senza-categoria\/raffaella-zardo-fine-vacanze-jet\/"},"modified":"2015-09-09T00:00:00","modified_gmt":"2015-09-08T22:00:00","slug":"raffaella-zardo-fine-vacanze-jet","status":"publish","type":"post","link":"https:\/\/www.gossip.it\/news\/raffaella-zardo-fine-vacanze-jet\/","title":{"rendered":"Raffaella Zardo: fine vacanze, ritorno a casa in jet"},"content":{"rendered":"<p><a href=\"http:\/\/www.gossip.it\/vip\/raffaella-zardo\/\">Raffaella Zardo<\/a> \u00e8 triste per la <strong>fine<\/strong> delle <strong>vacanze<\/strong>. Ieri il ritorno a casa dalla Sardegna sul <strong>jet<\/strong> privato di <a href=\"http:\/\/www.gossip.it\/vip\/gianluca-vacchi\/\">Gianluca Vacchi<\/a>, suo amico fraterno.<\/p>\n<figure class=\"caption\"><img decoding=\"async\" alt=\"\" height=\"615\" width=\"620\" src=\"http:\/\/files.gossip.it\/immagini_news\/2015\/09\/1441802486_raffaella_zardo_jet_ritorno_a_casa.jpg\" \/><figcaption>Fine delle vacanze per Raffaella Zardo, che ieri \u00e8 tornata a casa con il jet privato di Gianluca Vacchi<\/figcaption><\/figure>\n<p>La <strong>fine<\/strong> delle <strong>vacanze<\/strong> provoca sempre molta malinconia. <strong>Raffaella Zardo<\/strong> ha vissuto gli ultimi giorni in Sardegna, a Porto Cervo, dove \u00e8 stata ospite sia nella villa che sulla barca a vela dell'imprenditore, con tanta nostalgia dentro.\u00a0<br \/><em>\"Un tramonto pi\u00f9 speciale e diverso dai soliti, un tramonto di fine estate....the last sunset in Sardinia #portocervo #summer2015 #lovelife #neverstop\"<\/em>, ha cinguettato sul suo profilo sul <a href=\"http:\/\/www.gossip.it\/vip\/social\/\">social<\/a>. E ancora: <em>\"Buongiorno......ancora poche ore e si parte \u00a0#summer2015 #portocervo #lovelife #happiness #smile #friends #sardinia @effek\"<\/em>.<br \/>Splendida in bikini, ha postato uno scatto che la raffigura stesa a prendere la tintarella: impossibile non notare il fisico asciutto e longilineo, gli addominali piatti e tonici e le curve al punto giusto. <em>\"Un posto non molto comodo per prendere l'ultimo raggio di sole\"<\/em>, ha scritto a commento della foto.\u00a0<\/p>\n<figure class=\"caption\"><img decoding=\"async\" alt=\"\" height=\"602\" width=\"620\" src=\"http:\/\/files.gossip.it\/immagini_news\/2015\/09\/1441802533_ultimo_sole_sardo_raffaella_zardo.jpg\" \/><figcaption>L'ultimo sole in bikini di Raffa a Porto Cervo<\/figcaption><\/figure>\n<p>Poi \u00e8 arrivata l'immagine in cui posa con il pranzo servito davanti sul <strong>jet<\/strong> privato, quella che testimonia senza ombra di dubbio la fine delle <strong>vacanze<\/strong>. L'appuntamento in Sardegna \u00e8 per il prossimo anno. Intanto, <em>\"Back home with my brother @gianlucavacchi next stop Rome\"<\/em>. <strong>Raffaella Zardo<\/strong> torna a casa e si ferma a Roma, dove, sicuramente, la sua vita lussuosa, per suoi meriti o per quelli degli amici, non subir\u00e0 pause. E sono davvero molti a invidiarla sul network, dove manda online pezzetti di esistenza fermati in un <em>'click'<\/em>. <em>\"No, con il <strong>jet<\/strong> di @gianlucavacchi troppo figo ...Lei \u00e8 fortunata\"<\/em>, sottolinea Dory.<br \/><em>Chiara Guicciardi<\/em>, che Raffa la conosce bene, \u00e8 impaziente: <em>\"Domani finalmente insieme!!!!!!!\"<\/em>.<em> \"S\u00ec\u00ec\u00ec\u00ec\u00ec non vedo l'ora\"<\/em>, risponde la Zardo euforica. La <strong>fine<\/strong> delle <strong>vacanze<\/strong> era inevitabile, l'estate sta finendo. Il ritorno in <strong>jet<\/strong> \u00e8 stato comodissimo, ora c'\u00e8 il tran tran solito e le amiche da cui farsi abbracciare.\u00a0<\/p>\n<p>\u00a0<\/p>\n<p>\u00a0<\/p>\n","protected":false},"excerpt":{"rendered":"<p>Raffaella Zardo \u00e8 triste per la fine delle vacanze. Ieri il ritorno a casa dalla Sardegna sul jet privato di Gianluca Vacchi, suo amico fraterno. Fine delle vacanze per Raffaella Zardo, che ieri \u00e8 tornata a casa con il jet privato di Gianluca Vacchi La fine delle vacanze provoca sempre molta malinconia. Raffaella Zardo ha [&hellip;]<\/p>\n","protected":false},"author":1,"featured_media":108583,"comment_status":"closed","ping_status":"closed","sticky":false,"template":"","format":"standard","meta":{"footnotes":""},"categories":[54],"tags":[10108,2121,14005,9590,3220,1923],"vip":[1536],"class_list":["post-52537","post","type-post","status-publish","format-standard","has-post-thumbnail","hentry","category-news","tag-gianluca-vacchi","tag-instagram","tag-jet","tag-porto-cervo","tag-sardegna","tag-social","vip-raffaella_zardo"],"yoast_head":"<title>Raffaella Zardo: fine vacanze, ritorno a casa in jet - Gossip.it | News sul Gossip e VIP<\/title>\n<meta name=\"description\" content=\"Raffaella Zardo \u00e8 triste per la fine delle vacanze. Ieri il ritorno a casa dalla Sardegna sul jet privato di Gianluca Vacchi, suo amico fraterno.Fine\" \/>\n<meta name=\"robots\" content=\"index, follow, max-snippet:-1, max-image-preview:large, max-video-preview:-1\" \/>\n<link rel=\"canonical\" href=\"https:\/\/www.gossip.it\/news\/raffaella-zardo-fine-vacanze-jet\/\" \/>\n<meta property=\"og:locale\" content=\"it_IT\" \/>\n<meta property=\"og:type\" content=\"article\" \/>\n<meta property=\"og:title\" content=\"Raffaella Zardo: fine vacanze, ritorno a casa in jet - Gossip.it | News sul Gossip e VIP\" \/>\n<meta property=\"og:description\" content=\"Raffaella Zardo \u00e8 triste per la fine delle vacanze. Ieri il ritorno a casa dalla Sardegna sul jet privato di Gianluca Vacchi, suo amico fraterno.Fine\" \/>\n<meta property=\"og:url\" content=\"https:\/\/www.gossip.it\/news\/raffaella-zardo-fine-vacanze-jet\/\" \/>\n<meta property=\"og:site_name\" content=\"Gossip.it | News sul Gossip e VIP\" \/>\n<meta property=\"article:publisher\" content=\"https:\/\/www.facebook.com\/GossipIT\" \/>\n<meta property=\"article:published_time\" content=\"2015-09-08T22:00:00+00:00\" \/>\n<meta property=\"og:image\" content=\"http:\/\/files.gossip.it\/immagini_news\/2015\/09\/1441802486_raffaella_zardo_jet_ritorno_a_casa.jpg\" \/>\n<meta name=\"author\" content=\"La Redazione\" \/>\n<meta name=\"twitter:card\" content=\"summary_large_image\" \/>\n<meta name=\"twitter:image\" content=\"http:\/\/files.gossip.it\/immagini_news\/2015\/09\/1441802486_raffaella_zardo_jet_ritorno_a_casa.jpg\" \/>\n<meta name=\"twitter:creator\" content=\"@gossinews_it\" \/>\n<meta name=\"twitter:site\" content=\"@gossinews_it\" \/>\n<meta name=\"twitter:label1\" content=\"Scritto da\" \/>\n\t<meta name=\"twitter:data1\" content=\"Annamaria Capozzi\" \/>\n\t<meta name=\"twitter:label2\" content=\"Tempo di lettura stimato\" \/>\n\t<meta name=\"twitter:data2\" content=\"2 minuti\" \/>","yoast_head_json":{"title":"Raffaella Zardo: fine vacanze, ritorno a casa in jet - Gossip.it | News sul Gossip e VIP","description":"Raffaella Zardo \u00e8 triste per la fine delle vacanze. Ieri il ritorno a casa dalla Sardegna sul jet privato di Gianluca Vacchi, suo amico fraterno.Fine","robots":{"index":"index","follow":"follow","max-snippet":"max-snippet:-1","max-image-preview":"max-image-preview:large","max-video-preview":"max-video-preview:-1"},"canonical":"https:\/\/www.gossip.it\/news\/raffaella-zardo-fine-vacanze-jet\/","og_locale":"it_IT","og_type":"article","og_title":"Raffaella Zardo: fine vacanze, ritorno a casa in jet - Gossip.it | News sul Gossip e VIP","og_description":"Raffaella Zardo \u00e8 triste per la fine delle vacanze. Ieri il ritorno a casa dalla Sardegna sul jet privato di Gianluca Vacchi, suo amico fraterno.Fine","og_url":"https:\/\/www.gossip.it\/news\/raffaella-zardo-fine-vacanze-jet\/","og_site_name":"Gossip.it | News sul Gossip e VIP","article_publisher":"https:\/\/www.facebook.com\/GossipIT","article_published_time":"2015-09-08T22:00:00+00:00","og_image":[{"url":"http:\/\/files.gossip.it\/immagini_news\/2015\/09\/1441802486_raffaella_zardo_jet_ritorno_a_casa.jpg"}],"author":"La Redazione","twitter_card":"summary_large_image","twitter_image":"http:\/\/files.gossip.it\/immagini_news\/2015\/09\/1441802486_raffaella_zardo_jet_ritorno_a_casa.jpg","twitter_creator":"@gossinews_it","twitter_site":"@gossinews_it","twitter_misc":{"Scritto da":"Annamaria Capozzi","Tempo di lettura stimato":"2 minuti"},"schema":{"@context":"https:\/\/schema.org","@graph":[{"@type":"Article","@id":"https:\/\/www.gossip.it\/news\/raffaella-zardo-fine-vacanze-jet\/#article","isPartOf":{"@id":"https:\/\/www.gossip.it\/news\/raffaella-zardo-fine-vacanze-jet\/"},"author":{"name":"La Redazione","@id":"https:\/\/www.gossip.it\/#\/schema\/person\/488896f75158bff1cc83c6c39d141110"},"headline":"Raffaella Zardo: fine vacanze, ritorno a casa in jet","datePublished":"2015-09-08T22:00:00+00:00","dateModified":"2015-09-08T22:00:00+00:00","mainEntityOfPage":{"@id":"https:\/\/www.gossip.it\/news\/raffaella-zardo-fine-vacanze-jet\/"},"wordCount":346,"publisher":{"@id":"https:\/\/www.gossip.it\/#organization"},"image":{"@id":"https:\/\/www.gossip.it\/news\/raffaella-zardo-fine-vacanze-jet\/#primaryimage"},"thumbnailUrl":"http:\/\/files.gossip.it\/immagini_news\/2015\/09\/1441802486_raffaella_zardo_jet_ritorno_a_casa.jpg","keywords":["gianluca vacchi","instagram","jet","porto cervo","sardegna","social"],"articleSection":["News"],"inLanguage":"it-IT"},{"@type":"WebPage","@id":"https:\/\/www.gossip.it\/news\/raffaella-zardo-fine-vacanze-jet\/","url":"https:\/\/www.gossip.it\/news\/raffaella-zardo-fine-vacanze-jet\/","name":"Raffaella Zardo: fine vacanze, ritorno a casa in jet - Gossip.it | News sul Gossip e VIP","isPartOf":{"@id":"https:\/\/www.gossip.it\/#website"},"primaryImageOfPage":{"@id":"https:\/\/www.gossip.it\/news\/raffaella-zardo-fine-vacanze-jet\/#primaryimage"},"image":{"@id":"https:\/\/www.gossip.it\/news\/raffaella-zardo-fine-vacanze-jet\/#primaryimage"},"thumbnailUrl":"http:\/\/files.gossip.it\/immagini_news\/2015\/09\/1441802486_raffaella_zardo_jet_ritorno_a_casa.jpg","datePublished":"2015-09-08T22:00:00+00:00","dateModified":"2015-09-08T22:00:00+00:00","description":"Raffaella Zardo \u00e8 triste per la fine delle vacanze. Ieri il ritorno a casa dalla Sardegna sul jet privato di Gianluca Vacchi, suo amico fraterno.Fine","breadcrumb":{"@id":"https:\/\/www.gossip.it\/news\/raffaella-zardo-fine-vacanze-jet\/#breadcrumb"},"inLanguage":"it-IT","potentialAction":[{"@type":"ReadAction","target":["https:\/\/www.gossip.it\/news\/raffaella-zardo-fine-vacanze-jet\/"]}]},{"@type":"ImageObject","inLanguage":"it-IT","@id":"https:\/\/www.gossip.it\/news\/raffaella-zardo-fine-vacanze-jet\/#primaryimage","url":"http:\/\/files.gossip.it\/immagini_news\/2015\/09\/1441802486_raffaella_zardo_jet_ritorno_a_casa.jpg","contentUrl":"http:\/\/files.gossip.it\/immagini_news\/2015\/09\/1441802486_raffaella_zardo_jet_ritorno_a_casa.jpg"},{"@type":"BreadcrumbList","@id":"https:\/\/www.gossip.it\/news\/raffaella-zardo-fine-vacanze-jet\/#breadcrumb","itemListElement":[{"@type":"ListItem","position":1,"name":"Home","item":"https:\/\/www.gossip.it\/"},{"@type":"ListItem","position":2,"name":"Raffaella Zardo: fine vacanze, ritorno a casa in jet"}]},{"@type":"WebSite","@id":"https:\/\/www.gossip.it\/#website","url":"https:\/\/www.gossip.it\/","name":"Gossip and VIP News","description":"Quotidiano di cronaca rosa, costume e societ\u00e0","publisher":{"@id":"https:\/\/www.gossip.it\/#organization"},"alternateName":"Gossip and VIP News","potentialAction":[{"@type":"SearchAction","target":{"@type":"EntryPoint","urlTemplate":"https:\/\/www.gossip.it\/?s={search_term_string}"},"query-input":{"@type":"PropertyValueSpecification","valueRequired":true,"valueName":"search_term_string"}}],"inLanguage":"it-IT"},{"@type":"Organization","@id":"https:\/\/www.gossip.it\/#organization","name":"Gossip and VIP News","alternateName":"Gossip News","url":"https:\/\/www.gossip.it\/","logo":{"@type":"ImageObject","inLanguage":"it-IT","@id":"https:\/\/www.gossip.it\/#\/schema\/logo\/image\/","url":"https:\/\/www.gossip.it\/wp-content\/uploads\/2022\/04\/cropped-corna-alta-tiny.png","contentUrl":"https:\/\/www.gossip.it\/wp-content\/uploads\/2022\/04\/cropped-corna-alta-tiny.png","width":512,"height":512,"caption":"Gossip and VIP News"},"image":{"@id":"https:\/\/www.gossip.it\/#\/schema\/logo\/image\/"},"sameAs":["https:\/\/www.facebook.com\/GossipIT","https:\/\/x.com\/gossinews_it","https:\/\/instagram.com\/gossip_it"]},{"@type":"Person","@id":"https:\/\/www.gossip.it\/#\/schema\/person\/488896f75158bff1cc83c6c39d141110","name":"La Redazione","image":{"@type":"ImageObject","inLanguage":"it-IT","@id":"https:\/\/www.gossip.it\/#\/schema\/person\/image\/","url":"https:\/\/secure.gravatar.com\/avatar\/5a5f5c6fa3e6700e4249abdad0263a1e94e927d9e0499b1cb09c1cd29c044d80?s=96&d=mm&r=g","contentUrl":"https:\/\/secure.gravatar.com\/avatar\/5a5f5c6fa3e6700e4249abdad0263a1e94e927d9e0499b1cb09c1cd29c044d80?s=96&d=mm&r=g","caption":"La Redazione"},"sameAs":["https:\/\/www.gossip.it"]}]}},"amp_enabled":true,"_links":{"self":[{"href":"https:\/\/www.gossip.it\/api\/wp\/v2\/posts\/52537","targetHints":{"allow":["GET"]}}],"collection":[{"href":"https:\/\/www.gossip.it\/api\/wp\/v2\/posts"}],"about":[{"href":"https:\/\/www.gossip.it\/api\/wp\/v2\/types\/post"}],"author":[{"embeddable":true,"href":"https:\/\/www.gossip.it\/api\/wp\/v2\/users\/1"}],"replies":[{"embeddable":true,"href":"https:\/\/www.gossip.it\/api\/wp\/v2\/comments?post=52537"}],"version-history":[{"count":0,"href":"https:\/\/www.gossip.it\/api\/wp\/v2\/posts\/52537\/revisions"}],"wp:featuredmedia":[{"embeddable":true,"href":"https:\/\/www.gossip.it\/api\/wp\/v2\/media\/108583"}],"wp:attachment":[{"href":"https:\/\/www.gossip.it\/api\/wp\/v2\/media?parent=52537"}],"wp:term":[{"taxonomy":"category","embeddable":true,"href":"https:\/\/www.gossip.it\/api\/wp\/v2\/categories?post=52537"},{"taxonomy":"post_tag","embeddable":true,"href":"https:\/\/www.gossip.it\/api\/wp\/v2\/tags?post=52537"},{"taxonomy":"vip","embeddable":true,"href":"https:\/\/www.gossip.it\/api\/wp\/v2\/vip?post=52537"}],"curies":[{"name":"wp","href":"https:\/\/api.w.org\/{rel}","templated":true}]}}