{"id":52712,"date":"2015-09-24T00:00:00","date_gmt":"2015-09-23T22:00:00","guid":{"rendered":"https:\/\/www.gossip.it\/senza-categoria\/stefano-de-martino-intervento-orecchie\/"},"modified":"2015-09-24T00:00:00","modified_gmt":"2015-09-23T22:00:00","slug":"stefano-de-martino-intervento-orecchie","status":"publish","type":"post","link":"https:\/\/www.gossip.it\/news\/stefano-de-martino-intervento-orecchie\/","title":{"rendered":"Stefano De Martino, intervento per dire addio alle orecchie a sventola"},"content":{"rendered":"<p><a href=\"http:\/\/www.gossip.it\/vip\/stefano-de martino\/\">Stefano De Martino<\/a> ha detto addio alle <strong>orecchie<\/strong> a sventola e si \u00e8 sottoposto a un <strong>intervento<\/strong> per ritoccarle ed essere cos\u00ec perfeto accanto alla sua bellissima dolce met\u00e0, <a href=\"http:\/\/www.gossip.it\/vip\/belen-rodriguez\/\">Belen Rodriguez<\/a>. Nuovo ha pizzicato il ballerino tutto fasciato e nel numero in edicola ha pubblicato le foto.<\/p>\n<figure class=\"caption\"><img decoding=\"async\" alt=\"\" width=\"620\" height=\"741\" src=\"http:\/\/files.gossip.it\/immagini_news\/2015\/09\/1443091667_stefano_de_martino_fasciatura.jpg\" \/><figcaption>Stefano De Matino con un intervento ha detto addio alle orecchie a svetola<\/figcaption><\/figure>\n<p><strong>Intervento<\/strong> per ritoccare le <strong>orecchie<\/strong> a sventola per <strong>Stefano De Martino<\/strong>. In realt\u00e0 il <em>'ritocchino'<\/em> ha riguardato solo l'orecchio sinistro, quello che proprio non gli piaceva, come svela il settimanale. L'ex <a href=\"http:\/\/www.gossip.it\/vip\/amici\/\">Amici<\/a> \u00e8 stato pizzicato dai paparazzi a Verona con una vistosa fasciatura in testa. Con <strong>Stefano De Martino<\/strong> il noto chirurgo maxillo-facciale <em>Dario Bertossi<\/em>. Secondo quel che si legge sul giornale, gi\u00e0 nel 2012 <strong>Stefano De Martino<\/strong> era ricorso alla chirurgia per correggere la sporgenza di una delle orecchie, leggermente a sventola. Con un <strong>intervento<\/strong> aveva risolto l'imperfezione, ma forse non del tutto. <em>\"Dopo una prima otoplastica si verifica il rischio di non ottenere una simmetria tra le <strong>orecchie<\/strong><\/em> - ha spiegato il chirurgo plastico <em>Maurizio Vignoli<\/em>, interpellato a riguardo, \u00a0a <em>Nuovo<\/em> - <em>Un secondo intervento ristabilisce la perfetta simmetria\"<\/em>. E ha aggiunto, parlando della necessit\u00e0 a volte di un intervento '<em>bis'<\/em>: <em>\"A volte i punti non tengono alla perfezione e si verifica quela che chiamiamo recidiva. In pratica, dopo sei mesi o dopo un anno, l'orecchio torna come prima\"<\/em>.<\/p>\n<figure class=\"caption\"><img decoding=\"async\" alt=\"\" width=\"620\" height=\"400\" src=\"http:\/\/files.gossip.it\/immagini_news\/2015\/09\/1443091685_stefano_de_martino_operazione_alle_orecchie.jpg\" \/><figcaption>Il ballerino aveva l'orecchio sinistro sporgente e con la chirurgia ha corretto l'imperfezione<\/figcaption><\/figure>\n<p>Il costo di un <strong>intervento<\/strong> per dire addio alle <strong>orecchie<\/strong> a sventola varia da 1500 a 3000 euro. Il dolore non \u00e8 molto, fatta eccezione per il primo giorno, quando si prova un bel po' di bruciore.<br \/><strong>Stefano De Martino<\/strong> ha deciso per il ritocco, poi, al compleanno della moglie, lo scorso 20 settembre, quando hanno festeggiato pure il secondo anniversario di <strong>nozze<\/strong>, si \u00e8 presentato alla festa al Ricci con un look <em>'gispy'<\/em> e una bandana rosa sulla testa, perfetta per nascondere l'orecchio e relativa eventuale fasciatura o cerotto.<\/p>\n<p>\u00a0<\/p>\n<p>\u00a0<\/p>\n","protected":false},"excerpt":{"rendered":"<p>Stefano De Martino ha detto addio alle orecchie a sventola e si \u00e8 sottoposto a un intervento per ritoccarle ed essere cos\u00ec perfeto accanto alla sua bellissima dolce met\u00e0, Belen Rodriguez. Nuovo ha pizzicato il ballerino tutto fasciato e nel numero in edicola ha pubblicato le foto. Stefano De Matino con un intervento ha detto [&hellip;]<\/p>\n","protected":false},"author":1,"featured_media":108758,"comment_status":"closed","ping_status":"closed","sticky":false,"template":"","format":"standard","meta":{"footnotes":""},"categories":[54],"tags":[1909,2504,9029,9801,5173,2110,14671,8934,8931,7659],"vip":[396,1731],"class_list":["post-52712","post","type-post","status-publish","format-standard","has-post-thumbnail","hentry","category-news","tag-amici","tag-ballerino","tag-intervento","tag-nuovo","tag-orecchie","tag-paparazzata","tag-plastica","tag-ritocchino","tag-ritocco","tag-santiago","vip-belen_rodriguez","vip-stefano_de_martino"],"yoast_head":"<title>Stefano De Martino, intervento per dire addio alle orecchie a sventola - Gossip.it | News sul Gossip e VIP<\/title>\n<meta name=\"description\" content=\"Stefano De Martino ha detto addio alle orecchie a sventola e si \u00e8 sottoposto a un intervento per ritoccarle ed essere cos\u00ec perfeto accanto alla sua\" \/>\n<meta name=\"robots\" content=\"index, follow, max-snippet:-1, max-image-preview:large, max-video-preview:-1\" \/>\n<link rel=\"canonical\" href=\"https:\/\/www.gossip.it\/news\/stefano-de-martino-intervento-orecchie\/\" \/>\n<meta property=\"og:locale\" content=\"it_IT\" \/>\n<meta property=\"og:type\" content=\"article\" \/>\n<meta property=\"og:title\" content=\"Stefano De Martino, intervento per dire addio alle orecchie a sventola - Gossip.it | News sul Gossip e VIP\" \/>\n<meta property=\"og:description\" content=\"Stefano De Martino ha detto addio alle orecchie a sventola e si \u00e8 sottoposto a un intervento per ritoccarle ed essere cos\u00ec perfeto accanto alla sua\" \/>\n<meta property=\"og:url\" content=\"https:\/\/www.gossip.it\/news\/stefano-de-martino-intervento-orecchie\/\" \/>\n<meta property=\"og:site_name\" content=\"Gossip.it | News sul Gossip e VIP\" \/>\n<meta property=\"article:publisher\" content=\"https:\/\/www.facebook.com\/GossipIT\" \/>\n<meta property=\"article:published_time\" content=\"2015-09-23T22:00:00+00:00\" \/>\n<meta property=\"og:image\" content=\"http:\/\/files.gossip.it\/immagini_news\/2015\/09\/1443091667_stefano_de_martino_fasciatura.jpg\" \/>\n<meta name=\"author\" content=\"La Redazione\" \/>\n<meta name=\"twitter:card\" content=\"summary_large_image\" \/>\n<meta name=\"twitter:image\" content=\"http:\/\/files.gossip.it\/immagini_news\/2015\/09\/1443091667_stefano_de_martino_fasciatura.jpg\" \/>\n<meta name=\"twitter:creator\" content=\"@gossinews_it\" \/>\n<meta name=\"twitter:site\" content=\"@gossinews_it\" \/>\n<meta name=\"twitter:label1\" content=\"Scritto da\" \/>\n\t<meta name=\"twitter:data1\" content=\"Annamaria Capozzi\" \/>\n\t<meta name=\"twitter:label2\" content=\"Tempo di lettura stimato\" \/>\n\t<meta name=\"twitter:data2\" content=\"2 minuti\" \/>","yoast_head_json":{"title":"Stefano De Martino, intervento per dire addio alle orecchie a sventola - Gossip.it | News sul Gossip e VIP","description":"Stefano De Martino ha detto addio alle orecchie a sventola e si \u00e8 sottoposto a un intervento per ritoccarle ed essere cos\u00ec perfeto accanto alla sua","robots":{"index":"index","follow":"follow","max-snippet":"max-snippet:-1","max-image-preview":"max-image-preview:large","max-video-preview":"max-video-preview:-1"},"canonical":"https:\/\/www.gossip.it\/news\/stefano-de-martino-intervento-orecchie\/","og_locale":"it_IT","og_type":"article","og_title":"Stefano De Martino, intervento per dire addio alle orecchie a sventola - Gossip.it | News sul Gossip e VIP","og_description":"Stefano De Martino ha detto addio alle orecchie a sventola e si \u00e8 sottoposto a un intervento per ritoccarle ed essere cos\u00ec perfeto accanto alla sua","og_url":"https:\/\/www.gossip.it\/news\/stefano-de-martino-intervento-orecchie\/","og_site_name":"Gossip.it | News sul Gossip e VIP","article_publisher":"https:\/\/www.facebook.com\/GossipIT","article_published_time":"2015-09-23T22:00:00+00:00","og_image":[{"url":"http:\/\/files.gossip.it\/immagini_news\/2015\/09\/1443091667_stefano_de_martino_fasciatura.jpg"}],"author":"La Redazione","twitter_card":"summary_large_image","twitter_image":"http:\/\/files.gossip.it\/immagini_news\/2015\/09\/1443091667_stefano_de_martino_fasciatura.jpg","twitter_creator":"@gossinews_it","twitter_site":"@gossinews_it","twitter_misc":{"Scritto da":"Annamaria Capozzi","Tempo di lettura stimato":"2 minuti"},"schema":{"@context":"https:\/\/schema.org","@graph":[{"@type":"Article","@id":"https:\/\/www.gossip.it\/news\/stefano-de-martino-intervento-orecchie\/#article","isPartOf":{"@id":"https:\/\/www.gossip.it\/news\/stefano-de-martino-intervento-orecchie\/"},"author":{"name":"La Redazione","@id":"https:\/\/www.gossip.it\/#\/schema\/person\/488896f75158bff1cc83c6c39d141110"},"headline":"Stefano De Martino, intervento per dire addio alle orecchie a sventola","datePublished":"2015-09-23T22:00:00+00:00","dateModified":"2015-09-23T22:00:00+00:00","mainEntityOfPage":{"@id":"https:\/\/www.gossip.it\/news\/stefano-de-martino-intervento-orecchie\/"},"wordCount":344,"publisher":{"@id":"https:\/\/www.gossip.it\/#organization"},"image":{"@id":"https:\/\/www.gossip.it\/news\/stefano-de-martino-intervento-orecchie\/#primaryimage"},"thumbnailUrl":"http:\/\/files.gossip.it\/immagini_news\/2015\/09\/1443091667_stefano_de_martino_fasciatura.jpg","keywords":["amici","ballerino","intervento","nuovo","orecchie","paparazzata","plastica","ritocchino","ritocco","santiago"],"articleSection":["News"],"inLanguage":"it-IT"},{"@type":"WebPage","@id":"https:\/\/www.gossip.it\/news\/stefano-de-martino-intervento-orecchie\/","url":"https:\/\/www.gossip.it\/news\/stefano-de-martino-intervento-orecchie\/","name":"Stefano De Martino, intervento per dire addio alle orecchie a sventola - Gossip.it | News sul Gossip e VIP","isPartOf":{"@id":"https:\/\/www.gossip.it\/#website"},"primaryImageOfPage":{"@id":"https:\/\/www.gossip.it\/news\/stefano-de-martino-intervento-orecchie\/#primaryimage"},"image":{"@id":"https:\/\/www.gossip.it\/news\/stefano-de-martino-intervento-orecchie\/#primaryimage"},"thumbnailUrl":"http:\/\/files.gossip.it\/immagini_news\/2015\/09\/1443091667_stefano_de_martino_fasciatura.jpg","datePublished":"2015-09-23T22:00:00+00:00","dateModified":"2015-09-23T22:00:00+00:00","description":"Stefano De Martino ha detto addio alle orecchie a sventola e si \u00e8 sottoposto a un intervento per ritoccarle ed essere cos\u00ec perfeto accanto alla sua","breadcrumb":{"@id":"https:\/\/www.gossip.it\/news\/stefano-de-martino-intervento-orecchie\/#breadcrumb"},"inLanguage":"it-IT","potentialAction":[{"@type":"ReadAction","target":["https:\/\/www.gossip.it\/news\/stefano-de-martino-intervento-orecchie\/"]}]},{"@type":"ImageObject","inLanguage":"it-IT","@id":"https:\/\/www.gossip.it\/news\/stefano-de-martino-intervento-orecchie\/#primaryimage","url":"http:\/\/files.gossip.it\/immagini_news\/2015\/09\/1443091667_stefano_de_martino_fasciatura.jpg","contentUrl":"http:\/\/files.gossip.it\/immagini_news\/2015\/09\/1443091667_stefano_de_martino_fasciatura.jpg"},{"@type":"BreadcrumbList","@id":"https:\/\/www.gossip.it\/news\/stefano-de-martino-intervento-orecchie\/#breadcrumb","itemListElement":[{"@type":"ListItem","position":1,"name":"Home","item":"https:\/\/www.gossip.it\/"},{"@type":"ListItem","position":2,"name":"Stefano De Martino, intervento per dire addio alle orecchie a sventola"}]},{"@type":"WebSite","@id":"https:\/\/www.gossip.it\/#website","url":"https:\/\/www.gossip.it\/","name":"Gossip and VIP News","description":"Quotidiano di cronaca rosa, costume e societ\u00e0","publisher":{"@id":"https:\/\/www.gossip.it\/#organization"},"alternateName":"Gossip and VIP News","potentialAction":[{"@type":"SearchAction","target":{"@type":"EntryPoint","urlTemplate":"https:\/\/www.gossip.it\/?s={search_term_string}"},"query-input":{"@type":"PropertyValueSpecification","valueRequired":true,"valueName":"search_term_string"}}],"inLanguage":"it-IT"},{"@type":"Organization","@id":"https:\/\/www.gossip.it\/#organization","name":"Gossip and VIP News","alternateName":"Gossip News","url":"https:\/\/www.gossip.it\/","logo":{"@type":"ImageObject","inLanguage":"it-IT","@id":"https:\/\/www.gossip.it\/#\/schema\/logo\/image\/","url":"https:\/\/www.gossip.it\/wp-content\/uploads\/2022\/04\/cropped-corna-alta-tiny.png","contentUrl":"https:\/\/www.gossip.it\/wp-content\/uploads\/2022\/04\/cropped-corna-alta-tiny.png","width":512,"height":512,"caption":"Gossip and VIP News"},"image":{"@id":"https:\/\/www.gossip.it\/#\/schema\/logo\/image\/"},"sameAs":["https:\/\/www.facebook.com\/GossipIT","https:\/\/x.com\/gossinews_it","https:\/\/instagram.com\/gossip_it"]},{"@type":"Person","@id":"https:\/\/www.gossip.it\/#\/schema\/person\/488896f75158bff1cc83c6c39d141110","name":"La Redazione","image":{"@type":"ImageObject","inLanguage":"it-IT","@id":"https:\/\/www.gossip.it\/#\/schema\/person\/image\/","url":"https:\/\/secure.gravatar.com\/avatar\/5a5f5c6fa3e6700e4249abdad0263a1e94e927d9e0499b1cb09c1cd29c044d80?s=96&d=mm&r=g","contentUrl":"https:\/\/secure.gravatar.com\/avatar\/5a5f5c6fa3e6700e4249abdad0263a1e94e927d9e0499b1cb09c1cd29c044d80?s=96&d=mm&r=g","caption":"La Redazione"},"sameAs":["https:\/\/www.gossip.it"]}]}},"amp_enabled":true,"_links":{"self":[{"href":"https:\/\/www.gossip.it\/api\/wp\/v2\/posts\/52712","targetHints":{"allow":["GET"]}}],"collection":[{"href":"https:\/\/www.gossip.it\/api\/wp\/v2\/posts"}],"about":[{"href":"https:\/\/www.gossip.it\/api\/wp\/v2\/types\/post"}],"author":[{"embeddable":true,"href":"https:\/\/www.gossip.it\/api\/wp\/v2\/users\/1"}],"replies":[{"embeddable":true,"href":"https:\/\/www.gossip.it\/api\/wp\/v2\/comments?post=52712"}],"version-history":[{"count":0,"href":"https:\/\/www.gossip.it\/api\/wp\/v2\/posts\/52712\/revisions"}],"wp:featuredmedia":[{"embeddable":true,"href":"https:\/\/www.gossip.it\/api\/wp\/v2\/media\/108758"}],"wp:attachment":[{"href":"https:\/\/www.gossip.it\/api\/wp\/v2\/media?parent=52712"}],"wp:term":[{"taxonomy":"category","embeddable":true,"href":"https:\/\/www.gossip.it\/api\/wp\/v2\/categories?post=52712"},{"taxonomy":"post_tag","embeddable":true,"href":"https:\/\/www.gossip.it\/api\/wp\/v2\/tags?post=52712"},{"taxonomy":"vip","embeddable":true,"href":"https:\/\/www.gossip.it\/api\/wp\/v2\/vip?post=52712"}],"curies":[{"name":"wp","href":"https:\/\/api.w.org\/{rel}","templated":true}]}}