{"id":52713,"date":"2015-09-24T00:00:00","date_gmt":"2015-09-23T22:00:00","guid":{"rendered":"https:\/\/www.gossip.it\/senza-categoria\/raffaella-fico-selfie-senza-trucco\/"},"modified":"2015-09-24T00:00:00","modified_gmt":"2015-09-23T22:00:00","slug":"raffaella-fico-selfie-senza-trucco","status":"publish","type":"post","link":"https:\/\/www.gossip.it\/news\/raffaella-fico-selfie-senza-trucco\/","title":{"rendered":"Raffaella Fico si scatta un selfie senza trucco: foto"},"content":{"rendered":"<p><strong><a href=\"http:\/\/www.gossip.it\/vip\/raffaella-fico\/\">Raffaella Fico<\/a>,<\/strong> 27 anni, si scatta un selfie<strong> senza trucco <\/strong>in camerino. L'ex gieffina si sta preparando allo specchio, ad occuparsi di lei c'\u00e8 una truccatrice e, prima del risultato finale, la showgirl napoletana ha condiviso la foto al naturale con i fan che la seguono su<strong><em> Instagram<\/em><\/strong>.<\/p>\n<figure class=\"caption\"><img decoding=\"async\" alt=\"\" src=\"http:\/\/files.gossip.it\/immagini_news\/2015\/09\/1443092049_raffaella_fico_no_make_up.jpg\" \/><figcaption>Raffaella Fico si scatta un selfie senza trucco in camerino e lo condivide su Instagram<\/figcaption><\/figure>\n<p><span style=\"line-height: 1.6em;\">La Fico sta realizzando alcuni scatti per una campagna pubblicitaria a Milano, la citt\u00e0 dove ormai vive. Nel capoluogo lombardo insieme a lei c'\u00e8 anche la figlia<strong> Pia<\/strong>, 3 anni, avuta dal calciatore<strong>\u00a0<\/strong><\/span><strong><a href=\"http:\/\/www.gossip.it\/vip\/-mario balotelli\/\">Mario Balotelli<\/a><\/strong><span style=\"line-height: 1.6em;\">. Raffaella, dopo l'esperienza come cantante e il tour musicale, sta per tornare in tv per occuparsi di calcio. \u00a0La showgirl napoletana, infatti, sar\u00e0 il volto femminile del talk show calcistico <em><strong>\"Tutti in campo\"<\/strong><\/em>, in onda in prima serata sull'emittente campana Canale 9, a partire dal prossimo luned\u00ec. La Fico si occuper\u00e0 di nuovo del mondo del pallone e in particolare del Napoli, di cui \u00e8 grande tifosa. Lo far\u00e0 al fianco del giornalista <\/span><strong><a href=\"http:\/\/www.gossip.it\/vip\/valter-de maggio\/\">Valter De Maggio<\/a><\/strong><span style=\"line-height: 1.6em;\">, al timone del programma. Ancora nessuna news in campo sentimentale, dopo la fine della storia con <\/span><strong><a href=\"http:\/\/www.gossip.it\/vip\/gianluca-tozzi\/\">Gianluca Tozzi<\/a><\/strong><span style=\"line-height: 1.6em;\">, Raffaella \u00e8 anciora single...<\/span><\/p>\n","protected":false},"excerpt":{"rendered":"<p>Raffaella Fico, 27 anni, si scatta un selfie senza trucco in camerino. L'ex gieffina si sta preparando allo specchio, ad occuparsi di lei c'\u00e8 una truccatrice e, prima del risultato finale, la showgirl napoletana ha condiviso la foto al naturale con i fan che la seguono su Instagram. Raffaella Fico si scatta un selfie senza [&hellip;]<\/p>\n","protected":false},"author":1,"featured_media":108759,"comment_status":"closed","ping_status":"closed","sticky":false,"template":"","format":"standard","meta":{"footnotes":""},"categories":[54],"tags":[7370,1981,2107,53063,9894,8631,7023,1967,9895],"vip":[1260,1534],"class_list":["post-52713","post","type-post","status-publish","format-standard","has-post-thumbnail","hentry","category-news","tag-camerino","tag-cantante","tag-grande-fratello","tag-no-makeup","tag-pia-balotelli","tag-selfie","tag-senza-trucco","tag-showgirl","tag-tutti-in-campo","vip-mario_balotelli","vip-raffaella_fico"],"yoast_head":"<title>Raffaella Fico si scatta un selfie senza trucco: foto - Gossip.it | News sul Gossip e VIP<\/title>\n<meta name=\"description\" content=\"Raffaella Fico, 27 anni, si scatta un selfie senza trucco in camerino. L&#039;ex gieffina si sta preparando allo specchio, ad occuparsi di lei c&#039;\u00e8 una\" \/>\n<meta name=\"robots\" content=\"index, follow, max-snippet:-1, max-image-preview:large, max-video-preview:-1\" \/>\n<link rel=\"canonical\" href=\"https:\/\/www.gossip.it\/news\/raffaella-fico-selfie-senza-trucco\/\" \/>\n<meta property=\"og:locale\" content=\"it_IT\" \/>\n<meta property=\"og:type\" content=\"article\" \/>\n<meta property=\"og:title\" content=\"Raffaella Fico si scatta un selfie senza trucco: foto - Gossip.it | News sul Gossip e VIP\" \/>\n<meta property=\"og:description\" content=\"Raffaella Fico, 27 anni, si scatta un selfie senza trucco in camerino. L&#039;ex gieffina si sta preparando allo specchio, ad occuparsi di lei c&#039;\u00e8 una\" \/>\n<meta property=\"og:url\" content=\"https:\/\/www.gossip.it\/news\/raffaella-fico-selfie-senza-trucco\/\" \/>\n<meta property=\"og:site_name\" content=\"Gossip.it | News sul Gossip e VIP\" \/>\n<meta property=\"article:publisher\" content=\"https:\/\/www.facebook.com\/GossipIT\" \/>\n<meta property=\"article:published_time\" content=\"2015-09-23T22:00:00+00:00\" \/>\n<meta property=\"og:image\" content=\"http:\/\/files.gossip.it\/immagini_news\/2015\/09\/1443092049_raffaella_fico_no_make_up.jpg\" \/>\n<meta name=\"author\" content=\"La Redazione\" \/>\n<meta name=\"twitter:card\" content=\"summary_large_image\" \/>\n<meta name=\"twitter:image\" content=\"http:\/\/files.gossip.it\/immagini_news\/2015\/09\/1443092049_raffaella_fico_no_make_up.jpg\" \/>\n<meta name=\"twitter:creator\" content=\"@gossinews_it\" \/>\n<meta name=\"twitter:site\" content=\"@gossinews_it\" \/>\n<meta name=\"twitter:label1\" content=\"Scritto da\" \/>\n\t<meta name=\"twitter:data1\" content=\"Veronica Langella\" \/>\n\t<meta name=\"twitter:label2\" content=\"Tempo di lettura stimato\" \/>\n\t<meta name=\"twitter:data2\" content=\"1 minuto\" \/>","yoast_head_json":{"title":"Raffaella Fico si scatta un selfie senza trucco: foto - Gossip.it | News sul Gossip e VIP","description":"Raffaella Fico, 27 anni, si scatta un selfie senza trucco in camerino. L'ex gieffina si sta preparando allo specchio, ad occuparsi di lei c'\u00e8 una","robots":{"index":"index","follow":"follow","max-snippet":"max-snippet:-1","max-image-preview":"max-image-preview:large","max-video-preview":"max-video-preview:-1"},"canonical":"https:\/\/www.gossip.it\/news\/raffaella-fico-selfie-senza-trucco\/","og_locale":"it_IT","og_type":"article","og_title":"Raffaella Fico si scatta un selfie senza trucco: foto - Gossip.it | News sul Gossip e VIP","og_description":"Raffaella Fico, 27 anni, si scatta un selfie senza trucco in camerino. L'ex gieffina si sta preparando allo specchio, ad occuparsi di lei c'\u00e8 una","og_url":"https:\/\/www.gossip.it\/news\/raffaella-fico-selfie-senza-trucco\/","og_site_name":"Gossip.it | News sul Gossip e VIP","article_publisher":"https:\/\/www.facebook.com\/GossipIT","article_published_time":"2015-09-23T22:00:00+00:00","og_image":[{"url":"http:\/\/files.gossip.it\/immagini_news\/2015\/09\/1443092049_raffaella_fico_no_make_up.jpg"}],"author":"La Redazione","twitter_card":"summary_large_image","twitter_image":"http:\/\/files.gossip.it\/immagini_news\/2015\/09\/1443092049_raffaella_fico_no_make_up.jpg","twitter_creator":"@gossinews_it","twitter_site":"@gossinews_it","twitter_misc":{"Scritto da":"Veronica Langella","Tempo di lettura stimato":"1 minuto"},"schema":{"@context":"https:\/\/schema.org","@graph":[{"@type":"Article","@id":"https:\/\/www.gossip.it\/news\/raffaella-fico-selfie-senza-trucco\/#article","isPartOf":{"@id":"https:\/\/www.gossip.it\/news\/raffaella-fico-selfie-senza-trucco\/"},"author":{"name":"La Redazione","@id":"https:\/\/www.gossip.it\/#\/schema\/person\/488896f75158bff1cc83c6c39d141110"},"headline":"Raffaella Fico si scatta un selfie senza trucco: foto","datePublished":"2015-09-23T22:00:00+00:00","dateModified":"2015-09-23T22:00:00+00:00","mainEntityOfPage":{"@id":"https:\/\/www.gossip.it\/news\/raffaella-fico-selfie-senza-trucco\/"},"wordCount":203,"publisher":{"@id":"https:\/\/www.gossip.it\/#organization"},"image":{"@id":"https:\/\/www.gossip.it\/news\/raffaella-fico-selfie-senza-trucco\/#primaryimage"},"thumbnailUrl":"http:\/\/files.gossip.it\/immagini_news\/2015\/09\/1443092049_raffaella_fico_no_make_up.jpg","keywords":["camerino","cantante","grande fratello","no makeup","pia balotelli","selfie","senza trucco","showgirl","tutti in campo"],"articleSection":["News"],"inLanguage":"it-IT"},{"@type":"WebPage","@id":"https:\/\/www.gossip.it\/news\/raffaella-fico-selfie-senza-trucco\/","url":"https:\/\/www.gossip.it\/news\/raffaella-fico-selfie-senza-trucco\/","name":"Raffaella Fico si scatta un selfie senza trucco: foto - Gossip.it | News sul Gossip e VIP","isPartOf":{"@id":"https:\/\/www.gossip.it\/#website"},"primaryImageOfPage":{"@id":"https:\/\/www.gossip.it\/news\/raffaella-fico-selfie-senza-trucco\/#primaryimage"},"image":{"@id":"https:\/\/www.gossip.it\/news\/raffaella-fico-selfie-senza-trucco\/#primaryimage"},"thumbnailUrl":"http:\/\/files.gossip.it\/immagini_news\/2015\/09\/1443092049_raffaella_fico_no_make_up.jpg","datePublished":"2015-09-23T22:00:00+00:00","dateModified":"2015-09-23T22:00:00+00:00","description":"Raffaella Fico, 27 anni, si scatta un selfie senza trucco in camerino. L'ex gieffina si sta preparando allo specchio, ad occuparsi di lei c'\u00e8 una","breadcrumb":{"@id":"https:\/\/www.gossip.it\/news\/raffaella-fico-selfie-senza-trucco\/#breadcrumb"},"inLanguage":"it-IT","potentialAction":[{"@type":"ReadAction","target":["https:\/\/www.gossip.it\/news\/raffaella-fico-selfie-senza-trucco\/"]}]},{"@type":"ImageObject","inLanguage":"it-IT","@id":"https:\/\/www.gossip.it\/news\/raffaella-fico-selfie-senza-trucco\/#primaryimage","url":"http:\/\/files.gossip.it\/immagini_news\/2015\/09\/1443092049_raffaella_fico_no_make_up.jpg","contentUrl":"http:\/\/files.gossip.it\/immagini_news\/2015\/09\/1443092049_raffaella_fico_no_make_up.jpg"},{"@type":"BreadcrumbList","@id":"https:\/\/www.gossip.it\/news\/raffaella-fico-selfie-senza-trucco\/#breadcrumb","itemListElement":[{"@type":"ListItem","position":1,"name":"Home","item":"https:\/\/www.gossip.it\/"},{"@type":"ListItem","position":2,"name":"Raffaella Fico si scatta un selfie senza trucco: foto"}]},{"@type":"WebSite","@id":"https:\/\/www.gossip.it\/#website","url":"https:\/\/www.gossip.it\/","name":"Gossip and VIP News","description":"Quotidiano di cronaca rosa, costume e societ\u00e0","publisher":{"@id":"https:\/\/www.gossip.it\/#organization"},"alternateName":"Gossip and VIP News","potentialAction":[{"@type":"SearchAction","target":{"@type":"EntryPoint","urlTemplate":"https:\/\/www.gossip.it\/?s={search_term_string}"},"query-input":{"@type":"PropertyValueSpecification","valueRequired":true,"valueName":"search_term_string"}}],"inLanguage":"it-IT"},{"@type":"Organization","@id":"https:\/\/www.gossip.it\/#organization","name":"Gossip and VIP News","alternateName":"Gossip News","url":"https:\/\/www.gossip.it\/","logo":{"@type":"ImageObject","inLanguage":"it-IT","@id":"https:\/\/www.gossip.it\/#\/schema\/logo\/image\/","url":"https:\/\/www.gossip.it\/wp-content\/uploads\/2022\/04\/cropped-corna-alta-tiny.png","contentUrl":"https:\/\/www.gossip.it\/wp-content\/uploads\/2022\/04\/cropped-corna-alta-tiny.png","width":512,"height":512,"caption":"Gossip and VIP News"},"image":{"@id":"https:\/\/www.gossip.it\/#\/schema\/logo\/image\/"},"sameAs":["https:\/\/www.facebook.com\/GossipIT","https:\/\/x.com\/gossinews_it","https:\/\/instagram.com\/gossip_it"]},{"@type":"Person","@id":"https:\/\/www.gossip.it\/#\/schema\/person\/488896f75158bff1cc83c6c39d141110","name":"La Redazione","image":{"@type":"ImageObject","inLanguage":"it-IT","@id":"https:\/\/www.gossip.it\/#\/schema\/person\/image\/","url":"https:\/\/secure.gravatar.com\/avatar\/5a5f5c6fa3e6700e4249abdad0263a1e94e927d9e0499b1cb09c1cd29c044d80?s=96&d=mm&r=g","contentUrl":"https:\/\/secure.gravatar.com\/avatar\/5a5f5c6fa3e6700e4249abdad0263a1e94e927d9e0499b1cb09c1cd29c044d80?s=96&d=mm&r=g","caption":"La Redazione"},"sameAs":["https:\/\/www.gossip.it"]}]}},"amp_enabled":true,"_links":{"self":[{"href":"https:\/\/www.gossip.it\/api\/wp\/v2\/posts\/52713","targetHints":{"allow":["GET"]}}],"collection":[{"href":"https:\/\/www.gossip.it\/api\/wp\/v2\/posts"}],"about":[{"href":"https:\/\/www.gossip.it\/api\/wp\/v2\/types\/post"}],"author":[{"embeddable":true,"href":"https:\/\/www.gossip.it\/api\/wp\/v2\/users\/1"}],"replies":[{"embeddable":true,"href":"https:\/\/www.gossip.it\/api\/wp\/v2\/comments?post=52713"}],"version-history":[{"count":0,"href":"https:\/\/www.gossip.it\/api\/wp\/v2\/posts\/52713\/revisions"}],"wp:featuredmedia":[{"embeddable":true,"href":"https:\/\/www.gossip.it\/api\/wp\/v2\/media\/108759"}],"wp:attachment":[{"href":"https:\/\/www.gossip.it\/api\/wp\/v2\/media?parent=52713"}],"wp:term":[{"taxonomy":"category","embeddable":true,"href":"https:\/\/www.gossip.it\/api\/wp\/v2\/categories?post=52713"},{"taxonomy":"post_tag","embeddable":true,"href":"https:\/\/www.gossip.it\/api\/wp\/v2\/tags?post=52713"},{"taxonomy":"vip","embeddable":true,"href":"https:\/\/www.gossip.it\/api\/wp\/v2\/vip?post=52713"}],"curies":[{"name":"wp","href":"https:\/\/api.w.org\/{rel}","templated":true}]}}