{"id":52737,"date":"2015-09-25T00:00:00","date_gmt":"2015-09-24T22:00:00","guid":{"rendered":"https:\/\/www.gossip.it\/senza-categoria\/federica-nargi-formentera-shooting-settembre\/"},"modified":"2015-09-25T00:00:00","modified_gmt":"2015-09-24T22:00:00","slug":"federica-nargi-formentera-shooting-settembre","status":"publish","type":"post","link":"https:\/\/www.gossip.it\/news\/federica-nargi-formentera-shooting-settembre\/","title":{"rendered":"Federica Nargi, shooting a Formentera pure a settembre"},"content":{"rendered":"<p><a href=\"http:\/\/www.gossip.it\/vip\/federica-nargi\/\">Federica Nargi<\/a> \u00e8 di nuovo alle Baleari. Per la bella 25enne uno <strong>shooting<\/strong> a <strong>Formentera<\/strong> anche a<strong> settembre<\/strong>, per il brand di cui \u00e8 testimonial da un po', Goldenpoint.<\/p>\n<figure class=\"caption\"><img decoding=\"async\" alt=\"\" width=\"620\" height=\"673\" src=\"http:\/\/files.gossip.it\/immagini_news\/2015\/09\/1443186515_federica_nargi_buongiorno_formentera.jpg\" \/><figcaption>Federica Nargi \u00e8 volata di nuovo a Formentera per uno shooting<\/figcaption><\/figure>\n<p>Prima di arrivare a <strong>Formentera<\/strong>, <strong>Federica Nargi<\/strong> da Roma ha fatto un salto a Milano, per gustare una cena con i suoi cari amici che vivono nel capoluogo lombardo. Poi via. Nonostante il clima pi\u00f9 tiepido di <strong>settembre<\/strong>, l'ex <a href=\"http:\/\/www.gossip.it\/vip\/velina\/\">velina<\/a> mora \u00e8 volata a <strong>Formentera<\/strong> dove, da quasi una settimana, posa in bikini per il marchio che la vuole come volto e soprattutto fisico per le proprie campagne pubblicitarie. <em>\"First day of <strong>shooting<\/strong> @goldenpointofficial #goldenpoint#formentera#shootingday @adrianorussoph\"<\/em>, ha cinguettato qualche ora dopo essere atterrata. A cena, dopo il lavoro, la <a href=\"http:\/\/www.gossip.it\/vip\/showgirl\/\">showgirl<\/a> e <a href=\"http:\/\/www.gossip.it\/vip\/modella\/\">modella<\/a> \u00e8 andata in libera uscita: <em>\"Stasera tutti al \"Casanita\" @casanita_formentera #casanita#formentera\"<\/em>.<\/p>\n<figure class=\"caption\"><img decoding=\"async\" alt=\"\" width=\"620\" height=\"622\" src=\"http:\/\/files.gossip.it\/immagini_news\/2015\/09\/1443186550_nargi_selfie_formentera.jpg\" \/><figcaption>La 25enne sta posando per Goldenpoint, brand di cui \u00e8 testimonial<\/figcaption><\/figure>\n<p>Per <strong>Federica Nargi<\/strong>, che anche a <strong>settembre<\/strong> \u00e8 a <strong>Formentera<\/strong>, l'isola dove ha trascorso la maggior parte delle sue vacanze, per uno <strong>shooting<\/strong>, pure uno scatto in gruppo condiviso con lo staff al suo seguito. <em>\"The shooting pack #formentera#shootingday#formentera @d_i_o_s @giuliocasagrande @giovannaangarola @barbie.ciccognani_makeup @bettycanz<\/em>\".<\/p>\n<figure class=\"caption\"><img decoding=\"async\" alt=\"\" width=\"620\" height=\"622\" src=\"http:\/\/files.gossip.it\/immagini_news\/2015\/09\/1443186577_nargi_goldenpoint_formentera.jpg\" \/><figcaption>Federica Nargi con una parte del team con cui \u00e8 volata alle Baleari<\/figcaption><\/figure>\n<p>Alle Baleari Fede si diverte, ma, in cuor suo, non vede l'ora di tornare nella Capitale e stare accanto al suo <a href=\"http:\/\/www.gossip.it\/vip\/alessandro-matri\/\">Alessandro Matri<\/a>,\u00a0che ora gioca nella Lazio e per il quale ha pure cambiato squadra (la Nargi ha sempre detto di essere della Roma). Attesissima all'Olimpico, quando \u00e8 andata allo stadio, ha fatto fuorore e portato bene al fidanzato, che con lei sugli spalti ha segnato una doppietta. <em>\"L'acquisto migliore dell'intero mercato della Lazio\"<\/em>, l'hanno ribattezzata gli ultr\u00e0 biancocelesti. Per lei l'8 novembre prossimo arriver\u00e0 il derby pi\u00f9 atteso con <a href=\"http:\/\/www.gossip.it\/vip\/ilary-blasi\/\">Ilary Blasi<\/a>, moglie del capitano giallorosso <a href=\"http:\/\/www.gossip.it\/vip\/francesco-totti\/\">Francesco Totti<\/a>, quel giorno si giocher\u00e0, infatti, \u00a0Roma-Lazio.\u00a0<\/p>\n<figure class=\"caption\"><img decoding=\"async\" alt=\"\" width=\"620\" height=\"622\" src=\"http:\/\/files.gossip.it\/immagini_news\/2015\/09\/1443186621_nargi_shooting_formentera.jpg\" \/><figcaption>Un altro selfie con lo staffo per la bella mora<\/figcaption><\/figure>\n<p>\u00a0<\/p>\n<p>\u00a0<\/p>\n","protected":false},"excerpt":{"rendered":"<p>Federica Nargi \u00e8 di nuovo alle Baleari. Per la bella 25enne uno shooting a Formentera anche a settembre, per il brand di cui \u00e8 testimonial da un po', Goldenpoint. Federica Nargi \u00e8 volata di nuovo a Formentera per uno shooting Prima di arrivare a Formentera, Federica Nargi da Roma ha fatto un salto a Milano, [&hellip;]<\/p>\n","protected":false},"author":1,"featured_media":108783,"comment_status":"closed","ping_status":"closed","sticky":false,"template":"","format":"standard","meta":{"footnotes":""},"categories":[54],"tags":[8718,7837,7981,8731,2121,4402,1997,1879,3248,7450,1967,1923,6561],"vip":[730],"class_list":["post-52737","post","type-post","status-publish","format-standard","has-post-thumbnail","hentry","category-news","tag-alessandro-matri","tag-baleari","tag-formentera","tag-goldenpoint","tag-instagram","tag-lazio","tag-modella","tag-roma","tag-settembre","tag-shooting","tag-showgirl","tag-social","tag-velina","vip-federica_nargi"],"yoast_head":"<title>Federica Nargi, shooting a Formentera pure a settembre - Gossip.it | News sul Gossip e VIP<\/title>\n<meta name=\"description\" content=\"Federica Nargi \u00e8 di nuovo alle Baleari. Per la bella 25enne uno shooting a Formentera anche a settembre, per il brand di cui \u00e8 testimonial da un po&#039;,\" \/>\n<meta name=\"robots\" content=\"index, follow, max-snippet:-1, max-image-preview:large, max-video-preview:-1\" \/>\n<link rel=\"canonical\" href=\"https:\/\/www.gossip.it\/news\/federica-nargi-formentera-shooting-settembre\/\" \/>\n<meta property=\"og:locale\" content=\"it_IT\" \/>\n<meta property=\"og:type\" content=\"article\" \/>\n<meta property=\"og:title\" content=\"Federica Nargi, shooting a Formentera pure a settembre - Gossip.it | News sul Gossip e VIP\" \/>\n<meta property=\"og:description\" content=\"Federica Nargi \u00e8 di nuovo alle Baleari. Per la bella 25enne uno shooting a Formentera anche a settembre, per il brand di cui \u00e8 testimonial da un po&#039;,\" \/>\n<meta property=\"og:url\" content=\"https:\/\/www.gossip.it\/news\/federica-nargi-formentera-shooting-settembre\/\" \/>\n<meta property=\"og:site_name\" content=\"Gossip.it | News sul Gossip e VIP\" \/>\n<meta property=\"article:publisher\" content=\"https:\/\/www.facebook.com\/GossipIT\" \/>\n<meta property=\"article:published_time\" content=\"2015-09-24T22:00:00+00:00\" \/>\n<meta property=\"og:image\" content=\"http:\/\/files.gossip.it\/immagini_news\/2015\/09\/1443186515_federica_nargi_buongiorno_formentera.jpg\" \/>\n<meta name=\"author\" content=\"La Redazione\" \/>\n<meta name=\"twitter:card\" content=\"summary_large_image\" \/>\n<meta name=\"twitter:image\" content=\"http:\/\/files.gossip.it\/immagini_news\/2015\/09\/1443186515_federica_nargi_buongiorno_formentera.jpg\" \/>\n<meta name=\"twitter:creator\" content=\"@gossinews_it\" \/>\n<meta name=\"twitter:site\" content=\"@gossinews_it\" \/>\n<meta name=\"twitter:label1\" content=\"Scritto da\" \/>\n\t<meta name=\"twitter:data1\" content=\"Annamaria Capozzi\" \/>\n\t<meta name=\"twitter:label2\" content=\"Tempo di lettura stimato\" \/>\n\t<meta name=\"twitter:data2\" content=\"2 minuti\" \/>","yoast_head_json":{"title":"Federica Nargi, shooting a Formentera pure a settembre - Gossip.it | News sul Gossip e VIP","description":"Federica Nargi \u00e8 di nuovo alle Baleari. Per la bella 25enne uno shooting a Formentera anche a settembre, per il brand di cui \u00e8 testimonial da un po',","robots":{"index":"index","follow":"follow","max-snippet":"max-snippet:-1","max-image-preview":"max-image-preview:large","max-video-preview":"max-video-preview:-1"},"canonical":"https:\/\/www.gossip.it\/news\/federica-nargi-formentera-shooting-settembre\/","og_locale":"it_IT","og_type":"article","og_title":"Federica Nargi, shooting a Formentera pure a settembre - Gossip.it | News sul Gossip e VIP","og_description":"Federica Nargi \u00e8 di nuovo alle Baleari. Per la bella 25enne uno shooting a Formentera anche a settembre, per il brand di cui \u00e8 testimonial da un po',","og_url":"https:\/\/www.gossip.it\/news\/federica-nargi-formentera-shooting-settembre\/","og_site_name":"Gossip.it | News sul Gossip e VIP","article_publisher":"https:\/\/www.facebook.com\/GossipIT","article_published_time":"2015-09-24T22:00:00+00:00","og_image":[{"url":"http:\/\/files.gossip.it\/immagini_news\/2015\/09\/1443186515_federica_nargi_buongiorno_formentera.jpg"}],"author":"La Redazione","twitter_card":"summary_large_image","twitter_image":"http:\/\/files.gossip.it\/immagini_news\/2015\/09\/1443186515_federica_nargi_buongiorno_formentera.jpg","twitter_creator":"@gossinews_it","twitter_site":"@gossinews_it","twitter_misc":{"Scritto da":"Annamaria Capozzi","Tempo di lettura stimato":"2 minuti"},"schema":{"@context":"https:\/\/schema.org","@graph":[{"@type":"Article","@id":"https:\/\/www.gossip.it\/news\/federica-nargi-formentera-shooting-settembre\/#article","isPartOf":{"@id":"https:\/\/www.gossip.it\/news\/federica-nargi-formentera-shooting-settembre\/"},"author":{"name":"La Redazione","@id":"https:\/\/www.gossip.it\/#\/schema\/person\/488896f75158bff1cc83c6c39d141110"},"headline":"Federica Nargi, shooting a Formentera pure a settembre","datePublished":"2015-09-24T22:00:00+00:00","dateModified":"2015-09-24T22:00:00+00:00","mainEntityOfPage":{"@id":"https:\/\/www.gossip.it\/news\/federica-nargi-formentera-shooting-settembre\/"},"wordCount":343,"publisher":{"@id":"https:\/\/www.gossip.it\/#organization"},"image":{"@id":"https:\/\/www.gossip.it\/news\/federica-nargi-formentera-shooting-settembre\/#primaryimage"},"thumbnailUrl":"http:\/\/files.gossip.it\/immagini_news\/2015\/09\/1443186515_federica_nargi_buongiorno_formentera.jpg","keywords":["alessandro matri","baleari","formentera","goldenpoint","instagram","lazio","modella","roma","settembre","shooting","showgirl","social","velina"],"articleSection":["News"],"inLanguage":"it-IT"},{"@type":"WebPage","@id":"https:\/\/www.gossip.it\/news\/federica-nargi-formentera-shooting-settembre\/","url":"https:\/\/www.gossip.it\/news\/federica-nargi-formentera-shooting-settembre\/","name":"Federica Nargi, shooting a Formentera pure a settembre - Gossip.it | News sul Gossip e VIP","isPartOf":{"@id":"https:\/\/www.gossip.it\/#website"},"primaryImageOfPage":{"@id":"https:\/\/www.gossip.it\/news\/federica-nargi-formentera-shooting-settembre\/#primaryimage"},"image":{"@id":"https:\/\/www.gossip.it\/news\/federica-nargi-formentera-shooting-settembre\/#primaryimage"},"thumbnailUrl":"http:\/\/files.gossip.it\/immagini_news\/2015\/09\/1443186515_federica_nargi_buongiorno_formentera.jpg","datePublished":"2015-09-24T22:00:00+00:00","dateModified":"2015-09-24T22:00:00+00:00","description":"Federica Nargi \u00e8 di nuovo alle Baleari. Per la bella 25enne uno shooting a Formentera anche a settembre, per il brand di cui \u00e8 testimonial da un po',","breadcrumb":{"@id":"https:\/\/www.gossip.it\/news\/federica-nargi-formentera-shooting-settembre\/#breadcrumb"},"inLanguage":"it-IT","potentialAction":[{"@type":"ReadAction","target":["https:\/\/www.gossip.it\/news\/federica-nargi-formentera-shooting-settembre\/"]}]},{"@type":"ImageObject","inLanguage":"it-IT","@id":"https:\/\/www.gossip.it\/news\/federica-nargi-formentera-shooting-settembre\/#primaryimage","url":"http:\/\/files.gossip.it\/immagini_news\/2015\/09\/1443186515_federica_nargi_buongiorno_formentera.jpg","contentUrl":"http:\/\/files.gossip.it\/immagini_news\/2015\/09\/1443186515_federica_nargi_buongiorno_formentera.jpg"},{"@type":"BreadcrumbList","@id":"https:\/\/www.gossip.it\/news\/federica-nargi-formentera-shooting-settembre\/#breadcrumb","itemListElement":[{"@type":"ListItem","position":1,"name":"Home","item":"https:\/\/www.gossip.it\/"},{"@type":"ListItem","position":2,"name":"Federica Nargi, shooting a Formentera pure a settembre"}]},{"@type":"WebSite","@id":"https:\/\/www.gossip.it\/#website","url":"https:\/\/www.gossip.it\/","name":"Gossip and VIP News","description":"Quotidiano di cronaca rosa, costume e societ\u00e0","publisher":{"@id":"https:\/\/www.gossip.it\/#organization"},"alternateName":"Gossip and VIP News","potentialAction":[{"@type":"SearchAction","target":{"@type":"EntryPoint","urlTemplate":"https:\/\/www.gossip.it\/?s={search_term_string}"},"query-input":{"@type":"PropertyValueSpecification","valueRequired":true,"valueName":"search_term_string"}}],"inLanguage":"it-IT"},{"@type":"Organization","@id":"https:\/\/www.gossip.it\/#organization","name":"Gossip and VIP News","alternateName":"Gossip News","url":"https:\/\/www.gossip.it\/","logo":{"@type":"ImageObject","inLanguage":"it-IT","@id":"https:\/\/www.gossip.it\/#\/schema\/logo\/image\/","url":"https:\/\/www.gossip.it\/wp-content\/uploads\/2022\/04\/cropped-corna-alta-tiny.png","contentUrl":"https:\/\/www.gossip.it\/wp-content\/uploads\/2022\/04\/cropped-corna-alta-tiny.png","width":512,"height":512,"caption":"Gossip and VIP News"},"image":{"@id":"https:\/\/www.gossip.it\/#\/schema\/logo\/image\/"},"sameAs":["https:\/\/www.facebook.com\/GossipIT","https:\/\/x.com\/gossinews_it","https:\/\/instagram.com\/gossip_it"]},{"@type":"Person","@id":"https:\/\/www.gossip.it\/#\/schema\/person\/488896f75158bff1cc83c6c39d141110","name":"La Redazione","image":{"@type":"ImageObject","inLanguage":"it-IT","@id":"https:\/\/www.gossip.it\/#\/schema\/person\/image\/","url":"https:\/\/secure.gravatar.com\/avatar\/5a5f5c6fa3e6700e4249abdad0263a1e94e927d9e0499b1cb09c1cd29c044d80?s=96&d=mm&r=g","contentUrl":"https:\/\/secure.gravatar.com\/avatar\/5a5f5c6fa3e6700e4249abdad0263a1e94e927d9e0499b1cb09c1cd29c044d80?s=96&d=mm&r=g","caption":"La Redazione"},"sameAs":["https:\/\/www.gossip.it"]}]}},"amp_enabled":true,"_links":{"self":[{"href":"https:\/\/www.gossip.it\/api\/wp\/v2\/posts\/52737","targetHints":{"allow":["GET"]}}],"collection":[{"href":"https:\/\/www.gossip.it\/api\/wp\/v2\/posts"}],"about":[{"href":"https:\/\/www.gossip.it\/api\/wp\/v2\/types\/post"}],"author":[{"embeddable":true,"href":"https:\/\/www.gossip.it\/api\/wp\/v2\/users\/1"}],"replies":[{"embeddable":true,"href":"https:\/\/www.gossip.it\/api\/wp\/v2\/comments?post=52737"}],"version-history":[{"count":0,"href":"https:\/\/www.gossip.it\/api\/wp\/v2\/posts\/52737\/revisions"}],"wp:featuredmedia":[{"embeddable":true,"href":"https:\/\/www.gossip.it\/api\/wp\/v2\/media\/108783"}],"wp:attachment":[{"href":"https:\/\/www.gossip.it\/api\/wp\/v2\/media?parent=52737"}],"wp:term":[{"taxonomy":"category","embeddable":true,"href":"https:\/\/www.gossip.it\/api\/wp\/v2\/categories?post=52737"},{"taxonomy":"post_tag","embeddable":true,"href":"https:\/\/www.gossip.it\/api\/wp\/v2\/tags?post=52737"},{"taxonomy":"vip","embeddable":true,"href":"https:\/\/www.gossip.it\/api\/wp\/v2\/vip?post=52737"}],"curies":[{"name":"wp","href":"https:\/\/api.w.org\/{rel}","templated":true}]}}