{"id":52902,"date":"2015-10-12T00:00:00","date_gmt":"2015-10-11T22:00:00","guid":{"rendered":"https:\/\/www.gossip.it\/senza-categoria\/michelle-hunziker-festa-sole-primo-anniversario\/"},"modified":"2015-10-12T00:00:00","modified_gmt":"2015-10-11T22:00:00","slug":"michelle-hunziker-festa-sole-primo-anniversario","status":"publish","type":"post","link":"https:\/\/www.gossip.it\/news\/michelle-hunziker-festa-sole-primo-anniversario\/","title":{"rendered":"Michelle Hunziker, primo anniversario di nozze e festa di Sole"},"content":{"rendered":"<p><a href=\"http:\/\/www.gossip.it\/vip\/michelle-hunziker\/\">Michelle Hunziker<\/a> ha avuto un sabato ricchissimo e colmo di emozioni forti. Per la <a href=\"http:\/\/www.gossip.it\/vip\/showgirl\/\">showgirl<\/a> svizzera 38enne \u00e8 arrivato il suo <strong>primo anniversario<\/strong> di <a href=\"http:\/\/www.gossip.it\/vip\/nozze\/\">nozze<\/a> con <a href=\"http:\/\/www.gossip.it\/vip\/tomaso-trussardi\/\">Tomaso Trussardi<\/a>, ma non solo. C'\u00e8 stata anche la <strong>festa<\/strong> di <strong>Sole<\/strong> da celebrare a Milano: la secondogenita della bionda ha compiuto due anni.<\/p>\n<figure class=\"caption\"><img decoding=\"async\" alt=\"\" height=\"724\" width=\"620\" src=\"http:\/\/files.gossip.it\/immagini_news\/2015\/10\/1444646917_michelle_hunziker_sole_festa.jpg\" \/><figcaption>Michelle Hunziker porta Sole in braccio: la piccola ha festeggiato i 2 anni<\/figcaption><\/figure>\n<p><strong>Primo anniversario<\/strong> di <a href=\"http:\/\/www.gossip.it\/vip\/matrimonio\/\">matrimonio<\/a> per <strong>Michelle Hunziker<\/strong>, che lo scorso anno il 10 ottobre al Palazzo della Ragione di Bergamo ha detto di s\u00ec al suo Tomaso. Esattamente un anno prima, nel 2013, era nata la prima figlia della coppia, la seconda per Michelle, <strong>Sole<\/strong>. Sabato grande <strong>festa<\/strong> per la bimba, stupendamente vestita e pronta a divertirsi con un mare di amchette, rigorosamente in famiglia, ma con presenti gli intimi pi\u00f9 cari, la dolce Celeste, nata lo scorso 8 marzo, nonna Ineke, la barboncina Lilly e pure <a href=\"http:\/\/www.gossip.it\/vip\/aurora-ramazzotti\/\">Aurora Ramazzotti<\/a>, la sorellona maggiore di quasi 19 anni, che sul <a href=\"http:\/\/www.gossip.it\/vip\/social\/\">social<\/a>, mandando online uno scatto in cui \u00e8 immortalata con <strong>Sole<\/strong> piccolissima, ha cinguettato: <em>\"Qui avevi giusto qualche ora di vita.. E oggi sono gi\u00e0 due anni. Pi\u00f9 passa il tempo e pi\u00f9 mi innamoro. Auguri alla mia bubi del cuore. Auguri al mio <strong>Sole<\/strong>\"<\/em>.<\/p>\n<figure class=\"caption\"><img decoding=\"async\" alt=\"\" height=\"515\" width=\"620\" src=\"http:\/\/files.gossip.it\/immagini_news\/2015\/10\/1444646937_nonna_ineke_festa_sole.jpg\" \/><figcaption>Nonna Ineke con alcune amiche della showgirl e altre bimbe invitate al party di compleanno<\/figcaption><\/figure>\n<p>Per la <strong>festa<\/strong> per i due anni di <strong>Sole<\/strong>, che ha coinciso con quella del <strong>primo anniversario<\/strong> dei fiori d'arancio, <strong>Michelle Hunziker<\/strong> ha indossato jeans strettissimi, decolt\u00e8 alte ai piedi nere, sopra una camicia sempre black. Capelli sciolti e solito sorriso radioso, \u00e8 arrivata al Trussardi Caf\u00e9 e davanti ai molti fotografi presenti ha mostrato la solita grande cordialit\u00e0.\u00a0<\/p>\n<figure class=\"caption\"><img decoding=\"async\" alt=\"\" height=\"620\" width=\"620\" src=\"http:\/\/files.gossip.it\/immagini_news\/2015\/10\/1444646959_ritorno_a_casa_hunziker_trussardi.jpg\" \/><figcaption>Mamma Michelle e pap\u00e0 Tomaso con la festeggiata<\/figcaption><\/figure>\n<p><strong>Festa<\/strong> e divertimento, truccabimbi compreso, per <strong>Sole<\/strong> e le molte altre bambine, tutte piccole principesse del cuore. Un compleanno meraviglioso, un <strong>primo anniversario<\/strong> particolare in cui Michelle e Tomaso hanno deciso di dare la precedenza alla pargoletta: per una cena romantica a due c'\u00e8 sempre tempo.<\/p>\n<figure class=\"caption\"><img decoding=\"async\" alt=\"\" height=\"431\" width=\"620\" src=\"http:\/\/files.gossip.it\/immagini_news\/2015\/10\/1444646985_aurora_ramazzotti_post.jpg\" \/><figcaption>Il messaggio di auguri di Aurora Ramazzotti alla sorellina<\/figcaption><\/figure>\n<p>\u00a0<\/p>\n<p>\u00a0<\/p>\n","protected":false},"excerpt":{"rendered":"<p>Michelle Hunziker ha avuto un sabato ricchissimo e colmo di emozioni forti. Per la showgirl svizzera 38enne \u00e8 arrivato il suo primo anniversario di nozze con Tomaso Trussardi, ma non solo. C'\u00e8 stata anche la festa di Sole da celebrare a Milano: la secondogenita della bionda ha compiuto due anni. Michelle Hunziker porta Sole in [&hellip;]<\/p>\n","protected":false},"author":1,"featured_media":108948,"comment_status":"closed","ping_status":"closed","sticky":false,"template":"","format":"standard","meta":{"footnotes":""},"categories":[54],"tags":[1939,1907,1905,8902,53185,5281,11940,1967,1923,3288],"vip":[1351,1775],"class_list":["post-52902","post","type-post","status-publish","format-standard","has-post-thumbnail","hentry","category-news","tag-aurora-ramazzotti","tag-festa","tag-figlia","tag-ineke","tag-instagram-milano","tag-paparazzate","tag-primo-anniversario","tag-showgirl","tag-social","tag-sole","vip-michelle_hunziker","vip-tomaso_trussardi"],"yoast_head":"<title>Michelle Hunziker, primo anniversario di nozze e festa di Sole - Gossip.it | News sul Gossip e VIP<\/title>\n<meta name=\"description\" content=\"Michelle Hunziker ha avuto un sabato ricchissimo e colmo di emozioni forti. Per la showgirl svizzera 38enne \u00e8 arrivato il suo primo anniversario di nozze\" \/>\n<meta name=\"robots\" content=\"index, follow, max-snippet:-1, max-image-preview:large, max-video-preview:-1\" \/>\n<link rel=\"canonical\" href=\"https:\/\/www.gossip.it\/news\/michelle-hunziker-festa-sole-primo-anniversario\/\" \/>\n<meta property=\"og:locale\" content=\"it_IT\" \/>\n<meta property=\"og:type\" content=\"article\" \/>\n<meta property=\"og:title\" content=\"Michelle Hunziker, primo anniversario di nozze e festa di Sole - Gossip.it | News sul Gossip e VIP\" \/>\n<meta property=\"og:description\" content=\"Michelle Hunziker ha avuto un sabato ricchissimo e colmo di emozioni forti. Per la showgirl svizzera 38enne \u00e8 arrivato il suo primo anniversario di nozze\" \/>\n<meta property=\"og:url\" content=\"https:\/\/www.gossip.it\/news\/michelle-hunziker-festa-sole-primo-anniversario\/\" \/>\n<meta property=\"og:site_name\" content=\"Gossip.it | News sul Gossip e VIP\" \/>\n<meta property=\"article:publisher\" content=\"https:\/\/www.facebook.com\/GossipIT\" \/>\n<meta property=\"article:published_time\" content=\"2015-10-11T22:00:00+00:00\" \/>\n<meta property=\"og:image\" content=\"http:\/\/files.gossip.it\/immagini_news\/2015\/10\/1444646917_michelle_hunziker_sole_festa.jpg\" \/>\n<meta name=\"author\" content=\"La Redazione\" \/>\n<meta name=\"twitter:card\" content=\"summary_large_image\" \/>\n<meta name=\"twitter:image\" content=\"http:\/\/files.gossip.it\/immagini_news\/2015\/10\/1444646917_michelle_hunziker_sole_festa.jpg\" \/>\n<meta name=\"twitter:creator\" content=\"@gossinews_it\" \/>\n<meta name=\"twitter:site\" content=\"@gossinews_it\" \/>\n<meta name=\"twitter:label1\" content=\"Scritto da\" \/>\n\t<meta name=\"twitter:data1\" content=\"Annamaria Capozzi\" \/>\n\t<meta name=\"twitter:label2\" content=\"Tempo di lettura stimato\" \/>\n\t<meta name=\"twitter:data2\" content=\"2 minuti\" \/>","yoast_head_json":{"title":"Michelle Hunziker, primo anniversario di nozze e festa di Sole - Gossip.it | News sul Gossip e VIP","description":"Michelle Hunziker ha avuto un sabato ricchissimo e colmo di emozioni forti. Per la showgirl svizzera 38enne \u00e8 arrivato il suo primo anniversario di nozze","robots":{"index":"index","follow":"follow","max-snippet":"max-snippet:-1","max-image-preview":"max-image-preview:large","max-video-preview":"max-video-preview:-1"},"canonical":"https:\/\/www.gossip.it\/news\/michelle-hunziker-festa-sole-primo-anniversario\/","og_locale":"it_IT","og_type":"article","og_title":"Michelle Hunziker, primo anniversario di nozze e festa di Sole - Gossip.it | News sul Gossip e VIP","og_description":"Michelle Hunziker ha avuto un sabato ricchissimo e colmo di emozioni forti. Per la showgirl svizzera 38enne \u00e8 arrivato il suo primo anniversario di nozze","og_url":"https:\/\/www.gossip.it\/news\/michelle-hunziker-festa-sole-primo-anniversario\/","og_site_name":"Gossip.it | News sul Gossip e VIP","article_publisher":"https:\/\/www.facebook.com\/GossipIT","article_published_time":"2015-10-11T22:00:00+00:00","og_image":[{"url":"http:\/\/files.gossip.it\/immagini_news\/2015\/10\/1444646917_michelle_hunziker_sole_festa.jpg"}],"author":"La Redazione","twitter_card":"summary_large_image","twitter_image":"http:\/\/files.gossip.it\/immagini_news\/2015\/10\/1444646917_michelle_hunziker_sole_festa.jpg","twitter_creator":"@gossinews_it","twitter_site":"@gossinews_it","twitter_misc":{"Scritto da":"Annamaria Capozzi","Tempo di lettura stimato":"2 minuti"},"schema":{"@context":"https:\/\/schema.org","@graph":[{"@type":"Article","@id":"https:\/\/www.gossip.it\/news\/michelle-hunziker-festa-sole-primo-anniversario\/#article","isPartOf":{"@id":"https:\/\/www.gossip.it\/news\/michelle-hunziker-festa-sole-primo-anniversario\/"},"author":{"name":"La Redazione","@id":"https:\/\/www.gossip.it\/#\/schema\/person\/488896f75158bff1cc83c6c39d141110"},"headline":"Michelle Hunziker, primo anniversario di nozze e festa di Sole","datePublished":"2015-10-11T22:00:00+00:00","dateModified":"2015-10-11T22:00:00+00:00","mainEntityOfPage":{"@id":"https:\/\/www.gossip.it\/news\/michelle-hunziker-festa-sole-primo-anniversario\/"},"wordCount":346,"publisher":{"@id":"https:\/\/www.gossip.it\/#organization"},"image":{"@id":"https:\/\/www.gossip.it\/news\/michelle-hunziker-festa-sole-primo-anniversario\/#primaryimage"},"thumbnailUrl":"http:\/\/files.gossip.it\/immagini_news\/2015\/10\/1444646917_michelle_hunziker_sole_festa.jpg","keywords":["aurora ramazzotti","festa","figlia","ineke","instagram. milano","paparazzate","primo anniversario","showgirl","social","sole"],"articleSection":["News"],"inLanguage":"it-IT"},{"@type":"WebPage","@id":"https:\/\/www.gossip.it\/news\/michelle-hunziker-festa-sole-primo-anniversario\/","url":"https:\/\/www.gossip.it\/news\/michelle-hunziker-festa-sole-primo-anniversario\/","name":"Michelle Hunziker, primo anniversario di nozze e festa di Sole - Gossip.it | News sul Gossip e VIP","isPartOf":{"@id":"https:\/\/www.gossip.it\/#website"},"primaryImageOfPage":{"@id":"https:\/\/www.gossip.it\/news\/michelle-hunziker-festa-sole-primo-anniversario\/#primaryimage"},"image":{"@id":"https:\/\/www.gossip.it\/news\/michelle-hunziker-festa-sole-primo-anniversario\/#primaryimage"},"thumbnailUrl":"http:\/\/files.gossip.it\/immagini_news\/2015\/10\/1444646917_michelle_hunziker_sole_festa.jpg","datePublished":"2015-10-11T22:00:00+00:00","dateModified":"2015-10-11T22:00:00+00:00","description":"Michelle Hunziker ha avuto un sabato ricchissimo e colmo di emozioni forti. Per la showgirl svizzera 38enne \u00e8 arrivato il suo primo anniversario di nozze","breadcrumb":{"@id":"https:\/\/www.gossip.it\/news\/michelle-hunziker-festa-sole-primo-anniversario\/#breadcrumb"},"inLanguage":"it-IT","potentialAction":[{"@type":"ReadAction","target":["https:\/\/www.gossip.it\/news\/michelle-hunziker-festa-sole-primo-anniversario\/"]}]},{"@type":"ImageObject","inLanguage":"it-IT","@id":"https:\/\/www.gossip.it\/news\/michelle-hunziker-festa-sole-primo-anniversario\/#primaryimage","url":"http:\/\/files.gossip.it\/immagini_news\/2015\/10\/1444646917_michelle_hunziker_sole_festa.jpg","contentUrl":"http:\/\/files.gossip.it\/immagini_news\/2015\/10\/1444646917_michelle_hunziker_sole_festa.jpg"},{"@type":"BreadcrumbList","@id":"https:\/\/www.gossip.it\/news\/michelle-hunziker-festa-sole-primo-anniversario\/#breadcrumb","itemListElement":[{"@type":"ListItem","position":1,"name":"Home","item":"https:\/\/www.gossip.it\/"},{"@type":"ListItem","position":2,"name":"Michelle Hunziker, primo anniversario di nozze e festa di Sole"}]},{"@type":"WebSite","@id":"https:\/\/www.gossip.it\/#website","url":"https:\/\/www.gossip.it\/","name":"Gossip and VIP News","description":"Quotidiano di cronaca rosa, costume e societ\u00e0","publisher":{"@id":"https:\/\/www.gossip.it\/#organization"},"alternateName":"Gossip and VIP News","potentialAction":[{"@type":"SearchAction","target":{"@type":"EntryPoint","urlTemplate":"https:\/\/www.gossip.it\/?s={search_term_string}"},"query-input":{"@type":"PropertyValueSpecification","valueRequired":true,"valueName":"search_term_string"}}],"inLanguage":"it-IT"},{"@type":"Organization","@id":"https:\/\/www.gossip.it\/#organization","name":"Gossip and VIP News","alternateName":"Gossip News","url":"https:\/\/www.gossip.it\/","logo":{"@type":"ImageObject","inLanguage":"it-IT","@id":"https:\/\/www.gossip.it\/#\/schema\/logo\/image\/","url":"https:\/\/www.gossip.it\/wp-content\/uploads\/2022\/04\/cropped-corna-alta-tiny.png","contentUrl":"https:\/\/www.gossip.it\/wp-content\/uploads\/2022\/04\/cropped-corna-alta-tiny.png","width":512,"height":512,"caption":"Gossip and VIP News"},"image":{"@id":"https:\/\/www.gossip.it\/#\/schema\/logo\/image\/"},"sameAs":["https:\/\/www.facebook.com\/GossipIT","https:\/\/x.com\/gossinews_it","https:\/\/instagram.com\/gossip_it"]},{"@type":"Person","@id":"https:\/\/www.gossip.it\/#\/schema\/person\/488896f75158bff1cc83c6c39d141110","name":"La Redazione","image":{"@type":"ImageObject","inLanguage":"it-IT","@id":"https:\/\/www.gossip.it\/#\/schema\/person\/image\/","url":"https:\/\/secure.gravatar.com\/avatar\/5a5f5c6fa3e6700e4249abdad0263a1e94e927d9e0499b1cb09c1cd29c044d80?s=96&d=mm&r=g","contentUrl":"https:\/\/secure.gravatar.com\/avatar\/5a5f5c6fa3e6700e4249abdad0263a1e94e927d9e0499b1cb09c1cd29c044d80?s=96&d=mm&r=g","caption":"La Redazione"},"sameAs":["https:\/\/www.gossip.it"]}]}},"amp_enabled":true,"_links":{"self":[{"href":"https:\/\/www.gossip.it\/api\/wp\/v2\/posts\/52902","targetHints":{"allow":["GET"]}}],"collection":[{"href":"https:\/\/www.gossip.it\/api\/wp\/v2\/posts"}],"about":[{"href":"https:\/\/www.gossip.it\/api\/wp\/v2\/types\/post"}],"author":[{"embeddable":true,"href":"https:\/\/www.gossip.it\/api\/wp\/v2\/users\/1"}],"replies":[{"embeddable":true,"href":"https:\/\/www.gossip.it\/api\/wp\/v2\/comments?post=52902"}],"version-history":[{"count":0,"href":"https:\/\/www.gossip.it\/api\/wp\/v2\/posts\/52902\/revisions"}],"wp:featuredmedia":[{"embeddable":true,"href":"https:\/\/www.gossip.it\/api\/wp\/v2\/media\/108948"}],"wp:attachment":[{"href":"https:\/\/www.gossip.it\/api\/wp\/v2\/media?parent=52902"}],"wp:term":[{"taxonomy":"category","embeddable":true,"href":"https:\/\/www.gossip.it\/api\/wp\/v2\/categories?post=52902"},{"taxonomy":"post_tag","embeddable":true,"href":"https:\/\/www.gossip.it\/api\/wp\/v2\/tags?post=52902"},{"taxonomy":"vip","embeddable":true,"href":"https:\/\/www.gossip.it\/api\/wp\/v2\/vip?post=52902"}],"curies":[{"name":"wp","href":"https:\/\/api.w.org\/{rel}","templated":true}]}}