{"id":52928,"date":"2015-10-13T00:00:00","date_gmt":"2015-10-12T22:00:00","guid":{"rendered":"https:\/\/www.gossip.it\/senza-categoria\/barbara-chiappini-prima-foto-social-figlio-folco\/"},"modified":"2015-10-13T00:00:00","modified_gmt":"2015-10-12T22:00:00","slug":"barbara-chiappini-prima-foto-social-figlio-folco","status":"publish","type":"post","link":"https:\/\/www.gossip.it\/news\/barbara-chiappini-prima-foto-social-figlio-folco\/","title":{"rendered":"Barbara Chiappini: la prima foto social del figlio Folco"},"content":{"rendered":"<p><a href=\"http:\/\/www.gossip.it\/vip\/barbara-chiappini\/\">Barbara Chiappini<\/a> pubblica su Instagram la prima <strong>foto social<\/strong> del<strong> figlio Folco<\/strong>. Nello scatto la bella mora della tv tiene in braccio il secondogenito e ai follower cinguetta: <em>\"Buongiorno!\"<\/em>.<\/p>\n<figure class=\"caption\"><img decoding=\"async\" alt=\"\" width=\"620\" height=\"619\" src=\"http:\/\/files.gossip.it\/immagini_news\/2015\/10\/1444740255_chiappini_con_folco.jpg\" \/><figcaption>Barbara Chiappini insieme al figlio Folco nato il 18 giugno scorso<\/figcaption><\/figure>\n<p><span style=\"line-height: 1.6em;\">La<\/span><strong style=\"line-height: 1.6em;\"> Chiappini<\/strong><span style=\"line-height: 1.6em;\"> ha deciso di tornare sul<\/span><strong style=\"line-height: 1.6em;\"> social<\/strong><span style=\"line-height: 1.6em;\"> dopo tanti mesi di assenza e l'ha fatto pubblicando la <\/span><strong style=\"line-height: 1.6em;\">prima foto<\/strong><span style=\"line-height: 1.6em;\"> del suo secondo figlio<\/span><span style=\"line-height: 1.6em;\">. Il bimbo nello scatto indossa un maglioncino con la bandiera degli Stati Uniti, a poco meno di quattro mesi, ha gi\u00e0 uno stile fashion e all'ultima moda.<\/span><br \/><strong style=\"line-height: 1.6em;\">Folco<\/strong><span style=\"line-height: 1.6em;\"> \u00e8 nato il 18 giugno scorso,<\/span><strong style=\"line-height: 1.6em;\"> Barbara Chiappini<\/strong><span style=\"line-height: 1.6em;\"> lo ha gi\u00e0 presentato al pubblico in tv e sui giornali, ma questa \u00e8 la sua <\/span><strong style=\"line-height: 1.6em;\">prima foto social<\/strong><span style=\"line-height: 1.6em;\">.\u00a0<\/span><br \/><span style=\"line-height: 1.6em;\">La showgirl condivide su Instagram anche un altro tenero scatto del bimbo mentre sta abbracciato alla sorella maggiore, Sveva:<\/span><em style=\"line-height: 1.6em;\"> \"Amore miei\"<\/em><span style=\"line-height: 1.6em;\">, si legge nella didascalia che accompagna l'immagine.\u00a0<\/span><br \/><span style=\"line-height: 1.6em;\">I fan della <\/span><strong style=\"line-height: 1.6em;\">Chiappini<\/strong><span style=\"line-height: 1.6em;\"> le fanno i complimenti: <\/span><em style=\"line-height: 1.6em;\">\"Hai messo al mondo due gioielli, due meraviglie<\/em><span style=\"line-height: 1.6em;\"> - le scrive una follower - <\/span><em style=\"line-height: 1.6em;\">Congratulazioni e tu bellissima come sempre\"<\/em><span style=\"line-height: 1.6em;\">.<\/span><br \/><strong style=\"line-height: 1.6em;\">Barbara<\/strong><span style=\"line-height: 1.6em;\">\u00a0ha raccontato che Sveva non \u00e8 affatto gelosa di <strong>Folco<\/strong>, anzi, lo ha rimepito di coccole fin da i suoi primi giorni di vita.<\/span><\/p>\n<figure class=\"caption\"><img decoding=\"async\" alt=\"\" width=\"620\" height=\"626\" src=\"http:\/\/files.gossip.it\/immagini_news\/2015\/10\/1444740314_folco_e_sveva.jpg\" \/><figcaption>Folco insieme alla sorella maggiore, la piccola Sveva<\/figcaption><\/figure>\n<p><span style=\"line-height: 1.6em;\">L'ex naufraga dell'\"Isola dei Famosi\" ha avuto il suo secondo bimbo a 40 anni con parto naturale: <\/span><em style=\"line-height: 1.6em;\">\"E' venuto alla luce senza quasi piangere<\/em><span style=\"line-height: 1.6em;\"> - ha raccontato al settimanale <\/span><em style=\"line-height: 1.6em;\">Diva e Donna<\/em><span style=\"line-height: 1.6em;\"> - <\/span><em style=\"line-height: 1.6em;\">Mi sono preoccupata e ai medici ho chiesto perch\u00e9 era cos\u00ec silenzioso. Ma andava tutto bene, poco dopo lo hanno poggiato sulla mia pancia\"<\/em><span style=\"line-height: 1.6em;\">.<\/span><br \/><span style=\"line-height: 1.6em;\">Ha anche rivelato che il marito <\/span><a style=\"line-height: 1.6em;\" href=\"http:\/\/www.gossip.it\/vip\/carlo-marini agostini\/\">Carlo Marini Agostini<\/a><span style=\"line-height: 1.6em;\"> <em>\"non si \u00e8 mai tirato indietro n\u00e9 davanti al cambio dei pannolini n\u00e9 ai biberon\"<\/em>.<\/span><\/p>\n","protected":false},"excerpt":{"rendered":"<p>Barbara Chiappini pubblica su Instagram la prima foto social del figlio Folco. Nello scatto la bella mora della tv tiene in braccio il secondogenito e ai follower cinguetta: \"Buongiorno!\". Barbara Chiappini insieme al figlio Folco nato il 18 giugno scorso La Chiappini ha deciso di tornare sul social dopo tanti mesi di assenza e l'ha [&hellip;]<\/p>\n","protected":false},"author":1,"featured_media":108974,"comment_status":"closed","ping_status":"closed","sticky":false,"template":"","format":"standard","meta":{"footnotes":""},"categories":[54],"tags":[23206,1942,52600,12200,2284,1967,1923,9400],"vip":[382],"class_list":["post-52928","post","type-post","status-publish","format-standard","has-post-thumbnail","hentry","category-news","tag-carlo-marini-agostini","tag-figlio","tag-folco","tag-follower","tag-prima-foto","tag-showgirl","tag-social","tag-sveva","vip-barbara_chiappini"],"yoast_head":"<title>Barbara Chiappini: la prima foto social del figlio Folco - Gossip.it | News sul Gossip e VIP<\/title>\n<meta name=\"description\" content=\"Barbara Chiappini pubblica su Instagram la prima foto social del figlio Folco. Nello scatto la bella mora della tv tiene in braccio il secondogenito e ai\" \/>\n<meta name=\"robots\" content=\"index, follow, max-snippet:-1, max-image-preview:large, max-video-preview:-1\" \/>\n<link rel=\"canonical\" href=\"https:\/\/www.gossip.it\/news\/barbara-chiappini-prima-foto-social-figlio-folco\/\" \/>\n<meta property=\"og:locale\" content=\"it_IT\" \/>\n<meta property=\"og:type\" content=\"article\" \/>\n<meta property=\"og:title\" content=\"Barbara Chiappini: la prima foto social del figlio Folco - Gossip.it | News sul Gossip e VIP\" \/>\n<meta property=\"og:description\" content=\"Barbara Chiappini pubblica su Instagram la prima foto social del figlio Folco. Nello scatto la bella mora della tv tiene in braccio il secondogenito e ai\" \/>\n<meta property=\"og:url\" content=\"https:\/\/www.gossip.it\/news\/barbara-chiappini-prima-foto-social-figlio-folco\/\" \/>\n<meta property=\"og:site_name\" content=\"Gossip.it | News sul Gossip e VIP\" \/>\n<meta property=\"article:publisher\" content=\"https:\/\/www.facebook.com\/GossipIT\" \/>\n<meta property=\"article:published_time\" content=\"2015-10-12T22:00:00+00:00\" \/>\n<meta property=\"og:image\" content=\"http:\/\/files.gossip.it\/immagini_news\/2015\/10\/1444740255_chiappini_con_folco.jpg\" \/>\n<meta name=\"author\" content=\"La Redazione\" \/>\n<meta name=\"twitter:card\" content=\"summary_large_image\" \/>\n<meta name=\"twitter:image\" content=\"http:\/\/files.gossip.it\/immagini_news\/2015\/10\/1444740255_chiappini_con_folco.jpg\" \/>\n<meta name=\"twitter:creator\" content=\"@gossinews_it\" \/>\n<meta name=\"twitter:site\" content=\"@gossinews_it\" \/>\n<meta name=\"twitter:label1\" content=\"Scritto da\" \/>\n\t<meta name=\"twitter:data1\" content=\"Francesca Romana Domenici\" \/>\n\t<meta name=\"twitter:label2\" content=\"Tempo di lettura stimato\" \/>\n\t<meta name=\"twitter:data2\" content=\"1 minuto\" \/>","yoast_head_json":{"title":"Barbara Chiappini: la prima foto social del figlio Folco - Gossip.it | News sul Gossip e VIP","description":"Barbara Chiappini pubblica su Instagram la prima foto social del figlio Folco. Nello scatto la bella mora della tv tiene in braccio il secondogenito e ai","robots":{"index":"index","follow":"follow","max-snippet":"max-snippet:-1","max-image-preview":"max-image-preview:large","max-video-preview":"max-video-preview:-1"},"canonical":"https:\/\/www.gossip.it\/news\/barbara-chiappini-prima-foto-social-figlio-folco\/","og_locale":"it_IT","og_type":"article","og_title":"Barbara Chiappini: la prima foto social del figlio Folco - Gossip.it | News sul Gossip e VIP","og_description":"Barbara Chiappini pubblica su Instagram la prima foto social del figlio Folco. Nello scatto la bella mora della tv tiene in braccio il secondogenito e ai","og_url":"https:\/\/www.gossip.it\/news\/barbara-chiappini-prima-foto-social-figlio-folco\/","og_site_name":"Gossip.it | News sul Gossip e VIP","article_publisher":"https:\/\/www.facebook.com\/GossipIT","article_published_time":"2015-10-12T22:00:00+00:00","og_image":[{"url":"http:\/\/files.gossip.it\/immagini_news\/2015\/10\/1444740255_chiappini_con_folco.jpg"}],"author":"La Redazione","twitter_card":"summary_large_image","twitter_image":"http:\/\/files.gossip.it\/immagini_news\/2015\/10\/1444740255_chiappini_con_folco.jpg","twitter_creator":"@gossinews_it","twitter_site":"@gossinews_it","twitter_misc":{"Scritto da":"Francesca Romana Domenici","Tempo di lettura stimato":"1 minuto"},"schema":{"@context":"https:\/\/schema.org","@graph":[{"@type":"Article","@id":"https:\/\/www.gossip.it\/news\/barbara-chiappini-prima-foto-social-figlio-folco\/#article","isPartOf":{"@id":"https:\/\/www.gossip.it\/news\/barbara-chiappini-prima-foto-social-figlio-folco\/"},"author":{"name":"La Redazione","@id":"https:\/\/www.gossip.it\/#\/schema\/person\/488896f75158bff1cc83c6c39d141110"},"headline":"Barbara Chiappini: la prima foto social del figlio Folco","datePublished":"2015-10-12T22:00:00+00:00","dateModified":"2015-10-12T22:00:00+00:00","mainEntityOfPage":{"@id":"https:\/\/www.gossip.it\/news\/barbara-chiappini-prima-foto-social-figlio-folco\/"},"wordCount":296,"publisher":{"@id":"https:\/\/www.gossip.it\/#organization"},"image":{"@id":"https:\/\/www.gossip.it\/news\/barbara-chiappini-prima-foto-social-figlio-folco\/#primaryimage"},"thumbnailUrl":"http:\/\/files.gossip.it\/immagini_news\/2015\/10\/1444740255_chiappini_con_folco.jpg","keywords":["carlo marini agostini","figlio","folco","follower","prima foto","showgirl","social","sveva"],"articleSection":["News"],"inLanguage":"it-IT"},{"@type":"WebPage","@id":"https:\/\/www.gossip.it\/news\/barbara-chiappini-prima-foto-social-figlio-folco\/","url":"https:\/\/www.gossip.it\/news\/barbara-chiappini-prima-foto-social-figlio-folco\/","name":"Barbara Chiappini: la prima foto social del figlio Folco - Gossip.it | News sul Gossip e VIP","isPartOf":{"@id":"https:\/\/www.gossip.it\/#website"},"primaryImageOfPage":{"@id":"https:\/\/www.gossip.it\/news\/barbara-chiappini-prima-foto-social-figlio-folco\/#primaryimage"},"image":{"@id":"https:\/\/www.gossip.it\/news\/barbara-chiappini-prima-foto-social-figlio-folco\/#primaryimage"},"thumbnailUrl":"http:\/\/files.gossip.it\/immagini_news\/2015\/10\/1444740255_chiappini_con_folco.jpg","datePublished":"2015-10-12T22:00:00+00:00","dateModified":"2015-10-12T22:00:00+00:00","description":"Barbara Chiappini pubblica su Instagram la prima foto social del figlio Folco. Nello scatto la bella mora della tv tiene in braccio il secondogenito e ai","breadcrumb":{"@id":"https:\/\/www.gossip.it\/news\/barbara-chiappini-prima-foto-social-figlio-folco\/#breadcrumb"},"inLanguage":"it-IT","potentialAction":[{"@type":"ReadAction","target":["https:\/\/www.gossip.it\/news\/barbara-chiappini-prima-foto-social-figlio-folco\/"]}]},{"@type":"ImageObject","inLanguage":"it-IT","@id":"https:\/\/www.gossip.it\/news\/barbara-chiappini-prima-foto-social-figlio-folco\/#primaryimage","url":"http:\/\/files.gossip.it\/immagini_news\/2015\/10\/1444740255_chiappini_con_folco.jpg","contentUrl":"http:\/\/files.gossip.it\/immagini_news\/2015\/10\/1444740255_chiappini_con_folco.jpg"},{"@type":"BreadcrumbList","@id":"https:\/\/www.gossip.it\/news\/barbara-chiappini-prima-foto-social-figlio-folco\/#breadcrumb","itemListElement":[{"@type":"ListItem","position":1,"name":"Home","item":"https:\/\/www.gossip.it\/"},{"@type":"ListItem","position":2,"name":"Barbara Chiappini: la prima foto social del figlio Folco"}]},{"@type":"WebSite","@id":"https:\/\/www.gossip.it\/#website","url":"https:\/\/www.gossip.it\/","name":"Gossip and VIP News","description":"Quotidiano di cronaca rosa, costume e societ\u00e0","publisher":{"@id":"https:\/\/www.gossip.it\/#organization"},"alternateName":"Gossip and VIP News","potentialAction":[{"@type":"SearchAction","target":{"@type":"EntryPoint","urlTemplate":"https:\/\/www.gossip.it\/?s={search_term_string}"},"query-input":{"@type":"PropertyValueSpecification","valueRequired":true,"valueName":"search_term_string"}}],"inLanguage":"it-IT"},{"@type":"Organization","@id":"https:\/\/www.gossip.it\/#organization","name":"Gossip and VIP News","alternateName":"Gossip News","url":"https:\/\/www.gossip.it\/","logo":{"@type":"ImageObject","inLanguage":"it-IT","@id":"https:\/\/www.gossip.it\/#\/schema\/logo\/image\/","url":"https:\/\/www.gossip.it\/wp-content\/uploads\/2022\/04\/cropped-corna-alta-tiny.png","contentUrl":"https:\/\/www.gossip.it\/wp-content\/uploads\/2022\/04\/cropped-corna-alta-tiny.png","width":512,"height":512,"caption":"Gossip and VIP News"},"image":{"@id":"https:\/\/www.gossip.it\/#\/schema\/logo\/image\/"},"sameAs":["https:\/\/www.facebook.com\/GossipIT","https:\/\/x.com\/gossinews_it","https:\/\/instagram.com\/gossip_it"]},{"@type":"Person","@id":"https:\/\/www.gossip.it\/#\/schema\/person\/488896f75158bff1cc83c6c39d141110","name":"La Redazione","image":{"@type":"ImageObject","inLanguage":"it-IT","@id":"https:\/\/www.gossip.it\/#\/schema\/person\/image\/","url":"https:\/\/secure.gravatar.com\/avatar\/5a5f5c6fa3e6700e4249abdad0263a1e94e927d9e0499b1cb09c1cd29c044d80?s=96&d=mm&r=g","contentUrl":"https:\/\/secure.gravatar.com\/avatar\/5a5f5c6fa3e6700e4249abdad0263a1e94e927d9e0499b1cb09c1cd29c044d80?s=96&d=mm&r=g","caption":"La Redazione"},"sameAs":["https:\/\/www.gossip.it"]}]}},"amp_enabled":true,"_links":{"self":[{"href":"https:\/\/www.gossip.it\/api\/wp\/v2\/posts\/52928","targetHints":{"allow":["GET"]}}],"collection":[{"href":"https:\/\/www.gossip.it\/api\/wp\/v2\/posts"}],"about":[{"href":"https:\/\/www.gossip.it\/api\/wp\/v2\/types\/post"}],"author":[{"embeddable":true,"href":"https:\/\/www.gossip.it\/api\/wp\/v2\/users\/1"}],"replies":[{"embeddable":true,"href":"https:\/\/www.gossip.it\/api\/wp\/v2\/comments?post=52928"}],"version-history":[{"count":0,"href":"https:\/\/www.gossip.it\/api\/wp\/v2\/posts\/52928\/revisions"}],"wp:featuredmedia":[{"embeddable":true,"href":"https:\/\/www.gossip.it\/api\/wp\/v2\/media\/108974"}],"wp:attachment":[{"href":"https:\/\/www.gossip.it\/api\/wp\/v2\/media?parent=52928"}],"wp:term":[{"taxonomy":"category","embeddable":true,"href":"https:\/\/www.gossip.it\/api\/wp\/v2\/categories?post=52928"},{"taxonomy":"post_tag","embeddable":true,"href":"https:\/\/www.gossip.it\/api\/wp\/v2\/tags?post=52928"},{"taxonomy":"vip","embeddable":true,"href":"https:\/\/www.gossip.it\/api\/wp\/v2\/vip?post=52928"}],"curies":[{"name":"wp","href":"https:\/\/api.w.org\/{rel}","templated":true}]}}