{"id":52934,"date":"2015-10-13T00:00:00","date_gmt":"2015-10-12T22:00:00","guid":{"rendered":"https:\/\/www.gossip.it\/senza-categoria\/belen-rodriguez-ragazza-con-la-valigia-tornata-casa\/"},"modified":"2015-10-13T00:00:00","modified_gmt":"2015-10-12T22:00:00","slug":"belen-rodriguez-ragazza-con-la-valigia-tornata-casa","status":"publish","type":"post","link":"https:\/\/www.gossip.it\/news\/belen-rodriguez-ragazza-con-la-valigia-tornata-casa\/","title":{"rendered":"Belen Rodriguez, la ragazza con la valigia \u00e8 tornata a casa"},"content":{"rendered":"<p><a href=\"http:\/\/www.gossip.it\/vip\/belen-rodriguez\/\">Belen Rodriguez<\/a> \u00e8 atterrata a Milano. <em>'La <strong>ragazza con la valigia<\/strong>'<\/em>, come ormai lei stessa si definisce sui suoi profili sul <a href=\"http:\/\/www.gossip.it\/vip\/social\/\">social<\/a>, \u00e8 <strong>tornata<\/strong> a <strong>casa<\/strong> insieme a <a href=\"http:\/\/www.gossip.it\/vip\/stefano-de martino\/\">Stefano De Martino<\/a> e <a href=\"http:\/\/www.gossip.it\/vip\/santiago\/\">Santiago<\/a>, insieme a tutta la crew, formata da <a href=\"http:\/\/www.gossip.it\/vip\/antonia-achille\/\">Antonia Achille<\/a>, <a href=\"http:\/\/www.gossip.it\/vip\/lorenzo-cherubini\/\">Lorenzo Cherubini<\/a>, detto Lollo, e <a href=\"http:\/\/www.gossip.it\/vip\/cristina-isac\/\">Cristina Isac<\/a>.<\/p>\n<figure class=\"caption\"><img decoding=\"async\" alt=\"\" width=\"620\" height=\"455\" src=\"http:\/\/files.gossip.it\/immagini_news\/2015\/10\/1444745345_belen_santiago_ritorno_a_casa.jpg\" \/><figcaption>Belen Rodriguez al bar dell'aeroporto a Milano con Santi: \u00e8 tornata a casa<\/figcaption><\/figure>\n<p>\"<em>Uffff!!!!! Si rientra..... Volevo un'altro po' di sole!!!! #breakfast #beverlyhillshotel #musona\"<\/em>, ha scritto prima di volare via dalla California, dove \u00e8 stata la protagonista dello shooting per Guess che l'ha scelta come testimonial mondiale del brand. A Los Angeles <strong>Belen Rodriguez<\/strong> \u00e8 arrivata solo quattro giorni fa, il tempo \u00e8 volato, ma tutto \u00e8 andato nel migliore dei modi. L'argentina 31enne sul set \u00e8 stata favolosa e perfetta. Ha avuto pure qualche ora di break dal lavoro per distrarsi con gli uomini del suo cuore e i collaboratori, oramai anche cari amici. Poi \u00e8 arrivato il momento di andare via: la <strong>ragazza con la valigia<\/strong> \u00e8 dovuta salire su un altro aereo, fa fatto scalo a Philadelphia ed \u00e8 <strong>tornata<\/strong> a <strong>casa<\/strong>, a Milano.<\/p>\n<figure class=\"caption\"><img decoding=\"async\" alt=\"\" width=\"620\" height=\"460\" src=\"http:\/\/files.gossip.it\/immagini_news\/2015\/10\/1444745366_belen_santiago_jet_leg.jpg\" \/><figcaption>La showgirl in aereo con Santiago, sitrutto dal jet lag<\/figcaption><\/figure>\n<p><em>\"Ragazzi sconvolti dal jet lag...... #myboy #rientroacasa #seiunangelo\"<\/em>, ha cinguettato postando uno scatto che la immortala con Santi ancora sul volo, appena atterrata in Italia. Poi <strong>Belen Rodriguez<\/strong> ha pubblicato una foto in cui si vede il bimbo di 2 anni e mezzo che cammina da solo di spalle con il suo zainetto all'uscita del terminal. <em>\"No, ma vai pure!!!! #bambinoindipendente #tornandoacasa\"<\/em>, ha commentato la <a href=\"http:\/\/www.gossip.it\/vip\/showgirl\/\">showgirl<\/a> ironica.<\/p>\n<figure class=\"caption\"><img decoding=\"async\" alt=\"\" width=\"620\" height=\"717\" src=\"http:\/\/files.gossip.it\/immagini_news\/2015\/10\/1444745386_santiago_sale_in_aereo.jpg\" \/><figcaption>Il bimbo a soli 2 anni e mezzo, sicuro di s\u00e9, scende dal volo senza l'aiuto della mamma<\/figcaption><\/figure>\n<p>Infine \u00e8 arrivata online pure una foto dal bar dell'aeroporto: Belen \u00e8 seduta e ha il figlioletto di fronte: <em>\"COLORI E CAPPUCCINO #airport #laragazzaconlavaligia #tornaacasa\"<\/em>. La <strong>ragazza con la valigia<\/strong> \u00e8 <strong>tornata<\/strong> a <strong>casa<\/strong>, la vita continua in famiglia, con altri progetti in essere e <a href=\"http:\/\/www.gossip.it\/vip\/amici\/\">Amici<\/a> che aspetta suo marito. Il ballerino 26enne sar\u00e0 una delle novit\u00e0 del talent di <a href=\"http:\/\/www.gossip.it\/vip\/maria-de filippi\/\">Maria De Filippi<\/a>\u00a0in questa stagione.<\/p>\n<p>\u00a0<\/p>\n","protected":false},"excerpt":{"rendered":"<p>Belen Rodriguez \u00e8 atterrata a Milano. 'La ragazza con la valigia', come ormai lei stessa si definisce sui suoi profili sul social, \u00e8 tornata a casa insieme a Stefano De Martino e Santiago, insieme a tutta la crew, formata da Antonia Achille, Lorenzo Cherubini, detto Lollo, e Cristina Isac. Belen Rodriguez al bar dell'aeroporto a [&hellip;]<\/p>\n","protected":false},"author":1,"featured_media":108980,"comment_status":"closed","ping_status":"closed","sticky":false,"template":"","format":"standard","meta":{"footnotes":""},"categories":[54],"tags":[2766,10067,7326,11512,9765,2121,9342,12925,1997,53201,7659,7450,1967,1923,2878,53202,2765],"vip":[396,1731],"class_list":["post-52934","post","type-post","status-publish","format-standard","has-post-thumbnail","hentry","category-news","tag-america","tag-antonia-achille","tag-california","tag-cristina-isac","tag-guess","tag-instagram","tag-lorenzo-cherubini","tag-malibu","tag-modella","tag-ragazza-con-la-valigia","tag-santiago","tag-shooting","tag-showgirl","tag-social","tag-states","tag-tornata-casa","tag-usa","vip-belen_rodriguez","vip-stefano_de_martino"],"yoast_head":"<title>Belen Rodriguez, la ragazza con la valigia \u00e8 tornata a casa - Gossip.it | News sul Gossip e VIP<\/title>\n<meta name=\"description\" content=\"Belen Rodriguez \u00e8 atterrata a Milano. &#039;La ragazza con la valigia&#039;, come ormai lei stessa si definisce sui suoi profili sul social, \u00e8 tornata a casa\" \/>\n<meta name=\"robots\" content=\"index, follow, max-snippet:-1, max-image-preview:large, max-video-preview:-1\" \/>\n<link rel=\"canonical\" href=\"https:\/\/www.gossip.it\/news\/belen-rodriguez-ragazza-con-la-valigia-tornata-casa\/\" \/>\n<meta property=\"og:locale\" content=\"it_IT\" \/>\n<meta property=\"og:type\" content=\"article\" \/>\n<meta property=\"og:title\" content=\"Belen Rodriguez, la ragazza con la valigia \u00e8 tornata a casa - Gossip.it | News sul Gossip e VIP\" \/>\n<meta property=\"og:description\" content=\"Belen Rodriguez \u00e8 atterrata a Milano. &#039;La ragazza con la valigia&#039;, come ormai lei stessa si definisce sui suoi profili sul social, \u00e8 tornata a casa\" \/>\n<meta property=\"og:url\" content=\"https:\/\/www.gossip.it\/news\/belen-rodriguez-ragazza-con-la-valigia-tornata-casa\/\" \/>\n<meta property=\"og:site_name\" content=\"Gossip.it | News sul Gossip e VIP\" \/>\n<meta property=\"article:publisher\" content=\"https:\/\/www.facebook.com\/GossipIT\" \/>\n<meta property=\"article:published_time\" content=\"2015-10-12T22:00:00+00:00\" \/>\n<meta property=\"og:image\" content=\"http:\/\/files.gossip.it\/immagini_news\/2015\/10\/1444745345_belen_santiago_ritorno_a_casa.jpg\" \/>\n<meta name=\"author\" content=\"La Redazione\" \/>\n<meta name=\"twitter:card\" content=\"summary_large_image\" \/>\n<meta name=\"twitter:image\" content=\"http:\/\/files.gossip.it\/immagini_news\/2015\/10\/1444745345_belen_santiago_ritorno_a_casa.jpg\" \/>\n<meta name=\"twitter:creator\" content=\"@gossinews_it\" \/>\n<meta name=\"twitter:site\" content=\"@gossinews_it\" \/>\n<meta name=\"twitter:label1\" content=\"Scritto da\" \/>\n\t<meta name=\"twitter:data1\" content=\"Annamaria Capozzi\" \/>\n\t<meta name=\"twitter:label2\" content=\"Tempo di lettura stimato\" \/>\n\t<meta name=\"twitter:data2\" content=\"2 minuti\" \/>","yoast_head_json":{"title":"Belen Rodriguez, la ragazza con la valigia \u00e8 tornata a casa - Gossip.it | News sul Gossip e VIP","description":"Belen Rodriguez \u00e8 atterrata a Milano. 'La ragazza con la valigia', come ormai lei stessa si definisce sui suoi profili sul social, \u00e8 tornata a casa","robots":{"index":"index","follow":"follow","max-snippet":"max-snippet:-1","max-image-preview":"max-image-preview:large","max-video-preview":"max-video-preview:-1"},"canonical":"https:\/\/www.gossip.it\/news\/belen-rodriguez-ragazza-con-la-valigia-tornata-casa\/","og_locale":"it_IT","og_type":"article","og_title":"Belen Rodriguez, la ragazza con la valigia \u00e8 tornata a casa - Gossip.it | News sul Gossip e VIP","og_description":"Belen Rodriguez \u00e8 atterrata a Milano. 'La ragazza con la valigia', come ormai lei stessa si definisce sui suoi profili sul social, \u00e8 tornata a casa","og_url":"https:\/\/www.gossip.it\/news\/belen-rodriguez-ragazza-con-la-valigia-tornata-casa\/","og_site_name":"Gossip.it | News sul Gossip e VIP","article_publisher":"https:\/\/www.facebook.com\/GossipIT","article_published_time":"2015-10-12T22:00:00+00:00","og_image":[{"url":"http:\/\/files.gossip.it\/immagini_news\/2015\/10\/1444745345_belen_santiago_ritorno_a_casa.jpg"}],"author":"La Redazione","twitter_card":"summary_large_image","twitter_image":"http:\/\/files.gossip.it\/immagini_news\/2015\/10\/1444745345_belen_santiago_ritorno_a_casa.jpg","twitter_creator":"@gossinews_it","twitter_site":"@gossinews_it","twitter_misc":{"Scritto da":"Annamaria Capozzi","Tempo di lettura stimato":"2 minuti"},"schema":{"@context":"https:\/\/schema.org","@graph":[{"@type":"Article","@id":"https:\/\/www.gossip.it\/news\/belen-rodriguez-ragazza-con-la-valigia-tornata-casa\/#article","isPartOf":{"@id":"https:\/\/www.gossip.it\/news\/belen-rodriguez-ragazza-con-la-valigia-tornata-casa\/"},"author":{"name":"La Redazione","@id":"https:\/\/www.gossip.it\/#\/schema\/person\/488896f75158bff1cc83c6c39d141110"},"headline":"Belen Rodriguez, la ragazza con la valigia \u00e8 tornata a casa","datePublished":"2015-10-12T22:00:00+00:00","dateModified":"2015-10-12T22:00:00+00:00","mainEntityOfPage":{"@id":"https:\/\/www.gossip.it\/news\/belen-rodriguez-ragazza-con-la-valigia-tornata-casa\/"},"wordCount":348,"publisher":{"@id":"https:\/\/www.gossip.it\/#organization"},"image":{"@id":"https:\/\/www.gossip.it\/news\/belen-rodriguez-ragazza-con-la-valigia-tornata-casa\/#primaryimage"},"thumbnailUrl":"http:\/\/files.gossip.it\/immagini_news\/2015\/10\/1444745345_belen_santiago_ritorno_a_casa.jpg","keywords":["america","antonia achille","california","cristina isac","guess","instagram","lorenzo cherubini","malibu","modella","ragazza con la valigia","santiago","shooting","showgirl","social","states","tornata casa","usa"],"articleSection":["News"],"inLanguage":"it-IT"},{"@type":"WebPage","@id":"https:\/\/www.gossip.it\/news\/belen-rodriguez-ragazza-con-la-valigia-tornata-casa\/","url":"https:\/\/www.gossip.it\/news\/belen-rodriguez-ragazza-con-la-valigia-tornata-casa\/","name":"Belen Rodriguez, la ragazza con la valigia \u00e8 tornata a casa - Gossip.it | News sul Gossip e VIP","isPartOf":{"@id":"https:\/\/www.gossip.it\/#website"},"primaryImageOfPage":{"@id":"https:\/\/www.gossip.it\/news\/belen-rodriguez-ragazza-con-la-valigia-tornata-casa\/#primaryimage"},"image":{"@id":"https:\/\/www.gossip.it\/news\/belen-rodriguez-ragazza-con-la-valigia-tornata-casa\/#primaryimage"},"thumbnailUrl":"http:\/\/files.gossip.it\/immagini_news\/2015\/10\/1444745345_belen_santiago_ritorno_a_casa.jpg","datePublished":"2015-10-12T22:00:00+00:00","dateModified":"2015-10-12T22:00:00+00:00","description":"Belen Rodriguez \u00e8 atterrata a Milano. 'La ragazza con la valigia', come ormai lei stessa si definisce sui suoi profili sul social, \u00e8 tornata a casa","breadcrumb":{"@id":"https:\/\/www.gossip.it\/news\/belen-rodriguez-ragazza-con-la-valigia-tornata-casa\/#breadcrumb"},"inLanguage":"it-IT","potentialAction":[{"@type":"ReadAction","target":["https:\/\/www.gossip.it\/news\/belen-rodriguez-ragazza-con-la-valigia-tornata-casa\/"]}]},{"@type":"ImageObject","inLanguage":"it-IT","@id":"https:\/\/www.gossip.it\/news\/belen-rodriguez-ragazza-con-la-valigia-tornata-casa\/#primaryimage","url":"http:\/\/files.gossip.it\/immagini_news\/2015\/10\/1444745345_belen_santiago_ritorno_a_casa.jpg","contentUrl":"http:\/\/files.gossip.it\/immagini_news\/2015\/10\/1444745345_belen_santiago_ritorno_a_casa.jpg"},{"@type":"BreadcrumbList","@id":"https:\/\/www.gossip.it\/news\/belen-rodriguez-ragazza-con-la-valigia-tornata-casa\/#breadcrumb","itemListElement":[{"@type":"ListItem","position":1,"name":"Home","item":"https:\/\/www.gossip.it\/"},{"@type":"ListItem","position":2,"name":"Belen Rodriguez, la ragazza con la valigia \u00e8 tornata a casa"}]},{"@type":"WebSite","@id":"https:\/\/www.gossip.it\/#website","url":"https:\/\/www.gossip.it\/","name":"Gossip and VIP News","description":"Quotidiano di cronaca rosa, costume e societ\u00e0","publisher":{"@id":"https:\/\/www.gossip.it\/#organization"},"alternateName":"Gossip and VIP News","potentialAction":[{"@type":"SearchAction","target":{"@type":"EntryPoint","urlTemplate":"https:\/\/www.gossip.it\/?s={search_term_string}"},"query-input":{"@type":"PropertyValueSpecification","valueRequired":true,"valueName":"search_term_string"}}],"inLanguage":"it-IT"},{"@type":"Organization","@id":"https:\/\/www.gossip.it\/#organization","name":"Gossip and VIP News","alternateName":"Gossip News","url":"https:\/\/www.gossip.it\/","logo":{"@type":"ImageObject","inLanguage":"it-IT","@id":"https:\/\/www.gossip.it\/#\/schema\/logo\/image\/","url":"https:\/\/www.gossip.it\/wp-content\/uploads\/2022\/04\/cropped-corna-alta-tiny.png","contentUrl":"https:\/\/www.gossip.it\/wp-content\/uploads\/2022\/04\/cropped-corna-alta-tiny.png","width":512,"height":512,"caption":"Gossip and VIP News"},"image":{"@id":"https:\/\/www.gossip.it\/#\/schema\/logo\/image\/"},"sameAs":["https:\/\/www.facebook.com\/GossipIT","https:\/\/x.com\/gossinews_it","https:\/\/instagram.com\/gossip_it"]},{"@type":"Person","@id":"https:\/\/www.gossip.it\/#\/schema\/person\/488896f75158bff1cc83c6c39d141110","name":"La Redazione","image":{"@type":"ImageObject","inLanguage":"it-IT","@id":"https:\/\/www.gossip.it\/#\/schema\/person\/image\/","url":"https:\/\/secure.gravatar.com\/avatar\/5a5f5c6fa3e6700e4249abdad0263a1e94e927d9e0499b1cb09c1cd29c044d80?s=96&d=mm&r=g","contentUrl":"https:\/\/secure.gravatar.com\/avatar\/5a5f5c6fa3e6700e4249abdad0263a1e94e927d9e0499b1cb09c1cd29c044d80?s=96&d=mm&r=g","caption":"La Redazione"},"sameAs":["https:\/\/www.gossip.it"]}]}},"amp_enabled":true,"_links":{"self":[{"href":"https:\/\/www.gossip.it\/api\/wp\/v2\/posts\/52934","targetHints":{"allow":["GET"]}}],"collection":[{"href":"https:\/\/www.gossip.it\/api\/wp\/v2\/posts"}],"about":[{"href":"https:\/\/www.gossip.it\/api\/wp\/v2\/types\/post"}],"author":[{"embeddable":true,"href":"https:\/\/www.gossip.it\/api\/wp\/v2\/users\/1"}],"replies":[{"embeddable":true,"href":"https:\/\/www.gossip.it\/api\/wp\/v2\/comments?post=52934"}],"version-history":[{"count":0,"href":"https:\/\/www.gossip.it\/api\/wp\/v2\/posts\/52934\/revisions"}],"wp:featuredmedia":[{"embeddable":true,"href":"https:\/\/www.gossip.it\/api\/wp\/v2\/media\/108980"}],"wp:attachment":[{"href":"https:\/\/www.gossip.it\/api\/wp\/v2\/media?parent=52934"}],"wp:term":[{"taxonomy":"category","embeddable":true,"href":"https:\/\/www.gossip.it\/api\/wp\/v2\/categories?post=52934"},{"taxonomy":"post_tag","embeddable":true,"href":"https:\/\/www.gossip.it\/api\/wp\/v2\/tags?post=52934"},{"taxonomy":"vip","embeddable":true,"href":"https:\/\/www.gossip.it\/api\/wp\/v2\/vip?post=52934"}],"curies":[{"name":"wp","href":"https:\/\/api.w.org\/{rel}","templated":true}]}}