{"id":53021,"date":"2015-10-21T00:00:00","date_gmt":"2015-10-20T22:00:00","guid":{"rendered":"https:\/\/www.gossip.it\/senza-categoria\/bianca-balti-mia-dorme-tenera\/"},"modified":"2015-10-21T00:00:00","modified_gmt":"2015-10-20T22:00:00","slug":"bianca-balti-mia-dorme-tenera","status":"publish","type":"post","link":"https:\/\/www.gossip.it\/news\/bianca-balti-mia-dorme-tenera\/","title":{"rendered":"Bianca Balti fiera della sua piccola Mia: la foto tenerissima"},"content":{"rendered":"<p><em>'Una delle cose migliori che ho fatto nella mia vita'<\/em>.<strong> <a href=\"http:\/\/www.gossip.it\/vip\/bianca-balti\/\">Bianca Balti<\/a><\/strong>, 31 anni, ha postato una foto tenerissima della sua piccola <strong>Mia<\/strong>, la bimba di sei mesi avuta da <strong><a href=\"http:\/\/www.gossip.it\/vip\/matthew-mcrae\/\">Matthew McRae<\/a><\/strong>. La piccola \u00e8 il ritratto della dolcezza mentre dorme nel suo lettino con il dito in bocca...<\/p>\n<figure class=\"caption\"><img decoding=\"async\" alt=\"\" width=\"620\" height=\"625\" src=\"http:\/\/files.gossip.it\/immagini_news\/2015\/10\/1445421992_mia_balti.jpg\" \/><figcaption>Bianca Balti ha postato una foto dolcissima della sua bimba Mia, sei mesi, mentre dorme<\/figcaption><\/figure>\n<p><span style=\"line-height: 1.6em;\">La figlia della modella dorme teneramente nel suo lettino con la manina in bocca e un pigiamino di ciniglia verde chiaro a pois. Dolcissima e delicata come un angioletto. <em>'Fiera di essere mamma' <\/em>ha scritto Bianca accanto alla foto della sua bimba, codividendo con i followers uno dei momenti pi\u00f9 belli della sua vita. La modella \u00e8 gi\u00e0 mamma di <strong>Matilde<\/strong>, 8 anni, avuta dall'ex marito\u00a0<\/span><strong><a href=\"http:\/\/www.gossip.it\/vip\/-christian lucidi\/\">Christian Lucidi<\/a><\/strong><span style=\"line-height: 1.6em;\">, e l'arrivo della seconda bimba le ha regalato una felicit\u00e0 immensa. Mia \u00e8 una sorellina tenerissima per Matilde e la Balti ha ritrovato la serenit\u00e0 accanto al nuovo compagno. Dopo il parto Bianca si \u00e8 mostrata senza problemi con le sue forme <em>'morbide'<\/em>, fiera del suo corpo di mamma e delle sue splendide bambine...<\/span><\/p>\n","protected":false},"excerpt":{"rendered":"<p>'Una delle cose migliori che ho fatto nella mia vita'. Bianca Balti, 31 anni, ha postato una foto tenerissima della sua piccola Mia, la bimba di sei mesi avuta da Matthew McRae. La piccola \u00e8 il ritratto della dolcezza mentre dorme nel suo lettino con il dito in bocca... Bianca Balti ha postato una foto [&hellip;]<\/p>\n","protected":false},"author":1,"featured_media":109067,"comment_status":"closed","ping_status":"closed","sticky":false,"template":"","format":"standard","meta":{"footnotes":""},"categories":[54],"tags":[2387,34694,10162,11509,1905,9608,1900,53264,10870,6985,53262,53263,9761],"vip":[414],"class_list":["post-53021","post","type-post","status-publish","format-standard","has-post-thumbnail","hentry","category-news","tag-amore","tag-christian-lucidi","tag-culla","tag-dorme","tag-figlia","tag-lettino","tag-mamma","tag-matilde-lucidi","tag-matthew-mcrae","tag-mia","tag-ninne","tag-pigiamino","tag-tenera","vip-bianca_balti"],"yoast_head":"<title>Bianca Balti fiera della sua piccola Mia: la foto tenerissima - Gossip.it | News sul Gossip e VIP<\/title>\n<meta name=\"description\" content=\"&#039;Una delle cose migliori che ho fatto nella mia vita&#039;. Bianca Balti, 31 anni, ha postato una foto tenerissima della sua piccola Mia, la bimba di sei mesi\" \/>\n<meta name=\"robots\" content=\"index, follow, max-snippet:-1, max-image-preview:large, max-video-preview:-1\" \/>\n<link rel=\"canonical\" href=\"https:\/\/www.gossip.it\/news\/bianca-balti-mia-dorme-tenera\/\" \/>\n<meta property=\"og:locale\" content=\"it_IT\" \/>\n<meta property=\"og:type\" content=\"article\" \/>\n<meta property=\"og:title\" content=\"Bianca Balti fiera della sua piccola Mia: la foto tenerissima - Gossip.it | News sul Gossip e VIP\" \/>\n<meta property=\"og:description\" content=\"&#039;Una delle cose migliori che ho fatto nella mia vita&#039;. Bianca Balti, 31 anni, ha postato una foto tenerissima della sua piccola Mia, la bimba di sei mesi\" \/>\n<meta property=\"og:url\" content=\"https:\/\/www.gossip.it\/news\/bianca-balti-mia-dorme-tenera\/\" \/>\n<meta property=\"og:site_name\" content=\"Gossip.it | News sul Gossip e VIP\" \/>\n<meta property=\"article:publisher\" content=\"https:\/\/www.facebook.com\/GossipIT\" \/>\n<meta property=\"article:published_time\" content=\"2015-10-20T22:00:00+00:00\" \/>\n<meta property=\"og:image\" content=\"http:\/\/files.gossip.it\/immagini_news\/2015\/10\/1445421992_mia_balti.jpg\" \/>\n<meta name=\"author\" content=\"La Redazione\" \/>\n<meta name=\"twitter:card\" content=\"summary_large_image\" \/>\n<meta name=\"twitter:image\" content=\"http:\/\/files.gossip.it\/immagini_news\/2015\/10\/1445421992_mia_balti.jpg\" \/>\n<meta name=\"twitter:creator\" content=\"@gossinews_it\" \/>\n<meta name=\"twitter:site\" content=\"@gossinews_it\" \/>\n<meta name=\"twitter:label1\" content=\"Scritto da\" \/>\n\t<meta name=\"twitter:data1\" content=\"Veronica Langella\" \/>\n\t<meta name=\"twitter:label2\" content=\"Tempo di lettura stimato\" \/>\n\t<meta name=\"twitter:data2\" content=\"1 minuto\" \/>","yoast_head_json":{"title":"Bianca Balti fiera della sua piccola Mia: la foto tenerissima - Gossip.it | News sul Gossip e VIP","description":"'Una delle cose migliori che ho fatto nella mia vita'. Bianca Balti, 31 anni, ha postato una foto tenerissima della sua piccola Mia, la bimba di sei mesi","robots":{"index":"index","follow":"follow","max-snippet":"max-snippet:-1","max-image-preview":"max-image-preview:large","max-video-preview":"max-video-preview:-1"},"canonical":"https:\/\/www.gossip.it\/news\/bianca-balti-mia-dorme-tenera\/","og_locale":"it_IT","og_type":"article","og_title":"Bianca Balti fiera della sua piccola Mia: la foto tenerissima - Gossip.it | News sul Gossip e VIP","og_description":"'Una delle cose migliori che ho fatto nella mia vita'. Bianca Balti, 31 anni, ha postato una foto tenerissima della sua piccola Mia, la bimba di sei mesi","og_url":"https:\/\/www.gossip.it\/news\/bianca-balti-mia-dorme-tenera\/","og_site_name":"Gossip.it | News sul Gossip e VIP","article_publisher":"https:\/\/www.facebook.com\/GossipIT","article_published_time":"2015-10-20T22:00:00+00:00","og_image":[{"url":"http:\/\/files.gossip.it\/immagini_news\/2015\/10\/1445421992_mia_balti.jpg"}],"author":"La Redazione","twitter_card":"summary_large_image","twitter_image":"http:\/\/files.gossip.it\/immagini_news\/2015\/10\/1445421992_mia_balti.jpg","twitter_creator":"@gossinews_it","twitter_site":"@gossinews_it","twitter_misc":{"Scritto da":"Veronica Langella","Tempo di lettura stimato":"1 minuto"},"schema":{"@context":"https:\/\/schema.org","@graph":[{"@type":"Article","@id":"https:\/\/www.gossip.it\/news\/bianca-balti-mia-dorme-tenera\/#article","isPartOf":{"@id":"https:\/\/www.gossip.it\/news\/bianca-balti-mia-dorme-tenera\/"},"author":{"name":"La Redazione","@id":"https:\/\/www.gossip.it\/#\/schema\/person\/488896f75158bff1cc83c6c39d141110"},"headline":"Bianca Balti fiera della sua piccola Mia: la foto tenerissima","datePublished":"2015-10-20T22:00:00+00:00","dateModified":"2015-10-20T22:00:00+00:00","mainEntityOfPage":{"@id":"https:\/\/www.gossip.it\/news\/bianca-balti-mia-dorme-tenera\/"},"wordCount":192,"publisher":{"@id":"https:\/\/www.gossip.it\/#organization"},"image":{"@id":"https:\/\/www.gossip.it\/news\/bianca-balti-mia-dorme-tenera\/#primaryimage"},"thumbnailUrl":"http:\/\/files.gossip.it\/immagini_news\/2015\/10\/1445421992_mia_balti.jpg","keywords":["amore","christian lucidi","culla","dorme","figlia","lettino","mamma","matilde lucidi","matthew mcrae","mia","ninne","pigiamino","tenera"],"articleSection":["News"],"inLanguage":"it-IT"},{"@type":"WebPage","@id":"https:\/\/www.gossip.it\/news\/bianca-balti-mia-dorme-tenera\/","url":"https:\/\/www.gossip.it\/news\/bianca-balti-mia-dorme-tenera\/","name":"Bianca Balti fiera della sua piccola Mia: la foto tenerissima - Gossip.it | News sul Gossip e VIP","isPartOf":{"@id":"https:\/\/www.gossip.it\/#website"},"primaryImageOfPage":{"@id":"https:\/\/www.gossip.it\/news\/bianca-balti-mia-dorme-tenera\/#primaryimage"},"image":{"@id":"https:\/\/www.gossip.it\/news\/bianca-balti-mia-dorme-tenera\/#primaryimage"},"thumbnailUrl":"http:\/\/files.gossip.it\/immagini_news\/2015\/10\/1445421992_mia_balti.jpg","datePublished":"2015-10-20T22:00:00+00:00","dateModified":"2015-10-20T22:00:00+00:00","description":"'Una delle cose migliori che ho fatto nella mia vita'. Bianca Balti, 31 anni, ha postato una foto tenerissima della sua piccola Mia, la bimba di sei mesi","breadcrumb":{"@id":"https:\/\/www.gossip.it\/news\/bianca-balti-mia-dorme-tenera\/#breadcrumb"},"inLanguage":"it-IT","potentialAction":[{"@type":"ReadAction","target":["https:\/\/www.gossip.it\/news\/bianca-balti-mia-dorme-tenera\/"]}]},{"@type":"ImageObject","inLanguage":"it-IT","@id":"https:\/\/www.gossip.it\/news\/bianca-balti-mia-dorme-tenera\/#primaryimage","url":"http:\/\/files.gossip.it\/immagini_news\/2015\/10\/1445421992_mia_balti.jpg","contentUrl":"http:\/\/files.gossip.it\/immagini_news\/2015\/10\/1445421992_mia_balti.jpg"},{"@type":"BreadcrumbList","@id":"https:\/\/www.gossip.it\/news\/bianca-balti-mia-dorme-tenera\/#breadcrumb","itemListElement":[{"@type":"ListItem","position":1,"name":"Home","item":"https:\/\/www.gossip.it\/"},{"@type":"ListItem","position":2,"name":"Bianca Balti fiera della sua piccola Mia: la foto tenerissima"}]},{"@type":"WebSite","@id":"https:\/\/www.gossip.it\/#website","url":"https:\/\/www.gossip.it\/","name":"Gossip and VIP News","description":"Quotidiano di cronaca rosa, costume e societ\u00e0","publisher":{"@id":"https:\/\/www.gossip.it\/#organization"},"alternateName":"Gossip and VIP News","potentialAction":[{"@type":"SearchAction","target":{"@type":"EntryPoint","urlTemplate":"https:\/\/www.gossip.it\/?s={search_term_string}"},"query-input":{"@type":"PropertyValueSpecification","valueRequired":true,"valueName":"search_term_string"}}],"inLanguage":"it-IT"},{"@type":"Organization","@id":"https:\/\/www.gossip.it\/#organization","name":"Gossip and VIP News","alternateName":"Gossip News","url":"https:\/\/www.gossip.it\/","logo":{"@type":"ImageObject","inLanguage":"it-IT","@id":"https:\/\/www.gossip.it\/#\/schema\/logo\/image\/","url":"https:\/\/www.gossip.it\/wp-content\/uploads\/2022\/04\/cropped-corna-alta-tiny.png","contentUrl":"https:\/\/www.gossip.it\/wp-content\/uploads\/2022\/04\/cropped-corna-alta-tiny.png","width":512,"height":512,"caption":"Gossip and VIP News"},"image":{"@id":"https:\/\/www.gossip.it\/#\/schema\/logo\/image\/"},"sameAs":["https:\/\/www.facebook.com\/GossipIT","https:\/\/x.com\/gossinews_it","https:\/\/instagram.com\/gossip_it"]},{"@type":"Person","@id":"https:\/\/www.gossip.it\/#\/schema\/person\/488896f75158bff1cc83c6c39d141110","name":"La Redazione","image":{"@type":"ImageObject","inLanguage":"it-IT","@id":"https:\/\/www.gossip.it\/#\/schema\/person\/image\/","url":"https:\/\/secure.gravatar.com\/avatar\/5a5f5c6fa3e6700e4249abdad0263a1e94e927d9e0499b1cb09c1cd29c044d80?s=96&d=mm&r=g","contentUrl":"https:\/\/secure.gravatar.com\/avatar\/5a5f5c6fa3e6700e4249abdad0263a1e94e927d9e0499b1cb09c1cd29c044d80?s=96&d=mm&r=g","caption":"La Redazione"},"sameAs":["https:\/\/www.gossip.it"]}]}},"amp_enabled":true,"_links":{"self":[{"href":"https:\/\/www.gossip.it\/api\/wp\/v2\/posts\/53021","targetHints":{"allow":["GET"]}}],"collection":[{"href":"https:\/\/www.gossip.it\/api\/wp\/v2\/posts"}],"about":[{"href":"https:\/\/www.gossip.it\/api\/wp\/v2\/types\/post"}],"author":[{"embeddable":true,"href":"https:\/\/www.gossip.it\/api\/wp\/v2\/users\/1"}],"replies":[{"embeddable":true,"href":"https:\/\/www.gossip.it\/api\/wp\/v2\/comments?post=53021"}],"version-history":[{"count":0,"href":"https:\/\/www.gossip.it\/api\/wp\/v2\/posts\/53021\/revisions"}],"wp:featuredmedia":[{"embeddable":true,"href":"https:\/\/www.gossip.it\/api\/wp\/v2\/media\/109067"}],"wp:attachment":[{"href":"https:\/\/www.gossip.it\/api\/wp\/v2\/media?parent=53021"}],"wp:term":[{"taxonomy":"category","embeddable":true,"href":"https:\/\/www.gossip.it\/api\/wp\/v2\/categories?post=53021"},{"taxonomy":"post_tag","embeddable":true,"href":"https:\/\/www.gossip.it\/api\/wp\/v2\/tags?post=53021"},{"taxonomy":"vip","embeddable":true,"href":"https:\/\/www.gossip.it\/api\/wp\/v2\/vip?post=53021"}],"curies":[{"name":"wp","href":"https:\/\/api.w.org\/{rel}","templated":true}]}}