{"id":53113,"date":"2015-10-28T00:00:00","date_gmt":"2015-10-27T23:00:00","guid":{"rendered":"https:\/\/www.gossip.it\/senza-categoria\/belen-rodriguez-viva-le-tette\/"},"modified":"2015-10-28T00:00:00","modified_gmt":"2015-10-27T23:00:00","slug":"belen-rodriguez-viva-le-tette","status":"publish","type":"post","link":"https:\/\/www.gossip.it\/news\/belen-rodriguez-viva-le-tette\/","title":{"rendered":"Belen Rodriguez: 'Viva le tette!'"},"content":{"rendered":"<p><a href=\"http:\/\/www.gossip.it\/vip\/belen-rodriguez\/\">Belen Rodriguez<\/a> ironizza. Sul <a href=\"http:\/\/www.gossip.it\/vip\/social\/\">social<\/a> ai bacchettoni che criticano le sue scollature, soprattutto in <a href=\"http:\/\/www.gossip.it\/vip\/tv\/\">tv<\/a>, quando indossa gli outfit moda a \"<a href=\"http:\/\/www.gossip.it\/vip\/tu-s\u00ec que vales\/\">Tu S\u00ec Que Vales<\/a>\", regala una clip in cui inizialmente si fa vedere coperta sul decolt\u00e8, poi, invece, mostra il suo <em>'ben di Dio'<\/em> e grida forte: <em>\"<strong>Viva le tette<\/strong>!!!\"<\/em>.<\/p>\n<p><iframe src=\"http:\/\/www.gossip.it\/video\/share\/3687\/\" style=\"border:0;width:620px;height:320px;\"><\/iframe><\/p>\n<p>L'abito scelto per la prossima puntata della trasmissione di Canale 5 \u00e8 a dir poco esplosivo. Il seno di <strong>Belen Rodriguez<\/strong> \u00e8 messo fortemente in risalto dal vestito rosso. L'argentina 31enne lo sa bene e, prevenendo in qualche modo le ulteriori critiche degli haters, nel video ci scherza su e urla: <em>\"<strong>Viva le tette<\/strong>!\"<\/em>. Sul suo profilo scrive anche: <em>\"Sempre parlando di <strong>tette<\/strong>, cio\u00e8 il colpevole di tutte queste scollature e anche della famosa farfallina \u00e8 <\/em><a href=\"http:\/\/www.gossip.it\/vip\/giuseppe-dicecca\/\">Giuseppe Dicecca<\/a><em> @giuseppedicecca che sia chiaro! Che la colpa non \u00e8 mai di noi donne ma sempre degli uomini!!!!!!!!!\"<\/em>. L'indiziato numero uno \u00e8 lo stylist della 31enne...<br \/>Ma non \u00e8 un problema. Il suo <em>'<strong>viva le tette<\/strong>'<\/em> \u00e8 forte e chiaro e fa sorridere. <em>\"Scusate ma non sono riuscita a trattenermi!!!!!!!!! #vivaletette\"<\/em>, sottolinea <strong>Belen Rodriguez<\/strong>, che sfrutta il suo innegabile umorismo, lasciando per\u00f2 ognuno libero di esprimersi come meglio crede.<\/p>\n<figure class=\"caption\"><img decoding=\"async\" alt=\"\" height=\"714\" width=\"620\" src=\"http:\/\/files.gossip.it\/immagini_news\/2015\/10\/1446044203_belen_zerbi_scotti_tu_si_que_vales.jpg\" \/><figcaption>Belen Rodriguez super scollata insieme a Rudy Zerbi e Gerry Scotti<\/figcaption><\/figure>\n<p>Belen, che ha pure voluto condividere uno scatto in cui tiene in mano il libro di <a href=\"http:\/\/www.gossip.it\/vip\/mara-venier\/\">Mara Venier<\/a>, <em>\"Amori della zia\"<\/em>, uscito ieri, diventa invece seria nel parlare di cyberbullismo.\u00a0<\/p>\n<figure class=\"caption\"><img decoding=\"async\" alt=\"\" height=\"617\" width=\"620\" src=\"http:\/\/files.gossip.it\/immagini_news\/2015\/10\/1446044219_belen_libro_venier.jpg\" \/><figcaption>La 31enne con in mano il libro di Mara Venier, 'Amori della zia', uscito ieri edito da Mondadori<\/figcaption><\/figure>\n<p>Mandando online un post che riguarda la legge messa in atto per combattere la piaga, commenta:<em> \"Una legge che aspettavo da tanto, una legge efficace sopratutto per i ragazzini che si prendono in giro senza limiti n\u00e9 rispetto, ma anche per gli adulti (purtroppo \u00e8 pieno di matti), che si molestano a tal punto di compiere follie (e purtroppo \u00e8 successo) pur di non portare sulle spalle la umiliazione di frequenti insulti e cattiverie, insomma cyberbulismo ricevuto da persone vigliacche che si nascondono dietro profili falsi e che fondamentalmente nella vita non hanno altro da fare. Bene, sono contenta che adesso possiamo tutelarci, sono contenta che abbiano dato importanza a un problema grave della societ\u00e0 di oggi. Sono felice perch\u00e9 adesso non si scherza pi\u00f9, da oggi si va in galera, da oggi si fa una semplice denuncia e i cretini che si nascondono non hanno pi\u00f9 nascondigli e pagano. Stop e applausi! #vediamoadesso #stopalbullismo\"<\/em>.\u00a0<\/p>\n<p>\u00a0<\/p>\n","protected":false},"excerpt":{"rendered":"<p>Belen Rodriguez ironizza. Sul social ai bacchettoni che criticano le sue scollature, soprattutto in tv, quando indossa gli outfit moda a \"Tu S\u00ec Que Vales\", regala una clip in cui inizialmente si fa vedere coperta sul decolt\u00e8, poi, invece, mostra il suo 'ben di Dio' e grida forte: \"Viva le tette!!!\". L'abito scelto per la [&hellip;]<\/p>\n","protected":false},"author":1,"featured_media":109159,"comment_status":"closed","ping_status":"closed","sticky":false,"template":"","format":"standard","meta":{"footnotes":""},"categories":[54],"tags":[4790,2121,1967,1923,9833,8848,53323],"vip":[396],"class_list":["post-53113","post","type-post","status-publish","format-standard","has-post-thumbnail","hentry","category-news","tag-facebook","tag-instagram","tag-showgirl","tag-social","tag-tette","tag-tu-si-que-vales","tag-viva-le-tette","vip-belen_rodriguez"],"yoast_head":"<title>Belen Rodriguez: &#039;Viva le tette!&#039; - Gossip.it | News sul Gossip e VIP<\/title>\n<meta name=\"description\" content=\"Belen Rodriguez ironizza. Sul social ai bacchettoni che criticano le sue scollature, soprattutto in tv, quando indossa gli outfit moda a &quot;Tu S\u00ec Que\" \/>\n<meta name=\"robots\" content=\"index, follow, max-snippet:-1, max-image-preview:large, max-video-preview:-1\" \/>\n<link rel=\"canonical\" href=\"https:\/\/www.gossip.it\/news\/belen-rodriguez-viva-le-tette\/\" \/>\n<meta property=\"og:locale\" content=\"it_IT\" \/>\n<meta property=\"og:type\" content=\"article\" \/>\n<meta property=\"og:title\" content=\"Belen Rodriguez: &#039;Viva le tette!&#039; - Gossip.it | News sul Gossip e VIP\" \/>\n<meta property=\"og:description\" content=\"Belen Rodriguez ironizza. Sul social ai bacchettoni che criticano le sue scollature, soprattutto in tv, quando indossa gli outfit moda a &quot;Tu S\u00ec Que\" \/>\n<meta property=\"og:url\" content=\"https:\/\/www.gossip.it\/news\/belen-rodriguez-viva-le-tette\/\" \/>\n<meta property=\"og:site_name\" content=\"Gossip.it | News sul Gossip e VIP\" \/>\n<meta property=\"article:publisher\" content=\"https:\/\/www.facebook.com\/GossipIT\" \/>\n<meta property=\"article:published_time\" content=\"2015-10-27T23:00:00+00:00\" \/>\n<meta property=\"og:image\" content=\"http:\/\/files.gossip.it\/immagini_news\/2015\/10\/1446044203_belen_zerbi_scotti_tu_si_que_vales.jpg\" \/>\n<meta name=\"author\" content=\"La Redazione\" \/>\n<meta name=\"twitter:card\" content=\"summary_large_image\" \/>\n<meta name=\"twitter:image\" content=\"http:\/\/files.gossip.it\/immagini_news\/2015\/10\/1446044203_belen_zerbi_scotti_tu_si_que_vales.jpg\" \/>\n<meta name=\"twitter:creator\" content=\"@gossinews_it\" \/>\n<meta name=\"twitter:site\" content=\"@gossinews_it\" \/>\n<meta name=\"twitter:label1\" content=\"Scritto da\" \/>\n\t<meta name=\"twitter:data1\" content=\"Annamaria Capozzi\" \/>\n\t<meta name=\"twitter:label2\" content=\"Tempo di lettura stimato\" \/>\n\t<meta name=\"twitter:data2\" content=\"2 minuti\" \/>","yoast_head_json":{"title":"Belen Rodriguez: 'Viva le tette!' - Gossip.it | News sul Gossip e VIP","description":"Belen Rodriguez ironizza. Sul social ai bacchettoni che criticano le sue scollature, soprattutto in tv, quando indossa gli outfit moda a \"Tu S\u00ec Que","robots":{"index":"index","follow":"follow","max-snippet":"max-snippet:-1","max-image-preview":"max-image-preview:large","max-video-preview":"max-video-preview:-1"},"canonical":"https:\/\/www.gossip.it\/news\/belen-rodriguez-viva-le-tette\/","og_locale":"it_IT","og_type":"article","og_title":"Belen Rodriguez: 'Viva le tette!' - Gossip.it | News sul Gossip e VIP","og_description":"Belen Rodriguez ironizza. Sul social ai bacchettoni che criticano le sue scollature, soprattutto in tv, quando indossa gli outfit moda a \"Tu S\u00ec Que","og_url":"https:\/\/www.gossip.it\/news\/belen-rodriguez-viva-le-tette\/","og_site_name":"Gossip.it | News sul Gossip e VIP","article_publisher":"https:\/\/www.facebook.com\/GossipIT","article_published_time":"2015-10-27T23:00:00+00:00","og_image":[{"url":"http:\/\/files.gossip.it\/immagini_news\/2015\/10\/1446044203_belen_zerbi_scotti_tu_si_que_vales.jpg"}],"author":"La Redazione","twitter_card":"summary_large_image","twitter_image":"http:\/\/files.gossip.it\/immagini_news\/2015\/10\/1446044203_belen_zerbi_scotti_tu_si_que_vales.jpg","twitter_creator":"@gossinews_it","twitter_site":"@gossinews_it","twitter_misc":{"Scritto da":"Annamaria Capozzi","Tempo di lettura stimato":"2 minuti"},"schema":{"@context":"https:\/\/schema.org","@graph":[{"@type":"Article","@id":"https:\/\/www.gossip.it\/news\/belen-rodriguez-viva-le-tette\/#article","isPartOf":{"@id":"https:\/\/www.gossip.it\/news\/belen-rodriguez-viva-le-tette\/"},"author":{"name":"La Redazione","@id":"https:\/\/www.gossip.it\/#\/schema\/person\/488896f75158bff1cc83c6c39d141110"},"headline":"Belen Rodriguez: 'Viva le tette!'","datePublished":"2015-10-27T23:00:00+00:00","dateModified":"2015-10-27T23:00:00+00:00","mainEntityOfPage":{"@id":"https:\/\/www.gossip.it\/news\/belen-rodriguez-viva-le-tette\/"},"wordCount":409,"publisher":{"@id":"https:\/\/www.gossip.it\/#organization"},"image":{"@id":"https:\/\/www.gossip.it\/news\/belen-rodriguez-viva-le-tette\/#primaryimage"},"thumbnailUrl":"http:\/\/files.gossip.it\/immagini_news\/2015\/10\/1446044203_belen_zerbi_scotti_tu_si_que_vales.jpg","keywords":["facebook","instagram","showgirl","social","tette","tu si que vales","viva le tette"],"articleSection":["News"],"inLanguage":"it-IT"},{"@type":"WebPage","@id":"https:\/\/www.gossip.it\/news\/belen-rodriguez-viva-le-tette\/","url":"https:\/\/www.gossip.it\/news\/belen-rodriguez-viva-le-tette\/","name":"Belen Rodriguez: 'Viva le tette!' - Gossip.it | News sul Gossip e VIP","isPartOf":{"@id":"https:\/\/www.gossip.it\/#website"},"primaryImageOfPage":{"@id":"https:\/\/www.gossip.it\/news\/belen-rodriguez-viva-le-tette\/#primaryimage"},"image":{"@id":"https:\/\/www.gossip.it\/news\/belen-rodriguez-viva-le-tette\/#primaryimage"},"thumbnailUrl":"http:\/\/files.gossip.it\/immagini_news\/2015\/10\/1446044203_belen_zerbi_scotti_tu_si_que_vales.jpg","datePublished":"2015-10-27T23:00:00+00:00","dateModified":"2015-10-27T23:00:00+00:00","description":"Belen Rodriguez ironizza. Sul social ai bacchettoni che criticano le sue scollature, soprattutto in tv, quando indossa gli outfit moda a \"Tu S\u00ec Que","breadcrumb":{"@id":"https:\/\/www.gossip.it\/news\/belen-rodriguez-viva-le-tette\/#breadcrumb"},"inLanguage":"it-IT","potentialAction":[{"@type":"ReadAction","target":["https:\/\/www.gossip.it\/news\/belen-rodriguez-viva-le-tette\/"]}]},{"@type":"ImageObject","inLanguage":"it-IT","@id":"https:\/\/www.gossip.it\/news\/belen-rodriguez-viva-le-tette\/#primaryimage","url":"http:\/\/files.gossip.it\/immagini_news\/2015\/10\/1446044203_belen_zerbi_scotti_tu_si_que_vales.jpg","contentUrl":"http:\/\/files.gossip.it\/immagini_news\/2015\/10\/1446044203_belen_zerbi_scotti_tu_si_que_vales.jpg"},{"@type":"BreadcrumbList","@id":"https:\/\/www.gossip.it\/news\/belen-rodriguez-viva-le-tette\/#breadcrumb","itemListElement":[{"@type":"ListItem","position":1,"name":"Home","item":"https:\/\/www.gossip.it\/"},{"@type":"ListItem","position":2,"name":"Belen Rodriguez: 'Viva le tette!'"}]},{"@type":"WebSite","@id":"https:\/\/www.gossip.it\/#website","url":"https:\/\/www.gossip.it\/","name":"Gossip and VIP News","description":"Quotidiano di cronaca rosa, costume e societ\u00e0","publisher":{"@id":"https:\/\/www.gossip.it\/#organization"},"alternateName":"Gossip and VIP News","potentialAction":[{"@type":"SearchAction","target":{"@type":"EntryPoint","urlTemplate":"https:\/\/www.gossip.it\/?s={search_term_string}"},"query-input":{"@type":"PropertyValueSpecification","valueRequired":true,"valueName":"search_term_string"}}],"inLanguage":"it-IT"},{"@type":"Organization","@id":"https:\/\/www.gossip.it\/#organization","name":"Gossip and VIP News","alternateName":"Gossip News","url":"https:\/\/www.gossip.it\/","logo":{"@type":"ImageObject","inLanguage":"it-IT","@id":"https:\/\/www.gossip.it\/#\/schema\/logo\/image\/","url":"https:\/\/www.gossip.it\/wp-content\/uploads\/2022\/04\/cropped-corna-alta-tiny.png","contentUrl":"https:\/\/www.gossip.it\/wp-content\/uploads\/2022\/04\/cropped-corna-alta-tiny.png","width":512,"height":512,"caption":"Gossip and VIP News"},"image":{"@id":"https:\/\/www.gossip.it\/#\/schema\/logo\/image\/"},"sameAs":["https:\/\/www.facebook.com\/GossipIT","https:\/\/x.com\/gossinews_it","https:\/\/instagram.com\/gossip_it"]},{"@type":"Person","@id":"https:\/\/www.gossip.it\/#\/schema\/person\/488896f75158bff1cc83c6c39d141110","name":"La Redazione","image":{"@type":"ImageObject","inLanguage":"it-IT","@id":"https:\/\/www.gossip.it\/#\/schema\/person\/image\/","url":"https:\/\/secure.gravatar.com\/avatar\/5a5f5c6fa3e6700e4249abdad0263a1e94e927d9e0499b1cb09c1cd29c044d80?s=96&d=mm&r=g","contentUrl":"https:\/\/secure.gravatar.com\/avatar\/5a5f5c6fa3e6700e4249abdad0263a1e94e927d9e0499b1cb09c1cd29c044d80?s=96&d=mm&r=g","caption":"La Redazione"},"sameAs":["https:\/\/www.gossip.it"]}]}},"amp_enabled":true,"_links":{"self":[{"href":"https:\/\/www.gossip.it\/api\/wp\/v2\/posts\/53113","targetHints":{"allow":["GET"]}}],"collection":[{"href":"https:\/\/www.gossip.it\/api\/wp\/v2\/posts"}],"about":[{"href":"https:\/\/www.gossip.it\/api\/wp\/v2\/types\/post"}],"author":[{"embeddable":true,"href":"https:\/\/www.gossip.it\/api\/wp\/v2\/users\/1"}],"replies":[{"embeddable":true,"href":"https:\/\/www.gossip.it\/api\/wp\/v2\/comments?post=53113"}],"version-history":[{"count":0,"href":"https:\/\/www.gossip.it\/api\/wp\/v2\/posts\/53113\/revisions"}],"wp:featuredmedia":[{"embeddable":true,"href":"https:\/\/www.gossip.it\/api\/wp\/v2\/media\/109159"}],"wp:attachment":[{"href":"https:\/\/www.gossip.it\/api\/wp\/v2\/media?parent=53113"}],"wp:term":[{"taxonomy":"category","embeddable":true,"href":"https:\/\/www.gossip.it\/api\/wp\/v2\/categories?post=53113"},{"taxonomy":"post_tag","embeddable":true,"href":"https:\/\/www.gossip.it\/api\/wp\/v2\/tags?post=53113"},{"taxonomy":"vip","embeddable":true,"href":"https:\/\/www.gossip.it\/api\/wp\/v2\/vip?post=53113"}],"curies":[{"name":"wp","href":"https:\/\/api.w.org\/{rel}","templated":true}]}}