{"id":53235,"date":"2015-11-09T00:00:00","date_gmt":"2015-11-08T23:00:00","guid":{"rendered":"https:\/\/www.gossip.it\/senza-categoria\/gabriel-garko-adua-del-vesco-primo-red-carpet-coppia\/"},"modified":"2015-11-09T00:00:00","modified_gmt":"2015-11-08T23:00:00","slug":"gabriel-garko-adua-del-vesco-primo-red-carpet-coppia","status":"publish","type":"post","link":"https:\/\/www.gossip.it\/news\/gabriel-garko-adua-del-vesco-primo-red-carpet-coppia\/","title":{"rendered":"Gabriel Garko, primo red carpet in coppia con Adua Del Vesco"},"content":{"rendered":"<p><a href=\"http:\/\/www.gossip.it\/vip\/gabriel-garko\/\">Gabriel Garko<\/a> e <a href=\"http:\/\/www.gossip.it\/vip\/adua-del vesco\/\">Adua Del Vesco<\/a> hanno regalato ai media il <strong>primo red carpet<\/strong> da <strong>coppia<\/strong>. I due hanno sfilato davanti ai flash impazziti in occasione della serata dedicata a <a href=\"http:\/\/www.gossip.it\/vip\/virna-lisi\/\">Virna Lisi<\/a> a Roma.<\/p>\n<figure class=\"caption\"><img decoding=\"async\" alt=\"\" width=\"620\" height=\"796\" src=\"http:\/\/files.gossip.it\/immagini_news\/2015\/11\/1447071720_adua_del_vesco_gabriel_garko.jpg\" \/><figcaption>Primo red carpet in coppia per Gabriel Garko e Adua Del Vesco<\/figcaption><\/figure>\n<p>Belli, fascinosi, non ancora sposati, ma con gli anelli ben visibili alle dita, quelli che fanno pensare a un fidanzamento, <strong>Gabriel Garko<\/strong> e <strong>Adua Del Vesco<\/strong> si sono concessi il <strong>primo red carpet<\/strong> in <strong>coppia<\/strong>, affiatati e felici. L'evento a cui hanno partecipato \u00e8 stato emozionante. Ieri sera, 8 novembre, quello che sarebbe stato il giorno del suo compleanno, \u00e8 andata in scena la serata in onore di Virna Lisi un tributo a \u00a0una straordinaria <a href=\"http:\/\/www.gossip.it\/vip\/attrice\/\">attrice<\/a>. Gabriel Garko e <strong>Adua Del Vesco<\/strong> sono arrivati all'Auditorium Parco della Musica a Roma attesissimi e si sono presi i riflettori. Un<strong>\u00a0primo red carpet<\/strong> da <strong>coppia<\/strong>\u00a0desiderato, oltre che da loro stessi, anche da tutti gli altri presenti gossippari.<\/p>\n<figure class=\"caption\"><img decoding=\"async\" alt=\"\" width=\"620\" height=\"845\" src=\"http:\/\/files.gossip.it\/immagini_news\/2015\/11\/1447071738_adua_del_vesco_gabriel_garko_teatro_tributo_virna.jpg\" \/><figcaption>L'attore e la collega si sono lasciati fotografare da 'innamoratini'<\/figcaption><\/figure>\n<p>Della loro liaison si sussurra da qualche mese: \u00a043 anni lui, 21 lei, si sono conosciuti sul set della fiction \"Non \u00e8 stato mio figlio\". Gli intimi parlano di un vero colpo di fulmine. Dopo tanti rumors, eccoli in passerella.<\/p>\n<figure class=\"caption\"><img decoding=\"async\" alt=\"\" width=\"620\" height=\"459\" src=\"http:\/\/files.gossip.it\/immagini_news\/2015\/11\/1447071753_adua_del_vesco_gabriel_garko_teatro.jpg\" \/><figcaption>Gabriel e Adua seduti in platea all'Auditorium Parco della Musica a Roma<\/figcaption><\/figure>\n<p><em>Novella 2000<\/em> qualche settimana fa aveva parlato di <a href=\"http:\/\/www.gossip.it\/vip\/nozze\/\">nozze<\/a> segrete addirittura lo scorso luglio per i due. La notizia, per\u00f2, \u00e8 stata subito smentita da Garko stesso, che sulla sua pagina su Facebook ha scritto. <em>\"Felicissimo della bella notizia\u2026 Lo sarei stato molto di pi\u00f9 se mi avessero invitato alle nozze. Nel caso succedesse sicuramente lo farei in gran segreto\u2026 Ma troverei il modo per rendervi partecipi... \u201c<\/em>. Eppure i pettegolezzi sui possibili fiori d'arancio non si smorzano, anche se Gabriel ha sempre preferito rimanere nell'ombra con le questioni di cuore. C'\u00e8 chi giura siano gi\u00e0 stati in gioielleria a scegliere le fedi. Non arriva per\u00f2 alcuna conferma dai diretti interessati. In black l'<a href=\"http:\/\/www.gossip.it\/vip\/attore\/\">attore<\/a>, in white l'attrice, preferiscono calcare il <strong>red carpet<\/strong> e non aggiungere altro. Per il resto, che rimane ancora avvolto nel mistero, c'\u00e8 tempo.<\/p>\n<p><iframe src=\"http:\/\/www.gossip.it\/video\/share\/3694\/\" style=\"line-height: 1.6em; border-width: 0px; width: 620px; height: 320px;\"><\/iframe><\/p>\n","protected":false},"excerpt":{"rendered":"<p>Gabriel Garko e Adua Del Vesco hanno regalato ai media il primo red carpet da coppia. I due hanno sfilato davanti ai flash impazziti in occasione della serata dedicata a Virna Lisi a Roma. Primo red carpet in coppia per Gabriel Garko e Adua Del Vesco Belli, fascinosi, non ancora sposati, ma con gli anelli [&hellip;]<\/p>\n","protected":false},"author":1,"featured_media":109281,"comment_status":"closed","ping_status":"closed","sticky":false,"template":"","format":"standard","meta":{"footnotes":""},"categories":[54],"tags":[8498,2137,1983,1880,2102,4790,2498,2220,1950,2216,53403,1972,1879,6188,25892,1923],"vip":[810],"class_list":["post-53235","post","type-post","status-publish","format-standard","has-post-thumbnail","hentry","category-news","tag-adua-del-vesco","tag-attore","tag-attrice","tag-coppia","tag-dichiarazioni","tag-facebook","tag-fiction","tag-fiori-darancio","tag-matrimonio","tag-nozze","tag-primo-red-carpet","tag-red-carpet","tag-roma","tag-smentita","tag-smentite","tag-social","vip-gabriel_garko"],"yoast_head":"<title>Gabriel Garko, primo red carpet in coppia con Adua Del Vesco - Gossip.it | News sul Gossip e VIP<\/title>\n<meta name=\"description\" content=\"Gabriel Garko e Adua Del Vesco hanno regalato ai media il primo red carpet da coppia. I due hanno sfilato davanti ai flash impazziti in occasione della\" \/>\n<meta name=\"robots\" content=\"index, follow, max-snippet:-1, max-image-preview:large, max-video-preview:-1\" \/>\n<link rel=\"canonical\" href=\"https:\/\/www.gossip.it\/news\/gabriel-garko-adua-del-vesco-primo-red-carpet-coppia\/\" \/>\n<meta property=\"og:locale\" content=\"it_IT\" \/>\n<meta property=\"og:type\" content=\"article\" \/>\n<meta property=\"og:title\" content=\"Gabriel Garko, primo red carpet in coppia con Adua Del Vesco - Gossip.it | News sul Gossip e VIP\" \/>\n<meta property=\"og:description\" content=\"Gabriel Garko e Adua Del Vesco hanno regalato ai media il primo red carpet da coppia. I due hanno sfilato davanti ai flash impazziti in occasione della\" \/>\n<meta property=\"og:url\" content=\"https:\/\/www.gossip.it\/news\/gabriel-garko-adua-del-vesco-primo-red-carpet-coppia\/\" \/>\n<meta property=\"og:site_name\" content=\"Gossip.it | News sul Gossip e VIP\" \/>\n<meta property=\"article:publisher\" content=\"https:\/\/www.facebook.com\/GossipIT\" \/>\n<meta property=\"article:published_time\" content=\"2015-11-08T23:00:00+00:00\" \/>\n<meta property=\"og:image\" content=\"http:\/\/files.gossip.it\/immagini_news\/2015\/11\/1447071720_adua_del_vesco_gabriel_garko.jpg\" \/>\n<meta name=\"author\" content=\"La Redazione\" \/>\n<meta name=\"twitter:card\" content=\"summary_large_image\" \/>\n<meta name=\"twitter:image\" content=\"http:\/\/files.gossip.it\/immagini_news\/2015\/11\/1447071720_adua_del_vesco_gabriel_garko.jpg\" \/>\n<meta name=\"twitter:creator\" content=\"@gossinews_it\" \/>\n<meta name=\"twitter:site\" content=\"@gossinews_it\" \/>\n<meta name=\"twitter:label1\" content=\"Scritto da\" \/>\n\t<meta name=\"twitter:data1\" content=\"Annamaria Capozzi\" \/>\n\t<meta name=\"twitter:label2\" content=\"Tempo di lettura stimato\" \/>\n\t<meta name=\"twitter:data2\" content=\"2 minuti\" \/>","yoast_head_json":{"title":"Gabriel Garko, primo red carpet in coppia con Adua Del Vesco - Gossip.it | News sul Gossip e VIP","description":"Gabriel Garko e Adua Del Vesco hanno regalato ai media il primo red carpet da coppia. I due hanno sfilato davanti ai flash impazziti in occasione della","robots":{"index":"index","follow":"follow","max-snippet":"max-snippet:-1","max-image-preview":"max-image-preview:large","max-video-preview":"max-video-preview:-1"},"canonical":"https:\/\/www.gossip.it\/news\/gabriel-garko-adua-del-vesco-primo-red-carpet-coppia\/","og_locale":"it_IT","og_type":"article","og_title":"Gabriel Garko, primo red carpet in coppia con Adua Del Vesco - Gossip.it | News sul Gossip e VIP","og_description":"Gabriel Garko e Adua Del Vesco hanno regalato ai media il primo red carpet da coppia. I due hanno sfilato davanti ai flash impazziti in occasione della","og_url":"https:\/\/www.gossip.it\/news\/gabriel-garko-adua-del-vesco-primo-red-carpet-coppia\/","og_site_name":"Gossip.it | News sul Gossip e VIP","article_publisher":"https:\/\/www.facebook.com\/GossipIT","article_published_time":"2015-11-08T23:00:00+00:00","og_image":[{"url":"http:\/\/files.gossip.it\/immagini_news\/2015\/11\/1447071720_adua_del_vesco_gabriel_garko.jpg"}],"author":"La Redazione","twitter_card":"summary_large_image","twitter_image":"http:\/\/files.gossip.it\/immagini_news\/2015\/11\/1447071720_adua_del_vesco_gabriel_garko.jpg","twitter_creator":"@gossinews_it","twitter_site":"@gossinews_it","twitter_misc":{"Scritto da":"Annamaria Capozzi","Tempo di lettura stimato":"2 minuti"},"schema":{"@context":"https:\/\/schema.org","@graph":[{"@type":"Article","@id":"https:\/\/www.gossip.it\/news\/gabriel-garko-adua-del-vesco-primo-red-carpet-coppia\/#article","isPartOf":{"@id":"https:\/\/www.gossip.it\/news\/gabriel-garko-adua-del-vesco-primo-red-carpet-coppia\/"},"author":{"name":"La Redazione","@id":"https:\/\/www.gossip.it\/#\/schema\/person\/488896f75158bff1cc83c6c39d141110"},"headline":"Gabriel Garko, primo red carpet in coppia con Adua Del Vesco","datePublished":"2015-11-08T23:00:00+00:00","dateModified":"2015-11-08T23:00:00+00:00","mainEntityOfPage":{"@id":"https:\/\/www.gossip.it\/news\/gabriel-garko-adua-del-vesco-primo-red-carpet-coppia\/"},"wordCount":371,"publisher":{"@id":"https:\/\/www.gossip.it\/#organization"},"image":{"@id":"https:\/\/www.gossip.it\/news\/gabriel-garko-adua-del-vesco-primo-red-carpet-coppia\/#primaryimage"},"thumbnailUrl":"http:\/\/files.gossip.it\/immagini_news\/2015\/11\/1447071720_adua_del_vesco_gabriel_garko.jpg","keywords":["Adua Del Vesco","attore","attrice","coppia","dichiarazioni","facebook","fiction","fiori d&#039;arancio","matrimonio","nozze","primo red carpet","red carpet","roma","smentita","smentite","social"],"articleSection":["News"],"inLanguage":"it-IT"},{"@type":"WebPage","@id":"https:\/\/www.gossip.it\/news\/gabriel-garko-adua-del-vesco-primo-red-carpet-coppia\/","url":"https:\/\/www.gossip.it\/news\/gabriel-garko-adua-del-vesco-primo-red-carpet-coppia\/","name":"Gabriel Garko, primo red carpet in coppia con Adua Del Vesco - Gossip.it | News sul Gossip e VIP","isPartOf":{"@id":"https:\/\/www.gossip.it\/#website"},"primaryImageOfPage":{"@id":"https:\/\/www.gossip.it\/news\/gabriel-garko-adua-del-vesco-primo-red-carpet-coppia\/#primaryimage"},"image":{"@id":"https:\/\/www.gossip.it\/news\/gabriel-garko-adua-del-vesco-primo-red-carpet-coppia\/#primaryimage"},"thumbnailUrl":"http:\/\/files.gossip.it\/immagini_news\/2015\/11\/1447071720_adua_del_vesco_gabriel_garko.jpg","datePublished":"2015-11-08T23:00:00+00:00","dateModified":"2015-11-08T23:00:00+00:00","description":"Gabriel Garko e Adua Del Vesco hanno regalato ai media il primo red carpet da coppia. I due hanno sfilato davanti ai flash impazziti in occasione della","breadcrumb":{"@id":"https:\/\/www.gossip.it\/news\/gabriel-garko-adua-del-vesco-primo-red-carpet-coppia\/#breadcrumb"},"inLanguage":"it-IT","potentialAction":[{"@type":"ReadAction","target":["https:\/\/www.gossip.it\/news\/gabriel-garko-adua-del-vesco-primo-red-carpet-coppia\/"]}]},{"@type":"ImageObject","inLanguage":"it-IT","@id":"https:\/\/www.gossip.it\/news\/gabriel-garko-adua-del-vesco-primo-red-carpet-coppia\/#primaryimage","url":"http:\/\/files.gossip.it\/immagini_news\/2015\/11\/1447071720_adua_del_vesco_gabriel_garko.jpg","contentUrl":"http:\/\/files.gossip.it\/immagini_news\/2015\/11\/1447071720_adua_del_vesco_gabriel_garko.jpg"},{"@type":"BreadcrumbList","@id":"https:\/\/www.gossip.it\/news\/gabriel-garko-adua-del-vesco-primo-red-carpet-coppia\/#breadcrumb","itemListElement":[{"@type":"ListItem","position":1,"name":"Home","item":"https:\/\/www.gossip.it\/"},{"@type":"ListItem","position":2,"name":"Gabriel Garko, primo red carpet in coppia con Adua Del Vesco"}]},{"@type":"WebSite","@id":"https:\/\/www.gossip.it\/#website","url":"https:\/\/www.gossip.it\/","name":"Gossip and VIP News","description":"Quotidiano di cronaca rosa, costume e societ\u00e0","publisher":{"@id":"https:\/\/www.gossip.it\/#organization"},"alternateName":"Gossip and VIP News","potentialAction":[{"@type":"SearchAction","target":{"@type":"EntryPoint","urlTemplate":"https:\/\/www.gossip.it\/?s={search_term_string}"},"query-input":{"@type":"PropertyValueSpecification","valueRequired":true,"valueName":"search_term_string"}}],"inLanguage":"it-IT"},{"@type":"Organization","@id":"https:\/\/www.gossip.it\/#organization","name":"Gossip and VIP News","alternateName":"Gossip News","url":"https:\/\/www.gossip.it\/","logo":{"@type":"ImageObject","inLanguage":"it-IT","@id":"https:\/\/www.gossip.it\/#\/schema\/logo\/image\/","url":"https:\/\/www.gossip.it\/wp-content\/uploads\/2022\/04\/cropped-corna-alta-tiny.png","contentUrl":"https:\/\/www.gossip.it\/wp-content\/uploads\/2022\/04\/cropped-corna-alta-tiny.png","width":512,"height":512,"caption":"Gossip and VIP News"},"image":{"@id":"https:\/\/www.gossip.it\/#\/schema\/logo\/image\/"},"sameAs":["https:\/\/www.facebook.com\/GossipIT","https:\/\/x.com\/gossinews_it","https:\/\/instagram.com\/gossip_it"]},{"@type":"Person","@id":"https:\/\/www.gossip.it\/#\/schema\/person\/488896f75158bff1cc83c6c39d141110","name":"La Redazione","image":{"@type":"ImageObject","inLanguage":"it-IT","@id":"https:\/\/www.gossip.it\/#\/schema\/person\/image\/","url":"https:\/\/secure.gravatar.com\/avatar\/5a5f5c6fa3e6700e4249abdad0263a1e94e927d9e0499b1cb09c1cd29c044d80?s=96&d=mm&r=g","contentUrl":"https:\/\/secure.gravatar.com\/avatar\/5a5f5c6fa3e6700e4249abdad0263a1e94e927d9e0499b1cb09c1cd29c044d80?s=96&d=mm&r=g","caption":"La Redazione"},"sameAs":["https:\/\/www.gossip.it"]}]}},"amp_enabled":true,"_links":{"self":[{"href":"https:\/\/www.gossip.it\/api\/wp\/v2\/posts\/53235","targetHints":{"allow":["GET"]}}],"collection":[{"href":"https:\/\/www.gossip.it\/api\/wp\/v2\/posts"}],"about":[{"href":"https:\/\/www.gossip.it\/api\/wp\/v2\/types\/post"}],"author":[{"embeddable":true,"href":"https:\/\/www.gossip.it\/api\/wp\/v2\/users\/1"}],"replies":[{"embeddable":true,"href":"https:\/\/www.gossip.it\/api\/wp\/v2\/comments?post=53235"}],"version-history":[{"count":0,"href":"https:\/\/www.gossip.it\/api\/wp\/v2\/posts\/53235\/revisions"}],"wp:featuredmedia":[{"embeddable":true,"href":"https:\/\/www.gossip.it\/api\/wp\/v2\/media\/109281"}],"wp:attachment":[{"href":"https:\/\/www.gossip.it\/api\/wp\/v2\/media?parent=53235"}],"wp:term":[{"taxonomy":"category","embeddable":true,"href":"https:\/\/www.gossip.it\/api\/wp\/v2\/categories?post=53235"},{"taxonomy":"post_tag","embeddable":true,"href":"https:\/\/www.gossip.it\/api\/wp\/v2\/tags?post=53235"},{"taxonomy":"vip","embeddable":true,"href":"https:\/\/www.gossip.it\/api\/wp\/v2\/vip?post=53235"}],"curies":[{"name":"wp","href":"https:\/\/api.w.org\/{rel}","templated":true}]}}