{"id":53319,"date":"2015-11-16T00:00:00","date_gmt":"2015-11-15T23:00:00","guid":{"rendered":"https:\/\/www.gossip.it\/senza-categoria\/cristel-carrisi-niente-nozze-davor-luksic\/"},"modified":"2015-11-16T00:00:00","modified_gmt":"2015-11-15T23:00:00","slug":"cristel-carrisi-niente-nozze-davor-luksic","status":"publish","type":"post","link":"https:\/\/www.gossip.it\/news\/cristel-carrisi-niente-nozze-davor-luksic\/","title":{"rendered":"Cristel Carrisi, niente nozze con Davor Luksic"},"content":{"rendered":"<p><a href=\"http:\/\/www.gossip.it\/vip\/cristel-carrisi\/\">Cristel Carrisi<\/a> smentisce il <a href=\"http:\/\/www.gossip.it\/vip\/matrimonio\/\">matrimonio<\/a> imminente con <a href=\"http:\/\/www.gossip.it\/vip\/davor-luksic\/\">Davor Luksic<\/a> che pareva aver annunciato intervistata da <em>Gente<\/em> a fine agosto scorso. <strong>Niente nozze<\/strong> per la figlia di <a href=\"http:\/\/www.gossip.it\/vip\/al-bano\/\">Al Bano<\/a>, lo ha chiarito a <em>Di Pi\u00f9<\/em>.<\/p>\n<figure class=\"caption\"><img decoding=\"async\" alt=\"\" width=\"620\" height=\"700\" src=\"http:\/\/files.gossip.it\/immagini_news\/2015\/11\/1447688610_cristel-carrisi.JPG\" \/><figcaption>Cristel Carrisi super casual: la bionda ha smentito le nozze con Davor Luksic<\/figcaption><\/figure>\n<p><em>\"Non ci penso, in questo momento voglio concentrarmi sulla mia carriera<\/em> - ha spiegato <strong>Cristel Carrisi<\/strong> - <em>Questa falsa notizia ha creato problemi anche tra di noi perch\u00e9 sono sembrata una pazza che andava ad annunciare cose che non stanno n\u00e9 in cielo n\u00e9 in terra. Al momento stiamo bene cos\u00ec. Non sono mai stata una di quelle bambine con il sogno di sposarsi. I miei desideri erano pi\u00f9 artistici. Forse \u00e8 perch\u00e9 vivevo in una bellissima famiglia unita e davo per scontato che, prima o poi, sarebbe successo lo stesso anche a me\"<\/em>. <strong>Niente nozze<\/strong> con <strong>Davor Luksic<\/strong>. Anche se <strong>Cristel Carrisi<\/strong> aggiunge: <em>\"Un giorno s\u00ec, mi sposer\u00f2 e metter\u00f2 su famiglia, per\u00f2 non so ancora quando\"<\/em>.<\/p>\n<figure class=\"caption\"><img decoding=\"async\" alt=\"\" width=\"620\" height=\"700\" src=\"http:\/\/files.gossip.it\/immagini_news\/2015\/11\/1447688627_cristel-carrisi-auto.JPG\" \/><figcaption>Un selfie in auto con gli occhiali per la figlia di Al Bano<\/figcaption><\/figure>\n<p><strong>Cristel Carrisi<\/strong> dice di no ai fiori d'arancio: <strong>niente nozze<\/strong> con <strong>Davor Luksic<\/strong>. S\u00ec invece alla <a href=\"http:\/\/www.gossip.it\/vip\/tv\/\">tv<\/a>. Da domani, 17 novembre, la bionda sar\u00e0 alla conduzione della nuova edizione di <em>Lo Zecchino d'Oro<\/em> al fianco di <a href=\"http:\/\/www.gossip.it\/vip\/flavio-montrucchio\/\">Flavio Montrucchio<\/a>: <em>\"Sono un po' intimidita, come se fosse il mio primo giorno di scuola. E' una trasmissione pi\u00f9 complicata di quanto si possa immaginare. Sicuramente punter\u00f2 su una conduzione fresca\"<\/em>.<br \/><strong>Cristel Carrisi<\/strong> ha risposto anche a chi le ha dato della<em> 'raccomandata'<\/em>: <em>\"Indipendentemente dalla famiglia in cui si nasce, nel mondo dello spettacolo va avanti solo chi merita davvero. Questi pregiudizi non mi toccano, sono solo l\u2019indicatore di una mancanza di progresso in una societ\u00e0. Quello che conta \u00e8 il talento, non di certo la sola raccomandazione (...) Siamo una generazione di privilegiati, ma mi sarebbe piaciuto non avere il frigo pieno per provare quella fame di fare e di andare avanti di cui parla mio padre. Io ho sempre cercato di conquistare un\u2019indipendenza economica e di non chiedere nulla ai miei genitori, per\u00f2 devo riconoscere di avere un paracadute di sicurezza alle spalle\"<\/em>.<\/p>\n<p>\u00a0<\/p>\n","protected":false},"excerpt":{"rendered":"<p>Cristel Carrisi smentisce il matrimonio imminente con Davor Luksic che pareva aver annunciato intervistata da Gente a fine agosto scorso. Niente nozze per la figlia di Al Bano, lo ha chiarito a Di Pi\u00f9. Cristel Carrisi super casual: la bionda ha smentito le nozze con Davor Luksic \"Non ci penso, in questo momento voglio concentrarmi [&hellip;]<\/p>\n","protected":false},"author":1,"featured_media":109365,"comment_status":"closed","ping_status":"closed","sticky":false,"template":"","format":"standard","meta":{"footnotes":""},"categories":[54],"tags":[2254,2255,2102,2121,53465,53464,2216,7014,1923,2281,2097],"vip":[534,765],"class_list":["post-53319","post","type-post","status-publish","format-standard","has-post-thumbnail","hentry","category-news","tag-al-bano","tag-albano-carrisi","tag-dichiarazioni","tag-instagram","tag-lo-zecchino-doro","tag-matrimonio-davor-luksic","tag-nozze","tag-romina-power","tag-social","tag-televisione","tag-tv","vip-cristel_carrisi","vip-flavio_montrucchio"],"yoast_head":"<title>Cristel Carrisi, niente nozze con Davor Luksic - Gossip.it | News sul Gossip e VIP<\/title>\n<meta name=\"description\" content=\"Cristel Carrisi smentisce il matrimonio imminente con Davor Luksic che pareva aver annunciato intervistata da Gente a fine agosto scorso. Niente nozze per\" \/>\n<meta name=\"robots\" content=\"index, follow, max-snippet:-1, max-image-preview:large, max-video-preview:-1\" \/>\n<link rel=\"canonical\" href=\"https:\/\/www.gossip.it\/news\/cristel-carrisi-niente-nozze-davor-luksic\/\" \/>\n<meta property=\"og:locale\" content=\"it_IT\" \/>\n<meta property=\"og:type\" content=\"article\" \/>\n<meta property=\"og:title\" content=\"Cristel Carrisi, niente nozze con Davor Luksic - Gossip.it | News sul Gossip e VIP\" \/>\n<meta property=\"og:description\" content=\"Cristel Carrisi smentisce il matrimonio imminente con Davor Luksic che pareva aver annunciato intervistata da Gente a fine agosto scorso. Niente nozze per\" \/>\n<meta property=\"og:url\" content=\"https:\/\/www.gossip.it\/news\/cristel-carrisi-niente-nozze-davor-luksic\/\" \/>\n<meta property=\"og:site_name\" content=\"Gossip.it | News sul Gossip e VIP\" \/>\n<meta property=\"article:publisher\" content=\"https:\/\/www.facebook.com\/GossipIT\" \/>\n<meta property=\"article:published_time\" content=\"2015-11-15T23:00:00+00:00\" \/>\n<meta property=\"og:image\" content=\"http:\/\/files.gossip.it\/immagini_news\/2015\/11\/1447688610_cristel-carrisi.JPG\" \/>\n<meta name=\"author\" content=\"La Redazione\" \/>\n<meta name=\"twitter:card\" content=\"summary_large_image\" \/>\n<meta name=\"twitter:image\" content=\"http:\/\/files.gossip.it\/immagini_news\/2015\/11\/1447688610_cristel-carrisi.JPG\" \/>\n<meta name=\"twitter:creator\" content=\"@gossinews_it\" \/>\n<meta name=\"twitter:site\" content=\"@gossinews_it\" \/>\n<meta name=\"twitter:label1\" content=\"Scritto da\" \/>\n\t<meta name=\"twitter:data1\" content=\"Annamaria Capozzi\" \/>\n\t<meta name=\"twitter:label2\" content=\"Tempo di lettura stimato\" \/>\n\t<meta name=\"twitter:data2\" content=\"2 minuti\" \/>","yoast_head_json":{"title":"Cristel Carrisi, niente nozze con Davor Luksic - Gossip.it | News sul Gossip e VIP","description":"Cristel Carrisi smentisce il matrimonio imminente con Davor Luksic che pareva aver annunciato intervistata da Gente a fine agosto scorso. Niente nozze per","robots":{"index":"index","follow":"follow","max-snippet":"max-snippet:-1","max-image-preview":"max-image-preview:large","max-video-preview":"max-video-preview:-1"},"canonical":"https:\/\/www.gossip.it\/news\/cristel-carrisi-niente-nozze-davor-luksic\/","og_locale":"it_IT","og_type":"article","og_title":"Cristel Carrisi, niente nozze con Davor Luksic - Gossip.it | News sul Gossip e VIP","og_description":"Cristel Carrisi smentisce il matrimonio imminente con Davor Luksic che pareva aver annunciato intervistata da Gente a fine agosto scorso. Niente nozze per","og_url":"https:\/\/www.gossip.it\/news\/cristel-carrisi-niente-nozze-davor-luksic\/","og_site_name":"Gossip.it | News sul Gossip e VIP","article_publisher":"https:\/\/www.facebook.com\/GossipIT","article_published_time":"2015-11-15T23:00:00+00:00","og_image":[{"url":"http:\/\/files.gossip.it\/immagini_news\/2015\/11\/1447688610_cristel-carrisi.JPG"}],"author":"La Redazione","twitter_card":"summary_large_image","twitter_image":"http:\/\/files.gossip.it\/immagini_news\/2015\/11\/1447688610_cristel-carrisi.JPG","twitter_creator":"@gossinews_it","twitter_site":"@gossinews_it","twitter_misc":{"Scritto da":"Annamaria Capozzi","Tempo di lettura stimato":"2 minuti"},"schema":{"@context":"https:\/\/schema.org","@graph":[{"@type":"Article","@id":"https:\/\/www.gossip.it\/news\/cristel-carrisi-niente-nozze-davor-luksic\/#article","isPartOf":{"@id":"https:\/\/www.gossip.it\/news\/cristel-carrisi-niente-nozze-davor-luksic\/"},"author":{"name":"La Redazione","@id":"https:\/\/www.gossip.it\/#\/schema\/person\/488896f75158bff1cc83c6c39d141110"},"headline":"Cristel Carrisi, niente nozze con Davor Luksic","datePublished":"2015-11-15T23:00:00+00:00","dateModified":"2015-11-15T23:00:00+00:00","mainEntityOfPage":{"@id":"https:\/\/www.gossip.it\/news\/cristel-carrisi-niente-nozze-davor-luksic\/"},"wordCount":366,"publisher":{"@id":"https:\/\/www.gossip.it\/#organization"},"image":{"@id":"https:\/\/www.gossip.it\/news\/cristel-carrisi-niente-nozze-davor-luksic\/#primaryimage"},"thumbnailUrl":"http:\/\/files.gossip.it\/immagini_news\/2015\/11\/1447688610_cristel-carrisi.JPG","keywords":["al bano","albano carrisi","dichiarazioni","instagram","lo zecchino d'oro","matrimonio davor luksic","nozze","romina power","social","televisione","tv"],"articleSection":["News"],"inLanguage":"it-IT"},{"@type":"WebPage","@id":"https:\/\/www.gossip.it\/news\/cristel-carrisi-niente-nozze-davor-luksic\/","url":"https:\/\/www.gossip.it\/news\/cristel-carrisi-niente-nozze-davor-luksic\/","name":"Cristel Carrisi, niente nozze con Davor Luksic - Gossip.it | News sul Gossip e VIP","isPartOf":{"@id":"https:\/\/www.gossip.it\/#website"},"primaryImageOfPage":{"@id":"https:\/\/www.gossip.it\/news\/cristel-carrisi-niente-nozze-davor-luksic\/#primaryimage"},"image":{"@id":"https:\/\/www.gossip.it\/news\/cristel-carrisi-niente-nozze-davor-luksic\/#primaryimage"},"thumbnailUrl":"http:\/\/files.gossip.it\/immagini_news\/2015\/11\/1447688610_cristel-carrisi.JPG","datePublished":"2015-11-15T23:00:00+00:00","dateModified":"2015-11-15T23:00:00+00:00","description":"Cristel Carrisi smentisce il matrimonio imminente con Davor Luksic che pareva aver annunciato intervistata da Gente a fine agosto scorso. Niente nozze per","breadcrumb":{"@id":"https:\/\/www.gossip.it\/news\/cristel-carrisi-niente-nozze-davor-luksic\/#breadcrumb"},"inLanguage":"it-IT","potentialAction":[{"@type":"ReadAction","target":["https:\/\/www.gossip.it\/news\/cristel-carrisi-niente-nozze-davor-luksic\/"]}]},{"@type":"ImageObject","inLanguage":"it-IT","@id":"https:\/\/www.gossip.it\/news\/cristel-carrisi-niente-nozze-davor-luksic\/#primaryimage","url":"http:\/\/files.gossip.it\/immagini_news\/2015\/11\/1447688610_cristel-carrisi.JPG","contentUrl":"http:\/\/files.gossip.it\/immagini_news\/2015\/11\/1447688610_cristel-carrisi.JPG"},{"@type":"BreadcrumbList","@id":"https:\/\/www.gossip.it\/news\/cristel-carrisi-niente-nozze-davor-luksic\/#breadcrumb","itemListElement":[{"@type":"ListItem","position":1,"name":"Home","item":"https:\/\/www.gossip.it\/"},{"@type":"ListItem","position":2,"name":"Cristel Carrisi, niente nozze con Davor Luksic"}]},{"@type":"WebSite","@id":"https:\/\/www.gossip.it\/#website","url":"https:\/\/www.gossip.it\/","name":"Gossip and VIP News","description":"Quotidiano di cronaca rosa, costume e societ\u00e0","publisher":{"@id":"https:\/\/www.gossip.it\/#organization"},"alternateName":"Gossip and VIP News","potentialAction":[{"@type":"SearchAction","target":{"@type":"EntryPoint","urlTemplate":"https:\/\/www.gossip.it\/?s={search_term_string}"},"query-input":{"@type":"PropertyValueSpecification","valueRequired":true,"valueName":"search_term_string"}}],"inLanguage":"it-IT"},{"@type":"Organization","@id":"https:\/\/www.gossip.it\/#organization","name":"Gossip and VIP News","alternateName":"Gossip News","url":"https:\/\/www.gossip.it\/","logo":{"@type":"ImageObject","inLanguage":"it-IT","@id":"https:\/\/www.gossip.it\/#\/schema\/logo\/image\/","url":"https:\/\/www.gossip.it\/wp-content\/uploads\/2022\/04\/cropped-corna-alta-tiny.png","contentUrl":"https:\/\/www.gossip.it\/wp-content\/uploads\/2022\/04\/cropped-corna-alta-tiny.png","width":512,"height":512,"caption":"Gossip and VIP News"},"image":{"@id":"https:\/\/www.gossip.it\/#\/schema\/logo\/image\/"},"sameAs":["https:\/\/www.facebook.com\/GossipIT","https:\/\/x.com\/gossinews_it","https:\/\/instagram.com\/gossip_it"]},{"@type":"Person","@id":"https:\/\/www.gossip.it\/#\/schema\/person\/488896f75158bff1cc83c6c39d141110","name":"La Redazione","image":{"@type":"ImageObject","inLanguage":"it-IT","@id":"https:\/\/www.gossip.it\/#\/schema\/person\/image\/","url":"https:\/\/secure.gravatar.com\/avatar\/5a5f5c6fa3e6700e4249abdad0263a1e94e927d9e0499b1cb09c1cd29c044d80?s=96&d=mm&r=g","contentUrl":"https:\/\/secure.gravatar.com\/avatar\/5a5f5c6fa3e6700e4249abdad0263a1e94e927d9e0499b1cb09c1cd29c044d80?s=96&d=mm&r=g","caption":"La Redazione"},"sameAs":["https:\/\/www.gossip.it"]}]}},"amp_enabled":true,"_links":{"self":[{"href":"https:\/\/www.gossip.it\/api\/wp\/v2\/posts\/53319","targetHints":{"allow":["GET"]}}],"collection":[{"href":"https:\/\/www.gossip.it\/api\/wp\/v2\/posts"}],"about":[{"href":"https:\/\/www.gossip.it\/api\/wp\/v2\/types\/post"}],"author":[{"embeddable":true,"href":"https:\/\/www.gossip.it\/api\/wp\/v2\/users\/1"}],"replies":[{"embeddable":true,"href":"https:\/\/www.gossip.it\/api\/wp\/v2\/comments?post=53319"}],"version-history":[{"count":0,"href":"https:\/\/www.gossip.it\/api\/wp\/v2\/posts\/53319\/revisions"}],"wp:featuredmedia":[{"embeddable":true,"href":"https:\/\/www.gossip.it\/api\/wp\/v2\/media\/109365"}],"wp:attachment":[{"href":"https:\/\/www.gossip.it\/api\/wp\/v2\/media?parent=53319"}],"wp:term":[{"taxonomy":"category","embeddable":true,"href":"https:\/\/www.gossip.it\/api\/wp\/v2\/categories?post=53319"},{"taxonomy":"post_tag","embeddable":true,"href":"https:\/\/www.gossip.it\/api\/wp\/v2\/tags?post=53319"},{"taxonomy":"vip","embeddable":true,"href":"https:\/\/www.gossip.it\/api\/wp\/v2\/vip?post=53319"}],"curies":[{"name":"wp","href":"https:\/\/api.w.org\/{rel}","templated":true}]}}