{"id":53423,"date":"2015-11-25T00:00:00","date_gmt":"2015-11-24T23:00:00","guid":{"rendered":"https:\/\/www.gossip.it\/senza-categoria\/figlia-vanessa-paradis\/"},"modified":"2015-11-25T00:00:00","modified_gmt":"2015-11-24T23:00:00","slug":"figlia-vanessa-paradis","status":"publish","type":"post","link":"https:\/\/www.gossip.it\/news\/figlia-vanessa-paradis\/","title":{"rendered":"Vanessa Paradis: 'Temo che il mondo ferisca mia figlia'"},"content":{"rendered":"<p><a href=\"http:\/\/www.gossip.it\/vip\/vanessa-paradis\/\">Vanessa Paradis<\/a> a Los Angels per promuovere \"11 donne a Parigi\", pochi giorni prima degli attentati del 13 novembre, ha rilasciato un'intervista pubblicata sull'ultimo numero di\u00a0<em>Vanity Fair<\/em> in cui si racconta e in cui parla del successo della <strong>figlia<\/strong> <a href=\"http:\/\/www.gossip.it\/vip\/lily-rose depp\/\">Lily Rose Depp<\/a> gi\u00e0 modella e attrice a soli 16 anni. La ragazza \u00e8 nata dalla lunga relazione con\u00a0<a href=\"http:\/\/www.gossip.it\/vip\/-johnny depp\/\">Johnny Depp<\/a> da cui ha avuto anche un altro figlio, Jack.\u00a0<\/p>\n<figure class=\"caption\"><img decoding=\"async\" alt=\"\" src=\"http:\/\/files.gossip.it\/immagini_news\/2015\/11\/1448463119_vanessa-paradis-dichiarazioni.jpg\" \/><figcaption>Vanessa Paradis preoccupata per il successo della figlia Lily Rose a soli 16 anni<\/figcaption><\/figure>\n<p>La primogenita di<strong> Vanessa Paradis<\/strong> sta calcando le sue stesse orme, musa come lei di <a href=\"http:\/\/www.gossip.it\/vip\/karl-lagerfeld\/\">Karl Lagerfeld<\/a>, ha da poco finito di girare \"Planetarium\": <em>\"Avrei preferito fosse successo pi\u00f9 avanti<\/em> - ha dichiarato <strong>Vanessa<\/strong> - <em>ho paura che il mondo esterno la ferisca ma sono davvero l'ultima persona al mondo che pu\u00f2 frenarla, avendo iniziato io a quell'et\u00e0. So che il giudizio su di lei, figlia di due persone famose, sar\u00e0 ancora pi\u00f9 spietato. Per\u00f2 penso che abbia molta passione e anche molto talento!\"<\/em>. E di <strong>consigli<\/strong> alla <strong>figlia<\/strong> ne d\u00e0 solo se \u00e8 lei stessa a chiederglieli.<br \/><strong>Vanessa Paradis<\/strong> \u00e8 ancora bellissima ma non \u00e8 una salutista: <em>\"A vent'anni <\/em>- ha raccontato - <em>ero pi\u00f9 seducente, non avevo mai l'aria stanca e il mio seno stava su. Per\u00f2 \u00e8 anche vero che fumo, mangio carne e formaggi, e bevo vino. Sono francese! Per fortuna ho preso da mio padre, siamo una famiglia di magri per costituzione. Faccio solo un po' di attivit\u00e0 fisica, altrimenti sarei tutta molle\"<\/em>.<\/p>\n<figure class=\"caption\"><img decoding=\"async\" alt=\"\" src=\"http:\/\/files.gossip.it\/immagini_news\/2015\/11\/1448463191_1444127088_lily_rose_depp_vanessa_paradis.jpg\" \/><figcaption>Vanessa a Parigi insieme alla figlia Lily Rose Depp<\/figcaption><\/figure>\n<p>L'attrice e cantante francese ha detto di essere stata fortunata all'inizio della carriera e di aver percepito l'invidia delle persone:<em> \"La gente aspettava che inciampassi. Per il resto, siccome certi guai sentimentali capitano a tutti, negli ultimi tempi ho sentito una certa solidariet\u00e0 intorno a me\"<\/em>.<br \/>Il riferimento alla separazione da Johnny Depp \u00e8 palese ma<strong> Vanessa <\/strong>ha smentito di essere per questo disperata o depressa:<em> \"Io sto benissimo\"<\/em>, ha affermato.<\/p>\n","protected":false},"excerpt":{"rendered":"<p>Vanessa Paradis a Los Angels per promuovere \"11 donne a Parigi\", pochi giorni prima degli attentati del 13 novembre, ha rilasciato un'intervista pubblicata sull'ultimo numero di\u00a0Vanity Fair in cui si racconta e in cui parla del successo della figlia Lily Rose Depp gi\u00e0 modella e attrice a soli 16 anni. La ragazza \u00e8 nata dalla [&hellip;]<\/p>\n","protected":false},"author":1,"featured_media":109469,"comment_status":"closed","ping_status":"closed","sticky":false,"template":"","format":"standard","meta":{"footnotes":""},"categories":[54],"tags":[1983,2102,1905,2103,52443,15280],"vip":[1019],"class_list":["post-53423","post","type-post","status-publish","format-standard","has-post-thumbnail","hentry","category-news","tag-attrice","tag-dichiarazioni","tag-figlia","tag-intervista","tag-lily-rose-depp","tag-vanessa-paradis","vip-johnny_depp"],"yoast_head":"<title>Vanessa Paradis: &#039;Temo che il mondo ferisca mia figlia&#039; - Gossip.it | News sul Gossip e VIP<\/title>\n<meta name=\"description\" content=\"Vanessa Paradis a Los Angels per promuovere &quot;11 donne a Parigi&quot;, pochi giorni prima degli attentati del 13 novembre, ha rilasciato un&#039;intervista\" \/>\n<meta name=\"robots\" content=\"index, follow, max-snippet:-1, max-image-preview:large, max-video-preview:-1\" \/>\n<link rel=\"canonical\" href=\"https:\/\/www.gossip.it\/news\/figlia-vanessa-paradis\/\" \/>\n<meta property=\"og:locale\" content=\"it_IT\" \/>\n<meta property=\"og:type\" content=\"article\" \/>\n<meta property=\"og:title\" content=\"Vanessa Paradis: &#039;Temo che il mondo ferisca mia figlia&#039; - Gossip.it | News sul Gossip e VIP\" \/>\n<meta property=\"og:description\" content=\"Vanessa Paradis a Los Angels per promuovere &quot;11 donne a Parigi&quot;, pochi giorni prima degli attentati del 13 novembre, ha rilasciato un&#039;intervista\" \/>\n<meta property=\"og:url\" content=\"https:\/\/www.gossip.it\/news\/figlia-vanessa-paradis\/\" \/>\n<meta property=\"og:site_name\" content=\"Gossip.it | News sul Gossip e VIP\" \/>\n<meta property=\"article:publisher\" content=\"https:\/\/www.facebook.com\/GossipIT\" \/>\n<meta property=\"article:published_time\" content=\"2015-11-24T23:00:00+00:00\" \/>\n<meta property=\"og:image\" content=\"http:\/\/files.gossip.it\/immagini_news\/2015\/11\/1448463119_vanessa-paradis-dichiarazioni.jpg\" \/>\n<meta name=\"author\" content=\"La Redazione\" \/>\n<meta name=\"twitter:card\" content=\"summary_large_image\" \/>\n<meta name=\"twitter:image\" content=\"http:\/\/files.gossip.it\/immagini_news\/2015\/11\/1448463119_vanessa-paradis-dichiarazioni.jpg\" \/>\n<meta name=\"twitter:creator\" content=\"@gossinews_it\" \/>\n<meta name=\"twitter:site\" content=\"@gossinews_it\" \/>\n<meta name=\"twitter:label1\" content=\"Scritto da\" \/>\n\t<meta name=\"twitter:data1\" content=\"Francesca Romana Domenici\" \/>\n\t<meta name=\"twitter:label2\" content=\"Tempo di lettura stimato\" \/>\n\t<meta name=\"twitter:data2\" content=\"2 minuti\" \/>","yoast_head_json":{"title":"Vanessa Paradis: 'Temo che il mondo ferisca mia figlia' - Gossip.it | News sul Gossip e VIP","description":"Vanessa Paradis a Los Angels per promuovere \"11 donne a Parigi\", pochi giorni prima degli attentati del 13 novembre, ha rilasciato un'intervista","robots":{"index":"index","follow":"follow","max-snippet":"max-snippet:-1","max-image-preview":"max-image-preview:large","max-video-preview":"max-video-preview:-1"},"canonical":"https:\/\/www.gossip.it\/news\/figlia-vanessa-paradis\/","og_locale":"it_IT","og_type":"article","og_title":"Vanessa Paradis: 'Temo che il mondo ferisca mia figlia' - Gossip.it | News sul Gossip e VIP","og_description":"Vanessa Paradis a Los Angels per promuovere \"11 donne a Parigi\", pochi giorni prima degli attentati del 13 novembre, ha rilasciato un'intervista","og_url":"https:\/\/www.gossip.it\/news\/figlia-vanessa-paradis\/","og_site_name":"Gossip.it | News sul Gossip e VIP","article_publisher":"https:\/\/www.facebook.com\/GossipIT","article_published_time":"2015-11-24T23:00:00+00:00","og_image":[{"url":"http:\/\/files.gossip.it\/immagini_news\/2015\/11\/1448463119_vanessa-paradis-dichiarazioni.jpg"}],"author":"La Redazione","twitter_card":"summary_large_image","twitter_image":"http:\/\/files.gossip.it\/immagini_news\/2015\/11\/1448463119_vanessa-paradis-dichiarazioni.jpg","twitter_creator":"@gossinews_it","twitter_site":"@gossinews_it","twitter_misc":{"Scritto da":"Francesca Romana Domenici","Tempo di lettura stimato":"2 minuti"},"schema":{"@context":"https:\/\/schema.org","@graph":[{"@type":"Article","@id":"https:\/\/www.gossip.it\/news\/figlia-vanessa-paradis\/#article","isPartOf":{"@id":"https:\/\/www.gossip.it\/news\/figlia-vanessa-paradis\/"},"author":{"name":"La Redazione","@id":"https:\/\/www.gossip.it\/#\/schema\/person\/488896f75158bff1cc83c6c39d141110"},"headline":"Vanessa Paradis: 'Temo che il mondo ferisca mia figlia'","datePublished":"2015-11-24T23:00:00+00:00","dateModified":"2015-11-24T23:00:00+00:00","mainEntityOfPage":{"@id":"https:\/\/www.gossip.it\/news\/figlia-vanessa-paradis\/"},"wordCount":340,"publisher":{"@id":"https:\/\/www.gossip.it\/#organization"},"image":{"@id":"https:\/\/www.gossip.it\/news\/figlia-vanessa-paradis\/#primaryimage"},"thumbnailUrl":"http:\/\/files.gossip.it\/immagini_news\/2015\/11\/1448463119_vanessa-paradis-dichiarazioni.jpg","keywords":["attrice","dichiarazioni","figlia","intervista","lily rose depp","vanessa paradis"],"articleSection":["News"],"inLanguage":"it-IT"},{"@type":"WebPage","@id":"https:\/\/www.gossip.it\/news\/figlia-vanessa-paradis\/","url":"https:\/\/www.gossip.it\/news\/figlia-vanessa-paradis\/","name":"Vanessa Paradis: 'Temo che il mondo ferisca mia figlia' - Gossip.it | News sul Gossip e VIP","isPartOf":{"@id":"https:\/\/www.gossip.it\/#website"},"primaryImageOfPage":{"@id":"https:\/\/www.gossip.it\/news\/figlia-vanessa-paradis\/#primaryimage"},"image":{"@id":"https:\/\/www.gossip.it\/news\/figlia-vanessa-paradis\/#primaryimage"},"thumbnailUrl":"http:\/\/files.gossip.it\/immagini_news\/2015\/11\/1448463119_vanessa-paradis-dichiarazioni.jpg","datePublished":"2015-11-24T23:00:00+00:00","dateModified":"2015-11-24T23:00:00+00:00","description":"Vanessa Paradis a Los Angels per promuovere \"11 donne a Parigi\", pochi giorni prima degli attentati del 13 novembre, ha rilasciato un'intervista","breadcrumb":{"@id":"https:\/\/www.gossip.it\/news\/figlia-vanessa-paradis\/#breadcrumb"},"inLanguage":"it-IT","potentialAction":[{"@type":"ReadAction","target":["https:\/\/www.gossip.it\/news\/figlia-vanessa-paradis\/"]}]},{"@type":"ImageObject","inLanguage":"it-IT","@id":"https:\/\/www.gossip.it\/news\/figlia-vanessa-paradis\/#primaryimage","url":"http:\/\/files.gossip.it\/immagini_news\/2015\/11\/1448463119_vanessa-paradis-dichiarazioni.jpg","contentUrl":"http:\/\/files.gossip.it\/immagini_news\/2015\/11\/1448463119_vanessa-paradis-dichiarazioni.jpg"},{"@type":"BreadcrumbList","@id":"https:\/\/www.gossip.it\/news\/figlia-vanessa-paradis\/#breadcrumb","itemListElement":[{"@type":"ListItem","position":1,"name":"Home","item":"https:\/\/www.gossip.it\/"},{"@type":"ListItem","position":2,"name":"Vanessa Paradis: 'Temo che il mondo ferisca mia figlia'"}]},{"@type":"WebSite","@id":"https:\/\/www.gossip.it\/#website","url":"https:\/\/www.gossip.it\/","name":"Gossip and VIP News","description":"Quotidiano di cronaca rosa, costume e societ\u00e0","publisher":{"@id":"https:\/\/www.gossip.it\/#organization"},"alternateName":"Gossip and VIP News","potentialAction":[{"@type":"SearchAction","target":{"@type":"EntryPoint","urlTemplate":"https:\/\/www.gossip.it\/?s={search_term_string}"},"query-input":{"@type":"PropertyValueSpecification","valueRequired":true,"valueName":"search_term_string"}}],"inLanguage":"it-IT"},{"@type":"Organization","@id":"https:\/\/www.gossip.it\/#organization","name":"Gossip and VIP News","alternateName":"Gossip News","url":"https:\/\/www.gossip.it\/","logo":{"@type":"ImageObject","inLanguage":"it-IT","@id":"https:\/\/www.gossip.it\/#\/schema\/logo\/image\/","url":"https:\/\/www.gossip.it\/wp-content\/uploads\/2022\/04\/cropped-corna-alta-tiny.png","contentUrl":"https:\/\/www.gossip.it\/wp-content\/uploads\/2022\/04\/cropped-corna-alta-tiny.png","width":512,"height":512,"caption":"Gossip and VIP News"},"image":{"@id":"https:\/\/www.gossip.it\/#\/schema\/logo\/image\/"},"sameAs":["https:\/\/www.facebook.com\/GossipIT","https:\/\/x.com\/gossinews_it","https:\/\/instagram.com\/gossip_it"]},{"@type":"Person","@id":"https:\/\/www.gossip.it\/#\/schema\/person\/488896f75158bff1cc83c6c39d141110","name":"La Redazione","image":{"@type":"ImageObject","inLanguage":"it-IT","@id":"https:\/\/www.gossip.it\/#\/schema\/person\/image\/","url":"https:\/\/secure.gravatar.com\/avatar\/5a5f5c6fa3e6700e4249abdad0263a1e94e927d9e0499b1cb09c1cd29c044d80?s=96&d=mm&r=g","contentUrl":"https:\/\/secure.gravatar.com\/avatar\/5a5f5c6fa3e6700e4249abdad0263a1e94e927d9e0499b1cb09c1cd29c044d80?s=96&d=mm&r=g","caption":"La Redazione"},"sameAs":["https:\/\/www.gossip.it"]}]}},"amp_enabled":true,"_links":{"self":[{"href":"https:\/\/www.gossip.it\/api\/wp\/v2\/posts\/53423","targetHints":{"allow":["GET"]}}],"collection":[{"href":"https:\/\/www.gossip.it\/api\/wp\/v2\/posts"}],"about":[{"href":"https:\/\/www.gossip.it\/api\/wp\/v2\/types\/post"}],"author":[{"embeddable":true,"href":"https:\/\/www.gossip.it\/api\/wp\/v2\/users\/1"}],"replies":[{"embeddable":true,"href":"https:\/\/www.gossip.it\/api\/wp\/v2\/comments?post=53423"}],"version-history":[{"count":0,"href":"https:\/\/www.gossip.it\/api\/wp\/v2\/posts\/53423\/revisions"}],"wp:featuredmedia":[{"embeddable":true,"href":"https:\/\/www.gossip.it\/api\/wp\/v2\/media\/109469"}],"wp:attachment":[{"href":"https:\/\/www.gossip.it\/api\/wp\/v2\/media?parent=53423"}],"wp:term":[{"taxonomy":"category","embeddable":true,"href":"https:\/\/www.gossip.it\/api\/wp\/v2\/categories?post=53423"},{"taxonomy":"post_tag","embeddable":true,"href":"https:\/\/www.gossip.it\/api\/wp\/v2\/tags?post=53423"},{"taxonomy":"vip","embeddable":true,"href":"https:\/\/www.gossip.it\/api\/wp\/v2\/vip?post=53423"}],"curies":[{"name":"wp","href":"https:\/\/api.w.org\/{rel}","templated":true}]}}