{"id":53479,"date":"2015-11-30T00:00:00","date_gmt":"2015-11-29T23:00:00","guid":{"rendered":"https:\/\/www.gossip.it\/senza-categoria\/adele-guardia-del-corpo\/"},"modified":"2015-11-30T00:00:00","modified_gmt":"2015-11-29T23:00:00","slug":"adele-guardia-del-corpo","status":"publish","type":"post","link":"https:\/\/www.gossip.it\/news\/adele-guardia-del-corpo\/","title":{"rendered":"Adele ha la guardia del corpo pi\u00f9 sexy : foto"},"content":{"rendered":"<p>Il suo singolo \"Hello\" \u00e8 al primo posto nelle classifiche mondiali e <a href=\"http:\/\/www.gossip.it\/vip\/adele\/\">Adele<\/a>\u00a0\u00e8 la star della musica pi\u00f9 acclamata delle ultime settimane.\u00a0Sar\u00e0 per questo che a prendersi cura della sua sicurezza c'\u00e8 la<strong> guardia del corpo<\/strong> pi\u00f9 amata e desiderata da popolo dal Web: Peter Van Der Veen \u00e8 un ex culturista olandese che negli ultimi giorni \u00e8 diventato una star su <a href=\"http:\/\/www.gossip.it\/vip\/twitter\/\">Twitter<\/a> dove \u00e8 stato eletto sex symbol del momento.<\/p>\n<figure class=\"caption\"><img decoding=\"async\" alt=\"\" src=\"http:\/\/files.gossip.it\/immagini_news\/2015\/11\/1448901084_adele_bodyguard.jpg\" \/><figcaption>Adele insieme alla sua guardia del corpo Peter Van Der Veen<\/figcaption><\/figure>\n<p>Secondo alcuni pettegolezzi, <strong>Adele<\/strong> sarebbe in crisi con il fidanzato <a href=\"http:\/\/www.gossip.it\/vip\/simon-konecki\/\">Simon Konecki<\/a>, padre di suo figlio Angelo James. E pare che il rapporto tra i due traballi proprio a causa della <strong>guardia del corpo<\/strong> della star della musica, decisamente avvenente.<br \/>Peter Van Der Veen, eletto Mr Europa 2005,\u00a0 in passato ha vegliato pure sull'incolumit\u00e0 di <a href=\"http:\/\/www.gossip.it\/vip\/lady-gaga\/\">Lady Gaga<\/a> ma la sua popolarit\u00e0 \u00e8 cresciuta negli ultimi tempi dopo che tantissimi utenti in rete stanno professando sul social il loro amore per lui.<br \/>Fisico muscoloso, occhi chiari, la <strong>guardia del corpo<\/strong> di <strong>Adele <\/strong>non passa di certo inosservata e su\u00a0<a href=\"http:\/\/www.gossip.it\/vip\/-facebook\/\">Facebook<\/a> \u00e8 anche nata una Fanpage dedicata all'affascinante gorilla. Se continua cos\u00ec la bodyguard dovr\u00e0 assumere qualche collega per farsi scortare. Gli ammiratori infatti stanno crescendo in modo esponenziale e ora si parla di lui pure per la sua vicinanza alla stella della musica che pi\u00f9 di tutte sta riscuotendo successo in questo momento: l'ultimo album di<strong> Adele<\/strong>, \"25\", \u00e8 gi\u00e0 record di vendite. Solo in America ha venduto pi\u00f9 di 3 milioni di copie in una sola settimana.<\/p>\n<figure class=\"caption\"><img decoding=\"async\" alt=\"\" src=\"http:\/\/files.gossip.it\/immagini_news\/2015\/11\/1448901181_adele_sexy_bodyguard.jpg\" \/><figcaption>La pop star scortata dalla bodyguard pi\u00f9 amata del momento<\/figcaption><\/figure>\n<p>La star del momento non poteva che avere la bodyguard pi\u00f9 gettonata delle ultime settimane. Cos\u00ec mentre <strong>Adele<\/strong> firma autografi ai fan, Peter Van Der Veen veglia su di lei non perdendola ma d'occhio. E il gossip gi\u00e0 fantastica su una possibile storia d'amore.\u00a0<\/p>\n","protected":false},"excerpt":{"rendered":"<p>Il suo singolo \"Hello\" \u00e8 al primo posto nelle classifiche mondiali e Adele\u00a0\u00e8 la star della musica pi\u00f9 acclamata delle ultime settimane.\u00a0Sar\u00e0 per questo che a prendersi cura della sua sicurezza c'\u00e8 la guardia del corpo pi\u00f9 amata e desiderata da popolo dal Web: Peter Van Der Veen \u00e8 un ex culturista olandese che negli [&hellip;]<\/p>\n","protected":false},"author":1,"featured_media":109525,"comment_status":"closed","ping_status":"closed","sticky":false,"template":"","format":"standard","meta":{"footnotes":""},"categories":[54],"tags":[13922,9217,4263,5423,1981,6860,43753,53577,2539,3163],"vip":[],"class_list":["post-53479","post","type-post","status-publish","format-standard","has-post-thumbnail","hentry","category-news","tag-13922","tag-adele","tag-album","tag-bodyguard","tag-cantante","tag-guardia-del-corpo","tag-hello","tag-peter-van-der-veen","tag-sex-symbol","tag-singolo"],"yoast_head":"<title>Adele ha la guardia del corpo pi\u00f9 sexy : foto - Gossip.it | News sul Gossip e VIP<\/title>\n<meta name=\"description\" content=\"Il suo singolo &quot;Hello&quot; \u00e8 al primo posto nelle classifiche mondiali e Adele\u00a0\u00e8 la star della musica pi\u00f9 acclamata delle ultime settimane.\u00a0Sar\u00e0 per questo\" \/>\n<meta name=\"robots\" content=\"index, follow, max-snippet:-1, max-image-preview:large, max-video-preview:-1\" \/>\n<link rel=\"canonical\" href=\"https:\/\/www.gossip.it\/news\/adele-guardia-del-corpo\/\" \/>\n<meta property=\"og:locale\" content=\"it_IT\" \/>\n<meta property=\"og:type\" content=\"article\" \/>\n<meta property=\"og:title\" content=\"Adele ha la guardia del corpo pi\u00f9 sexy : foto - Gossip.it | News sul Gossip e VIP\" \/>\n<meta property=\"og:description\" content=\"Il suo singolo &quot;Hello&quot; \u00e8 al primo posto nelle classifiche mondiali e Adele\u00a0\u00e8 la star della musica pi\u00f9 acclamata delle ultime settimane.\u00a0Sar\u00e0 per questo\" \/>\n<meta property=\"og:url\" content=\"https:\/\/www.gossip.it\/news\/adele-guardia-del-corpo\/\" \/>\n<meta property=\"og:site_name\" content=\"Gossip.it | News sul Gossip e VIP\" \/>\n<meta property=\"article:publisher\" content=\"https:\/\/www.facebook.com\/GossipIT\" \/>\n<meta property=\"article:published_time\" content=\"2015-11-29T23:00:00+00:00\" \/>\n<meta property=\"og:image\" content=\"http:\/\/files.gossip.it\/immagini_news\/2015\/11\/1448901084_adele_bodyguard.jpg\" \/>\n<meta name=\"author\" content=\"La Redazione\" \/>\n<meta name=\"twitter:card\" content=\"summary_large_image\" \/>\n<meta name=\"twitter:image\" content=\"http:\/\/files.gossip.it\/immagini_news\/2015\/11\/1448901084_adele_bodyguard.jpg\" \/>\n<meta name=\"twitter:creator\" content=\"@gossinews_it\" \/>\n<meta name=\"twitter:site\" content=\"@gossinews_it\" \/>\n<meta name=\"twitter:label1\" content=\"Scritto da\" \/>\n\t<meta name=\"twitter:data1\" content=\"Francesca Romana Domenici\" \/>\n\t<meta name=\"twitter:label2\" content=\"Tempo di lettura stimato\" \/>\n\t<meta name=\"twitter:data2\" content=\"2 minuti\" \/>","yoast_head_json":{"title":"Adele ha la guardia del corpo pi\u00f9 sexy : foto - Gossip.it | News sul Gossip e VIP","description":"Il suo singolo \"Hello\" \u00e8 al primo posto nelle classifiche mondiali e Adele\u00a0\u00e8 la star della musica pi\u00f9 acclamata delle ultime settimane.\u00a0Sar\u00e0 per questo","robots":{"index":"index","follow":"follow","max-snippet":"max-snippet:-1","max-image-preview":"max-image-preview:large","max-video-preview":"max-video-preview:-1"},"canonical":"https:\/\/www.gossip.it\/news\/adele-guardia-del-corpo\/","og_locale":"it_IT","og_type":"article","og_title":"Adele ha la guardia del corpo pi\u00f9 sexy : foto - Gossip.it | News sul Gossip e VIP","og_description":"Il suo singolo \"Hello\" \u00e8 al primo posto nelle classifiche mondiali e Adele\u00a0\u00e8 la star della musica pi\u00f9 acclamata delle ultime settimane.\u00a0Sar\u00e0 per questo","og_url":"https:\/\/www.gossip.it\/news\/adele-guardia-del-corpo\/","og_site_name":"Gossip.it | News sul Gossip e VIP","article_publisher":"https:\/\/www.facebook.com\/GossipIT","article_published_time":"2015-11-29T23:00:00+00:00","og_image":[{"url":"http:\/\/files.gossip.it\/immagini_news\/2015\/11\/1448901084_adele_bodyguard.jpg"}],"author":"La Redazione","twitter_card":"summary_large_image","twitter_image":"http:\/\/files.gossip.it\/immagini_news\/2015\/11\/1448901084_adele_bodyguard.jpg","twitter_creator":"@gossinews_it","twitter_site":"@gossinews_it","twitter_misc":{"Scritto da":"Francesca Romana Domenici","Tempo di lettura stimato":"2 minuti"},"schema":{"@context":"https:\/\/schema.org","@graph":[{"@type":"Article","@id":"https:\/\/www.gossip.it\/news\/adele-guardia-del-corpo\/#article","isPartOf":{"@id":"https:\/\/www.gossip.it\/news\/adele-guardia-del-corpo\/"},"author":{"name":"La Redazione","@id":"https:\/\/www.gossip.it\/#\/schema\/person\/488896f75158bff1cc83c6c39d141110"},"headline":"Adele ha la guardia del corpo pi\u00f9 sexy : foto","datePublished":"2015-11-29T23:00:00+00:00","dateModified":"2015-11-29T23:00:00+00:00","mainEntityOfPage":{"@id":"https:\/\/www.gossip.it\/news\/adele-guardia-del-corpo\/"},"wordCount":318,"publisher":{"@id":"https:\/\/www.gossip.it\/#organization"},"image":{"@id":"https:\/\/www.gossip.it\/news\/adele-guardia-del-corpo\/#primaryimage"},"thumbnailUrl":"http:\/\/files.gossip.it\/immagini_news\/2015\/11\/1448901084_adele_bodyguard.jpg","keywords":["25","adele","album","bodyguard","cantante","guardia del corpo","hello","peter van der veen","sex symbol","singolo"],"articleSection":["News"],"inLanguage":"it-IT"},{"@type":"WebPage","@id":"https:\/\/www.gossip.it\/news\/adele-guardia-del-corpo\/","url":"https:\/\/www.gossip.it\/news\/adele-guardia-del-corpo\/","name":"Adele ha la guardia del corpo pi\u00f9 sexy : foto - Gossip.it | News sul Gossip e VIP","isPartOf":{"@id":"https:\/\/www.gossip.it\/#website"},"primaryImageOfPage":{"@id":"https:\/\/www.gossip.it\/news\/adele-guardia-del-corpo\/#primaryimage"},"image":{"@id":"https:\/\/www.gossip.it\/news\/adele-guardia-del-corpo\/#primaryimage"},"thumbnailUrl":"http:\/\/files.gossip.it\/immagini_news\/2015\/11\/1448901084_adele_bodyguard.jpg","datePublished":"2015-11-29T23:00:00+00:00","dateModified":"2015-11-29T23:00:00+00:00","description":"Il suo singolo \"Hello\" \u00e8 al primo posto nelle classifiche mondiali e Adele\u00a0\u00e8 la star della musica pi\u00f9 acclamata delle ultime settimane.\u00a0Sar\u00e0 per questo","breadcrumb":{"@id":"https:\/\/www.gossip.it\/news\/adele-guardia-del-corpo\/#breadcrumb"},"inLanguage":"it-IT","potentialAction":[{"@type":"ReadAction","target":["https:\/\/www.gossip.it\/news\/adele-guardia-del-corpo\/"]}]},{"@type":"ImageObject","inLanguage":"it-IT","@id":"https:\/\/www.gossip.it\/news\/adele-guardia-del-corpo\/#primaryimage","url":"http:\/\/files.gossip.it\/immagini_news\/2015\/11\/1448901084_adele_bodyguard.jpg","contentUrl":"http:\/\/files.gossip.it\/immagini_news\/2015\/11\/1448901084_adele_bodyguard.jpg"},{"@type":"BreadcrumbList","@id":"https:\/\/www.gossip.it\/news\/adele-guardia-del-corpo\/#breadcrumb","itemListElement":[{"@type":"ListItem","position":1,"name":"Home","item":"https:\/\/www.gossip.it\/"},{"@type":"ListItem","position":2,"name":"Adele ha la guardia del corpo pi\u00f9 sexy : foto"}]},{"@type":"WebSite","@id":"https:\/\/www.gossip.it\/#website","url":"https:\/\/www.gossip.it\/","name":"Gossip and VIP News","description":"Quotidiano di cronaca rosa, costume e societ\u00e0","publisher":{"@id":"https:\/\/www.gossip.it\/#organization"},"alternateName":"Gossip and VIP News","potentialAction":[{"@type":"SearchAction","target":{"@type":"EntryPoint","urlTemplate":"https:\/\/www.gossip.it\/?s={search_term_string}"},"query-input":{"@type":"PropertyValueSpecification","valueRequired":true,"valueName":"search_term_string"}}],"inLanguage":"it-IT"},{"@type":"Organization","@id":"https:\/\/www.gossip.it\/#organization","name":"Gossip and VIP News","alternateName":"Gossip News","url":"https:\/\/www.gossip.it\/","logo":{"@type":"ImageObject","inLanguage":"it-IT","@id":"https:\/\/www.gossip.it\/#\/schema\/logo\/image\/","url":"https:\/\/www.gossip.it\/wp-content\/uploads\/2022\/04\/cropped-corna-alta-tiny.png","contentUrl":"https:\/\/www.gossip.it\/wp-content\/uploads\/2022\/04\/cropped-corna-alta-tiny.png","width":512,"height":512,"caption":"Gossip and VIP News"},"image":{"@id":"https:\/\/www.gossip.it\/#\/schema\/logo\/image\/"},"sameAs":["https:\/\/www.facebook.com\/GossipIT","https:\/\/x.com\/gossinews_it","https:\/\/instagram.com\/gossip_it"]},{"@type":"Person","@id":"https:\/\/www.gossip.it\/#\/schema\/person\/488896f75158bff1cc83c6c39d141110","name":"La Redazione","image":{"@type":"ImageObject","inLanguage":"it-IT","@id":"https:\/\/www.gossip.it\/#\/schema\/person\/image\/","url":"https:\/\/secure.gravatar.com\/avatar\/5a5f5c6fa3e6700e4249abdad0263a1e94e927d9e0499b1cb09c1cd29c044d80?s=96&d=mm&r=g","contentUrl":"https:\/\/secure.gravatar.com\/avatar\/5a5f5c6fa3e6700e4249abdad0263a1e94e927d9e0499b1cb09c1cd29c044d80?s=96&d=mm&r=g","caption":"La Redazione"},"sameAs":["https:\/\/www.gossip.it"]}]}},"amp_enabled":true,"_links":{"self":[{"href":"https:\/\/www.gossip.it\/api\/wp\/v2\/posts\/53479","targetHints":{"allow":["GET"]}}],"collection":[{"href":"https:\/\/www.gossip.it\/api\/wp\/v2\/posts"}],"about":[{"href":"https:\/\/www.gossip.it\/api\/wp\/v2\/types\/post"}],"author":[{"embeddable":true,"href":"https:\/\/www.gossip.it\/api\/wp\/v2\/users\/1"}],"replies":[{"embeddable":true,"href":"https:\/\/www.gossip.it\/api\/wp\/v2\/comments?post=53479"}],"version-history":[{"count":0,"href":"https:\/\/www.gossip.it\/api\/wp\/v2\/posts\/53479\/revisions"}],"wp:featuredmedia":[{"embeddable":true,"href":"https:\/\/www.gossip.it\/api\/wp\/v2\/media\/109525"}],"wp:attachment":[{"href":"https:\/\/www.gossip.it\/api\/wp\/v2\/media?parent=53479"}],"wp:term":[{"taxonomy":"category","embeddable":true,"href":"https:\/\/www.gossip.it\/api\/wp\/v2\/categories?post=53479"},{"taxonomy":"post_tag","embeddable":true,"href":"https:\/\/www.gossip.it\/api\/wp\/v2\/tags?post=53479"},{"taxonomy":"vip","embeddable":true,"href":"https:\/\/www.gossip.it\/api\/wp\/v2\/vip?post=53479"}],"curies":[{"name":"wp","href":"https:\/\/api.w.org\/{rel}","templated":true}]}}