{"id":53486,"date":"2015-12-01T00:00:00","date_gmt":"2015-11-30T23:00:00","guid":{"rendered":"https:\/\/www.gossip.it\/senza-categoria\/alena-seredova-figli-neve\/"},"modified":"2015-12-01T00:00:00","modified_gmt":"2015-11-30T23:00:00","slug":"alena-seredova-figli-neve","status":"publish","type":"post","link":"https:\/\/www.gossip.it\/news\/alena-seredova-figli-neve\/","title":{"rendered":"Alena Seredova sotto la neve con i figli: foto"},"content":{"rendered":"<p><a href=\"http:\/\/www.gossip.it\/vip\/alena-seredova\/\">Alena Seredova<\/a> d\u00e0 il benvenuto a dicembre con un delizioso scatto postato sul suo profilo Twitter che la ritrae sotto la<strong> neve<\/strong> insieme ai <strong>figli<\/strong> <a href=\"http:\/\/www.gossip.it\/vip\/louis-thomas\/\">Louis Thomas<\/a>, 8 anni tra pochi giorni, e <a href=\"http:\/\/www.gossip.it\/vip\/david-lee\/\">David Lee<\/a>, 6.\u00a0Nella foto condivisa con i follower, l'ex modella ceca e i bimbi sorridono felici mentre si trovano in montagna.<\/p>\n<figure class=\"caption\"><img decoding=\"async\" alt=\"\" src=\"http:\/\/files.gossip.it\/immagini_news\/2015\/12\/1448974963_seredova_neve_figli.jpg\" \/><figcaption>Alena Seredova sotto la neve con i figli Louis Thomas e David Lee<\/figcaption><\/figure>\n<p><strong>Alena<\/strong> per la gita in montagna indossa una giacca a vento grigio scuro con il cappuccio che la ripara dai fiocchi di <strong>neve<\/strong>. La mise sportiva non lascia intravedere il pancino che secondo nuovi pettegolezzi dovrebbe essere arrotondato: il gossip sulla sua presunta gravidanza \u00e8 tornato in auge nelle ultime ore. In realt\u00e0 sarebbe stata le stessa <strong>Seredova<\/strong> a buttare acqua sul fuoco smentendo la notizia sul suo profilo social.<br \/>La storia con <a href=\"http:\/\/www.gossip.it\/vip\/alessandro-nasi\/\">Alessandro Nasi<\/a> va a gonfie vele ma per ora pare non ci sia nessuna cicogna in viaggio. Secondo i pettegolezzi, per\u00f2, la showgirl e il compagno sarebbero intenzionati a tenere nascosta il pi\u00f9 a lungo possibile la notizia di un beb\u00e8 in arrivo.<br \/>La famiglia sta comunque crescendo: <a href=\"http:\/\/www.gossip.it\/vip\/ilaria-d'amico\/\">Ilaria D'Amico<\/a> molto presto dar\u00e0 un erede a <a href=\"http:\/\/www.gossip.it\/vip\/gigi-buffon\/\">Gigi Buffon<\/a> e per prepararsi all'evento ha annunciato domenica scorsa il ritiro dalla trasmissione sportiva che conduce su Sky. E anche se per i pi\u00f9 pettegoli la conduttrice non \u00e8 l'unica ad essere incinta, <strong>Alena<\/strong> sfoggia sempre il suo bellissimo sorriso e si gode i<strong> figli<\/strong> sotto i fiocchi di<strong> neve<\/strong> durante una bella gita in montagna nel primo giorno di dicembre. L'ultimo dell'anno \u00e8 un mese davvero speciale: mammma e bimbi festeggerano il Natale e il 28 brinderanno all'ottavo compleanno di Louis Thomas.<\/p>\n","protected":false},"excerpt":{"rendered":"<p>Alena Seredova d\u00e0 il benvenuto a dicembre con un delizioso scatto postato sul suo profilo Twitter che la ritrae sotto la neve insieme ai figli Louis Thomas, 8 anni tra pochi giorni, e David Lee, 6.\u00a0Nella foto condivisa con i follower, l'ex modella ceca e i bimbi sorridono felici mentre si trovano in montagna. Alena [&hellip;]<\/p>\n","protected":false},"author":1,"featured_media":109532,"comment_status":"closed","ping_status":"closed","sticky":false,"template":"","format":"standard","meta":{"footnotes":""},"categories":[54],"tags":[9794,6544,2000,3957,2181,2121,3956,6935,1923],"vip":[246,946],"class_list":["post-53486","post","type-post","status-publish","format-standard","has-post-thumbnail","hentry","category-news","tag-alessandro-nasi","tag-david-lee","tag-figli","tag-gigi-buffon","tag-gravidanza","tag-instagram","tag-louis-thomas","tag-neve","tag-social","vip-alena_seredova","vip-ilaria_damico"],"yoast_head":"<title>Alena Seredova sotto la neve con i figli: foto - Gossip.it | News sul Gossip e VIP<\/title>\n<meta name=\"description\" content=\"Alena Seredova d\u00e0 il benvenuto a dicembre con un delizioso scatto postato sul suo profilo Twitter che la ritrae sotto la neve insieme ai figli Louis\" \/>\n<meta name=\"robots\" content=\"index, follow, max-snippet:-1, max-image-preview:large, max-video-preview:-1\" \/>\n<link rel=\"canonical\" href=\"https:\/\/www.gossip.it\/news\/alena-seredova-figli-neve\/\" \/>\n<meta property=\"og:locale\" content=\"it_IT\" \/>\n<meta property=\"og:type\" content=\"article\" \/>\n<meta property=\"og:title\" content=\"Alena Seredova sotto la neve con i figli: foto - Gossip.it | News sul Gossip e VIP\" \/>\n<meta property=\"og:description\" content=\"Alena Seredova d\u00e0 il benvenuto a dicembre con un delizioso scatto postato sul suo profilo Twitter che la ritrae sotto la neve insieme ai figli Louis\" \/>\n<meta property=\"og:url\" content=\"https:\/\/www.gossip.it\/news\/alena-seredova-figli-neve\/\" \/>\n<meta property=\"og:site_name\" content=\"Gossip.it | News sul Gossip e VIP\" \/>\n<meta property=\"article:publisher\" content=\"https:\/\/www.facebook.com\/GossipIT\" \/>\n<meta property=\"article:published_time\" content=\"2015-11-30T23:00:00+00:00\" \/>\n<meta property=\"og:image\" content=\"http:\/\/files.gossip.it\/immagini_news\/2015\/12\/1448974963_seredova_neve_figli.jpg\" \/>\n<meta name=\"author\" content=\"La Redazione\" \/>\n<meta name=\"twitter:card\" content=\"summary_large_image\" \/>\n<meta name=\"twitter:image\" content=\"http:\/\/files.gossip.it\/immagini_news\/2015\/12\/1448974963_seredova_neve_figli.jpg\" \/>\n<meta name=\"twitter:creator\" content=\"@gossinews_it\" \/>\n<meta name=\"twitter:site\" content=\"@gossinews_it\" \/>\n<meta name=\"twitter:label1\" content=\"Scritto da\" \/>\n\t<meta name=\"twitter:data1\" content=\"Francesca Romana Domenici\" \/>\n\t<meta name=\"twitter:label2\" content=\"Tempo di lettura stimato\" \/>\n\t<meta name=\"twitter:data2\" content=\"1 minuto\" \/>","yoast_head_json":{"title":"Alena Seredova sotto la neve con i figli: foto - Gossip.it | News sul Gossip e VIP","description":"Alena Seredova d\u00e0 il benvenuto a dicembre con un delizioso scatto postato sul suo profilo Twitter che la ritrae sotto la neve insieme ai figli Louis","robots":{"index":"index","follow":"follow","max-snippet":"max-snippet:-1","max-image-preview":"max-image-preview:large","max-video-preview":"max-video-preview:-1"},"canonical":"https:\/\/www.gossip.it\/news\/alena-seredova-figli-neve\/","og_locale":"it_IT","og_type":"article","og_title":"Alena Seredova sotto la neve con i figli: foto - Gossip.it | News sul Gossip e VIP","og_description":"Alena Seredova d\u00e0 il benvenuto a dicembre con un delizioso scatto postato sul suo profilo Twitter che la ritrae sotto la neve insieme ai figli Louis","og_url":"https:\/\/www.gossip.it\/news\/alena-seredova-figli-neve\/","og_site_name":"Gossip.it | News sul Gossip e VIP","article_publisher":"https:\/\/www.facebook.com\/GossipIT","article_published_time":"2015-11-30T23:00:00+00:00","og_image":[{"url":"http:\/\/files.gossip.it\/immagini_news\/2015\/12\/1448974963_seredova_neve_figli.jpg"}],"author":"La Redazione","twitter_card":"summary_large_image","twitter_image":"http:\/\/files.gossip.it\/immagini_news\/2015\/12\/1448974963_seredova_neve_figli.jpg","twitter_creator":"@gossinews_it","twitter_site":"@gossinews_it","twitter_misc":{"Scritto da":"Francesca Romana Domenici","Tempo di lettura stimato":"1 minuto"},"schema":{"@context":"https:\/\/schema.org","@graph":[{"@type":"Article","@id":"https:\/\/www.gossip.it\/news\/alena-seredova-figli-neve\/#article","isPartOf":{"@id":"https:\/\/www.gossip.it\/news\/alena-seredova-figli-neve\/"},"author":{"name":"La Redazione","@id":"https:\/\/www.gossip.it\/#\/schema\/person\/488896f75158bff1cc83c6c39d141110"},"headline":"Alena Seredova sotto la neve con i figli: foto","datePublished":"2015-11-30T23:00:00+00:00","dateModified":"2015-11-30T23:00:00+00:00","mainEntityOfPage":{"@id":"https:\/\/www.gossip.it\/news\/alena-seredova-figli-neve\/"},"wordCount":291,"publisher":{"@id":"https:\/\/www.gossip.it\/#organization"},"image":{"@id":"https:\/\/www.gossip.it\/news\/alena-seredova-figli-neve\/#primaryimage"},"thumbnailUrl":"http:\/\/files.gossip.it\/immagini_news\/2015\/12\/1448974963_seredova_neve_figli.jpg","keywords":["alessandro nasi","david lee","figli","gigi buffon","gravidanza","instagram","louis thomas","neve","social"],"articleSection":["News"],"inLanguage":"it-IT"},{"@type":"WebPage","@id":"https:\/\/www.gossip.it\/news\/alena-seredova-figli-neve\/","url":"https:\/\/www.gossip.it\/news\/alena-seredova-figli-neve\/","name":"Alena Seredova sotto la neve con i figli: foto - Gossip.it | News sul Gossip e VIP","isPartOf":{"@id":"https:\/\/www.gossip.it\/#website"},"primaryImageOfPage":{"@id":"https:\/\/www.gossip.it\/news\/alena-seredova-figli-neve\/#primaryimage"},"image":{"@id":"https:\/\/www.gossip.it\/news\/alena-seredova-figli-neve\/#primaryimage"},"thumbnailUrl":"http:\/\/files.gossip.it\/immagini_news\/2015\/12\/1448974963_seredova_neve_figli.jpg","datePublished":"2015-11-30T23:00:00+00:00","dateModified":"2015-11-30T23:00:00+00:00","description":"Alena Seredova d\u00e0 il benvenuto a dicembre con un delizioso scatto postato sul suo profilo Twitter che la ritrae sotto la neve insieme ai figli Louis","breadcrumb":{"@id":"https:\/\/www.gossip.it\/news\/alena-seredova-figli-neve\/#breadcrumb"},"inLanguage":"it-IT","potentialAction":[{"@type":"ReadAction","target":["https:\/\/www.gossip.it\/news\/alena-seredova-figli-neve\/"]}]},{"@type":"ImageObject","inLanguage":"it-IT","@id":"https:\/\/www.gossip.it\/news\/alena-seredova-figli-neve\/#primaryimage","url":"http:\/\/files.gossip.it\/immagini_news\/2015\/12\/1448974963_seredova_neve_figli.jpg","contentUrl":"http:\/\/files.gossip.it\/immagini_news\/2015\/12\/1448974963_seredova_neve_figli.jpg"},{"@type":"BreadcrumbList","@id":"https:\/\/www.gossip.it\/news\/alena-seredova-figli-neve\/#breadcrumb","itemListElement":[{"@type":"ListItem","position":1,"name":"Home","item":"https:\/\/www.gossip.it\/"},{"@type":"ListItem","position":2,"name":"Alena Seredova sotto la neve con i figli: foto"}]},{"@type":"WebSite","@id":"https:\/\/www.gossip.it\/#website","url":"https:\/\/www.gossip.it\/","name":"Gossip and VIP News","description":"Quotidiano di cronaca rosa, costume e societ\u00e0","publisher":{"@id":"https:\/\/www.gossip.it\/#organization"},"alternateName":"Gossip and VIP News","potentialAction":[{"@type":"SearchAction","target":{"@type":"EntryPoint","urlTemplate":"https:\/\/www.gossip.it\/?s={search_term_string}"},"query-input":{"@type":"PropertyValueSpecification","valueRequired":true,"valueName":"search_term_string"}}],"inLanguage":"it-IT"},{"@type":"Organization","@id":"https:\/\/www.gossip.it\/#organization","name":"Gossip and VIP News","alternateName":"Gossip News","url":"https:\/\/www.gossip.it\/","logo":{"@type":"ImageObject","inLanguage":"it-IT","@id":"https:\/\/www.gossip.it\/#\/schema\/logo\/image\/","url":"https:\/\/www.gossip.it\/wp-content\/uploads\/2022\/04\/cropped-corna-alta-tiny.png","contentUrl":"https:\/\/www.gossip.it\/wp-content\/uploads\/2022\/04\/cropped-corna-alta-tiny.png","width":512,"height":512,"caption":"Gossip and VIP News"},"image":{"@id":"https:\/\/www.gossip.it\/#\/schema\/logo\/image\/"},"sameAs":["https:\/\/www.facebook.com\/GossipIT","https:\/\/x.com\/gossinews_it","https:\/\/instagram.com\/gossip_it"]},{"@type":"Person","@id":"https:\/\/www.gossip.it\/#\/schema\/person\/488896f75158bff1cc83c6c39d141110","name":"La Redazione","image":{"@type":"ImageObject","inLanguage":"it-IT","@id":"https:\/\/www.gossip.it\/#\/schema\/person\/image\/","url":"https:\/\/secure.gravatar.com\/avatar\/5a5f5c6fa3e6700e4249abdad0263a1e94e927d9e0499b1cb09c1cd29c044d80?s=96&d=mm&r=g","contentUrl":"https:\/\/secure.gravatar.com\/avatar\/5a5f5c6fa3e6700e4249abdad0263a1e94e927d9e0499b1cb09c1cd29c044d80?s=96&d=mm&r=g","caption":"La Redazione"},"sameAs":["https:\/\/www.gossip.it"]}]}},"amp_enabled":true,"_links":{"self":[{"href":"https:\/\/www.gossip.it\/api\/wp\/v2\/posts\/53486","targetHints":{"allow":["GET"]}}],"collection":[{"href":"https:\/\/www.gossip.it\/api\/wp\/v2\/posts"}],"about":[{"href":"https:\/\/www.gossip.it\/api\/wp\/v2\/types\/post"}],"author":[{"embeddable":true,"href":"https:\/\/www.gossip.it\/api\/wp\/v2\/users\/1"}],"replies":[{"embeddable":true,"href":"https:\/\/www.gossip.it\/api\/wp\/v2\/comments?post=53486"}],"version-history":[{"count":0,"href":"https:\/\/www.gossip.it\/api\/wp\/v2\/posts\/53486\/revisions"}],"wp:featuredmedia":[{"embeddable":true,"href":"https:\/\/www.gossip.it\/api\/wp\/v2\/media\/109532"}],"wp:attachment":[{"href":"https:\/\/www.gossip.it\/api\/wp\/v2\/media?parent=53486"}],"wp:term":[{"taxonomy":"category","embeddable":true,"href":"https:\/\/www.gossip.it\/api\/wp\/v2\/categories?post=53486"},{"taxonomy":"post_tag","embeddable":true,"href":"https:\/\/www.gossip.it\/api\/wp\/v2\/tags?post=53486"},{"taxonomy":"vip","embeddable":true,"href":"https:\/\/www.gossip.it\/api\/wp\/v2\/vip?post=53486"}],"curies":[{"name":"wp","href":"https:\/\/api.w.org\/{rel}","templated":true}]}}