{"id":53513,"date":"2015-12-02T00:00:00","date_gmt":"2015-12-01T23:00:00","guid":{"rendered":"https:\/\/www.gossip.it\/senza-categoria\/valeria-golino-riccardo-scamarcio-non-piace-dire-amiamo\/"},"modified":"2015-12-02T00:00:00","modified_gmt":"2015-12-01T23:00:00","slug":"valeria-golino-riccardo-scamarcio-non-piace-dire-amiamo","status":"publish","type":"post","link":"https:\/\/www.gossip.it\/news\/valeria-golino-riccardo-scamarcio-non-piace-dire-amiamo\/","title":{"rendered":"Valeria Golino: 'Riccardo Scamarcio? Non mi piace dire che ci amiamo'"},"content":{"rendered":"<p><a href=\"http:\/\/www.gossip.it\/vip\/valeria-golino\/\">Valeria Golino<\/a> sta insieme a <a href=\"http:\/\/www.gossip.it\/vip\/riccardo-scamarcio\/\">Riccardo Scamarcio<\/a>: <em>\"Ma <strong>non<\/strong> mi <strong>piace<\/strong> <strong>dire<\/strong> che ci <strong>amiamo<\/strong>\"<\/em>. L'<a href=\"http:\/\/www.gossip.it\/vip\/attrice\/\">attrice<\/a> parla come se quella con il collega con cui vive una lunga relazione sia una storia tra <em>'asessuati'<\/em>. Forse \u00e8 solo pudore e voglia di provacy. A <em>Vanity Fair<\/em> racconta anche: <em>\"<strong>Non<\/strong> mi <strong>piace<\/strong> nessuno che non sia lui\"<\/em>.<br \/>In questo periodo \u00e8 a Torino, dove sta lavorando con <a href=\"http:\/\/www.gossip.it\/vip\/margherita-buy\/\">Margherita Buy<\/a> al film <em>\"La vita possibile\"<\/em> di Ivano De Matteo, la pellicola uscir\u00e0 al cinema nel 2016. Impossibile non chiederle di <strong>Riccardo Scamarcio<\/strong>. \"Stiamo insieme ma <strong>non<\/strong> mi <strong>piace<\/strong> <strong>dire<\/strong> che ci <strong>amiamo<\/strong>\", dice <strong>Valeria Golino<\/strong>. Mai scontata<\/p>\n<figure class=\"caption\"><img decoding=\"async\" alt=\"\" width=\"620\" height=\"432\" src=\"http:\/\/files.gossip.it\/immagini_news\/2015\/12\/1449071647_scamarcio_golino_dichiarazioni.jpg\" \/><figcaption>Valeria Golino su Riccardo Scamarcio: 'Stiamo insieme ma non mi piace dire che ci amiamo'<\/figcaption><\/figure>\n<p><strong>Riccardo Scamarcio<\/strong>? Stanno insieme ma <em>\"<strong>non<\/strong> mi <strong>piace<\/strong> <strong>dire<\/strong> che ci <strong>amiamo<\/strong>\"<\/em>. E' fatta cos\u00ec <strong>Valeria Golino<\/strong>, una donna da sempre definita seduttiva: <em>\"Ma forse quello che qualche volta viene definito seduttivo connota un voler portare a s\u00e9 le persone, un potere che vuoi avere su di loro. Non per scagionarmi, ma negli anni ho imparato a capire come sono, certi comportamenti, e penso che quello che viene preso per seduzione spesso sia invece un relazionarsi alle persone, un esserci. Se sono curiosa di te, se ascolto quello che dici, se mi interessa e c\u2019\u00e8 un\u2019empatia reciproca, questo pu\u00f2 anche essere travisato. Non succede spesso di \u201ctrovarsi\u201d, e sempre di pi\u00f9, per circostanze della vita che facciamo, ci capita di essere tutti distratti, egoriferiti. Mi va bene che pensino che io sia maliarda. La cosa che per\u00f2 mi riempie davvero, e mi annoia di meno, \u00e8 entrare in relazione con le persone. L\u2019empatia con gli altri mi arricchisce, mi piace\".<\/em>\u00a0<br \/>Nel suo sembrare seduttiva, c'\u00e8 anche la voglia di piacere: <em>\"C\u2019\u00e8 anche quello: faccio l\u2019attrice, \u00e8 nella mia natura. Per mille motivi posso aver avuto, e ancora ho, la voglia di piacere. Ma ormai non voglio pi\u00f9 piacere a tutti. Forse da pi\u00f9 giovane era qualcosa di generico, era un vuoto che cercavo di colmare. Adesso scelgo le persone. Se piaccio sono contenta, ma non a costo di snaturarmi, di dire cose che non direi. Con l\u2019et\u00e0 perdi tanto, per\u00f2 acquisti tanto altro. Questa cosa si \u00e8 trasformata negli anni, \u00e8 pi\u00f9 consapevole e meno bisognosa. Anzi, l\u2019idea di non piacere, di dire cose scomode, mi fa sentire pi\u00f9 libera\"<\/em>.\u00a0<br \/>Ha festeggiato il mezzo secolo: <em>\"La giovinezza dei miei 50 anni(...). C\u2019\u00e8 molto da scoprire in questa et\u00e0. Ci sono anche rogne. Devi capire altre cose, come il tuo corpo cambia\"<\/em>. L'erotismo, invece, non matura. \"<em>Rimane uguale a se stesso, anche se ci si adatta al passare del tempo. Io in realt\u00e0 sono acerba nel mio erotismo e cos\u00ec rimarr\u00f2, credo. La difficolt\u00e0 della vita \u00e8 che tu resti la stessa, ma il corpo ti chiede di adattarti. Se non lo fai, potresti diventare una persona infelice\"<\/em>, sottolinea <strong>Valeria Golino<\/strong>. Poi sui figli non avuti spiega: <em>\"Credo che non avere figli precluda una serie di cose che mi sarebbe piaciuto avere, per\u00f2 ti d\u00e0 la libert\u00e0 di te stesso. Tu non sei il genitore di qualcuno, sei prima chi sei tu, mentre da madre sei prima quello e per sempre. Non avere figli continua a darti una specie di movimento che \u00e8 tuo personale, individuale, ti fa restare nella giovinezza, hai solo responsabilit\u00e0 di te stesso e delle persone che ami. Detto questo, anche il desiderio del figlio rimane uguale: non vuol dire che, perch\u00e9 il corpo non pu\u00f2 pi\u00f9, lo superi, come sempre ti adatti. Anche perch\u00e9 in parte \u00e8 un desiderio indotto dalla societ\u00e0, e ormai avere figli anche a questa et\u00e0 \u00e8 ancora possibile\"<\/em>.<\/p>\n<p>\u00a0<\/p>\n","protected":false},"excerpt":{"rendered":"<p>Valeria Golino sta insieme a Riccardo Scamarcio: \"Ma non mi piace dire che ci amiamo\". L'attrice parla come se quella con il collega con cui vive una lunga relazione sia una storia tra 'asessuati'. Forse \u00e8 solo pudore e voglia di provacy. A Vanity Fair racconta anche: \"Non mi piace nessuno che non sia lui\".In [&hellip;]<\/p>\n","protected":false},"author":1,"featured_media":109559,"comment_status":"closed","ping_status":"closed","sticky":false,"template":"","format":"standard","meta":{"footnotes":""},"categories":[54],"tags":[2137,1983,2102,2162],"vip":[1564,1805],"class_list":["post-53513","post","type-post","status-publish","format-standard","has-post-thumbnail","hentry","category-news","tag-attore","tag-attrice","tag-dichiarazioni","tag-vanity-fair","vip-riccardo_scamarcio","vip-valeria_golino"],"yoast_head":"<title>Valeria Golino: &#039;Riccardo Scamarcio? Non mi piace dire che ci amiamo&#039; - Gossip.it | News sul Gossip e VIP<\/title>\n<meta name=\"description\" content=\"Valeria Golino sta insieme a Riccardo Scamarcio: &quot;Ma non mi piace dire che ci amiamo&quot;. L&#039;attrice parla come se quella con il collega con cui vive una\" \/>\n<meta name=\"robots\" content=\"index, follow, max-snippet:-1, max-image-preview:large, max-video-preview:-1\" \/>\n<link rel=\"canonical\" href=\"https:\/\/www.gossip.it\/news\/valeria-golino-riccardo-scamarcio-non-piace-dire-amiamo\/\" \/>\n<meta property=\"og:locale\" content=\"it_IT\" \/>\n<meta property=\"og:type\" content=\"article\" \/>\n<meta property=\"og:title\" content=\"Valeria Golino: &#039;Riccardo Scamarcio? Non mi piace dire che ci amiamo&#039; - Gossip.it | News sul Gossip e VIP\" \/>\n<meta property=\"og:description\" content=\"Valeria Golino sta insieme a Riccardo Scamarcio: &quot;Ma non mi piace dire che ci amiamo&quot;. L&#039;attrice parla come se quella con il collega con cui vive una\" \/>\n<meta property=\"og:url\" content=\"https:\/\/www.gossip.it\/news\/valeria-golino-riccardo-scamarcio-non-piace-dire-amiamo\/\" \/>\n<meta property=\"og:site_name\" content=\"Gossip.it | News sul Gossip e VIP\" \/>\n<meta property=\"article:publisher\" content=\"https:\/\/www.facebook.com\/GossipIT\" \/>\n<meta property=\"article:published_time\" content=\"2015-12-01T23:00:00+00:00\" \/>\n<meta property=\"og:image\" content=\"http:\/\/files.gossip.it\/immagini_news\/2015\/12\/1449071647_scamarcio_golino_dichiarazioni.jpg\" \/>\n<meta name=\"author\" content=\"La Redazione\" \/>\n<meta name=\"twitter:card\" content=\"summary_large_image\" \/>\n<meta name=\"twitter:image\" content=\"http:\/\/files.gossip.it\/immagini_news\/2015\/12\/1449071647_scamarcio_golino_dichiarazioni.jpg\" \/>\n<meta name=\"twitter:creator\" content=\"@gossinews_it\" \/>\n<meta name=\"twitter:site\" content=\"@gossinews_it\" \/>\n<meta name=\"twitter:label1\" content=\"Scritto da\" \/>\n\t<meta name=\"twitter:data1\" content=\"Annamaria Capozzi\" \/>\n\t<meta name=\"twitter:label2\" content=\"Tempo di lettura stimato\" \/>\n\t<meta name=\"twitter:data2\" content=\"3 minuti\" \/>","yoast_head_json":{"title":"Valeria Golino: 'Riccardo Scamarcio? Non mi piace dire che ci amiamo' - Gossip.it | News sul Gossip e VIP","description":"Valeria Golino sta insieme a Riccardo Scamarcio: \"Ma non mi piace dire che ci amiamo\". L'attrice parla come se quella con il collega con cui vive una","robots":{"index":"index","follow":"follow","max-snippet":"max-snippet:-1","max-image-preview":"max-image-preview:large","max-video-preview":"max-video-preview:-1"},"canonical":"https:\/\/www.gossip.it\/news\/valeria-golino-riccardo-scamarcio-non-piace-dire-amiamo\/","og_locale":"it_IT","og_type":"article","og_title":"Valeria Golino: 'Riccardo Scamarcio? Non mi piace dire che ci amiamo' - Gossip.it | News sul Gossip e VIP","og_description":"Valeria Golino sta insieme a Riccardo Scamarcio: \"Ma non mi piace dire che ci amiamo\". L'attrice parla come se quella con il collega con cui vive una","og_url":"https:\/\/www.gossip.it\/news\/valeria-golino-riccardo-scamarcio-non-piace-dire-amiamo\/","og_site_name":"Gossip.it | News sul Gossip e VIP","article_publisher":"https:\/\/www.facebook.com\/GossipIT","article_published_time":"2015-12-01T23:00:00+00:00","og_image":[{"url":"http:\/\/files.gossip.it\/immagini_news\/2015\/12\/1449071647_scamarcio_golino_dichiarazioni.jpg"}],"author":"La Redazione","twitter_card":"summary_large_image","twitter_image":"http:\/\/files.gossip.it\/immagini_news\/2015\/12\/1449071647_scamarcio_golino_dichiarazioni.jpg","twitter_creator":"@gossinews_it","twitter_site":"@gossinews_it","twitter_misc":{"Scritto da":"Annamaria Capozzi","Tempo di lettura stimato":"3 minuti"},"schema":{"@context":"https:\/\/schema.org","@graph":[{"@type":"Article","@id":"https:\/\/www.gossip.it\/news\/valeria-golino-riccardo-scamarcio-non-piace-dire-amiamo\/#article","isPartOf":{"@id":"https:\/\/www.gossip.it\/news\/valeria-golino-riccardo-scamarcio-non-piace-dire-amiamo\/"},"author":{"name":"La Redazione","@id":"https:\/\/www.gossip.it\/#\/schema\/person\/488896f75158bff1cc83c6c39d141110"},"headline":"Valeria Golino: 'Riccardo Scamarcio? Non mi piace dire che ci amiamo'","datePublished":"2015-12-01T23:00:00+00:00","dateModified":"2015-12-01T23:00:00+00:00","mainEntityOfPage":{"@id":"https:\/\/www.gossip.it\/news\/valeria-golino-riccardo-scamarcio-non-piace-dire-amiamo\/"},"wordCount":612,"publisher":{"@id":"https:\/\/www.gossip.it\/#organization"},"image":{"@id":"https:\/\/www.gossip.it\/news\/valeria-golino-riccardo-scamarcio-non-piace-dire-amiamo\/#primaryimage"},"thumbnailUrl":"http:\/\/files.gossip.it\/immagini_news\/2015\/12\/1449071647_scamarcio_golino_dichiarazioni.jpg","keywords":["attore","attrice","dichiarazioni","vanity fair"],"articleSection":["News"],"inLanguage":"it-IT"},{"@type":"WebPage","@id":"https:\/\/www.gossip.it\/news\/valeria-golino-riccardo-scamarcio-non-piace-dire-amiamo\/","url":"https:\/\/www.gossip.it\/news\/valeria-golino-riccardo-scamarcio-non-piace-dire-amiamo\/","name":"Valeria Golino: 'Riccardo Scamarcio? Non mi piace dire che ci amiamo' - Gossip.it | News sul Gossip e VIP","isPartOf":{"@id":"https:\/\/www.gossip.it\/#website"},"primaryImageOfPage":{"@id":"https:\/\/www.gossip.it\/news\/valeria-golino-riccardo-scamarcio-non-piace-dire-amiamo\/#primaryimage"},"image":{"@id":"https:\/\/www.gossip.it\/news\/valeria-golino-riccardo-scamarcio-non-piace-dire-amiamo\/#primaryimage"},"thumbnailUrl":"http:\/\/files.gossip.it\/immagini_news\/2015\/12\/1449071647_scamarcio_golino_dichiarazioni.jpg","datePublished":"2015-12-01T23:00:00+00:00","dateModified":"2015-12-01T23:00:00+00:00","description":"Valeria Golino sta insieme a Riccardo Scamarcio: \"Ma non mi piace dire che ci amiamo\". L'attrice parla come se quella con il collega con cui vive una","breadcrumb":{"@id":"https:\/\/www.gossip.it\/news\/valeria-golino-riccardo-scamarcio-non-piace-dire-amiamo\/#breadcrumb"},"inLanguage":"it-IT","potentialAction":[{"@type":"ReadAction","target":["https:\/\/www.gossip.it\/news\/valeria-golino-riccardo-scamarcio-non-piace-dire-amiamo\/"]}]},{"@type":"ImageObject","inLanguage":"it-IT","@id":"https:\/\/www.gossip.it\/news\/valeria-golino-riccardo-scamarcio-non-piace-dire-amiamo\/#primaryimage","url":"http:\/\/files.gossip.it\/immagini_news\/2015\/12\/1449071647_scamarcio_golino_dichiarazioni.jpg","contentUrl":"http:\/\/files.gossip.it\/immagini_news\/2015\/12\/1449071647_scamarcio_golino_dichiarazioni.jpg"},{"@type":"BreadcrumbList","@id":"https:\/\/www.gossip.it\/news\/valeria-golino-riccardo-scamarcio-non-piace-dire-amiamo\/#breadcrumb","itemListElement":[{"@type":"ListItem","position":1,"name":"Home","item":"https:\/\/www.gossip.it\/"},{"@type":"ListItem","position":2,"name":"Valeria Golino: 'Riccardo Scamarcio? Non mi piace dire che ci amiamo'"}]},{"@type":"WebSite","@id":"https:\/\/www.gossip.it\/#website","url":"https:\/\/www.gossip.it\/","name":"Gossip and VIP News","description":"Quotidiano di cronaca rosa, costume e societ\u00e0","publisher":{"@id":"https:\/\/www.gossip.it\/#organization"},"alternateName":"Gossip and VIP News","potentialAction":[{"@type":"SearchAction","target":{"@type":"EntryPoint","urlTemplate":"https:\/\/www.gossip.it\/?s={search_term_string}"},"query-input":{"@type":"PropertyValueSpecification","valueRequired":true,"valueName":"search_term_string"}}],"inLanguage":"it-IT"},{"@type":"Organization","@id":"https:\/\/www.gossip.it\/#organization","name":"Gossip and VIP News","alternateName":"Gossip News","url":"https:\/\/www.gossip.it\/","logo":{"@type":"ImageObject","inLanguage":"it-IT","@id":"https:\/\/www.gossip.it\/#\/schema\/logo\/image\/","url":"https:\/\/www.gossip.it\/wp-content\/uploads\/2022\/04\/cropped-corna-alta-tiny.png","contentUrl":"https:\/\/www.gossip.it\/wp-content\/uploads\/2022\/04\/cropped-corna-alta-tiny.png","width":512,"height":512,"caption":"Gossip and VIP News"},"image":{"@id":"https:\/\/www.gossip.it\/#\/schema\/logo\/image\/"},"sameAs":["https:\/\/www.facebook.com\/GossipIT","https:\/\/x.com\/gossinews_it","https:\/\/instagram.com\/gossip_it"]},{"@type":"Person","@id":"https:\/\/www.gossip.it\/#\/schema\/person\/488896f75158bff1cc83c6c39d141110","name":"La Redazione","image":{"@type":"ImageObject","inLanguage":"it-IT","@id":"https:\/\/www.gossip.it\/#\/schema\/person\/image\/","url":"https:\/\/secure.gravatar.com\/avatar\/5a5f5c6fa3e6700e4249abdad0263a1e94e927d9e0499b1cb09c1cd29c044d80?s=96&d=mm&r=g","contentUrl":"https:\/\/secure.gravatar.com\/avatar\/5a5f5c6fa3e6700e4249abdad0263a1e94e927d9e0499b1cb09c1cd29c044d80?s=96&d=mm&r=g","caption":"La Redazione"},"sameAs":["https:\/\/www.gossip.it"]}]}},"amp_enabled":true,"_links":{"self":[{"href":"https:\/\/www.gossip.it\/api\/wp\/v2\/posts\/53513","targetHints":{"allow":["GET"]}}],"collection":[{"href":"https:\/\/www.gossip.it\/api\/wp\/v2\/posts"}],"about":[{"href":"https:\/\/www.gossip.it\/api\/wp\/v2\/types\/post"}],"author":[{"embeddable":true,"href":"https:\/\/www.gossip.it\/api\/wp\/v2\/users\/1"}],"replies":[{"embeddable":true,"href":"https:\/\/www.gossip.it\/api\/wp\/v2\/comments?post=53513"}],"version-history":[{"count":0,"href":"https:\/\/www.gossip.it\/api\/wp\/v2\/posts\/53513\/revisions"}],"wp:featuredmedia":[{"embeddable":true,"href":"https:\/\/www.gossip.it\/api\/wp\/v2\/media\/109559"}],"wp:attachment":[{"href":"https:\/\/www.gossip.it\/api\/wp\/v2\/media?parent=53513"}],"wp:term":[{"taxonomy":"category","embeddable":true,"href":"https:\/\/www.gossip.it\/api\/wp\/v2\/categories?post=53513"},{"taxonomy":"post_tag","embeddable":true,"href":"https:\/\/www.gossip.it\/api\/wp\/v2\/tags?post=53513"},{"taxonomy":"vip","embeddable":true,"href":"https:\/\/www.gossip.it\/api\/wp\/v2\/vip?post=53513"}],"curies":[{"name":"wp","href":"https:\/\/api.w.org\/{rel}","templated":true}]}}