{"id":53566,"date":"2015-12-09T00:00:00","date_gmt":"2015-12-08T23:00:00","guid":{"rendered":"https:\/\/www.gossip.it\/senza-categoria\/alessia-marcuzzi-albero-di-natale-figli\/"},"modified":"2015-12-09T00:00:00","modified_gmt":"2015-12-08T23:00:00","slug":"alessia-marcuzzi-albero-di-natale-figli","status":"publish","type":"post","link":"https:\/\/www.gossip.it\/news\/alessia-marcuzzi-albero-di-natale-figli\/","title":{"rendered":"Alessia Marcuzzi fa l'albero di Natale con i figli: foto"},"content":{"rendered":"<p>Il clima delle feste \u00e8 arrivato anche a casa di <a href=\"http:\/\/www.gossip.it\/vip\/alessia-marcuzzi\/\">Alessia Marcuzzi<\/a> che ha decorato l'<strong>albero di Natale<\/strong> insieme ai <strong>figli<\/strong> <a href=\"http:\/\/www.gossip.it\/vip\/mia-facchinetti\/\">Mia Facchinetti<\/a> e <a href=\"http:\/\/www.gossip.it\/vip\/tommaso-inzaghi\/\">Tommaso Inzaghi<\/a>. La bionda della Tv e gli eredi hanno fatto pure il Presepe, ma i \"lavori\" in questo caso sono stati diretti da <a href=\"http:\/\/www.gossip.it\/vip\/paolo-calabresi marconi\/\">Paolo Calabresi Marconi<\/a>: <em>\"Nella capannina ovviamente non c'\u00e8 ancora Bambin Ges\u00f9... per quello dobbiamo aspettare!\"<\/em>, scrive sul suo blog la conduttrice del \"Grande Fratello\".<\/p>\n<figure class=\"caption\"><img decoding=\"async\" alt=\"\" width=\"620\" height=\"870\" src=\"http:\/\/files.gossip.it\/immagini_news\/2015\/12\/1449665395_alessia_marcuzzi_mia_albero.jpg\" \/><figcaption>Alessia Marcuzzi decora l'albero di Natale insieme alla figlia Mia<\/figcaption><\/figure>\n<p><em>\"Io, Mia e Tommy abbiamo iniziato dall'<strong>albero<\/strong><\/em> - racconta ancora <strong>Alessia Marcuzzi<\/strong> - <em>abbiamo aperto i cartoni delle nostre bellissime decorazioni e pian piano ci siamo sbizzarriti. Il nostro \u00e8 un <strong>albero<\/strong> classico e le decorazioni sono sempre, pi\u00f9 o meno, le stesse. L'unica cosa che facciamo \u00e8 aggiungere un pezzo nuovo ogni anno. Quest'anno la new entry \u00e8 il puntale! Abbiamo infatti questo bellissimo Babbo <strong>Natale<\/strong> di stoffa con le gambe a penzoloni che ci guarda dall'alto. Ce ne siamo innamorati subito\"<\/em>.<br \/>La <a href=\"http:\/\/www.gossip.it\/vip\/pinella\/\">Pinella<\/a> rivela inoltre che alcune decorazioni sono dei ricordi di quando i <strong>figli<\/strong>\u00a0erano piccoli. Il Presepe, ammette, \u00e8 invece merito del marito Paolo Calabresi Marconi che gli ha dato un tocco moderno, ha <em>\"anche gli sciatori sulla collina innevata\"<\/em>.<\/p>\n<figure class=\"caption\"><img decoding=\"async\" alt=\"\" width=\"620\" height=\"870\" src=\"http:\/\/files.gossip.it\/immagini_news\/2015\/12\/1449666222_marcuzzi_mia_tommaso_albero.jpg\" \/><figcaption>Ad aiutare la conduttrice anche il primogenito Tommaso<\/figcaption><\/figure>\n<p>Intervistata dal settimanale <em>Chi<\/em>,<strong> Alessia<\/strong> ha parlato anche del marito con cui il primo dicembre ha festeggiato il primo anniversario di nozze:<em> \"Paolo mi ha chiesto di sposarlo in un modo molto romantico, in Provenza, spargendo una serie di mirtilli e di fragole sul mio cammino mentre ridevo come una pazza e saltellavo dicendo: 'Che bello, che bello!', ma senza dire 'S\u00ec'<\/em> - ha rivelato - <em>Uno dei momenti in cui ho capito che ci saremmo sposati \u00e8 stato il matrimonio di <a href=\"http:\/\/www.gossip.it\/vip\/elena-santarelli\/\">Elena Santarelli<\/a>. Di sera, davanti ai fuochi di artificio, ci siamo guardati e abbiamo pensato: 'Che bello stare insieme qui, in questo momento'. Poi ci siamo guardati di nuovo come a dire: 'Mi sa che \u00e8 perch\u00e9 ci sei tu'\"<\/em>.<\/p>\n<figure class=\"caption\"><img decoding=\"async\" alt=\"\" width=\"620\" height=\"827\" src=\"http:\/\/files.gossip.it\/immagini_news\/2015\/12\/1449665534_marcuzzi_mia_addobbi_natale.jpg\" \/><figcaption>Alessia e Mia scartano le decorazioni natalizie\u00a0<\/figcaption><\/figure>\n<p><strong>Alessia<\/strong> con Paolo \u00e8 felice e si sente protetta, ma ha ribadito che per ora non ha intenzione di avere un bambino dal marito: <em>\"I miei <strong>figl<\/strong>i non sono ancora pronti<\/em> - ha detto - <em>sono attaccatissimi a me, aspetto che siano loro a farmi capire quando sar\u00e0 il momento giusto. Paolo sarebbe un pap\u00e0 meraviglioso e vorrebbe tanto un figlio, ma \u00e8 il primo a dirmi che dobbiamo aspettare che Mia e Tommy siano pronti. Anche se poi lo sapete che sono imprevedibile\"<\/em>. Intanto la coppia si prepara a festeggiare il secondo <strong>Natale<\/strong> da marito e moglie.<\/p>\n<figure class=\"caption\"><img decoding=\"async\" alt=\"\" width=\"620\" height=\"465\" src=\"http:\/\/files.gossip.it\/immagini_news\/2015\/12\/1449665581_marcuzzi_presepe.jpg\" \/><figcaption>La Marcuzzi e la figlioletta alle prese con il Presepe fatto da Paolo Calabresi Marconi<\/figcaption><\/figure>\n<p><strong>Alessia Marcuzzi<\/strong>\u00a0\u00e8 stata anche riconfermata alla conduzione dell'\"Isola dei Famosi\". Nei giorni scorsi si era parlato di una sostituzione. Il toto nomi comprendeva <a href=\"http:\/\/www.gossip.it\/vip\/ilary-blasi\/\">Ilary Blasi<\/a>, <a href=\"http:\/\/www.gossip.it\/vip\/barbara-d'urso\/\">Barbara D'Urso<\/a> e un ritorno a Mediaset di <a href=\"http:\/\/www.gossip.it\/vip\/simona-ventura\/\">Simona Ventura<\/a>. Ma squadra vincente non si cambia e al fianco di <strong>Alessia<\/strong> ci saranno ancora in veste di opinionisti <a href=\"http:\/\/www.gossip.it\/vip\/alfonso-signorini\/\">Alfonso Signorini<\/a> e <a href=\"http:\/\/www.gossip.it\/vip\/mara-venier\/\">Mara Venier<\/a>.<\/p>\n<p>\u00a0<\/p>\n","protected":false},"excerpt":{"rendered":"<p>Il clima delle feste \u00e8 arrivato anche a casa di Alessia Marcuzzi che ha decorato l'albero di Natale insieme ai figli Mia Facchinetti e Tommaso Inzaghi. La bionda della Tv e gli eredi hanno fatto pure il Presepe, ma i \"lavori\" in questo caso sono stati diretti da Paolo Calabresi Marconi: \"Nella capannina ovviamente non [&hellip;]<\/p>\n","protected":false},"author":1,"featured_media":109612,"comment_status":"closed","ping_status":"closed","sticky":false,"template":"","format":"standard","meta":{"footnotes":""},"categories":[54],"tags":[2897,1992,2000,2107,6985,2465,8510,21756,7662],"vip":[275],"class_list":["post-53566","post","type-post","status-publish","format-standard","has-post-thumbnail","hentry","category-news","tag-albero","tag-conduttrice","tag-figli","tag-grande-fratello","tag-mia","tag-natale","tag-paolo-calabresi-marconi","tag-presepe","tag-tommaso","vip-alessia_marcuzzi"],"yoast_head":"<title>Alessia Marcuzzi fa l&#039;albero di Natale con i figli: foto - Gossip.it | News sul Gossip e VIP<\/title>\n<meta name=\"description\" content=\"Il clima delle feste \u00e8 arrivato anche a casa di Alessia Marcuzzi che ha decorato l&#039;albero di Natale insieme ai figli Mia Facchinetti e Tommaso Inzaghi. La\" \/>\n<meta name=\"robots\" content=\"index, follow, max-snippet:-1, max-image-preview:large, max-video-preview:-1\" \/>\n<link rel=\"canonical\" href=\"https:\/\/www.gossip.it\/news\/alessia-marcuzzi-albero-di-natale-figli\/\" \/>\n<meta property=\"og:locale\" content=\"it_IT\" \/>\n<meta property=\"og:type\" content=\"article\" \/>\n<meta property=\"og:title\" content=\"Alessia Marcuzzi fa l&#039;albero di Natale con i figli: foto - Gossip.it | News sul Gossip e VIP\" \/>\n<meta property=\"og:description\" content=\"Il clima delle feste \u00e8 arrivato anche a casa di Alessia Marcuzzi che ha decorato l&#039;albero di Natale insieme ai figli Mia Facchinetti e Tommaso Inzaghi. La\" \/>\n<meta property=\"og:url\" content=\"https:\/\/www.gossip.it\/news\/alessia-marcuzzi-albero-di-natale-figli\/\" \/>\n<meta property=\"og:site_name\" content=\"Gossip.it | News sul Gossip e VIP\" \/>\n<meta property=\"article:publisher\" content=\"https:\/\/www.facebook.com\/GossipIT\" \/>\n<meta property=\"article:published_time\" content=\"2015-12-08T23:00:00+00:00\" \/>\n<meta property=\"og:image\" content=\"http:\/\/files.gossip.it\/immagini_news\/2015\/12\/1449665395_alessia_marcuzzi_mia_albero.jpg\" \/>\n<meta name=\"author\" content=\"La Redazione\" \/>\n<meta name=\"twitter:card\" content=\"summary_large_image\" \/>\n<meta name=\"twitter:image\" content=\"http:\/\/files.gossip.it\/immagini_news\/2015\/12\/1449665395_alessia_marcuzzi_mia_albero.jpg\" \/>\n<meta name=\"twitter:creator\" content=\"@gossinews_it\" \/>\n<meta name=\"twitter:site\" content=\"@gossinews_it\" \/>\n<meta name=\"twitter:label1\" content=\"Scritto da\" \/>\n\t<meta name=\"twitter:data1\" content=\"Francesca Romana Domenici\" \/>\n\t<meta name=\"twitter:label2\" content=\"Tempo di lettura stimato\" \/>\n\t<meta name=\"twitter:data2\" content=\"3 minuti\" \/>","yoast_head_json":{"title":"Alessia Marcuzzi fa l'albero di Natale con i figli: foto - Gossip.it | News sul Gossip e VIP","description":"Il clima delle feste \u00e8 arrivato anche a casa di Alessia Marcuzzi che ha decorato l'albero di Natale insieme ai figli Mia Facchinetti e Tommaso Inzaghi. La","robots":{"index":"index","follow":"follow","max-snippet":"max-snippet:-1","max-image-preview":"max-image-preview:large","max-video-preview":"max-video-preview:-1"},"canonical":"https:\/\/www.gossip.it\/news\/alessia-marcuzzi-albero-di-natale-figli\/","og_locale":"it_IT","og_type":"article","og_title":"Alessia Marcuzzi fa l'albero di Natale con i figli: foto - Gossip.it | News sul Gossip e VIP","og_description":"Il clima delle feste \u00e8 arrivato anche a casa di Alessia Marcuzzi che ha decorato l'albero di Natale insieme ai figli Mia Facchinetti e Tommaso Inzaghi. La","og_url":"https:\/\/www.gossip.it\/news\/alessia-marcuzzi-albero-di-natale-figli\/","og_site_name":"Gossip.it | News sul Gossip e VIP","article_publisher":"https:\/\/www.facebook.com\/GossipIT","article_published_time":"2015-12-08T23:00:00+00:00","og_image":[{"url":"http:\/\/files.gossip.it\/immagini_news\/2015\/12\/1449665395_alessia_marcuzzi_mia_albero.jpg"}],"author":"La Redazione","twitter_card":"summary_large_image","twitter_image":"http:\/\/files.gossip.it\/immagini_news\/2015\/12\/1449665395_alessia_marcuzzi_mia_albero.jpg","twitter_creator":"@gossinews_it","twitter_site":"@gossinews_it","twitter_misc":{"Scritto da":"Francesca Romana Domenici","Tempo di lettura stimato":"3 minuti"},"schema":{"@context":"https:\/\/schema.org","@graph":[{"@type":"Article","@id":"https:\/\/www.gossip.it\/news\/alessia-marcuzzi-albero-di-natale-figli\/#article","isPartOf":{"@id":"https:\/\/www.gossip.it\/news\/alessia-marcuzzi-albero-di-natale-figli\/"},"author":{"name":"La Redazione","@id":"https:\/\/www.gossip.it\/#\/schema\/person\/488896f75158bff1cc83c6c39d141110"},"headline":"Alessia Marcuzzi fa l'albero di Natale con i figli: foto","datePublished":"2015-12-08T23:00:00+00:00","dateModified":"2015-12-08T23:00:00+00:00","mainEntityOfPage":{"@id":"https:\/\/www.gossip.it\/news\/alessia-marcuzzi-albero-di-natale-figli\/"},"wordCount":524,"publisher":{"@id":"https:\/\/www.gossip.it\/#organization"},"image":{"@id":"https:\/\/www.gossip.it\/news\/alessia-marcuzzi-albero-di-natale-figli\/#primaryimage"},"thumbnailUrl":"http:\/\/files.gossip.it\/immagini_news\/2015\/12\/1449665395_alessia_marcuzzi_mia_albero.jpg","keywords":["albero","conduttrice","figli","grande fratello","mia","natale","paolo calabresi marconi","presepe","tommaso"],"articleSection":["News"],"inLanguage":"it-IT"},{"@type":"WebPage","@id":"https:\/\/www.gossip.it\/news\/alessia-marcuzzi-albero-di-natale-figli\/","url":"https:\/\/www.gossip.it\/news\/alessia-marcuzzi-albero-di-natale-figli\/","name":"Alessia Marcuzzi fa l'albero di Natale con i figli: foto - Gossip.it | News sul Gossip e VIP","isPartOf":{"@id":"https:\/\/www.gossip.it\/#website"},"primaryImageOfPage":{"@id":"https:\/\/www.gossip.it\/news\/alessia-marcuzzi-albero-di-natale-figli\/#primaryimage"},"image":{"@id":"https:\/\/www.gossip.it\/news\/alessia-marcuzzi-albero-di-natale-figli\/#primaryimage"},"thumbnailUrl":"http:\/\/files.gossip.it\/immagini_news\/2015\/12\/1449665395_alessia_marcuzzi_mia_albero.jpg","datePublished":"2015-12-08T23:00:00+00:00","dateModified":"2015-12-08T23:00:00+00:00","description":"Il clima delle feste \u00e8 arrivato anche a casa di Alessia Marcuzzi che ha decorato l'albero di Natale insieme ai figli Mia Facchinetti e Tommaso Inzaghi. La","breadcrumb":{"@id":"https:\/\/www.gossip.it\/news\/alessia-marcuzzi-albero-di-natale-figli\/#breadcrumb"},"inLanguage":"it-IT","potentialAction":[{"@type":"ReadAction","target":["https:\/\/www.gossip.it\/news\/alessia-marcuzzi-albero-di-natale-figli\/"]}]},{"@type":"ImageObject","inLanguage":"it-IT","@id":"https:\/\/www.gossip.it\/news\/alessia-marcuzzi-albero-di-natale-figli\/#primaryimage","url":"http:\/\/files.gossip.it\/immagini_news\/2015\/12\/1449665395_alessia_marcuzzi_mia_albero.jpg","contentUrl":"http:\/\/files.gossip.it\/immagini_news\/2015\/12\/1449665395_alessia_marcuzzi_mia_albero.jpg"},{"@type":"BreadcrumbList","@id":"https:\/\/www.gossip.it\/news\/alessia-marcuzzi-albero-di-natale-figli\/#breadcrumb","itemListElement":[{"@type":"ListItem","position":1,"name":"Home","item":"https:\/\/www.gossip.it\/"},{"@type":"ListItem","position":2,"name":"Alessia Marcuzzi fa l'albero di Natale con i figli: foto"}]},{"@type":"WebSite","@id":"https:\/\/www.gossip.it\/#website","url":"https:\/\/www.gossip.it\/","name":"Gossip and VIP News","description":"Quotidiano di cronaca rosa, costume e societ\u00e0","publisher":{"@id":"https:\/\/www.gossip.it\/#organization"},"alternateName":"Gossip and VIP News","potentialAction":[{"@type":"SearchAction","target":{"@type":"EntryPoint","urlTemplate":"https:\/\/www.gossip.it\/?s={search_term_string}"},"query-input":{"@type":"PropertyValueSpecification","valueRequired":true,"valueName":"search_term_string"}}],"inLanguage":"it-IT"},{"@type":"Organization","@id":"https:\/\/www.gossip.it\/#organization","name":"Gossip and VIP News","alternateName":"Gossip News","url":"https:\/\/www.gossip.it\/","logo":{"@type":"ImageObject","inLanguage":"it-IT","@id":"https:\/\/www.gossip.it\/#\/schema\/logo\/image\/","url":"https:\/\/www.gossip.it\/wp-content\/uploads\/2022\/04\/cropped-corna-alta-tiny.png","contentUrl":"https:\/\/www.gossip.it\/wp-content\/uploads\/2022\/04\/cropped-corna-alta-tiny.png","width":512,"height":512,"caption":"Gossip and VIP News"},"image":{"@id":"https:\/\/www.gossip.it\/#\/schema\/logo\/image\/"},"sameAs":["https:\/\/www.facebook.com\/GossipIT","https:\/\/x.com\/gossinews_it","https:\/\/instagram.com\/gossip_it"]},{"@type":"Person","@id":"https:\/\/www.gossip.it\/#\/schema\/person\/488896f75158bff1cc83c6c39d141110","name":"La Redazione","image":{"@type":"ImageObject","inLanguage":"it-IT","@id":"https:\/\/www.gossip.it\/#\/schema\/person\/image\/","url":"https:\/\/secure.gravatar.com\/avatar\/5a5f5c6fa3e6700e4249abdad0263a1e94e927d9e0499b1cb09c1cd29c044d80?s=96&d=mm&r=g","contentUrl":"https:\/\/secure.gravatar.com\/avatar\/5a5f5c6fa3e6700e4249abdad0263a1e94e927d9e0499b1cb09c1cd29c044d80?s=96&d=mm&r=g","caption":"La Redazione"},"sameAs":["https:\/\/www.gossip.it"]}]}},"amp_enabled":true,"_links":{"self":[{"href":"https:\/\/www.gossip.it\/api\/wp\/v2\/posts\/53566","targetHints":{"allow":["GET"]}}],"collection":[{"href":"https:\/\/www.gossip.it\/api\/wp\/v2\/posts"}],"about":[{"href":"https:\/\/www.gossip.it\/api\/wp\/v2\/types\/post"}],"author":[{"embeddable":true,"href":"https:\/\/www.gossip.it\/api\/wp\/v2\/users\/1"}],"replies":[{"embeddable":true,"href":"https:\/\/www.gossip.it\/api\/wp\/v2\/comments?post=53566"}],"version-history":[{"count":0,"href":"https:\/\/www.gossip.it\/api\/wp\/v2\/posts\/53566\/revisions"}],"wp:featuredmedia":[{"embeddable":true,"href":"https:\/\/www.gossip.it\/api\/wp\/v2\/media\/109612"}],"wp:attachment":[{"href":"https:\/\/www.gossip.it\/api\/wp\/v2\/media?parent=53566"}],"wp:term":[{"taxonomy":"category","embeddable":true,"href":"https:\/\/www.gossip.it\/api\/wp\/v2\/categories?post=53566"},{"taxonomy":"post_tag","embeddable":true,"href":"https:\/\/www.gossip.it\/api\/wp\/v2\/tags?post=53566"},{"taxonomy":"vip","embeddable":true,"href":"https:\/\/www.gossip.it\/api\/wp\/v2\/vip?post=53566"}],"curies":[{"name":"wp","href":"https:\/\/api.w.org\/{rel}","templated":true}]}}