{"id":53589,"date":"2015-12-10T00:00:00","date_gmt":"2015-12-09T23:00:00","guid":{"rendered":"https:\/\/www.gossip.it\/senza-categoria\/costanza-caracciolo-palestra\/"},"modified":"2015-12-10T00:00:00","modified_gmt":"2015-12-09T23:00:00","slug":"costanza-caracciolo-palestra","status":"publish","type":"post","link":"https:\/\/www.gossip.it\/news\/costanza-caracciolo-palestra\/","title":{"rendered":"Costanza Caracciolo: 'Da oggi ricomincio la palestra'"},"content":{"rendered":"<p><a href=\"http:\/\/www.gossip.it\/vip\/costanza-caracciolo\/\">Costanza Caracciolo<\/a> ha deciso di tornare in <strong>palestra<\/strong> e sul social ha pubblicato un selfie scattato insieme alla sua nuova personal trainer Ilenia.<br \/>L'ex velina bionda nei mesi scorsi \u00e8 stata impegnata con le riprese della sitcom di Raidue \"Fatti Unici\" che l'ha portata a fare la pendolare tra Napoli e Roma. Nella citt\u00e0 partenopea per lavoro, Costy appena poteva tornava nella Capitale per riabbracciare il fidanzato <a href=\"http:\/\/www.gossip.it\/vip\/primo-reggiani\/\">Primo Reggiani<\/a>.<\/p>\n<figure class=\"caption\"><img decoding=\"async\" alt=\"\" src=\"http:\/\/files.gossip.it\/immagini_news\/2015\/12\/1449757611_caracciolo_personal_trainer.jpg\" \/><figcaption>Costanza Caracciolo insieme alla sua nuova personal trainer Ilenia<\/figcaption><\/figure>\n<p>Finalmente <strong>Costanza Caracciolo<\/strong> ha trovato il tempo per riprendere gli allenamenti e su Instagram ai follower ha scritto: <em>\"Da oggi ricomincio anch'io con la<strong> palestra<\/strong>. Lei \u00e8 la mia nuova personal trainer Ilenia Trifiletti. Da qui all'estate dovremmo farcela!!\"<\/em>.<br \/>Fisico asciutto e longilineo, la biondina tutto pepe di sicuro supererebbe la prova costume anche subito, ma desidera comunque arrivare alla bella stagione con un corpo impeccabile e per questo ha deciso di rimettersi a lavorare con affondi e addominali fin da ora. Oltretutto il Natale \u00e8 alle porte, cenoni e pranzi ricchi di calorie sono in agguato e la<strong> Caracciolo<\/strong> non vuole farsi trovare impreparata: suda in <strong>palestra<\/strong> per potersi concedere qualche peccato di gola senza troppi sensi di colpa.<br \/>I follower di<strong> Costanza<\/strong> si complimentano con lei per la determinazione e sono sicuri che riuscir\u00e0 a fare un ottimo lavoro con la sua nuova personal trainer. All'estate mancano sei mesi, il tempo giusto per tonificare i muscoli e perdere qualche chiletto di troppo, semmai ce ne fosse bisogno.<br \/>Costy \u00e8 sempre al top, ma giustamente vuole mantenere intatto quello che Madre Natura le ha regalato e cos\u00ec ha ricominciato la sua routine a tutto fintess e di certo il suo bikini sar\u00e0, come sempre, da dieci e lode.<\/p>\n","protected":false},"excerpt":{"rendered":"<p>Costanza Caracciolo ha deciso di tornare in palestra e sul social ha pubblicato un selfie scattato insieme alla sua nuova personal trainer Ilenia.L'ex velina bionda nei mesi scorsi \u00e8 stata impegnata con le riprese della sitcom di Raidue \"Fatti Unici\" che l'ha portata a fare la pendolare tra Napoli e Roma. Nella citt\u00e0 partenopea per [&hellip;]<\/p>\n","protected":false},"author":1,"featured_media":109635,"comment_status":"closed","ping_status":"closed","sticky":false,"template":"","format":"standard","meta":{"footnotes":""},"categories":[54],"tags":[1983,53638,12200,2121,3964,4853,53639,5030,1923,6561],"vip":[532,1525],"class_list":["post-53589","post","type-post","status-publish","format-standard","has-post-thumbnail","hentry","category-news","tag-attrice","tag-fatti-unici","tag-follower","tag-instagram","tag-palestra","tag-personal-trainer","tag-raiude","tag-sitcom","tag-social","tag-velina","vip-costanza_caracciolo","vip-primo_reggiani"],"yoast_head":"<title>Costanza Caracciolo: &#039;Da oggi ricomincio la palestra&#039; - Gossip.it | News sul Gossip e VIP<\/title>\n<meta name=\"description\" content=\"Costanza Caracciolo ha deciso di tornare in palestra e sul social ha pubblicato un selfie scattato insieme alla sua nuova personal trainer Ilenia.L&#039;ex\" \/>\n<meta name=\"robots\" content=\"index, follow, max-snippet:-1, max-image-preview:large, max-video-preview:-1\" \/>\n<link rel=\"canonical\" href=\"https:\/\/www.gossip.it\/news\/costanza-caracciolo-palestra\/\" \/>\n<meta property=\"og:locale\" content=\"it_IT\" \/>\n<meta property=\"og:type\" content=\"article\" \/>\n<meta property=\"og:title\" content=\"Costanza Caracciolo: &#039;Da oggi ricomincio la palestra&#039; - Gossip.it | News sul Gossip e VIP\" \/>\n<meta property=\"og:description\" content=\"Costanza Caracciolo ha deciso di tornare in palestra e sul social ha pubblicato un selfie scattato insieme alla sua nuova personal trainer Ilenia.L&#039;ex\" \/>\n<meta property=\"og:url\" content=\"https:\/\/www.gossip.it\/news\/costanza-caracciolo-palestra\/\" \/>\n<meta property=\"og:site_name\" content=\"Gossip.it | News sul Gossip e VIP\" \/>\n<meta property=\"article:publisher\" content=\"https:\/\/www.facebook.com\/GossipIT\" \/>\n<meta property=\"article:published_time\" content=\"2015-12-09T23:00:00+00:00\" \/>\n<meta property=\"og:image\" content=\"http:\/\/files.gossip.it\/immagini_news\/2015\/12\/1449757611_caracciolo_personal_trainer.jpg\" \/>\n<meta name=\"author\" content=\"La Redazione\" \/>\n<meta name=\"twitter:card\" content=\"summary_large_image\" \/>\n<meta name=\"twitter:image\" content=\"http:\/\/files.gossip.it\/immagini_news\/2015\/12\/1449757611_caracciolo_personal_trainer.jpg\" \/>\n<meta name=\"twitter:creator\" content=\"@gossinews_it\" \/>\n<meta name=\"twitter:site\" content=\"@gossinews_it\" \/>\n<meta name=\"twitter:label1\" content=\"Scritto da\" \/>\n\t<meta name=\"twitter:data1\" content=\"Francesca Romana Domenici\" \/>\n\t<meta name=\"twitter:label2\" content=\"Tempo di lettura stimato\" \/>\n\t<meta name=\"twitter:data2\" content=\"1 minuto\" \/>","yoast_head_json":{"title":"Costanza Caracciolo: 'Da oggi ricomincio la palestra' - Gossip.it | News sul Gossip e VIP","description":"Costanza Caracciolo ha deciso di tornare in palestra e sul social ha pubblicato un selfie scattato insieme alla sua nuova personal trainer Ilenia.L'ex","robots":{"index":"index","follow":"follow","max-snippet":"max-snippet:-1","max-image-preview":"max-image-preview:large","max-video-preview":"max-video-preview:-1"},"canonical":"https:\/\/www.gossip.it\/news\/costanza-caracciolo-palestra\/","og_locale":"it_IT","og_type":"article","og_title":"Costanza Caracciolo: 'Da oggi ricomincio la palestra' - Gossip.it | News sul Gossip e VIP","og_description":"Costanza Caracciolo ha deciso di tornare in palestra e sul social ha pubblicato un selfie scattato insieme alla sua nuova personal trainer Ilenia.L'ex","og_url":"https:\/\/www.gossip.it\/news\/costanza-caracciolo-palestra\/","og_site_name":"Gossip.it | News sul Gossip e VIP","article_publisher":"https:\/\/www.facebook.com\/GossipIT","article_published_time":"2015-12-09T23:00:00+00:00","og_image":[{"url":"http:\/\/files.gossip.it\/immagini_news\/2015\/12\/1449757611_caracciolo_personal_trainer.jpg"}],"author":"La Redazione","twitter_card":"summary_large_image","twitter_image":"http:\/\/files.gossip.it\/immagini_news\/2015\/12\/1449757611_caracciolo_personal_trainer.jpg","twitter_creator":"@gossinews_it","twitter_site":"@gossinews_it","twitter_misc":{"Scritto da":"Francesca Romana Domenici","Tempo di lettura stimato":"1 minuto"},"schema":{"@context":"https:\/\/schema.org","@graph":[{"@type":"Article","@id":"https:\/\/www.gossip.it\/news\/costanza-caracciolo-palestra\/#article","isPartOf":{"@id":"https:\/\/www.gossip.it\/news\/costanza-caracciolo-palestra\/"},"author":{"name":"La Redazione","@id":"https:\/\/www.gossip.it\/#\/schema\/person\/488896f75158bff1cc83c6c39d141110"},"headline":"Costanza Caracciolo: 'Da oggi ricomincio la palestra'","datePublished":"2015-12-09T23:00:00+00:00","dateModified":"2015-12-09T23:00:00+00:00","mainEntityOfPage":{"@id":"https:\/\/www.gossip.it\/news\/costanza-caracciolo-palestra\/"},"wordCount":295,"publisher":{"@id":"https:\/\/www.gossip.it\/#organization"},"image":{"@id":"https:\/\/www.gossip.it\/news\/costanza-caracciolo-palestra\/#primaryimage"},"thumbnailUrl":"http:\/\/files.gossip.it\/immagini_news\/2015\/12\/1449757611_caracciolo_personal_trainer.jpg","keywords":["attrice","fatti unici","follower","instagram","palestra","personal trainer","raiude","sitcom","social","velina"],"articleSection":["News"],"inLanguage":"it-IT"},{"@type":"WebPage","@id":"https:\/\/www.gossip.it\/news\/costanza-caracciolo-palestra\/","url":"https:\/\/www.gossip.it\/news\/costanza-caracciolo-palestra\/","name":"Costanza Caracciolo: 'Da oggi ricomincio la palestra' - Gossip.it | News sul Gossip e VIP","isPartOf":{"@id":"https:\/\/www.gossip.it\/#website"},"primaryImageOfPage":{"@id":"https:\/\/www.gossip.it\/news\/costanza-caracciolo-palestra\/#primaryimage"},"image":{"@id":"https:\/\/www.gossip.it\/news\/costanza-caracciolo-palestra\/#primaryimage"},"thumbnailUrl":"http:\/\/files.gossip.it\/immagini_news\/2015\/12\/1449757611_caracciolo_personal_trainer.jpg","datePublished":"2015-12-09T23:00:00+00:00","dateModified":"2015-12-09T23:00:00+00:00","description":"Costanza Caracciolo ha deciso di tornare in palestra e sul social ha pubblicato un selfie scattato insieme alla sua nuova personal trainer Ilenia.L'ex","breadcrumb":{"@id":"https:\/\/www.gossip.it\/news\/costanza-caracciolo-palestra\/#breadcrumb"},"inLanguage":"it-IT","potentialAction":[{"@type":"ReadAction","target":["https:\/\/www.gossip.it\/news\/costanza-caracciolo-palestra\/"]}]},{"@type":"ImageObject","inLanguage":"it-IT","@id":"https:\/\/www.gossip.it\/news\/costanza-caracciolo-palestra\/#primaryimage","url":"http:\/\/files.gossip.it\/immagini_news\/2015\/12\/1449757611_caracciolo_personal_trainer.jpg","contentUrl":"http:\/\/files.gossip.it\/immagini_news\/2015\/12\/1449757611_caracciolo_personal_trainer.jpg"},{"@type":"BreadcrumbList","@id":"https:\/\/www.gossip.it\/news\/costanza-caracciolo-palestra\/#breadcrumb","itemListElement":[{"@type":"ListItem","position":1,"name":"Home","item":"https:\/\/www.gossip.it\/"},{"@type":"ListItem","position":2,"name":"Costanza Caracciolo: 'Da oggi ricomincio la palestra'"}]},{"@type":"WebSite","@id":"https:\/\/www.gossip.it\/#website","url":"https:\/\/www.gossip.it\/","name":"Gossip and VIP News","description":"Quotidiano di cronaca rosa, costume e societ\u00e0","publisher":{"@id":"https:\/\/www.gossip.it\/#organization"},"alternateName":"Gossip and VIP News","potentialAction":[{"@type":"SearchAction","target":{"@type":"EntryPoint","urlTemplate":"https:\/\/www.gossip.it\/?s={search_term_string}"},"query-input":{"@type":"PropertyValueSpecification","valueRequired":true,"valueName":"search_term_string"}}],"inLanguage":"it-IT"},{"@type":"Organization","@id":"https:\/\/www.gossip.it\/#organization","name":"Gossip and VIP News","alternateName":"Gossip News","url":"https:\/\/www.gossip.it\/","logo":{"@type":"ImageObject","inLanguage":"it-IT","@id":"https:\/\/www.gossip.it\/#\/schema\/logo\/image\/","url":"https:\/\/www.gossip.it\/wp-content\/uploads\/2022\/04\/cropped-corna-alta-tiny.png","contentUrl":"https:\/\/www.gossip.it\/wp-content\/uploads\/2022\/04\/cropped-corna-alta-tiny.png","width":512,"height":512,"caption":"Gossip and VIP News"},"image":{"@id":"https:\/\/www.gossip.it\/#\/schema\/logo\/image\/"},"sameAs":["https:\/\/www.facebook.com\/GossipIT","https:\/\/x.com\/gossinews_it","https:\/\/instagram.com\/gossip_it"]},{"@type":"Person","@id":"https:\/\/www.gossip.it\/#\/schema\/person\/488896f75158bff1cc83c6c39d141110","name":"La Redazione","image":{"@type":"ImageObject","inLanguage":"it-IT","@id":"https:\/\/www.gossip.it\/#\/schema\/person\/image\/","url":"https:\/\/secure.gravatar.com\/avatar\/5a5f5c6fa3e6700e4249abdad0263a1e94e927d9e0499b1cb09c1cd29c044d80?s=96&d=mm&r=g","contentUrl":"https:\/\/secure.gravatar.com\/avatar\/5a5f5c6fa3e6700e4249abdad0263a1e94e927d9e0499b1cb09c1cd29c044d80?s=96&d=mm&r=g","caption":"La Redazione"},"sameAs":["https:\/\/www.gossip.it"]}]}},"amp_enabled":true,"_links":{"self":[{"href":"https:\/\/www.gossip.it\/api\/wp\/v2\/posts\/53589","targetHints":{"allow":["GET"]}}],"collection":[{"href":"https:\/\/www.gossip.it\/api\/wp\/v2\/posts"}],"about":[{"href":"https:\/\/www.gossip.it\/api\/wp\/v2\/types\/post"}],"author":[{"embeddable":true,"href":"https:\/\/www.gossip.it\/api\/wp\/v2\/users\/1"}],"replies":[{"embeddable":true,"href":"https:\/\/www.gossip.it\/api\/wp\/v2\/comments?post=53589"}],"version-history":[{"count":0,"href":"https:\/\/www.gossip.it\/api\/wp\/v2\/posts\/53589\/revisions"}],"wp:featuredmedia":[{"embeddable":true,"href":"https:\/\/www.gossip.it\/api\/wp\/v2\/media\/109635"}],"wp:attachment":[{"href":"https:\/\/www.gossip.it\/api\/wp\/v2\/media?parent=53589"}],"wp:term":[{"taxonomy":"category","embeddable":true,"href":"https:\/\/www.gossip.it\/api\/wp\/v2\/categories?post=53589"},{"taxonomy":"post_tag","embeddable":true,"href":"https:\/\/www.gossip.it\/api\/wp\/v2\/tags?post=53589"},{"taxonomy":"vip","embeddable":true,"href":"https:\/\/www.gossip.it\/api\/wp\/v2\/vip?post=53589"}],"curies":[{"name":"wp","href":"https:\/\/api.w.org\/{rel}","templated":true}]}}