{"id":53712,"date":"2015-12-23T00:00:00","date_gmt":"2015-12-22T23:00:00","guid":{"rendered":"https:\/\/www.gossip.it\/senza-categoria\/adua-del-vesco-gabriel-garko-gay\/"},"modified":"2015-12-23T00:00:00","modified_gmt":"2015-12-22T23:00:00","slug":"adua-del-vesco-gabriel-garko-gay","status":"publish","type":"post","link":"https:\/\/www.gossip.it\/news\/adua-del-vesco-gabriel-garko-gay\/","title":{"rendered":"Adua Del Vesco: 'Auguro alle eterosessuali una relazione con un gay come Gabriel Garko'"},"content":{"rendered":"<p><a href=\"http:\/\/www.gossip.it\/vip\/adua-del vesco\/\">Adua Del Vesco<\/a>, bellissima 21enne si gode il suo amore con <a href=\"http:\/\/www.gossip.it\/vip\/gabriel-garko\/\">Gabriel Garko<\/a> e respinge le voci che da sempre vorrebbero il 43enne omosessuale. <em>\"Auguro a tutte le eterosessuali una relazione con un <strong>gay<\/strong> come Gabriel Garko\"<\/em>, dice senza alcuna remora a Vanity Fair.<\/p>\n<figure class=\"caption\"><img decoding=\"async\" alt=\"\" width=\"640\" height=\"692\" src=\"http:\/\/files.gossip.it\/immagini_news\/2015\/12\/1450866607_adua_del_vesco_intervista.jpg\" \/><figcaption>Adua Del Vesco sul fidanzato: 'Gabriel Garko gay? Auguro a tutte le eterosessuali di avere una relazione con uno come lui'<\/figcaption><\/figure>\n<p><strong>Gabriel Garko gay<\/strong>? Non scherziamo. <strong>Adua Del Vesco<\/strong> smentisce seccamente i gossip sul fidanzato. Lei \u00e8 innamorata e felice. Tra i due c'\u00e8 stato uno scambio di fedi, ma non <a href=\"http:\/\/www.gossip.it\/vip\/nozze\/\">nozze<\/a> vere e proprie. <em>\"Non \u00e8 stato un <\/em><a href=\"http:\/\/www.gossip.it\/vip\/matrimonio\/\">matrimonio<\/a><em> ufficiale, \u00e8 solo un sigillo simbolico\"<\/em>, spiega.<br \/><strong>Gabriel Garko<\/strong> non \u00e8 assolutamente <strong>gay<\/strong>, come per tanti anni si \u00e8 sussurrato a mezza bocca. <strong>Adua Del Vesco<\/strong> lo certifica con dichiarazioni senza peli sulla lingua, augura alle donne eterosessuali di mettersi con un uomo cos\u00ec. Racconta, poi, come \u00e8 nato il loro sentimento sul set della fiction <em>\"Non \u00e8 stato mio figlio\"<\/em>: <em>\"Nonostante avessimo girato molti titoli insieme, in nessuno ci eravamo incrociati. Durante le riprese di quest\u2019ultimo, invece,c\u2019erano scambi di sguardi, un\u2019intesa e un\u2019aria strana. Gabriel non parla molto di s\u00e9, \u00e8 misterioso ma lo intuisci dolce, buono, e in me era gi\u00e0 scattato qualcosa. Dopo l\u2019ultimo ciak, mi ha invitata a cena. Credevo che fosse per lavoro. Invece \u00e8 stato pieno di attenzioni diverse. Era giugno. Abbiamo iniziato a frequentarci\"<\/em>.\u00a0<span style=\"line-height: 1.6em;\">I genitori dell'<\/span><a style=\"line-height: 1.6em;\" href=\"http:\/\/www.gossip.it\/vip\/attrice\/\">attrice<\/a><span style=\"line-height: 1.6em;\"> son molto contenti della liaison: \"<\/span><em style=\"line-height: 1.6em;\">Sono felici di sentirmi felice: Gabriel \u00e8 un uomo d\u2019altri tempi, sembra uscito dall\u2019Ottocento. Questo al Sud piace\"<\/em><span style=\"line-height: 1.6em;\">. Come tutte le donne <\/span><strong style=\"line-height: 1.6em;\">Adua Del Vesco<\/strong><span style=\"line-height: 1.6em;\"> sogno i fiori d'arancio e i figli, non subito:<\/span><em style=\"line-height: 1.6em;\"> \"E' nei miei progetti. Ma per adesso meglio vivere il presente. E onorare il passato. Come fa il mio nome d\u2019arte\"<\/em><span style=\"line-height: 1.6em;\">.<\/span><\/p>\n<p>\u00a0<\/p>\n<p>\u00a0<\/p>\n","protected":false},"excerpt":{"rendered":"<p>Adua Del Vesco, bellissima 21enne si gode il suo amore con Gabriel Garko e respinge le voci che da sempre vorrebbero il 43enne omosessuale. \"Auguro a tutte le eterosessuali una relazione con un gay come Gabriel Garko\", dice senza alcuna remora a Vanity Fair. Adua Del Vesco sul fidanzato: 'Gabriel Garko gay? Auguro a tutte [&hellip;]<\/p>\n","protected":false},"author":1,"featured_media":109758,"comment_status":"closed","ping_status":"closed","sticky":false,"template":"","format":"standard","meta":{"footnotes":""},"categories":[54],"tags":[8498,2137,1983,2102,3140,53727,6188,2162],"vip":[810],"class_list":["post-53712","post","type-post","status-publish","format-standard","has-post-thumbnail","hentry","category-news","tag-adua-del-vesco","tag-attore","tag-attrice","tag-dichiarazioni","tag-gay","tag-gossip-fidanzato","tag-smentita","tag-vanity-fair","vip-gabriel_garko"],"yoast_head":"<title>Adua Del Vesco: &#039;Auguro alle eterosessuali una relazione con un gay come Gabriel Garko&#039; - Gossip.it | News sul Gossip e VIP<\/title>\n<meta name=\"description\" content=\"Adua Del Vesco, bellissima 21enne si gode il suo amore con Gabriel Garko e respinge le voci che da sempre vorrebbero il 43enne omosessuale. &quot;Auguro a\" \/>\n<meta name=\"robots\" content=\"index, follow, max-snippet:-1, max-image-preview:large, max-video-preview:-1\" \/>\n<link rel=\"canonical\" href=\"https:\/\/www.gossip.it\/news\/adua-del-vesco-gabriel-garko-gay\/\" \/>\n<meta property=\"og:locale\" content=\"it_IT\" \/>\n<meta property=\"og:type\" content=\"article\" \/>\n<meta property=\"og:title\" content=\"Adua Del Vesco: &#039;Auguro alle eterosessuali una relazione con un gay come Gabriel Garko&#039; - Gossip.it | News sul Gossip e VIP\" \/>\n<meta property=\"og:description\" content=\"Adua Del Vesco, bellissima 21enne si gode il suo amore con Gabriel Garko e respinge le voci che da sempre vorrebbero il 43enne omosessuale. &quot;Auguro a\" \/>\n<meta property=\"og:url\" content=\"https:\/\/www.gossip.it\/news\/adua-del-vesco-gabriel-garko-gay\/\" \/>\n<meta property=\"og:site_name\" content=\"Gossip.it | News sul Gossip e VIP\" \/>\n<meta property=\"article:publisher\" content=\"https:\/\/www.facebook.com\/GossipIT\" \/>\n<meta property=\"article:published_time\" content=\"2015-12-22T23:00:00+00:00\" \/>\n<meta property=\"og:image\" content=\"http:\/\/files.gossip.it\/immagini_news\/2015\/12\/1450866607_adua_del_vesco_intervista.jpg\" \/>\n<meta name=\"author\" content=\"La Redazione\" \/>\n<meta name=\"twitter:card\" content=\"summary_large_image\" \/>\n<meta name=\"twitter:image\" content=\"http:\/\/files.gossip.it\/immagini_news\/2015\/12\/1450866607_adua_del_vesco_intervista.jpg\" \/>\n<meta name=\"twitter:creator\" content=\"@gossinews_it\" \/>\n<meta name=\"twitter:site\" content=\"@gossinews_it\" \/>\n<meta name=\"twitter:label1\" content=\"Scritto da\" \/>\n\t<meta name=\"twitter:data1\" content=\"Annamaria Capozzi\" \/>\n\t<meta name=\"twitter:label2\" content=\"Tempo di lettura stimato\" \/>\n\t<meta name=\"twitter:data2\" content=\"1 minuto\" \/>","yoast_head_json":{"title":"Adua Del Vesco: 'Auguro alle eterosessuali una relazione con un gay come Gabriel Garko' - Gossip.it | News sul Gossip e VIP","description":"Adua Del Vesco, bellissima 21enne si gode il suo amore con Gabriel Garko e respinge le voci che da sempre vorrebbero il 43enne omosessuale. \"Auguro a","robots":{"index":"index","follow":"follow","max-snippet":"max-snippet:-1","max-image-preview":"max-image-preview:large","max-video-preview":"max-video-preview:-1"},"canonical":"https:\/\/www.gossip.it\/news\/adua-del-vesco-gabriel-garko-gay\/","og_locale":"it_IT","og_type":"article","og_title":"Adua Del Vesco: 'Auguro alle eterosessuali una relazione con un gay come Gabriel Garko' - Gossip.it | News sul Gossip e VIP","og_description":"Adua Del Vesco, bellissima 21enne si gode il suo amore con Gabriel Garko e respinge le voci che da sempre vorrebbero il 43enne omosessuale. \"Auguro a","og_url":"https:\/\/www.gossip.it\/news\/adua-del-vesco-gabriel-garko-gay\/","og_site_name":"Gossip.it | News sul Gossip e VIP","article_publisher":"https:\/\/www.facebook.com\/GossipIT","article_published_time":"2015-12-22T23:00:00+00:00","og_image":[{"url":"http:\/\/files.gossip.it\/immagini_news\/2015\/12\/1450866607_adua_del_vesco_intervista.jpg"}],"author":"La Redazione","twitter_card":"summary_large_image","twitter_image":"http:\/\/files.gossip.it\/immagini_news\/2015\/12\/1450866607_adua_del_vesco_intervista.jpg","twitter_creator":"@gossinews_it","twitter_site":"@gossinews_it","twitter_misc":{"Scritto da":"Annamaria Capozzi","Tempo di lettura stimato":"1 minuto"},"schema":{"@context":"https:\/\/schema.org","@graph":[{"@type":"Article","@id":"https:\/\/www.gossip.it\/news\/adua-del-vesco-gabriel-garko-gay\/#article","isPartOf":{"@id":"https:\/\/www.gossip.it\/news\/adua-del-vesco-gabriel-garko-gay\/"},"author":{"name":"La Redazione","@id":"https:\/\/www.gossip.it\/#\/schema\/person\/488896f75158bff1cc83c6c39d141110"},"headline":"Adua Del Vesco: 'Auguro alle eterosessuali una relazione con un gay come Gabriel Garko'","datePublished":"2015-12-22T23:00:00+00:00","dateModified":"2015-12-22T23:00:00+00:00","mainEntityOfPage":{"@id":"https:\/\/www.gossip.it\/news\/adua-del-vesco-gabriel-garko-gay\/"},"wordCount":313,"publisher":{"@id":"https:\/\/www.gossip.it\/#organization"},"image":{"@id":"https:\/\/www.gossip.it\/news\/adua-del-vesco-gabriel-garko-gay\/#primaryimage"},"thumbnailUrl":"http:\/\/files.gossip.it\/immagini_news\/2015\/12\/1450866607_adua_del_vesco_intervista.jpg","keywords":["Adua Del Vesco","attore","attrice","dichiarazioni","gay","gossip fidanzato","smentita","vanity fair"],"articleSection":["News"],"inLanguage":"it-IT"},{"@type":"WebPage","@id":"https:\/\/www.gossip.it\/news\/adua-del-vesco-gabriel-garko-gay\/","url":"https:\/\/www.gossip.it\/news\/adua-del-vesco-gabriel-garko-gay\/","name":"Adua Del Vesco: 'Auguro alle eterosessuali una relazione con un gay come Gabriel Garko' - Gossip.it | News sul Gossip e VIP","isPartOf":{"@id":"https:\/\/www.gossip.it\/#website"},"primaryImageOfPage":{"@id":"https:\/\/www.gossip.it\/news\/adua-del-vesco-gabriel-garko-gay\/#primaryimage"},"image":{"@id":"https:\/\/www.gossip.it\/news\/adua-del-vesco-gabriel-garko-gay\/#primaryimage"},"thumbnailUrl":"http:\/\/files.gossip.it\/immagini_news\/2015\/12\/1450866607_adua_del_vesco_intervista.jpg","datePublished":"2015-12-22T23:00:00+00:00","dateModified":"2015-12-22T23:00:00+00:00","description":"Adua Del Vesco, bellissima 21enne si gode il suo amore con Gabriel Garko e respinge le voci che da sempre vorrebbero il 43enne omosessuale. \"Auguro a","breadcrumb":{"@id":"https:\/\/www.gossip.it\/news\/adua-del-vesco-gabriel-garko-gay\/#breadcrumb"},"inLanguage":"it-IT","potentialAction":[{"@type":"ReadAction","target":["https:\/\/www.gossip.it\/news\/adua-del-vesco-gabriel-garko-gay\/"]}]},{"@type":"ImageObject","inLanguage":"it-IT","@id":"https:\/\/www.gossip.it\/news\/adua-del-vesco-gabriel-garko-gay\/#primaryimage","url":"http:\/\/files.gossip.it\/immagini_news\/2015\/12\/1450866607_adua_del_vesco_intervista.jpg","contentUrl":"http:\/\/files.gossip.it\/immagini_news\/2015\/12\/1450866607_adua_del_vesco_intervista.jpg"},{"@type":"BreadcrumbList","@id":"https:\/\/www.gossip.it\/news\/adua-del-vesco-gabriel-garko-gay\/#breadcrumb","itemListElement":[{"@type":"ListItem","position":1,"name":"Home","item":"https:\/\/www.gossip.it\/"},{"@type":"ListItem","position":2,"name":"Adua Del Vesco: 'Auguro alle eterosessuali una relazione con un gay come Gabriel Garko'"}]},{"@type":"WebSite","@id":"https:\/\/www.gossip.it\/#website","url":"https:\/\/www.gossip.it\/","name":"Gossip and VIP News","description":"Quotidiano di cronaca rosa, costume e societ\u00e0","publisher":{"@id":"https:\/\/www.gossip.it\/#organization"},"alternateName":"Gossip and VIP News","potentialAction":[{"@type":"SearchAction","target":{"@type":"EntryPoint","urlTemplate":"https:\/\/www.gossip.it\/?s={search_term_string}"},"query-input":{"@type":"PropertyValueSpecification","valueRequired":true,"valueName":"search_term_string"}}],"inLanguage":"it-IT"},{"@type":"Organization","@id":"https:\/\/www.gossip.it\/#organization","name":"Gossip and VIP News","alternateName":"Gossip News","url":"https:\/\/www.gossip.it\/","logo":{"@type":"ImageObject","inLanguage":"it-IT","@id":"https:\/\/www.gossip.it\/#\/schema\/logo\/image\/","url":"https:\/\/www.gossip.it\/wp-content\/uploads\/2022\/04\/cropped-corna-alta-tiny.png","contentUrl":"https:\/\/www.gossip.it\/wp-content\/uploads\/2022\/04\/cropped-corna-alta-tiny.png","width":512,"height":512,"caption":"Gossip and VIP News"},"image":{"@id":"https:\/\/www.gossip.it\/#\/schema\/logo\/image\/"},"sameAs":["https:\/\/www.facebook.com\/GossipIT","https:\/\/x.com\/gossinews_it","https:\/\/instagram.com\/gossip_it"]},{"@type":"Person","@id":"https:\/\/www.gossip.it\/#\/schema\/person\/488896f75158bff1cc83c6c39d141110","name":"La Redazione","image":{"@type":"ImageObject","inLanguage":"it-IT","@id":"https:\/\/www.gossip.it\/#\/schema\/person\/image\/","url":"https:\/\/secure.gravatar.com\/avatar\/5a5f5c6fa3e6700e4249abdad0263a1e94e927d9e0499b1cb09c1cd29c044d80?s=96&d=mm&r=g","contentUrl":"https:\/\/secure.gravatar.com\/avatar\/5a5f5c6fa3e6700e4249abdad0263a1e94e927d9e0499b1cb09c1cd29c044d80?s=96&d=mm&r=g","caption":"La Redazione"},"sameAs":["https:\/\/www.gossip.it"]}]}},"amp_enabled":true,"_links":{"self":[{"href":"https:\/\/www.gossip.it\/api\/wp\/v2\/posts\/53712","targetHints":{"allow":["GET"]}}],"collection":[{"href":"https:\/\/www.gossip.it\/api\/wp\/v2\/posts"}],"about":[{"href":"https:\/\/www.gossip.it\/api\/wp\/v2\/types\/post"}],"author":[{"embeddable":true,"href":"https:\/\/www.gossip.it\/api\/wp\/v2\/users\/1"}],"replies":[{"embeddable":true,"href":"https:\/\/www.gossip.it\/api\/wp\/v2\/comments?post=53712"}],"version-history":[{"count":0,"href":"https:\/\/www.gossip.it\/api\/wp\/v2\/posts\/53712\/revisions"}],"wp:featuredmedia":[{"embeddable":true,"href":"https:\/\/www.gossip.it\/api\/wp\/v2\/media\/109758"}],"wp:attachment":[{"href":"https:\/\/www.gossip.it\/api\/wp\/v2\/media?parent=53712"}],"wp:term":[{"taxonomy":"category","embeddable":true,"href":"https:\/\/www.gossip.it\/api\/wp\/v2\/categories?post=53712"},{"taxonomy":"post_tag","embeddable":true,"href":"https:\/\/www.gossip.it\/api\/wp\/v2\/tags?post=53712"},{"taxonomy":"vip","embeddable":true,"href":"https:\/\/www.gossip.it\/api\/wp\/v2\/vip?post=53712"}],"curies":[{"name":"wp","href":"https:\/\/api.w.org\/{rel}","templated":true}]}}