{"id":53766,"date":"2015-12-29T00:00:00","date_gmt":"2015-12-28T23:00:00","guid":{"rendered":"https:\/\/www.gossip.it\/senza-categoria\/gravidanza-veronica-maya\/"},"modified":"2015-12-29T00:00:00","modified_gmt":"2015-12-28T23:00:00","slug":"gravidanza-veronica-maya","status":"publish","type":"post","link":"https:\/\/www.gossip.it\/news\/gravidanza-veronica-maya\/","title":{"rendered":"Veronica Maya, gravidanza agli sgoccioli: 'Partorir\u00f2 in acqua'"},"content":{"rendered":"<p><a href=\"http:\/\/www.gossip.it\/vip\/veronica-maya\/\">Veronica Maya<\/a> \u00e8 al nono mese di <strong>gravidanza<\/strong>, la piccola Katia sta per nascere, il parto \u00e8 previsto a gennaio.<br \/>La conduttrice e il chirurgo estetico <a href=\"http:\/\/www.gossip.it\/vip\/marco-moraci\/\">Marco Moraci<\/a>, gi\u00e0 genitori di Riccardo e Tancredi, inizieranno il 2016 nel migliore dei modi: salutando l'arrivo della terzogenita. Dopo due maschietti, finalmente il fiocco sar\u00e0 rosa.<br \/><strong>Veronica<\/strong>, che ha deciso di partorire in acqua, sta anche pensando alle nozze. I fiori d'arancio sbocceranno in estate.<\/p>\n<figure class=\"caption\"><img decoding=\"async\" alt=\"\" width=\"640\" height=\"643\" src=\"http:\/\/files.gossip.it\/immagini_news\/2015\/12\/1451393716_veronica_maya_intervista.jpg\" \/><figcaption>Veronica Maya dar\u00e0 alla luce la piccola Katia a gennaio, manca davvero poco<\/figcaption><\/figure>\n<p><em>\"Katia arriver\u00e0 tra una manciata di giorni, certamente prima della met\u00e0 di gennaio<\/em> - ha raccontato <strong>Veronica Maya<\/strong> al settimanale <em>Gente<\/em> - <em>I bambini, Riccardo e Tancredi, non vedono l'ora di conoscerla e speriamo che tanto entusiasmo resti intatto anche quando la bimba sar\u00e0 tra noi. Ancora non ci credo che siamo arrivati al traguardo. I primi mesi mi sono sembrati eterni, tutti in salita, per via delle continue nausee che mi tormentavano. Poi, all'improvviso, \u00e8 arrivata la svolta e ho iniziato a stare sempre meglio. Ammetto che ora che sono un po' stanca, il respiro si fa spesso affannoso e mi sento ovviamente appesantita. Per questo prima arriva Katia meglio \u00e8. Io sono pronta ad accoglierla, lei \u00e8 gi\u00e0 in posizione corretta. Quindi...\"<\/em>.<br \/>La <strong>gravidanza<\/strong> di <strong>Veronica <\/strong>\u00e8 agli sgccioli, manca davvero poco alla nascita della sua bimba che verr\u00e0 al mondo con parto naturale e <em>\"senza l'ausilio dell'anestesia epidurale\"<\/em>, ha rivelato il volto noto della Tv. <em>\"Mia figlia nascer\u00e0 nella clinica Ruesch di Napoli, dove \u00e8 gi\u00e0 nato Tancredi<\/em> - ha aggiunto -<em> L\u00ec \u00e8 possibile fare il travaglio e proseguire il parto in una vasca di acqua tiepida. L'ho gi\u00e0 provato due anni e mezzo fa\"<\/em>.<br \/>La <strong>Maya<\/strong> ha inoltre rivelato che il compagno assister\u00e0 al parto.<\/p>\n<figure class=\"caption\"><img decoding=\"async\" alt=\"\" width=\"640\" height=\"640\" src=\"http:\/\/files.gossip.it\/immagini_news\/2015\/12\/1451393871_veronica_maya_marito.jpg\" \/><figcaption>Veronica con il compagno Marco Moraci, la coppia si sposer\u00e0 in estate<\/figcaption><\/figure>\n<p>Al nono mese di <strong>gravidanza<\/strong>,<strong>\u00a0Veronica <\/strong>ha ha svelato di aver preso 10 chili e mezzo, <em>\"ben meno dei 16 presi per il primogenito o i 13 per il secondo, eppure mi sento un'enorme palla natalizia\"<\/em>, ha sottolineato.\u00a0<em>\"Sono tutta pancia<\/em> - ha proseguito - <em>il resto del corpo \u00e8 rimasto abbastanza asciutto, ma non mi sono privata di nulla\"<\/em>.<br \/><strong>Veronica Maya<\/strong> nei prossimi mesi far\u00e0 la mamma a tutto tondo, i figli da crescere saranno tre. Un impegno non da poco che dovr\u00e0 per\u00f2 far conciliare con l'organizzazione del matrimonio: <em>\"Giusto il tempo di prendere le misure della nuova famiglia e mi dedico alle nozze<\/em> - ha detto - <em>Le celebreremo la prossima estate, non manca moltissimo\"<\/em>.<\/p>\n","protected":false},"excerpt":{"rendered":"<p>Veronica Maya \u00e8 al nono mese di gravidanza, la piccola Katia sta per nascere, il parto \u00e8 previsto a gennaio.La conduttrice e il chirurgo estetico Marco Moraci, gi\u00e0 genitori di Riccardo e Tancredi, inizieranno il 2016 nel migliore dei modi: salutando l'arrivo della terzogenita. Dopo due maschietti, finalmente il fiocco sar\u00e0 rosa.Veronica, che ha deciso [&hellip;]<\/p>\n","protected":false},"author":1,"featured_media":109812,"comment_status":"closed","ping_status":"closed","sticky":false,"template":"","format":"standard","meta":{"footnotes":""},"categories":[54],"tags":[1992,2102,2000,3491,2181,8947,6856,2187,9524,2097],"vip":[1822],"class_list":["post-53766","post","type-post","status-publish","format-standard","has-post-thumbnail","hentry","category-news","tag-conduttrice","tag-dichiarazioni","tag-figli","tag-francesca","tag-gravidanza","tag-katia","tag-marco-moraci","tag-parto","tag-riccardo","tag-tv","vip-veronica_maya"],"yoast_head":"<title>Veronica Maya, gravidanza agli sgoccioli: &#039;Partorir\u00f2 in acqua&#039; - Gossip.it | News sul Gossip e VIP<\/title>\n<meta name=\"description\" content=\"Veronica Maya \u00e8 al nono mese di gravidanza, la piccola Katia sta per nascere, il parto \u00e8 previsto a gennaio.La conduttrice e il chirurgo estetico Marco\" \/>\n<meta name=\"robots\" content=\"index, follow, max-snippet:-1, max-image-preview:large, max-video-preview:-1\" \/>\n<link rel=\"canonical\" href=\"https:\/\/www.gossip.it\/news\/gravidanza-veronica-maya\/\" \/>\n<meta property=\"og:locale\" content=\"it_IT\" \/>\n<meta property=\"og:type\" content=\"article\" \/>\n<meta property=\"og:title\" content=\"Veronica Maya, gravidanza agli sgoccioli: &#039;Partorir\u00f2 in acqua&#039; - Gossip.it | News sul Gossip e VIP\" \/>\n<meta property=\"og:description\" content=\"Veronica Maya \u00e8 al nono mese di gravidanza, la piccola Katia sta per nascere, il parto \u00e8 previsto a gennaio.La conduttrice e il chirurgo estetico Marco\" \/>\n<meta property=\"og:url\" content=\"https:\/\/www.gossip.it\/news\/gravidanza-veronica-maya\/\" \/>\n<meta property=\"og:site_name\" content=\"Gossip.it | News sul Gossip e VIP\" \/>\n<meta property=\"article:publisher\" content=\"https:\/\/www.facebook.com\/GossipIT\" \/>\n<meta property=\"article:published_time\" content=\"2015-12-28T23:00:00+00:00\" \/>\n<meta property=\"og:image\" content=\"http:\/\/files.gossip.it\/immagini_news\/2015\/12\/1451393716_veronica_maya_intervista.jpg\" \/>\n<meta name=\"author\" content=\"La Redazione\" \/>\n<meta name=\"twitter:card\" content=\"summary_large_image\" \/>\n<meta name=\"twitter:image\" content=\"http:\/\/files.gossip.it\/immagini_news\/2015\/12\/1451393716_veronica_maya_intervista.jpg\" \/>\n<meta name=\"twitter:creator\" content=\"@gossinews_it\" \/>\n<meta name=\"twitter:site\" content=\"@gossinews_it\" \/>\n<meta name=\"twitter:label1\" content=\"Scritto da\" \/>\n\t<meta name=\"twitter:data1\" content=\"Francesca Romana Domenici\" \/>\n\t<meta name=\"twitter:label2\" content=\"Tempo di lettura stimato\" \/>\n\t<meta name=\"twitter:data2\" content=\"2 minuti\" \/>","yoast_head_json":{"title":"Veronica Maya, gravidanza agli sgoccioli: 'Partorir\u00f2 in acqua' - Gossip.it | News sul Gossip e VIP","description":"Veronica Maya \u00e8 al nono mese di gravidanza, la piccola Katia sta per nascere, il parto \u00e8 previsto a gennaio.La conduttrice e il chirurgo estetico Marco","robots":{"index":"index","follow":"follow","max-snippet":"max-snippet:-1","max-image-preview":"max-image-preview:large","max-video-preview":"max-video-preview:-1"},"canonical":"https:\/\/www.gossip.it\/news\/gravidanza-veronica-maya\/","og_locale":"it_IT","og_type":"article","og_title":"Veronica Maya, gravidanza agli sgoccioli: 'Partorir\u00f2 in acqua' - Gossip.it | News sul Gossip e VIP","og_description":"Veronica Maya \u00e8 al nono mese di gravidanza, la piccola Katia sta per nascere, il parto \u00e8 previsto a gennaio.La conduttrice e il chirurgo estetico Marco","og_url":"https:\/\/www.gossip.it\/news\/gravidanza-veronica-maya\/","og_site_name":"Gossip.it | News sul Gossip e VIP","article_publisher":"https:\/\/www.facebook.com\/GossipIT","article_published_time":"2015-12-28T23:00:00+00:00","og_image":[{"url":"http:\/\/files.gossip.it\/immagini_news\/2015\/12\/1451393716_veronica_maya_intervista.jpg"}],"author":"La Redazione","twitter_card":"summary_large_image","twitter_image":"http:\/\/files.gossip.it\/immagini_news\/2015\/12\/1451393716_veronica_maya_intervista.jpg","twitter_creator":"@gossinews_it","twitter_site":"@gossinews_it","twitter_misc":{"Scritto da":"Francesca Romana Domenici","Tempo di lettura stimato":"2 minuti"},"schema":{"@context":"https:\/\/schema.org","@graph":[{"@type":"Article","@id":"https:\/\/www.gossip.it\/news\/gravidanza-veronica-maya\/#article","isPartOf":{"@id":"https:\/\/www.gossip.it\/news\/gravidanza-veronica-maya\/"},"author":{"name":"La Redazione","@id":"https:\/\/www.gossip.it\/#\/schema\/person\/488896f75158bff1cc83c6c39d141110"},"headline":"Veronica Maya, gravidanza agli sgoccioli: 'Partorir\u00f2 in acqua'","datePublished":"2015-12-28T23:00:00+00:00","dateModified":"2015-12-28T23:00:00+00:00","mainEntityOfPage":{"@id":"https:\/\/www.gossip.it\/news\/gravidanza-veronica-maya\/"},"wordCount":429,"publisher":{"@id":"https:\/\/www.gossip.it\/#organization"},"image":{"@id":"https:\/\/www.gossip.it\/news\/gravidanza-veronica-maya\/#primaryimage"},"thumbnailUrl":"http:\/\/files.gossip.it\/immagini_news\/2015\/12\/1451393716_veronica_maya_intervista.jpg","keywords":["conduttrice","dichiarazioni","figli","francesca","gravidanza","katia","marco moraci","parto","riccardo","tv"],"articleSection":["News"],"inLanguage":"it-IT"},{"@type":"WebPage","@id":"https:\/\/www.gossip.it\/news\/gravidanza-veronica-maya\/","url":"https:\/\/www.gossip.it\/news\/gravidanza-veronica-maya\/","name":"Veronica Maya, gravidanza agli sgoccioli: 'Partorir\u00f2 in acqua' - Gossip.it | News sul Gossip e VIP","isPartOf":{"@id":"https:\/\/www.gossip.it\/#website"},"primaryImageOfPage":{"@id":"https:\/\/www.gossip.it\/news\/gravidanza-veronica-maya\/#primaryimage"},"image":{"@id":"https:\/\/www.gossip.it\/news\/gravidanza-veronica-maya\/#primaryimage"},"thumbnailUrl":"http:\/\/files.gossip.it\/immagini_news\/2015\/12\/1451393716_veronica_maya_intervista.jpg","datePublished":"2015-12-28T23:00:00+00:00","dateModified":"2015-12-28T23:00:00+00:00","description":"Veronica Maya \u00e8 al nono mese di gravidanza, la piccola Katia sta per nascere, il parto \u00e8 previsto a gennaio.La conduttrice e il chirurgo estetico Marco","breadcrumb":{"@id":"https:\/\/www.gossip.it\/news\/gravidanza-veronica-maya\/#breadcrumb"},"inLanguage":"it-IT","potentialAction":[{"@type":"ReadAction","target":["https:\/\/www.gossip.it\/news\/gravidanza-veronica-maya\/"]}]},{"@type":"ImageObject","inLanguage":"it-IT","@id":"https:\/\/www.gossip.it\/news\/gravidanza-veronica-maya\/#primaryimage","url":"http:\/\/files.gossip.it\/immagini_news\/2015\/12\/1451393716_veronica_maya_intervista.jpg","contentUrl":"http:\/\/files.gossip.it\/immagini_news\/2015\/12\/1451393716_veronica_maya_intervista.jpg"},{"@type":"BreadcrumbList","@id":"https:\/\/www.gossip.it\/news\/gravidanza-veronica-maya\/#breadcrumb","itemListElement":[{"@type":"ListItem","position":1,"name":"Home","item":"https:\/\/www.gossip.it\/"},{"@type":"ListItem","position":2,"name":"Veronica Maya, gravidanza agli sgoccioli: 'Partorir\u00f2 in acqua'"}]},{"@type":"WebSite","@id":"https:\/\/www.gossip.it\/#website","url":"https:\/\/www.gossip.it\/","name":"Gossip and VIP News","description":"Quotidiano di cronaca rosa, costume e societ\u00e0","publisher":{"@id":"https:\/\/www.gossip.it\/#organization"},"alternateName":"Gossip and VIP News","potentialAction":[{"@type":"SearchAction","target":{"@type":"EntryPoint","urlTemplate":"https:\/\/www.gossip.it\/?s={search_term_string}"},"query-input":{"@type":"PropertyValueSpecification","valueRequired":true,"valueName":"search_term_string"}}],"inLanguage":"it-IT"},{"@type":"Organization","@id":"https:\/\/www.gossip.it\/#organization","name":"Gossip and VIP News","alternateName":"Gossip News","url":"https:\/\/www.gossip.it\/","logo":{"@type":"ImageObject","inLanguage":"it-IT","@id":"https:\/\/www.gossip.it\/#\/schema\/logo\/image\/","url":"https:\/\/www.gossip.it\/wp-content\/uploads\/2022\/04\/cropped-corna-alta-tiny.png","contentUrl":"https:\/\/www.gossip.it\/wp-content\/uploads\/2022\/04\/cropped-corna-alta-tiny.png","width":512,"height":512,"caption":"Gossip and VIP News"},"image":{"@id":"https:\/\/www.gossip.it\/#\/schema\/logo\/image\/"},"sameAs":["https:\/\/www.facebook.com\/GossipIT","https:\/\/x.com\/gossinews_it","https:\/\/instagram.com\/gossip_it"]},{"@type":"Person","@id":"https:\/\/www.gossip.it\/#\/schema\/person\/488896f75158bff1cc83c6c39d141110","name":"La Redazione","image":{"@type":"ImageObject","inLanguage":"it-IT","@id":"https:\/\/www.gossip.it\/#\/schema\/person\/image\/","url":"https:\/\/secure.gravatar.com\/avatar\/5a5f5c6fa3e6700e4249abdad0263a1e94e927d9e0499b1cb09c1cd29c044d80?s=96&d=mm&r=g","contentUrl":"https:\/\/secure.gravatar.com\/avatar\/5a5f5c6fa3e6700e4249abdad0263a1e94e927d9e0499b1cb09c1cd29c044d80?s=96&d=mm&r=g","caption":"La Redazione"},"sameAs":["https:\/\/www.gossip.it"]}]}},"amp_enabled":true,"_links":{"self":[{"href":"https:\/\/www.gossip.it\/api\/wp\/v2\/posts\/53766","targetHints":{"allow":["GET"]}}],"collection":[{"href":"https:\/\/www.gossip.it\/api\/wp\/v2\/posts"}],"about":[{"href":"https:\/\/www.gossip.it\/api\/wp\/v2\/types\/post"}],"author":[{"embeddable":true,"href":"https:\/\/www.gossip.it\/api\/wp\/v2\/users\/1"}],"replies":[{"embeddable":true,"href":"https:\/\/www.gossip.it\/api\/wp\/v2\/comments?post=53766"}],"version-history":[{"count":0,"href":"https:\/\/www.gossip.it\/api\/wp\/v2\/posts\/53766\/revisions"}],"wp:featuredmedia":[{"embeddable":true,"href":"https:\/\/www.gossip.it\/api\/wp\/v2\/media\/109812"}],"wp:attachment":[{"href":"https:\/\/www.gossip.it\/api\/wp\/v2\/media?parent=53766"}],"wp:term":[{"taxonomy":"category","embeddable":true,"href":"https:\/\/www.gossip.it\/api\/wp\/v2\/categories?post=53766"},{"taxonomy":"post_tag","embeddable":true,"href":"https:\/\/www.gossip.it\/api\/wp\/v2\/tags?post=53766"},{"taxonomy":"vip","embeddable":true,"href":"https:\/\/www.gossip.it\/api\/wp\/v2\/vip?post=53766"}],"curies":[{"name":"wp","href":"https:\/\/api.w.org\/{rel}","templated":true}]}}