{"id":53798,"date":"2016-01-04T00:00:00","date_gmt":"2016-01-03T23:00:00","guid":{"rendered":"https:\/\/www.gossip.it\/senza-categoria\/fabrizio-corona-silvia-provvedi-capodanno\/"},"modified":"2016-01-04T00:00:00","modified_gmt":"2016-01-03T23:00:00","slug":"fabrizio-corona-silvia-provvedi-capodanno","status":"publish","type":"post","link":"https:\/\/www.gossip.it\/news\/fabrizio-corona-silvia-provvedi-capodanno\/","title":{"rendered":"Fabrizio Corona, Capodanno con Silvia Provvedi"},"content":{"rendered":"<p><a href=\"http:\/\/www.gossip.it\/vip\/fabrizio-corona\/\">Fabrizio Corona<\/a> ha trascorso il <strong>Capodanno<\/strong> con <a href=\"http:\/\/www.gossip.it\/vip\/silvia-provvedi\/\">Silvia Provvedi<\/a>. E' stata la mora di <a href=\"http:\/\/www.gossip.it\/vip\/le-donatella\/\">Le Donatella<\/a> a svelare la presenza del fidanzato al Teatro Posillipo di Napoli. La coppia ha brindato al 2016 dopo aver gustato un succulento cenone. Poi foto in coppia con <strong>Fabrizio Corona<\/strong> alle spalle di <strong>Silvia Provvedi<\/strong>: entrambi sono <em>'in black'<\/em>.<\/p>\n<figure class=\"caption\"><img decoding=\"async\" alt=\"\" width=\"640\" height=\"646\" src=\"http:\/\/files.gossip.it\/immagini_news\/2016\/01\/1451911553_silvia_provvedi_fabrizio_corona_insieme.jpg\" \/><figcaption>Capodanno al Teatro Posillipo per Fabrizio Corona e Silvia Provvedi<\/figcaption><\/figure>\n<p><strong>Capodanno<\/strong> a due per <strong>Silvia Provvedi<\/strong> e <strong>Fabrizio Corona<\/strong>. All'apparenza nessuna rottura. Chi, spiegando le ragioni del crack tra Belen Rodriguez e <a href=\"http:\/\/www.gossip.it\/vip\/stefano-de martino\/\">Stefano De Martino<\/a>, aveva anche svelato che, secondo indiscrezioni, l'imprenditore 41enne, ex dell'argentina, alla notizia della separazione tra la <a href=\"http:\/\/www.gossip.it\/vip\/showgirl\/\">showgirl<\/a> e il ballerino, aveva chiuso la storia con l'ex naufraga 22enne, sperando in una<em> 'reunion'<\/em> proprio con Belen. Questa ipotesi per ora, almeno all'apparenza, sembrerebbe del tutto irreale. <strong>Silvia Provvedi<\/strong> e <strong>Fabrizio Corona<\/strong> hanno trascorso il <strong style=\"line-height: 20.7999992370605px;\">Capodanno<em>\u00a0<\/em><\/strong><em>'<\/em><span style=\"line-height: 1.6em;\"><em>vicini, vicini'<\/em> felici e contenti in quel di Napoli e nella citt\u00e0 partenopea sono rimasti qualche giorno per poi tornare a Milano.\u00a0<\/span><em style=\"line-height: 1.6em;\">\"Vi auguro un 2016 Strepitoso!!! #MILLEDIQUESTIGIORNI @fabriziocoronareal\"<\/em><span style=\"line-height: 1.6em;\">, ha cinguettato Silvia. Per il <\/span><strong style=\"line-height: 1.6em;\">Capodanno<\/strong><span style=\"line-height: 1.6em;\"> la ragazza ha indossato un sexy abito con maliziose trasparenze sul seno. Poco prima del cenone, la moretta aveva anche scritto: <\/span><em style=\"line-height: 1.6em;\">\"NEW MOTTO PRE 2016 : \"Fai tutto ci\u00f2 che ti interessi Veramente. Poniti degli Obiettivi,perseguili e impegnati facendo Sempre Il meglio che puoi!\" #MiTuffo #VersoLaFineDell'anno #HappyNewYear\"<\/em><span style=\"line-height: 1.6em;\">.\u00a0<\/span><span style=\"line-height: 1.6em;\">In molti sussurrano che la storia d'amore tra la Provvedi e Corona sia solo una delle tante operazioni marketing dell'ex re dei paparazzi per rimanere, anche ora che non pu\u00f2 parlare per ordine del tribunale (\u00e8 in affidamento ai servizi sociali sul territorio con obblighi precisi), al centro della scena. Silvia, per\u00f2, ha smentito e si \u00e8 detta molto innamorata. Solo il tempo potr\u00e0 chiarire quanto l'unione sia importante e duratura e soprattutto reale e non solamente<\/span><em style=\"line-height: 1.6em;\"> 'reality'<\/em><span style=\"line-height: 1.6em;\">.\u00a0<\/span><\/p>\n<p>\u00a0<\/p>\n","protected":false},"excerpt":{"rendered":"<p>Fabrizio Corona ha trascorso il Capodanno con Silvia Provvedi. E' stata la mora di Le Donatella a svelare la presenza del fidanzato al Teatro Posillipo di Napoli. La coppia ha brindato al 2016 dopo aver gustato un succulento cenone. Poi foto in coppia con Fabrizio Corona alle spalle di Silvia Provvedi: entrambi sono 'in black'. [&hellip;]<\/p>\n","protected":false},"author":1,"featured_media":109844,"comment_status":"closed","ping_status":"closed","sticky":false,"template":"","format":"standard","meta":{"footnotes":""},"categories":[54],"tags":[1981,3494,2972,9671,2351,2121,9053,4076,9672,1923,53765],"vip":[719],"class_list":["post-53798","post","type-post","status-publish","format-standard","has-post-thumbnail","hentry","category-news","tag-cantante","tag-capodanno","tag-giulia","tag-giulia-provvedi","tag-imprenditore","tag-instagram","tag-le-donatella","tag-napoli","tag-silvia-provvedi","tag-social","tag-teatro-posillipo","vip-fabrizio_corona"],"yoast_head":"<title>Fabrizio Corona, Capodanno con Silvia Provvedi - Gossip.it | News sul Gossip e VIP<\/title>\n<meta name=\"description\" content=\"Fabrizio Corona ha trascorso il Capodanno con Silvia Provvedi. E&#039; stata la mora di Le Donatella a svelare la presenza del fidanzato al Teatro Posillipo di\" \/>\n<meta name=\"robots\" content=\"index, follow, max-snippet:-1, max-image-preview:large, max-video-preview:-1\" \/>\n<link rel=\"canonical\" href=\"https:\/\/www.gossip.it\/news\/fabrizio-corona-silvia-provvedi-capodanno\/\" \/>\n<meta property=\"og:locale\" content=\"it_IT\" \/>\n<meta property=\"og:type\" content=\"article\" \/>\n<meta property=\"og:title\" content=\"Fabrizio Corona, Capodanno con Silvia Provvedi - Gossip.it | News sul Gossip e VIP\" \/>\n<meta property=\"og:description\" content=\"Fabrizio Corona ha trascorso il Capodanno con Silvia Provvedi. E&#039; stata la mora di Le Donatella a svelare la presenza del fidanzato al Teatro Posillipo di\" \/>\n<meta property=\"og:url\" content=\"https:\/\/www.gossip.it\/news\/fabrizio-corona-silvia-provvedi-capodanno\/\" \/>\n<meta property=\"og:site_name\" content=\"Gossip.it | News sul Gossip e VIP\" \/>\n<meta property=\"article:publisher\" content=\"https:\/\/www.facebook.com\/GossipIT\" \/>\n<meta property=\"article:published_time\" content=\"2016-01-03T23:00:00+00:00\" \/>\n<meta property=\"og:image\" content=\"http:\/\/files.gossip.it\/immagini_news\/2016\/01\/1451911553_silvia_provvedi_fabrizio_corona_insieme.jpg\" \/>\n<meta name=\"author\" content=\"La Redazione\" \/>\n<meta name=\"twitter:card\" content=\"summary_large_image\" \/>\n<meta name=\"twitter:image\" content=\"http:\/\/files.gossip.it\/immagini_news\/2016\/01\/1451911553_silvia_provvedi_fabrizio_corona_insieme.jpg\" \/>\n<meta name=\"twitter:creator\" content=\"@gossinews_it\" \/>\n<meta name=\"twitter:site\" content=\"@gossinews_it\" \/>\n<meta name=\"twitter:label1\" content=\"Scritto da\" \/>\n\t<meta name=\"twitter:data1\" content=\"Annamaria Capozzi\" \/>\n\t<meta name=\"twitter:label2\" content=\"Tempo di lettura stimato\" \/>\n\t<meta name=\"twitter:data2\" content=\"1 minuto\" \/>","yoast_head_json":{"title":"Fabrizio Corona, Capodanno con Silvia Provvedi - Gossip.it | News sul Gossip e VIP","description":"Fabrizio Corona ha trascorso il Capodanno con Silvia Provvedi. E' stata la mora di Le Donatella a svelare la presenza del fidanzato al Teatro Posillipo di","robots":{"index":"index","follow":"follow","max-snippet":"max-snippet:-1","max-image-preview":"max-image-preview:large","max-video-preview":"max-video-preview:-1"},"canonical":"https:\/\/www.gossip.it\/news\/fabrizio-corona-silvia-provvedi-capodanno\/","og_locale":"it_IT","og_type":"article","og_title":"Fabrizio Corona, Capodanno con Silvia Provvedi - Gossip.it | News sul Gossip e VIP","og_description":"Fabrizio Corona ha trascorso il Capodanno con Silvia Provvedi. E' stata la mora di Le Donatella a svelare la presenza del fidanzato al Teatro Posillipo di","og_url":"https:\/\/www.gossip.it\/news\/fabrizio-corona-silvia-provvedi-capodanno\/","og_site_name":"Gossip.it | News sul Gossip e VIP","article_publisher":"https:\/\/www.facebook.com\/GossipIT","article_published_time":"2016-01-03T23:00:00+00:00","og_image":[{"url":"http:\/\/files.gossip.it\/immagini_news\/2016\/01\/1451911553_silvia_provvedi_fabrizio_corona_insieme.jpg"}],"author":"La Redazione","twitter_card":"summary_large_image","twitter_image":"http:\/\/files.gossip.it\/immagini_news\/2016\/01\/1451911553_silvia_provvedi_fabrizio_corona_insieme.jpg","twitter_creator":"@gossinews_it","twitter_site":"@gossinews_it","twitter_misc":{"Scritto da":"Annamaria Capozzi","Tempo di lettura stimato":"1 minuto"},"schema":{"@context":"https:\/\/schema.org","@graph":[{"@type":"Article","@id":"https:\/\/www.gossip.it\/news\/fabrizio-corona-silvia-provvedi-capodanno\/#article","isPartOf":{"@id":"https:\/\/www.gossip.it\/news\/fabrizio-corona-silvia-provvedi-capodanno\/"},"author":{"name":"La Redazione","@id":"https:\/\/www.gossip.it\/#\/schema\/person\/488896f75158bff1cc83c6c39d141110"},"headline":"Fabrizio Corona, Capodanno con Silvia Provvedi","datePublished":"2016-01-03T23:00:00+00:00","dateModified":"2016-01-03T23:00:00+00:00","mainEntityOfPage":{"@id":"https:\/\/www.gossip.it\/news\/fabrizio-corona-silvia-provvedi-capodanno\/"},"wordCount":314,"publisher":{"@id":"https:\/\/www.gossip.it\/#organization"},"image":{"@id":"https:\/\/www.gossip.it\/news\/fabrizio-corona-silvia-provvedi-capodanno\/#primaryimage"},"thumbnailUrl":"http:\/\/files.gossip.it\/immagini_news\/2016\/01\/1451911553_silvia_provvedi_fabrizio_corona_insieme.jpg","keywords":["cantante","capodanno","giulia","giulia provvedi","imprenditore","instagram","le donatella","napoli","silvia provvedi","social","teatro posillipo"],"articleSection":["News"],"inLanguage":"it-IT"},{"@type":"WebPage","@id":"https:\/\/www.gossip.it\/news\/fabrizio-corona-silvia-provvedi-capodanno\/","url":"https:\/\/www.gossip.it\/news\/fabrizio-corona-silvia-provvedi-capodanno\/","name":"Fabrizio Corona, Capodanno con Silvia Provvedi - Gossip.it | News sul Gossip e VIP","isPartOf":{"@id":"https:\/\/www.gossip.it\/#website"},"primaryImageOfPage":{"@id":"https:\/\/www.gossip.it\/news\/fabrizio-corona-silvia-provvedi-capodanno\/#primaryimage"},"image":{"@id":"https:\/\/www.gossip.it\/news\/fabrizio-corona-silvia-provvedi-capodanno\/#primaryimage"},"thumbnailUrl":"http:\/\/files.gossip.it\/immagini_news\/2016\/01\/1451911553_silvia_provvedi_fabrizio_corona_insieme.jpg","datePublished":"2016-01-03T23:00:00+00:00","dateModified":"2016-01-03T23:00:00+00:00","description":"Fabrizio Corona ha trascorso il Capodanno con Silvia Provvedi. E' stata la mora di Le Donatella a svelare la presenza del fidanzato al Teatro Posillipo di","breadcrumb":{"@id":"https:\/\/www.gossip.it\/news\/fabrizio-corona-silvia-provvedi-capodanno\/#breadcrumb"},"inLanguage":"it-IT","potentialAction":[{"@type":"ReadAction","target":["https:\/\/www.gossip.it\/news\/fabrizio-corona-silvia-provvedi-capodanno\/"]}]},{"@type":"ImageObject","inLanguage":"it-IT","@id":"https:\/\/www.gossip.it\/news\/fabrizio-corona-silvia-provvedi-capodanno\/#primaryimage","url":"http:\/\/files.gossip.it\/immagini_news\/2016\/01\/1451911553_silvia_provvedi_fabrizio_corona_insieme.jpg","contentUrl":"http:\/\/files.gossip.it\/immagini_news\/2016\/01\/1451911553_silvia_provvedi_fabrizio_corona_insieme.jpg"},{"@type":"BreadcrumbList","@id":"https:\/\/www.gossip.it\/news\/fabrizio-corona-silvia-provvedi-capodanno\/#breadcrumb","itemListElement":[{"@type":"ListItem","position":1,"name":"Home","item":"https:\/\/www.gossip.it\/"},{"@type":"ListItem","position":2,"name":"Fabrizio Corona, Capodanno con Silvia Provvedi"}]},{"@type":"WebSite","@id":"https:\/\/www.gossip.it\/#website","url":"https:\/\/www.gossip.it\/","name":"Gossip and VIP News","description":"Quotidiano di cronaca rosa, costume e societ\u00e0","publisher":{"@id":"https:\/\/www.gossip.it\/#organization"},"alternateName":"Gossip and VIP News","potentialAction":[{"@type":"SearchAction","target":{"@type":"EntryPoint","urlTemplate":"https:\/\/www.gossip.it\/?s={search_term_string}"},"query-input":{"@type":"PropertyValueSpecification","valueRequired":true,"valueName":"search_term_string"}}],"inLanguage":"it-IT"},{"@type":"Organization","@id":"https:\/\/www.gossip.it\/#organization","name":"Gossip and VIP News","alternateName":"Gossip News","url":"https:\/\/www.gossip.it\/","logo":{"@type":"ImageObject","inLanguage":"it-IT","@id":"https:\/\/www.gossip.it\/#\/schema\/logo\/image\/","url":"https:\/\/www.gossip.it\/wp-content\/uploads\/2022\/04\/cropped-corna-alta-tiny.png","contentUrl":"https:\/\/www.gossip.it\/wp-content\/uploads\/2022\/04\/cropped-corna-alta-tiny.png","width":512,"height":512,"caption":"Gossip and VIP News"},"image":{"@id":"https:\/\/www.gossip.it\/#\/schema\/logo\/image\/"},"sameAs":["https:\/\/www.facebook.com\/GossipIT","https:\/\/x.com\/gossinews_it","https:\/\/instagram.com\/gossip_it"]},{"@type":"Person","@id":"https:\/\/www.gossip.it\/#\/schema\/person\/488896f75158bff1cc83c6c39d141110","name":"La Redazione","image":{"@type":"ImageObject","inLanguage":"it-IT","@id":"https:\/\/www.gossip.it\/#\/schema\/person\/image\/","url":"https:\/\/secure.gravatar.com\/avatar\/5a5f5c6fa3e6700e4249abdad0263a1e94e927d9e0499b1cb09c1cd29c044d80?s=96&d=mm&r=g","contentUrl":"https:\/\/secure.gravatar.com\/avatar\/5a5f5c6fa3e6700e4249abdad0263a1e94e927d9e0499b1cb09c1cd29c044d80?s=96&d=mm&r=g","caption":"La Redazione"},"sameAs":["https:\/\/www.gossip.it"]}]}},"amp_enabled":true,"_links":{"self":[{"href":"https:\/\/www.gossip.it\/api\/wp\/v2\/posts\/53798","targetHints":{"allow":["GET"]}}],"collection":[{"href":"https:\/\/www.gossip.it\/api\/wp\/v2\/posts"}],"about":[{"href":"https:\/\/www.gossip.it\/api\/wp\/v2\/types\/post"}],"author":[{"embeddable":true,"href":"https:\/\/www.gossip.it\/api\/wp\/v2\/users\/1"}],"replies":[{"embeddable":true,"href":"https:\/\/www.gossip.it\/api\/wp\/v2\/comments?post=53798"}],"version-history":[{"count":0,"href":"https:\/\/www.gossip.it\/api\/wp\/v2\/posts\/53798\/revisions"}],"wp:featuredmedia":[{"embeddable":true,"href":"https:\/\/www.gossip.it\/api\/wp\/v2\/media\/109844"}],"wp:attachment":[{"href":"https:\/\/www.gossip.it\/api\/wp\/v2\/media?parent=53798"}],"wp:term":[{"taxonomy":"category","embeddable":true,"href":"https:\/\/www.gossip.it\/api\/wp\/v2\/categories?post=53798"},{"taxonomy":"post_tag","embeddable":true,"href":"https:\/\/www.gossip.it\/api\/wp\/v2\/tags?post=53798"},{"taxonomy":"vip","embeddable":true,"href":"https:\/\/www.gossip.it\/api\/wp\/v2\/vip?post=53798"}],"curies":[{"name":"wp","href":"https:\/\/api.w.org\/{rel}","templated":true}]}}