{"id":53804,"date":"2016-01-04T00:00:00","date_gmt":"2016-01-03T23:00:00","guid":{"rendered":"https:\/\/www.gossip.it\/senza-categoria\/michelle-hunziker-tomaso-trussardi-sole-celeste-foto\/"},"modified":"2016-01-04T00:00:00","modified_gmt":"2016-01-03T23:00:00","slug":"michelle-hunziker-tomaso-trussardi-sole-celeste-foto","status":"publish","type":"post","link":"https:\/\/www.gossip.it\/news\/michelle-hunziker-tomaso-trussardi-sole-celeste-foto\/","title":{"rendered":"Tomaso Trussardi e Michelle Hunziker, foto ricordo con Sole e Celeste"},"content":{"rendered":"<p><a href=\"http:\/\/www.gossip.it\/vip\/tomaso-trussardi\/\">Tomaso Trussardi<\/a> fa gli auguri ai tanti<em> 'amici'<\/em> che lo seguono sul <a href=\"http:\/\/www.gossip.it\/vip\/social\/\">social<\/a>. L'imprenditore accompagna le sue parole con una <strong>foto<\/strong> ricordo in cui posa felice insieme alla moglie <a href=\"http:\/\/www.gossip.it\/vip\/michelle-hunziker\/\">Michelle Hunziker<\/a> e alle due figlie, <strong>Sole<\/strong>, 2 anni compiuto lo scorso 10 ottobre, e <strong>Celeste<\/strong>, 1 anno il prossimo 8 marzo.<\/p>\n<figure class=\"caption\"><img decoding=\"async\" alt=\"\" width=\"640\" height=\"497\" src=\"http:\/\/files.gossip.it\/immagini_news\/2016\/01\/1451920158_hunziker_trussardi_natale_sole_celeste.jpg\" \/><figcaption>Tomaso Trussardi in posa per gli auguri con Michelle Hunziker e le figlie Sole e Celeste<\/figcaption><\/figure>\n<p>Sono bellissimi nella<strong> foto<\/strong> ricordo: <strong>Tomaso Trussardi<\/strong> ha il volto gioioso con in braccio l'ultimogenita, <strong>Celeste<\/strong>, quasi dieci mesi. Il rampollo della famosa maison di moda indossa una giacca sportiva, sotto una camicia bianca lasciata sbottonata, senza cravatta. Deliziosa la bimba con il suo abitino panna e la mollettina nei capelli ancora corti, In nero <strong>Michelle Hunziker<\/strong>, con il suo immancabile sorriso radioso e la lunga chioma bionda portata sciolta. La <a href=\"http:\/\/www.gossip.it\/vip\/showgirl\/\">showgirl<\/a> 38enne ha tra le braccia stretta a lei <strong>Sole<\/strong>, anche lei in chiaro. La piccola ha i capelli pi\u00f9 lunghi e trattiene i ciuffi ribelli con una mollettina rossa. Guarda l'obiettivo quasi stupita: \u00e8 incantevole.<br \/>La <strong>foto<\/strong> ricordo di <strong>Tomaso Trussardi<\/strong> e <strong>Michelle Hunziker<\/strong> con le figlie <strong>Sole<\/strong> e <strong>Celeste<\/strong> cattura tanti <em>'like'<\/em> e commenti entusiasti. La<em> 'family'<\/em> piace moltissimo. E' un bel modo di fare gli auguri ai tanti fan. Le feste da tutti sono state trascorse in montagna, a San Cassiano, sulle Dolomiti. E sempre ad alta quota <strong>Michelle Hunziker<\/strong> e Tomaso Trussardi con <strong>Sole<\/strong> e <strong>Celeste<\/strong> hanno dato il benvenuto al 2016.<br \/>La svizzera ha portato con s\u00e9 pure Lilly, la sua adorata barboncina. Ed \u00e8 proprio ai cagnolini che ha voluto dedicare un post sul suo profilo <a href=\"http:\/\/www.gossip.it\/vip\/social\/\">social<\/a> contro i botti di capodanno. <em>\"I fuochi d'artificio sono stati inventati dai cinesi intorno all'anno 1000! Mi sembra alquanto antica come pratica. Ci sono metodi moooooolto pi\u00f9 divertenti per passare capo d'anno. Un bacio enorme a tutti voi\"<\/em>, ha sottolineato. Il suo impegno per i pi\u00f9 deboli, donne, animali e bambini, \u00e8 sempre costante.<br \/><a href=\"http:\/\/www.gossip.it\/vip\/aurora-ramazzotti\/\">Aurora Ramazzotti<\/a>, la figlia 19enne avuta dall'ex marito <a href=\"http:\/\/www.gossip.it\/vip\/eros-ramazzotti\/\">Eros Ramazzotti<\/a>, invece \u00e8 rimasta a Milano. Nella foto ricordo non c'\u00e8, ma nel cuore di Michelle \u00e8 sempre presente e rimarr\u00e0, nonostante ormai sia grande, la sua preziosa bambina per sempre.<\/p>\n<p>\u00a0<\/p>\n<p>\u00a0<\/p>\n","protected":false},"excerpt":{"rendered":"<p>Tomaso Trussardi fa gli auguri ai tanti 'amici' che lo seguono sul social. L'imprenditore accompagna le sue parole con una foto ricordo in cui posa felice insieme alla moglie Michelle Hunziker e alle due figlie, Sole, 2 anni compiuto lo scorso 10 ottobre, e Celeste, 1 anno il prossimo 8 marzo. Tomaso Trussardi in posa [&hellip;]<\/p>\n","protected":false},"author":1,"featured_media":109850,"comment_status":"closed","ping_status":"closed","sticky":false,"template":"","format":"standard","meta":{"footnotes":""},"categories":[54],"tags":[1926,1937,4790,2118,2351,1998,1967,1923,3288],"vip":[1351,1775],"class_list":["post-53804","post","type-post","status-publish","format-standard","has-post-thumbnail","hentry","category-news","tag-auguri","tag-celeste","tag-facebook","tag-foto","tag-imprenditore","tag-marito","tag-showgirl","tag-social","tag-sole","vip-michelle_hunziker","vip-tomaso_trussardi"],"yoast_head":"<title>Tomaso Trussardi e Michelle Hunziker, foto ricordo con Sole e Celeste - Gossip.it | News sul Gossip e VIP<\/title>\n<meta name=\"description\" content=\"Tomaso Trussardi fa gli auguri ai tanti &#039;amici&#039; che lo seguono sul social. L&#039;imprenditore accompagna le sue parole con una foto ricordo in cui posa felice\" \/>\n<meta name=\"robots\" content=\"index, follow, max-snippet:-1, max-image-preview:large, max-video-preview:-1\" \/>\n<link rel=\"canonical\" href=\"https:\/\/www.gossip.it\/news\/michelle-hunziker-tomaso-trussardi-sole-celeste-foto\/\" \/>\n<meta property=\"og:locale\" content=\"it_IT\" \/>\n<meta property=\"og:type\" content=\"article\" \/>\n<meta property=\"og:title\" content=\"Tomaso Trussardi e Michelle Hunziker, foto ricordo con Sole e Celeste - Gossip.it | News sul Gossip e VIP\" \/>\n<meta property=\"og:description\" content=\"Tomaso Trussardi fa gli auguri ai tanti &#039;amici&#039; che lo seguono sul social. L&#039;imprenditore accompagna le sue parole con una foto ricordo in cui posa felice\" \/>\n<meta property=\"og:url\" content=\"https:\/\/www.gossip.it\/news\/michelle-hunziker-tomaso-trussardi-sole-celeste-foto\/\" \/>\n<meta property=\"og:site_name\" content=\"Gossip.it | News sul Gossip e VIP\" \/>\n<meta property=\"article:publisher\" content=\"https:\/\/www.facebook.com\/GossipIT\" \/>\n<meta property=\"article:published_time\" content=\"2016-01-03T23:00:00+00:00\" \/>\n<meta property=\"og:image\" content=\"http:\/\/files.gossip.it\/immagini_news\/2016\/01\/1451920158_hunziker_trussardi_natale_sole_celeste.jpg\" \/>\n<meta name=\"author\" content=\"La Redazione\" \/>\n<meta name=\"twitter:card\" content=\"summary_large_image\" \/>\n<meta name=\"twitter:image\" content=\"http:\/\/files.gossip.it\/immagini_news\/2016\/01\/1451920158_hunziker_trussardi_natale_sole_celeste.jpg\" \/>\n<meta name=\"twitter:creator\" content=\"@gossinews_it\" \/>\n<meta name=\"twitter:site\" content=\"@gossinews_it\" \/>\n<meta name=\"twitter:label1\" content=\"Scritto da\" \/>\n\t<meta name=\"twitter:data1\" content=\"Annamaria Capozzi\" \/>\n\t<meta name=\"twitter:label2\" content=\"Tempo di lettura stimato\" \/>\n\t<meta name=\"twitter:data2\" content=\"2 minuti\" \/>","yoast_head_json":{"title":"Tomaso Trussardi e Michelle Hunziker, foto ricordo con Sole e Celeste - Gossip.it | News sul Gossip e VIP","description":"Tomaso Trussardi fa gli auguri ai tanti 'amici' che lo seguono sul social. L'imprenditore accompagna le sue parole con una foto ricordo in cui posa felice","robots":{"index":"index","follow":"follow","max-snippet":"max-snippet:-1","max-image-preview":"max-image-preview:large","max-video-preview":"max-video-preview:-1"},"canonical":"https:\/\/www.gossip.it\/news\/michelle-hunziker-tomaso-trussardi-sole-celeste-foto\/","og_locale":"it_IT","og_type":"article","og_title":"Tomaso Trussardi e Michelle Hunziker, foto ricordo con Sole e Celeste - Gossip.it | News sul Gossip e VIP","og_description":"Tomaso Trussardi fa gli auguri ai tanti 'amici' che lo seguono sul social. L'imprenditore accompagna le sue parole con una foto ricordo in cui posa felice","og_url":"https:\/\/www.gossip.it\/news\/michelle-hunziker-tomaso-trussardi-sole-celeste-foto\/","og_site_name":"Gossip.it | News sul Gossip e VIP","article_publisher":"https:\/\/www.facebook.com\/GossipIT","article_published_time":"2016-01-03T23:00:00+00:00","og_image":[{"url":"http:\/\/files.gossip.it\/immagini_news\/2016\/01\/1451920158_hunziker_trussardi_natale_sole_celeste.jpg"}],"author":"La Redazione","twitter_card":"summary_large_image","twitter_image":"http:\/\/files.gossip.it\/immagini_news\/2016\/01\/1451920158_hunziker_trussardi_natale_sole_celeste.jpg","twitter_creator":"@gossinews_it","twitter_site":"@gossinews_it","twitter_misc":{"Scritto da":"Annamaria Capozzi","Tempo di lettura stimato":"2 minuti"},"schema":{"@context":"https:\/\/schema.org","@graph":[{"@type":"Article","@id":"https:\/\/www.gossip.it\/news\/michelle-hunziker-tomaso-trussardi-sole-celeste-foto\/#article","isPartOf":{"@id":"https:\/\/www.gossip.it\/news\/michelle-hunziker-tomaso-trussardi-sole-celeste-foto\/"},"author":{"name":"La Redazione","@id":"https:\/\/www.gossip.it\/#\/schema\/person\/488896f75158bff1cc83c6c39d141110"},"headline":"Tomaso Trussardi e Michelle Hunziker, foto ricordo con Sole e Celeste","datePublished":"2016-01-03T23:00:00+00:00","dateModified":"2016-01-03T23:00:00+00:00","mainEntityOfPage":{"@id":"https:\/\/www.gossip.it\/news\/michelle-hunziker-tomaso-trussardi-sole-celeste-foto\/"},"wordCount":372,"publisher":{"@id":"https:\/\/www.gossip.it\/#organization"},"image":{"@id":"https:\/\/www.gossip.it\/news\/michelle-hunziker-tomaso-trussardi-sole-celeste-foto\/#primaryimage"},"thumbnailUrl":"http:\/\/files.gossip.it\/immagini_news\/2016\/01\/1451920158_hunziker_trussardi_natale_sole_celeste.jpg","keywords":["auguri","celeste","facebook","foto","imprenditore","marito","showgirl","social","sole"],"articleSection":["News"],"inLanguage":"it-IT"},{"@type":"WebPage","@id":"https:\/\/www.gossip.it\/news\/michelle-hunziker-tomaso-trussardi-sole-celeste-foto\/","url":"https:\/\/www.gossip.it\/news\/michelle-hunziker-tomaso-trussardi-sole-celeste-foto\/","name":"Tomaso Trussardi e Michelle Hunziker, foto ricordo con Sole e Celeste - Gossip.it | News sul Gossip e VIP","isPartOf":{"@id":"https:\/\/www.gossip.it\/#website"},"primaryImageOfPage":{"@id":"https:\/\/www.gossip.it\/news\/michelle-hunziker-tomaso-trussardi-sole-celeste-foto\/#primaryimage"},"image":{"@id":"https:\/\/www.gossip.it\/news\/michelle-hunziker-tomaso-trussardi-sole-celeste-foto\/#primaryimage"},"thumbnailUrl":"http:\/\/files.gossip.it\/immagini_news\/2016\/01\/1451920158_hunziker_trussardi_natale_sole_celeste.jpg","datePublished":"2016-01-03T23:00:00+00:00","dateModified":"2016-01-03T23:00:00+00:00","description":"Tomaso Trussardi fa gli auguri ai tanti 'amici' che lo seguono sul social. L'imprenditore accompagna le sue parole con una foto ricordo in cui posa felice","breadcrumb":{"@id":"https:\/\/www.gossip.it\/news\/michelle-hunziker-tomaso-trussardi-sole-celeste-foto\/#breadcrumb"},"inLanguage":"it-IT","potentialAction":[{"@type":"ReadAction","target":["https:\/\/www.gossip.it\/news\/michelle-hunziker-tomaso-trussardi-sole-celeste-foto\/"]}]},{"@type":"ImageObject","inLanguage":"it-IT","@id":"https:\/\/www.gossip.it\/news\/michelle-hunziker-tomaso-trussardi-sole-celeste-foto\/#primaryimage","url":"http:\/\/files.gossip.it\/immagini_news\/2016\/01\/1451920158_hunziker_trussardi_natale_sole_celeste.jpg","contentUrl":"http:\/\/files.gossip.it\/immagini_news\/2016\/01\/1451920158_hunziker_trussardi_natale_sole_celeste.jpg"},{"@type":"BreadcrumbList","@id":"https:\/\/www.gossip.it\/news\/michelle-hunziker-tomaso-trussardi-sole-celeste-foto\/#breadcrumb","itemListElement":[{"@type":"ListItem","position":1,"name":"Home","item":"https:\/\/www.gossip.it\/"},{"@type":"ListItem","position":2,"name":"Tomaso Trussardi e Michelle Hunziker, foto ricordo con Sole e Celeste"}]},{"@type":"WebSite","@id":"https:\/\/www.gossip.it\/#website","url":"https:\/\/www.gossip.it\/","name":"Gossip and VIP News","description":"Quotidiano di cronaca rosa, costume e societ\u00e0","publisher":{"@id":"https:\/\/www.gossip.it\/#organization"},"alternateName":"Gossip and VIP News","potentialAction":[{"@type":"SearchAction","target":{"@type":"EntryPoint","urlTemplate":"https:\/\/www.gossip.it\/?s={search_term_string}"},"query-input":{"@type":"PropertyValueSpecification","valueRequired":true,"valueName":"search_term_string"}}],"inLanguage":"it-IT"},{"@type":"Organization","@id":"https:\/\/www.gossip.it\/#organization","name":"Gossip and VIP News","alternateName":"Gossip News","url":"https:\/\/www.gossip.it\/","logo":{"@type":"ImageObject","inLanguage":"it-IT","@id":"https:\/\/www.gossip.it\/#\/schema\/logo\/image\/","url":"https:\/\/www.gossip.it\/wp-content\/uploads\/2022\/04\/cropped-corna-alta-tiny.png","contentUrl":"https:\/\/www.gossip.it\/wp-content\/uploads\/2022\/04\/cropped-corna-alta-tiny.png","width":512,"height":512,"caption":"Gossip and VIP News"},"image":{"@id":"https:\/\/www.gossip.it\/#\/schema\/logo\/image\/"},"sameAs":["https:\/\/www.facebook.com\/GossipIT","https:\/\/x.com\/gossinews_it","https:\/\/instagram.com\/gossip_it"]},{"@type":"Person","@id":"https:\/\/www.gossip.it\/#\/schema\/person\/488896f75158bff1cc83c6c39d141110","name":"La Redazione","image":{"@type":"ImageObject","inLanguage":"it-IT","@id":"https:\/\/www.gossip.it\/#\/schema\/person\/image\/","url":"https:\/\/secure.gravatar.com\/avatar\/5a5f5c6fa3e6700e4249abdad0263a1e94e927d9e0499b1cb09c1cd29c044d80?s=96&d=mm&r=g","contentUrl":"https:\/\/secure.gravatar.com\/avatar\/5a5f5c6fa3e6700e4249abdad0263a1e94e927d9e0499b1cb09c1cd29c044d80?s=96&d=mm&r=g","caption":"La Redazione"},"sameAs":["https:\/\/www.gossip.it"]}]}},"amp_enabled":true,"_links":{"self":[{"href":"https:\/\/www.gossip.it\/api\/wp\/v2\/posts\/53804","targetHints":{"allow":["GET"]}}],"collection":[{"href":"https:\/\/www.gossip.it\/api\/wp\/v2\/posts"}],"about":[{"href":"https:\/\/www.gossip.it\/api\/wp\/v2\/types\/post"}],"author":[{"embeddable":true,"href":"https:\/\/www.gossip.it\/api\/wp\/v2\/users\/1"}],"replies":[{"embeddable":true,"href":"https:\/\/www.gossip.it\/api\/wp\/v2\/comments?post=53804"}],"version-history":[{"count":0,"href":"https:\/\/www.gossip.it\/api\/wp\/v2\/posts\/53804\/revisions"}],"wp:featuredmedia":[{"embeddable":true,"href":"https:\/\/www.gossip.it\/api\/wp\/v2\/media\/109850"}],"wp:attachment":[{"href":"https:\/\/www.gossip.it\/api\/wp\/v2\/media?parent=53804"}],"wp:term":[{"taxonomy":"category","embeddable":true,"href":"https:\/\/www.gossip.it\/api\/wp\/v2\/categories?post=53804"},{"taxonomy":"post_tag","embeddable":true,"href":"https:\/\/www.gossip.it\/api\/wp\/v2\/tags?post=53804"},{"taxonomy":"vip","embeddable":true,"href":"https:\/\/www.gossip.it\/api\/wp\/v2\/vip?post=53804"}],"curies":[{"name":"wp","href":"https:\/\/api.w.org\/{rel}","templated":true}]}}