{"id":53872,"date":"2016-01-12T00:00:00","date_gmt":"2016-01-11T23:00:00","guid":{"rendered":"https:\/\/www.gossip.it\/senza-categoria\/carlo-di-francesco-amici-polemica\/"},"modified":"2016-01-12T00:00:00","modified_gmt":"2016-01-11T23:00:00","slug":"carlo-di-francesco-amici-polemica","status":"publish","type":"post","link":"https:\/\/www.gossip.it\/news\/carlo-di-francesco-amici-polemica\/","title":{"rendered":"'Amici', Carlo Di Francesco al centro della polemica: 'Sei troppo crudele'"},"content":{"rendered":"<p><a href=\"http:\/\/www.gossip.it\/vip\/carlo-di francesco\/\">Carlo Di Francesco<\/a> durante la puntata di sabato 9 gennaio di \"<strong>Amici<\/strong>\" ha tirato fuori una spiccata vena <strong>polemica <\/strong>nei confronti degli allievi ma anche dei colleghi e si \u00e8 dimostrato particolarmente severo dando 0 a Cristiano:<em> \"Hai sbagliato tutto con questa esibizione<\/em> - ha spiegato -<em> Ti d\u00f2 0 cos\u00ec finalmente hai la possibilit\u00e0 di guardare dentro te stesso\"<\/em>.\u00a0<a href=\"http:\/\/www.gossip.it\/vip\/alex-braga\/\">Alex Braga<\/a> ha replicato: <em>\"Questa \u00e8 un'esibizione da 10, stiamo cercando di stimolare il coraggio dei ragazzi\"<\/em>. <em>\"Il coraggio<\/em> - ha ribattuto <strong>Carlo Di Francesco<\/strong> - <em>\u00e8 importante ma non conta solo quello. Se Sergio si mettesse delle piume di struzzo nella prossima esibizione dovrei dargli il massimo per questo?\"<\/em>.<\/p>\n<figure class=\"caption\"><img decoding=\"async\" alt=\"\" width=\"640\" height=\"354\" src=\"http:\/\/files.gossip.it\/immagini_news\/2016\/01\/1452608992_carlo_di_francesco_amici_polemica.jpg\" \/><figcaption>Carlo Di Francesco ha dato voti bassisimi and alcuni allievi della scuola di Amici<\/figcaption><\/figure>\n<p>Poi \u00e8 stata la volta della band La Rua che si \u00e8 esibita con \"Sei nell'anima\". Daniele, il frontman del gruppo, ha dedicato il brano al padre che ha perso quando aveva 11 anni. Il professore di canto della scuola di \"<strong>Amici<\/strong>\" ha dato comunque un 3 alla performance entrando in <strong>polemica<\/strong> con <a href=\"http:\/\/www.gossip.it\/vip\/fabrizio-moro\/\">Fabrizio Moro<\/a>: <em>\"E' stata l'esibizione pi\u00f9 bella da quando sono qui <\/em>- ha detto il cantante\u00a0-<strong> <\/strong><em><strong>Carlo<\/strong> sei stato troppo crudele con le uniche due sperimentazioni di oggi\"<\/em>. La riposta non ha tardato ad arrivare: <em>\"Siamo abituati troppo al buonismo in televisione e c'\u00e8 fin troppa ipocrisia<\/em> - ha dichiarato <strong>Di Francesco<\/strong> - <em>Non dobbiamo votare solo il cambio di rotta, io valuto solo il risultato finale. In questo caso mi sono solo annoiato nella parte centrale\"<\/em>.<br \/><strong>Carlo Di Francesco<\/strong>\u00a0ha poi dato il suo giudizio sui Raft:<em> \"D\u00f2 5 che \u00e8 peggio di 0<\/em> - ha detto - <em>perch\u00e9 non sta da una parte o dall'altra. Cosa n\u00e9 brutta n\u00e9 bella, sta l\u00ec nel mezzo\"<\/em>.<\/p>\n<figure class=\"caption\"><img decoding=\"async\" alt=\"\" width=\"640\" height=\"361\" src=\"http:\/\/files.gossip.it\/immagini_news\/2016\/01\/1452609039_braga_vs_di_francesco_amici.jpg\" \/><figcaption>Alex Braga contro Carlo Di Francesco durante la puntata<\/figcaption><\/figure>\n<figure class=\"caption\"><img decoding=\"async\" alt=\"\" width=\"640\" height=\"361\" src=\"http:\/\/files.gossip.it\/immagini_news\/2016\/01\/1452609157_carlo_di_francesco_vs_giudici.jpg\" \/><figcaption>Il professore di canto contro i colleghi: 'Sei troppo crudele', gli ha detto Fabrizio Moro<\/figcaption><\/figure>\n<p><strong>Carlo Di Francesco<\/strong> \u00e8 stato cos\u00ec protagonista di una acerrima <strong>polemica<\/strong> durante l'ultima puntata del sabato di \"<strong>Amici<\/strong>\". I suoi voti bassi hanno fatto discutere. La pausa natalizia lo ha reso ancora pi\u00f9 severo.<\/p>\n","protected":false},"excerpt":{"rendered":"<p>Carlo Di Francesco durante la puntata di sabato 9 gennaio di \"Amici\" ha tirato fuori una spiccata vena polemica nei confronti degli allievi ma anche dei colleghi e si \u00e8 dimostrato particolarmente severo dando 0 a Cristiano: \"Hai sbagliato tutto con questa esibizione - ha spiegato - Ti d\u00f2 0 cos\u00ec finalmente hai la possibilit\u00e0 [&hellip;]<\/p>\n","protected":false},"author":1,"featured_media":109918,"comment_status":"closed","ping_status":"closed","sticky":false,"template":"","format":"standard","meta":{"footnotes":""},"categories":[54],"tags":[26637,1909,10498,10499,2179,5940],"vip":[1237],"class_list":["post-53872","post","type-post","status-publish","format-standard","has-post-thumbnail","hentry","category-news","tag-allievi","tag-amici","tag-carlo-di-francesco","tag-fabrizio-moro","tag-polemica","tag-talent","vip-maria_de_filippi"],"yoast_head":"<title>&#039;Amici&#039;, Carlo Di Francesco al centro della polemica: &#039;Sei troppo crudele&#039; - Gossip.it | News sul Gossip e VIP<\/title>\n<meta name=\"description\" content=\"Carlo Di Francesco durante la puntata di sabato 9 gennaio di &quot;Amici&quot; ha tirato fuori una spiccata vena polemica nei confronti degli allievi ma anche dei\" \/>\n<meta name=\"robots\" content=\"index, follow, max-snippet:-1, max-image-preview:large, max-video-preview:-1\" \/>\n<link rel=\"canonical\" href=\"https:\/\/www.gossip.it\/news\/carlo-di-francesco-amici-polemica\/\" \/>\n<meta property=\"og:locale\" content=\"it_IT\" \/>\n<meta property=\"og:type\" content=\"article\" \/>\n<meta property=\"og:title\" content=\"&#039;Amici&#039;, Carlo Di Francesco al centro della polemica: &#039;Sei troppo crudele&#039; - Gossip.it | News sul Gossip e VIP\" \/>\n<meta property=\"og:description\" content=\"Carlo Di Francesco durante la puntata di sabato 9 gennaio di &quot;Amici&quot; ha tirato fuori una spiccata vena polemica nei confronti degli allievi ma anche dei\" \/>\n<meta property=\"og:url\" content=\"https:\/\/www.gossip.it\/news\/carlo-di-francesco-amici-polemica\/\" \/>\n<meta property=\"og:site_name\" content=\"Gossip.it | News sul Gossip e VIP\" \/>\n<meta property=\"article:publisher\" content=\"https:\/\/www.facebook.com\/GossipIT\" \/>\n<meta property=\"article:published_time\" content=\"2016-01-11T23:00:00+00:00\" \/>\n<meta property=\"og:image\" content=\"http:\/\/files.gossip.it\/immagini_news\/2016\/01\/1452608992_carlo_di_francesco_amici_polemica.jpg\" \/>\n<meta name=\"author\" content=\"La Redazione\" \/>\n<meta name=\"twitter:card\" content=\"summary_large_image\" \/>\n<meta name=\"twitter:image\" content=\"http:\/\/files.gossip.it\/immagini_news\/2016\/01\/1452608992_carlo_di_francesco_amici_polemica.jpg\" \/>\n<meta name=\"twitter:creator\" content=\"@gossinews_it\" \/>\n<meta name=\"twitter:site\" content=\"@gossinews_it\" \/>\n<meta name=\"twitter:label1\" content=\"Scritto da\" \/>\n\t<meta name=\"twitter:data1\" content=\"Francesca Romana Domenici\" \/>\n\t<meta name=\"twitter:label2\" content=\"Tempo di lettura stimato\" \/>\n\t<meta name=\"twitter:data2\" content=\"2 minuti\" \/>","yoast_head_json":{"title":"'Amici', Carlo Di Francesco al centro della polemica: 'Sei troppo crudele' - Gossip.it | News sul Gossip e VIP","description":"Carlo Di Francesco durante la puntata di sabato 9 gennaio di \"Amici\" ha tirato fuori una spiccata vena polemica nei confronti degli allievi ma anche dei","robots":{"index":"index","follow":"follow","max-snippet":"max-snippet:-1","max-image-preview":"max-image-preview:large","max-video-preview":"max-video-preview:-1"},"canonical":"https:\/\/www.gossip.it\/news\/carlo-di-francesco-amici-polemica\/","og_locale":"it_IT","og_type":"article","og_title":"'Amici', Carlo Di Francesco al centro della polemica: 'Sei troppo crudele' - Gossip.it | News sul Gossip e VIP","og_description":"Carlo Di Francesco durante la puntata di sabato 9 gennaio di \"Amici\" ha tirato fuori una spiccata vena polemica nei confronti degli allievi ma anche dei","og_url":"https:\/\/www.gossip.it\/news\/carlo-di-francesco-amici-polemica\/","og_site_name":"Gossip.it | News sul Gossip e VIP","article_publisher":"https:\/\/www.facebook.com\/GossipIT","article_published_time":"2016-01-11T23:00:00+00:00","og_image":[{"url":"http:\/\/files.gossip.it\/immagini_news\/2016\/01\/1452608992_carlo_di_francesco_amici_polemica.jpg"}],"author":"La Redazione","twitter_card":"summary_large_image","twitter_image":"http:\/\/files.gossip.it\/immagini_news\/2016\/01\/1452608992_carlo_di_francesco_amici_polemica.jpg","twitter_creator":"@gossinews_it","twitter_site":"@gossinews_it","twitter_misc":{"Scritto da":"Francesca Romana Domenici","Tempo di lettura stimato":"2 minuti"},"schema":{"@context":"https:\/\/schema.org","@graph":[{"@type":"Article","@id":"https:\/\/www.gossip.it\/news\/carlo-di-francesco-amici-polemica\/#article","isPartOf":{"@id":"https:\/\/www.gossip.it\/news\/carlo-di-francesco-amici-polemica\/"},"author":{"name":"La Redazione","@id":"https:\/\/www.gossip.it\/#\/schema\/person\/488896f75158bff1cc83c6c39d141110"},"headline":"'Amici', Carlo Di Francesco al centro della polemica: 'Sei troppo crudele'","datePublished":"2016-01-11T23:00:00+00:00","dateModified":"2016-01-11T23:00:00+00:00","mainEntityOfPage":{"@id":"https:\/\/www.gossip.it\/news\/carlo-di-francesco-amici-polemica\/"},"wordCount":353,"publisher":{"@id":"https:\/\/www.gossip.it\/#organization"},"image":{"@id":"https:\/\/www.gossip.it\/news\/carlo-di-francesco-amici-polemica\/#primaryimage"},"thumbnailUrl":"http:\/\/files.gossip.it\/immagini_news\/2016\/01\/1452608992_carlo_di_francesco_amici_polemica.jpg","keywords":["allievi","amici","Carlo Di Francesco","Fabrizio Moro","polemica","talent+"],"articleSection":["News"],"inLanguage":"it-IT"},{"@type":"WebPage","@id":"https:\/\/www.gossip.it\/news\/carlo-di-francesco-amici-polemica\/","url":"https:\/\/www.gossip.it\/news\/carlo-di-francesco-amici-polemica\/","name":"'Amici', Carlo Di Francesco al centro della polemica: 'Sei troppo crudele' - Gossip.it | News sul Gossip e VIP","isPartOf":{"@id":"https:\/\/www.gossip.it\/#website"},"primaryImageOfPage":{"@id":"https:\/\/www.gossip.it\/news\/carlo-di-francesco-amici-polemica\/#primaryimage"},"image":{"@id":"https:\/\/www.gossip.it\/news\/carlo-di-francesco-amici-polemica\/#primaryimage"},"thumbnailUrl":"http:\/\/files.gossip.it\/immagini_news\/2016\/01\/1452608992_carlo_di_francesco_amici_polemica.jpg","datePublished":"2016-01-11T23:00:00+00:00","dateModified":"2016-01-11T23:00:00+00:00","description":"Carlo Di Francesco durante la puntata di sabato 9 gennaio di \"Amici\" ha tirato fuori una spiccata vena polemica nei confronti degli allievi ma anche dei","breadcrumb":{"@id":"https:\/\/www.gossip.it\/news\/carlo-di-francesco-amici-polemica\/#breadcrumb"},"inLanguage":"it-IT","potentialAction":[{"@type":"ReadAction","target":["https:\/\/www.gossip.it\/news\/carlo-di-francesco-amici-polemica\/"]}]},{"@type":"ImageObject","inLanguage":"it-IT","@id":"https:\/\/www.gossip.it\/news\/carlo-di-francesco-amici-polemica\/#primaryimage","url":"http:\/\/files.gossip.it\/immagini_news\/2016\/01\/1452608992_carlo_di_francesco_amici_polemica.jpg","contentUrl":"http:\/\/files.gossip.it\/immagini_news\/2016\/01\/1452608992_carlo_di_francesco_amici_polemica.jpg"},{"@type":"BreadcrumbList","@id":"https:\/\/www.gossip.it\/news\/carlo-di-francesco-amici-polemica\/#breadcrumb","itemListElement":[{"@type":"ListItem","position":1,"name":"Home","item":"https:\/\/www.gossip.it\/"},{"@type":"ListItem","position":2,"name":"'Amici', Carlo Di Francesco al centro della polemica: 'Sei troppo crudele'"}]},{"@type":"WebSite","@id":"https:\/\/www.gossip.it\/#website","url":"https:\/\/www.gossip.it\/","name":"Gossip and VIP News","description":"Quotidiano di cronaca rosa, costume e societ\u00e0","publisher":{"@id":"https:\/\/www.gossip.it\/#organization"},"alternateName":"Gossip and VIP News","potentialAction":[{"@type":"SearchAction","target":{"@type":"EntryPoint","urlTemplate":"https:\/\/www.gossip.it\/?s={search_term_string}"},"query-input":{"@type":"PropertyValueSpecification","valueRequired":true,"valueName":"search_term_string"}}],"inLanguage":"it-IT"},{"@type":"Organization","@id":"https:\/\/www.gossip.it\/#organization","name":"Gossip and VIP News","alternateName":"Gossip News","url":"https:\/\/www.gossip.it\/","logo":{"@type":"ImageObject","inLanguage":"it-IT","@id":"https:\/\/www.gossip.it\/#\/schema\/logo\/image\/","url":"https:\/\/www.gossip.it\/wp-content\/uploads\/2022\/04\/cropped-corna-alta-tiny.png","contentUrl":"https:\/\/www.gossip.it\/wp-content\/uploads\/2022\/04\/cropped-corna-alta-tiny.png","width":512,"height":512,"caption":"Gossip and VIP News"},"image":{"@id":"https:\/\/www.gossip.it\/#\/schema\/logo\/image\/"},"sameAs":["https:\/\/www.facebook.com\/GossipIT","https:\/\/x.com\/gossinews_it","https:\/\/instagram.com\/gossip_it"]},{"@type":"Person","@id":"https:\/\/www.gossip.it\/#\/schema\/person\/488896f75158bff1cc83c6c39d141110","name":"La Redazione","image":{"@type":"ImageObject","inLanguage":"it-IT","@id":"https:\/\/www.gossip.it\/#\/schema\/person\/image\/","url":"https:\/\/secure.gravatar.com\/avatar\/5a5f5c6fa3e6700e4249abdad0263a1e94e927d9e0499b1cb09c1cd29c044d80?s=96&d=mm&r=g","contentUrl":"https:\/\/secure.gravatar.com\/avatar\/5a5f5c6fa3e6700e4249abdad0263a1e94e927d9e0499b1cb09c1cd29c044d80?s=96&d=mm&r=g","caption":"La Redazione"},"sameAs":["https:\/\/www.gossip.it"]}]}},"amp_enabled":true,"_links":{"self":[{"href":"https:\/\/www.gossip.it\/api\/wp\/v2\/posts\/53872","targetHints":{"allow":["GET"]}}],"collection":[{"href":"https:\/\/www.gossip.it\/api\/wp\/v2\/posts"}],"about":[{"href":"https:\/\/www.gossip.it\/api\/wp\/v2\/types\/post"}],"author":[{"embeddable":true,"href":"https:\/\/www.gossip.it\/api\/wp\/v2\/users\/1"}],"replies":[{"embeddable":true,"href":"https:\/\/www.gossip.it\/api\/wp\/v2\/comments?post=53872"}],"version-history":[{"count":0,"href":"https:\/\/www.gossip.it\/api\/wp\/v2\/posts\/53872\/revisions"}],"wp:featuredmedia":[{"embeddable":true,"href":"https:\/\/www.gossip.it\/api\/wp\/v2\/media\/109918"}],"wp:attachment":[{"href":"https:\/\/www.gossip.it\/api\/wp\/v2\/media?parent=53872"}],"wp:term":[{"taxonomy":"category","embeddable":true,"href":"https:\/\/www.gossip.it\/api\/wp\/v2\/categories?post=53872"},{"taxonomy":"post_tag","embeddable":true,"href":"https:\/\/www.gossip.it\/api\/wp\/v2\/tags?post=53872"},{"taxonomy":"vip","embeddable":true,"href":"https:\/\/www.gossip.it\/api\/wp\/v2\/vip?post=53872"}],"curies":[{"name":"wp","href":"https:\/\/api.w.org\/{rel}","templated":true}]}}