{"id":54043,"date":"2016-01-28T00:00:00","date_gmt":"2016-01-27T23:00:00","guid":{"rendered":"https:\/\/www.gossip.it\/senza-categoria\/emma-marrone-gay\/"},"modified":"2016-01-28T00:00:00","modified_gmt":"2016-01-27T23:00:00","slug":"emma-marrone-gay","status":"publish","type":"post","link":"https:\/\/www.gossip.it\/news\/emma-marrone-gay\/","title":{"rendered":"Emma Marrone: 'Se fossi gay non avrei problemi a dirlo'"},"content":{"rendered":"<p><a href=\"http:\/\/www.gossip.it\/vip\/emma-marrone\/\">Emma Marrone<\/a> se fosse <strong>gay<\/strong> lo direbbe. La <a href=\"http:\/\/www.gossip.it\/vip\/cantante\/\">cantante<\/a> 31enne, schierata apertamente a sostegno del DDl Cirinn\u00e0, la norma che potrebbe regolare per la prima volta in Italia le unioni\u00a0civili fra eterosessuali e fra omosessuali, in\u00a0discussione in Parlamento, lo ha spiegato a <em>Grazia<\/em> nel numero da oggi, gioved\u00ec 28 gennaio, in edicola.<\/p>\n<figure class=\"caption\"><img decoding=\"async\" alt=\"\" width=\"640\" height=\"714\" src=\"http:\/\/files.gossip.it\/immagini_news\/2016\/01\/1453979543_emma_marrone_intervista.jpg\" \/><figcaption>Emma marrone se fosse gay non avrebbe problemi a dirlo<\/figcaption><\/figure>\n<p><strong>Emma Marrone<\/strong> ha detto: <em>\"Se fossi <strong>gay<\/strong> non avrei problemi a dirlo, ma sono d\u2019accordo con chi sceglie di non farlo\"<\/em>. <em>\"Non voglio \u201cdifendermi\u201d<\/em> - ha poi spiegato - <em>essere <strong>gay<\/strong> non \u00e8 un\u2019accusa, n\u00e9 un insulto. Il coming out dovrebbe essere un fatto privato, un\u2019esigenza personale, non una giustificazione o una scusa in un clima di caccia alle streghe\"<\/em>.<br \/>Se <strong>Emma Marrone<\/strong> fosse <strong>gay<\/strong>, non avrebbe problemi ad ammetterlo. Ne parlerebbe sicuramente alla sua splendida famiglia, per la bionda <em>\"il posto dove so di trovare ascolto, dialogo, comprensione, persone delle quali posso fidarmi\"<\/em>.<br \/>Parlando dei suoi genitori ha sottolineato: <em>\"Mia madre \u00e8 una donna sensibile, mio padre mi ha dato il pi\u00f9 grande esempio di amore possibile: quando, all\u2019inizio della carriera, si parl\u00f2 della mia presunta omosessualit\u00e0, chiamai subito a casa. E pap\u00e0 mi disse:\u201cNon mi importa se torni con un uomo o una donna, basta che torni con qualcuno che ti rende felice\u201d\"<\/em>.<\/p>\n<figure class=\"caption\"><img decoding=\"async\" alt=\"\" width=\"640\" height=\"712\" src=\"http:\/\/files.gossip.it\/immagini_news\/2016\/01\/1453979589_emma_marrone_amica.jpg\" \/><figcaption>La cantante con l'assistente e amica fidata Francesca Sgualdrini<\/figcaption><\/figure>\n<p><strong>Emma Marrone<\/strong> sostiene il disegno di legge Cirinn\u00e0 per un motivo preciso: <em>\"Penso alle persone che amo e al fatto che, se avessi una figlia <strong>gay<\/strong>, vorrei che crescesse in un mondo in cui le siano garantiti gli stessi diritti di tutti. Soprattutto quello di essere felice. Nessuno pu\u00f2 giudicare quando un amore \u00e8 sano oppure no. Nessuno pu\u00f2 impedire a una donna di assistere la compagna della sua vita in ospedale, o di andare al suo funerale, come ancora oggi succede.\u00a0Dobbiamo sostenere il desiderio di unirsi e di amarsi,\u00a0a prescindere dal sesso. Il fatto che una famiglia sia\u00a0composta da un uomo e una donna non \u00e8 una garanzia\u00a0di amore e solidit\u00e0. I figli crescono con l\u2019amore, \u00e8 quello\u00a0che conta. Sar\u00e0 pure un\u2019utopia, ma io ci credo\"<\/em>.<\/p>\n<p>\u00a0<\/p>\n","protected":false},"excerpt":{"rendered":"<p>Emma Marrone se fosse gay lo direbbe. La cantante 31enne, schierata apertamente a sostegno del DDl Cirinn\u00e0, la norma che potrebbe regolare per la prima volta in Italia le unioni\u00a0civili fra eterosessuali e fra omosessuali, in\u00a0discussione in Parlamento, lo ha spiegato a Grazia nel numero da oggi, gioved\u00ec 28 gennaio, in edicola. Emma marrone se [&hellip;]<\/p>\n","protected":false},"author":1,"featured_media":110089,"comment_status":"closed","ping_status":"closed","sticky":false,"template":"","format":"standard","meta":{"footnotes":""},"categories":[54],"tags":[1909,1981,53919,2102,3140,2306,2103,3139,10062],"vip":[669],"class_list":["post-54043","post","type-post","status-publish","format-standard","has-post-thumbnail","hentry","category-news","tag-amici","tag-cantante","tag-ddl-cirinna","tag-dichiarazioni","tag-gay","tag-grazia","tag-intervista","tag-omosessuale","tag-unioni-civili","vip-emma_marrone"],"yoast_head":"<title>Emma Marrone: &#039;Se fossi gay non avrei problemi a dirlo&#039; - Gossip.it | News sul Gossip e VIP<\/title>\n<meta name=\"description\" content=\"Emma Marrone se fosse gay lo direbbe. La cantante 31enne, schierata apertamente a sostegno del DDl Cirinn\u00e0, la norma che potrebbe regolare per la prima\" \/>\n<meta name=\"robots\" content=\"index, follow, max-snippet:-1, max-image-preview:large, max-video-preview:-1\" \/>\n<link rel=\"canonical\" href=\"https:\/\/www.gossip.it\/news\/emma-marrone-gay\/\" \/>\n<meta property=\"og:locale\" content=\"it_IT\" \/>\n<meta property=\"og:type\" content=\"article\" \/>\n<meta property=\"og:title\" content=\"Emma Marrone: &#039;Se fossi gay non avrei problemi a dirlo&#039; - Gossip.it | News sul Gossip e VIP\" \/>\n<meta property=\"og:description\" content=\"Emma Marrone se fosse gay lo direbbe. La cantante 31enne, schierata apertamente a sostegno del DDl Cirinn\u00e0, la norma che potrebbe regolare per la prima\" \/>\n<meta property=\"og:url\" content=\"https:\/\/www.gossip.it\/news\/emma-marrone-gay\/\" \/>\n<meta property=\"og:site_name\" content=\"Gossip.it | News sul Gossip e VIP\" \/>\n<meta property=\"article:publisher\" content=\"https:\/\/www.facebook.com\/GossipIT\" \/>\n<meta property=\"article:published_time\" content=\"2016-01-27T23:00:00+00:00\" \/>\n<meta property=\"og:image\" content=\"http:\/\/files.gossip.it\/immagini_news\/2016\/01\/1453979543_emma_marrone_intervista.jpg\" \/>\n<meta name=\"author\" content=\"La Redazione\" \/>\n<meta name=\"twitter:card\" content=\"summary_large_image\" \/>\n<meta name=\"twitter:image\" content=\"http:\/\/files.gossip.it\/immagini_news\/2016\/01\/1453979543_emma_marrone_intervista.jpg\" \/>\n<meta name=\"twitter:creator\" content=\"@gossinews_it\" \/>\n<meta name=\"twitter:site\" content=\"@gossinews_it\" \/>\n<meta name=\"twitter:label1\" content=\"Scritto da\" \/>\n\t<meta name=\"twitter:data1\" content=\"Annamaria Capozzi\" \/>\n\t<meta name=\"twitter:label2\" content=\"Tempo di lettura stimato\" \/>\n\t<meta name=\"twitter:data2\" content=\"2 minuti\" \/>","yoast_head_json":{"title":"Emma Marrone: 'Se fossi gay non avrei problemi a dirlo' - Gossip.it | News sul Gossip e VIP","description":"Emma Marrone se fosse gay lo direbbe. La cantante 31enne, schierata apertamente a sostegno del DDl Cirinn\u00e0, la norma che potrebbe regolare per la prima","robots":{"index":"index","follow":"follow","max-snippet":"max-snippet:-1","max-image-preview":"max-image-preview:large","max-video-preview":"max-video-preview:-1"},"canonical":"https:\/\/www.gossip.it\/news\/emma-marrone-gay\/","og_locale":"it_IT","og_type":"article","og_title":"Emma Marrone: 'Se fossi gay non avrei problemi a dirlo' - Gossip.it | News sul Gossip e VIP","og_description":"Emma Marrone se fosse gay lo direbbe. La cantante 31enne, schierata apertamente a sostegno del DDl Cirinn\u00e0, la norma che potrebbe regolare per la prima","og_url":"https:\/\/www.gossip.it\/news\/emma-marrone-gay\/","og_site_name":"Gossip.it | News sul Gossip e VIP","article_publisher":"https:\/\/www.facebook.com\/GossipIT","article_published_time":"2016-01-27T23:00:00+00:00","og_image":[{"url":"http:\/\/files.gossip.it\/immagini_news\/2016\/01\/1453979543_emma_marrone_intervista.jpg"}],"author":"La Redazione","twitter_card":"summary_large_image","twitter_image":"http:\/\/files.gossip.it\/immagini_news\/2016\/01\/1453979543_emma_marrone_intervista.jpg","twitter_creator":"@gossinews_it","twitter_site":"@gossinews_it","twitter_misc":{"Scritto da":"Annamaria Capozzi","Tempo di lettura stimato":"2 minuti"},"schema":{"@context":"https:\/\/schema.org","@graph":[{"@type":"Article","@id":"https:\/\/www.gossip.it\/news\/emma-marrone-gay\/#article","isPartOf":{"@id":"https:\/\/www.gossip.it\/news\/emma-marrone-gay\/"},"author":{"name":"La Redazione","@id":"https:\/\/www.gossip.it\/#\/schema\/person\/488896f75158bff1cc83c6c39d141110"},"headline":"Emma Marrone: 'Se fossi gay non avrei problemi a dirlo'","datePublished":"2016-01-27T23:00:00+00:00","dateModified":"2016-01-27T23:00:00+00:00","mainEntityOfPage":{"@id":"https:\/\/www.gossip.it\/news\/emma-marrone-gay\/"},"wordCount":372,"publisher":{"@id":"https:\/\/www.gossip.it\/#organization"},"image":{"@id":"https:\/\/www.gossip.it\/news\/emma-marrone-gay\/#primaryimage"},"thumbnailUrl":"http:\/\/files.gossip.it\/immagini_news\/2016\/01\/1453979543_emma_marrone_intervista.jpg","keywords":["amici","cantante","ddl cirinn\u00e0","dichiarazioni","gay","grazia","intervista","omosessuale","unioni civili"],"articleSection":["News"],"inLanguage":"it-IT"},{"@type":"WebPage","@id":"https:\/\/www.gossip.it\/news\/emma-marrone-gay\/","url":"https:\/\/www.gossip.it\/news\/emma-marrone-gay\/","name":"Emma Marrone: 'Se fossi gay non avrei problemi a dirlo' - Gossip.it | News sul Gossip e VIP","isPartOf":{"@id":"https:\/\/www.gossip.it\/#website"},"primaryImageOfPage":{"@id":"https:\/\/www.gossip.it\/news\/emma-marrone-gay\/#primaryimage"},"image":{"@id":"https:\/\/www.gossip.it\/news\/emma-marrone-gay\/#primaryimage"},"thumbnailUrl":"http:\/\/files.gossip.it\/immagini_news\/2016\/01\/1453979543_emma_marrone_intervista.jpg","datePublished":"2016-01-27T23:00:00+00:00","dateModified":"2016-01-27T23:00:00+00:00","description":"Emma Marrone se fosse gay lo direbbe. La cantante 31enne, schierata apertamente a sostegno del DDl Cirinn\u00e0, la norma che potrebbe regolare per la prima","breadcrumb":{"@id":"https:\/\/www.gossip.it\/news\/emma-marrone-gay\/#breadcrumb"},"inLanguage":"it-IT","potentialAction":[{"@type":"ReadAction","target":["https:\/\/www.gossip.it\/news\/emma-marrone-gay\/"]}]},{"@type":"ImageObject","inLanguage":"it-IT","@id":"https:\/\/www.gossip.it\/news\/emma-marrone-gay\/#primaryimage","url":"http:\/\/files.gossip.it\/immagini_news\/2016\/01\/1453979543_emma_marrone_intervista.jpg","contentUrl":"http:\/\/files.gossip.it\/immagini_news\/2016\/01\/1453979543_emma_marrone_intervista.jpg"},{"@type":"BreadcrumbList","@id":"https:\/\/www.gossip.it\/news\/emma-marrone-gay\/#breadcrumb","itemListElement":[{"@type":"ListItem","position":1,"name":"Home","item":"https:\/\/www.gossip.it\/"},{"@type":"ListItem","position":2,"name":"Emma Marrone: 'Se fossi gay non avrei problemi a dirlo'"}]},{"@type":"WebSite","@id":"https:\/\/www.gossip.it\/#website","url":"https:\/\/www.gossip.it\/","name":"Gossip and VIP News","description":"Quotidiano di cronaca rosa, costume e societ\u00e0","publisher":{"@id":"https:\/\/www.gossip.it\/#organization"},"alternateName":"Gossip and VIP News","potentialAction":[{"@type":"SearchAction","target":{"@type":"EntryPoint","urlTemplate":"https:\/\/www.gossip.it\/?s={search_term_string}"},"query-input":{"@type":"PropertyValueSpecification","valueRequired":true,"valueName":"search_term_string"}}],"inLanguage":"it-IT"},{"@type":"Organization","@id":"https:\/\/www.gossip.it\/#organization","name":"Gossip and VIP News","alternateName":"Gossip News","url":"https:\/\/www.gossip.it\/","logo":{"@type":"ImageObject","inLanguage":"it-IT","@id":"https:\/\/www.gossip.it\/#\/schema\/logo\/image\/","url":"https:\/\/www.gossip.it\/wp-content\/uploads\/2022\/04\/cropped-corna-alta-tiny.png","contentUrl":"https:\/\/www.gossip.it\/wp-content\/uploads\/2022\/04\/cropped-corna-alta-tiny.png","width":512,"height":512,"caption":"Gossip and VIP News"},"image":{"@id":"https:\/\/www.gossip.it\/#\/schema\/logo\/image\/"},"sameAs":["https:\/\/www.facebook.com\/GossipIT","https:\/\/x.com\/gossinews_it","https:\/\/instagram.com\/gossip_it"]},{"@type":"Person","@id":"https:\/\/www.gossip.it\/#\/schema\/person\/488896f75158bff1cc83c6c39d141110","name":"La Redazione","image":{"@type":"ImageObject","inLanguage":"it-IT","@id":"https:\/\/www.gossip.it\/#\/schema\/person\/image\/","url":"https:\/\/secure.gravatar.com\/avatar\/5a5f5c6fa3e6700e4249abdad0263a1e94e927d9e0499b1cb09c1cd29c044d80?s=96&d=mm&r=g","contentUrl":"https:\/\/secure.gravatar.com\/avatar\/5a5f5c6fa3e6700e4249abdad0263a1e94e927d9e0499b1cb09c1cd29c044d80?s=96&d=mm&r=g","caption":"La Redazione"},"sameAs":["https:\/\/www.gossip.it"]}]}},"amp_enabled":true,"_links":{"self":[{"href":"https:\/\/www.gossip.it\/api\/wp\/v2\/posts\/54043","targetHints":{"allow":["GET"]}}],"collection":[{"href":"https:\/\/www.gossip.it\/api\/wp\/v2\/posts"}],"about":[{"href":"https:\/\/www.gossip.it\/api\/wp\/v2\/types\/post"}],"author":[{"embeddable":true,"href":"https:\/\/www.gossip.it\/api\/wp\/v2\/users\/1"}],"replies":[{"embeddable":true,"href":"https:\/\/www.gossip.it\/api\/wp\/v2\/comments?post=54043"}],"version-history":[{"count":0,"href":"https:\/\/www.gossip.it\/api\/wp\/v2\/posts\/54043\/revisions"}],"wp:featuredmedia":[{"embeddable":true,"href":"https:\/\/www.gossip.it\/api\/wp\/v2\/media\/110089"}],"wp:attachment":[{"href":"https:\/\/www.gossip.it\/api\/wp\/v2\/media?parent=54043"}],"wp:term":[{"taxonomy":"category","embeddable":true,"href":"https:\/\/www.gossip.it\/api\/wp\/v2\/categories?post=54043"},{"taxonomy":"post_tag","embeddable":true,"href":"https:\/\/www.gossip.it\/api\/wp\/v2\/tags?post=54043"},{"taxonomy":"vip","embeddable":true,"href":"https:\/\/www.gossip.it\/api\/wp\/v2\/vip?post=54043"}],"curies":[{"name":"wp","href":"https:\/\/api.w.org\/{rel}","templated":true}]}}