{"id":54058,"date":"2016-01-29T00:00:00","date_gmt":"2016-01-28T23:00:00","guid":{"rendered":"https:\/\/www.gossip.it\/senza-categoria\/belen-rodriguez-mondana-no-foto\/"},"modified":"2016-01-29T00:00:00","modified_gmt":"2016-01-28T23:00:00","slug":"belen-rodriguez-mondana-no-foto","status":"publish","type":"post","link":"https:\/\/www.gossip.it\/news\/belen-rodriguez-mondana-no-foto\/","title":{"rendered":"Belen Rodriguez torna mondana, ma dice no alle foto"},"content":{"rendered":"<p><a href=\"http:\/\/www.gossip.it\/vip\/belen-rodriguez\/\">Belen Rodriguez<\/a> torna <strong>mondana<\/strong>, anche se dice di <strong>no<\/strong> alle <strong>foto<\/strong> sul red carpet e sfilando davanti ai media, promette di far capolino davanti ai flash pi\u00f9 tardi, ma non mantiene il <em>'giuramento'<\/em>.<\/p>\n<figure class=\"caption\"><img decoding=\"async\" alt=\"\" width=\"640\" height=\"902\" src=\"http:\/\/files.gossip.it\/immagini_news\/2016\/01\/1454070308_belen_rodriguez.jpg\" \/><figcaption>Belen Rodriguez torna mondana dopo il crack con Stefano De Martino<\/figcaption><\/figure>\n<p>Ieri <strong>Belen Rodriguez<\/strong> \u00e8 stata tra gli ospiti del <em>\"The AM birthday party\"<\/em> London calling, organizzato a La Permanente di Milano da Alessandro Martorana per festeggiare il suo 42\u00b0 compleanno. Tantissimi i vip presenti. Anche l'argentina 31enne ha deciso di andare. Torna <strong>mondana<\/strong>, ma non troppo. <strong>Belen Rodriguez<\/strong> ha fatto il suo ingresso alla festa accanto a un paio di amiche. Con lei, quasi inseparabile, <strong>Patrizia Griffini<\/strong>, l'ex petineuse del <a href=\"http:\/\/www.gossip.it\/vip\/grande-fratello\/\">Grande Fratello<\/a>. La <a href=\"http:\/\/www.gossip.it\/vip\/showgirl\/\">showgirl<\/a> e <a href=\"http:\/\/www.gossip.it\/vip\/modella\/\">modella<\/a> per l'occasione <strong>mondana<\/strong> ha indossato una tuta blu fantasia in tessuto morbido, stretta in vita da una cintura. Ai piedi sandali.\u00a0<\/p>\n<div data-idgallery=\"3a15f888eeaa9b8a08c1e845de82c0b7\" class=\"galleryintegrata\">\u00a0<\/div>\n<figure class=\"caption\"><img decoding=\"async\" alt=\"\" width=\"640\" height=\"580\" src=\"http:\/\/files.gossip.it\/immagini_news\/2016\/01\/1454070342_belen_compleanno_martorana.jpg\" \/><figcaption>Al party a Milano va con le amiche<\/figcaption><\/figure>\n<p>Capelli raccolti in una coda per <strong>Belen Rodriguez<\/strong> che, davanti ai flash appostati, non ha regalato il suo bel sorriso. Ha detto di <strong>no<\/strong> alle canoniche <strong>foto<\/strong> sul tappeto rosso, \u00e8 entrata alla festa e ci \u00e8 rimasta pochissimo, solo una decina di minuti. Poi se n'\u00e8 andata: \u00e8 tornata a casa. Cos\u00ec hanno raccontato i presenti.<\/p>\n<figure class=\"caption\"><img decoding=\"async\" alt=\"\" width=\"640\" height=\"867\" src=\"http:\/\/files.gossip.it\/immagini_news\/2016\/01\/1454070430_belen_rodriguez_red_carpet.jpg\" \/><figcaption>La showgirl ha detto di no alle foto sul red carpet<\/figcaption><\/figure>\n<p><strong>Mondana<\/strong>, ma solo un pochino. <strong>No<\/strong> alle <strong>foto<\/strong>, forse perch\u00e9, nonostante sul <a href=\"http:\/\/www.gossip.it\/vip\/social\/\">social<\/a> sembri sicura di s\u00e9, questo non \u00e8 un buon momento per sorridere davanti a tutti. Rumors provenienti dal capoluogo lombardo raccontano di un periodo non facile. Avrebbe persino deciso di mettere in vendita la casa che ha diviso e poi ristrutturato insieme a <a href=\"http:\/\/www.gossip.it\/vip\/stefano-de martino\/\">Stefano De Martino<\/a>. Il ballerino lo sta vedendo, tra l'altro in questi giorni \u00e8 stata a Roma per preparare <a href=\"http:\/\/www.gossip.it\/vip\/piccoli-giganti\/\">Piccoli Giganti<\/a>, il <a href=\"http:\/\/www.gossip.it\/vip\/talent-show\/\">talent show<\/a> con i bambini protagonisti in cui lavora a stretto contatto proprio con il padre di suo figlio, <a href=\"http:\/\/www.gossip.it\/vip\/santiago\/\">Santiago<\/a>.<\/p>\n<figure class=\"caption\"><img decoding=\"async\" alt=\"\" width=\"640\" height=\"500\" src=\"http:\/\/files.gossip.it\/immagini_news\/2016\/01\/1454070448_casalegno_d_urso_ventura_caracciolo.jpg\" \/><figcaption>Alla festa anche Elenoire Casalegno e Sebastiano Lombardi, Barbara D'Urso, Costanza Caracciolo, Alessia Ventura<\/figcaption><\/figure>\n<p><em>\"In questo momento mi \u00e8 venuto a mancare ci\u00f2 che era indispensabile per farmi stare bene davvero\"<\/em>, ha detto <strong>Belen Rodriguez<\/strong> a <em>Chi<\/em>. probabilmente \u00e8 vero, al punto che stare a una festa con tutti i soliti noti non la diverte quasi pi\u00f9.<\/p>\n<p>\u00a0<\/p>\n<p>\u00a0<\/p>\n","protected":false},"excerpt":{"rendered":"<p>Belen Rodriguez torna mondana, anche se dice di no alle foto sul red carpet e sfilando davanti ai media, promette di far capolino davanti ai flash pi\u00f9 tardi, ma non mantiene il 'giuramento'. Belen Rodriguez torna mondana dopo il crack con Stefano De Martino Ieri Belen Rodriguez \u00e8 stata tra gli ospiti del \"The AM [&hellip;]<\/p>\n","protected":false},"author":1,"featured_media":110104,"comment_status":"closed","ping_status":"closed","sticky":false,"template":"","format":"standard","meta":{"footnotes":""},"categories":[54],"tags":[11490,2757,1907,53925,1979,1997,6023,53924,1965,10103,7659,1967,2097],"vip":[396,1731],"class_list":["post-54058","post","type-post","status-publish","format-standard","has-post-thumbnail","hentry","category-news","tag-alessandro-martorana","tag-evento","tag-festa","tag-la-permanente","tag-milano","tag-modella","tag-mondana","tag-no-foto","tag-party","tag-piccoli-giganti","tag-santiago","tag-showgirl","tag-tv","vip-belen_rodriguez","vip-stefano_de_martino"],"yoast_head":"<title>Belen Rodriguez torna mondana, ma dice no alle foto - Gossip.it | News sul Gossip e VIP<\/title>\n<meta name=\"description\" content=\"Belen Rodriguez torna mondana, anche se dice di no alle foto sul red carpet e sfilando davanti ai media, promette di far capolino davanti ai flash pi\u00f9\" \/>\n<meta name=\"robots\" content=\"index, follow, max-snippet:-1, max-image-preview:large, max-video-preview:-1\" \/>\n<link rel=\"canonical\" href=\"https:\/\/www.gossip.it\/news\/belen-rodriguez-mondana-no-foto\/\" \/>\n<meta property=\"og:locale\" content=\"it_IT\" \/>\n<meta property=\"og:type\" content=\"article\" \/>\n<meta property=\"og:title\" content=\"Belen Rodriguez torna mondana, ma dice no alle foto - Gossip.it | News sul Gossip e VIP\" \/>\n<meta property=\"og:description\" content=\"Belen Rodriguez torna mondana, anche se dice di no alle foto sul red carpet e sfilando davanti ai media, promette di far capolino davanti ai flash pi\u00f9\" \/>\n<meta property=\"og:url\" content=\"https:\/\/www.gossip.it\/news\/belen-rodriguez-mondana-no-foto\/\" \/>\n<meta property=\"og:site_name\" content=\"Gossip.it | News sul Gossip e VIP\" \/>\n<meta property=\"article:publisher\" content=\"https:\/\/www.facebook.com\/GossipIT\" \/>\n<meta property=\"article:published_time\" content=\"2016-01-28T23:00:00+00:00\" \/>\n<meta property=\"og:image\" content=\"http:\/\/files.gossip.it\/immagini_news\/2016\/01\/1454070308_belen_rodriguez.jpg\" \/>\n<meta name=\"author\" content=\"La Redazione\" \/>\n<meta name=\"twitter:card\" content=\"summary_large_image\" \/>\n<meta name=\"twitter:image\" content=\"http:\/\/files.gossip.it\/immagini_news\/2016\/01\/1454070308_belen_rodriguez.jpg\" \/>\n<meta name=\"twitter:creator\" content=\"@gossinews_it\" \/>\n<meta name=\"twitter:site\" content=\"@gossinews_it\" \/>\n<meta name=\"twitter:label1\" content=\"Scritto da\" \/>\n\t<meta name=\"twitter:data1\" content=\"Annamaria Capozzi\" \/>\n\t<meta name=\"twitter:label2\" content=\"Tempo di lettura stimato\" \/>\n\t<meta name=\"twitter:data2\" content=\"2 minuti\" \/>","yoast_head_json":{"title":"Belen Rodriguez torna mondana, ma dice no alle foto - Gossip.it | News sul Gossip e VIP","description":"Belen Rodriguez torna mondana, anche se dice di no alle foto sul red carpet e sfilando davanti ai media, promette di far capolino davanti ai flash pi\u00f9","robots":{"index":"index","follow":"follow","max-snippet":"max-snippet:-1","max-image-preview":"max-image-preview:large","max-video-preview":"max-video-preview:-1"},"canonical":"https:\/\/www.gossip.it\/news\/belen-rodriguez-mondana-no-foto\/","og_locale":"it_IT","og_type":"article","og_title":"Belen Rodriguez torna mondana, ma dice no alle foto - Gossip.it | News sul Gossip e VIP","og_description":"Belen Rodriguez torna mondana, anche se dice di no alle foto sul red carpet e sfilando davanti ai media, promette di far capolino davanti ai flash pi\u00f9","og_url":"https:\/\/www.gossip.it\/news\/belen-rodriguez-mondana-no-foto\/","og_site_name":"Gossip.it | News sul Gossip e VIP","article_publisher":"https:\/\/www.facebook.com\/GossipIT","article_published_time":"2016-01-28T23:00:00+00:00","og_image":[{"url":"http:\/\/files.gossip.it\/immagini_news\/2016\/01\/1454070308_belen_rodriguez.jpg"}],"author":"La Redazione","twitter_card":"summary_large_image","twitter_image":"http:\/\/files.gossip.it\/immagini_news\/2016\/01\/1454070308_belen_rodriguez.jpg","twitter_creator":"@gossinews_it","twitter_site":"@gossinews_it","twitter_misc":{"Scritto da":"Annamaria Capozzi","Tempo di lettura stimato":"2 minuti"},"schema":{"@context":"https:\/\/schema.org","@graph":[{"@type":"Article","@id":"https:\/\/www.gossip.it\/news\/belen-rodriguez-mondana-no-foto\/#article","isPartOf":{"@id":"https:\/\/www.gossip.it\/news\/belen-rodriguez-mondana-no-foto\/"},"author":{"name":"La Redazione","@id":"https:\/\/www.gossip.it\/#\/schema\/person\/488896f75158bff1cc83c6c39d141110"},"headline":"Belen Rodriguez torna mondana, ma dice no alle foto","datePublished":"2016-01-28T23:00:00+00:00","dateModified":"2016-01-28T23:00:00+00:00","mainEntityOfPage":{"@id":"https:\/\/www.gossip.it\/news\/belen-rodriguez-mondana-no-foto\/"},"wordCount":377,"publisher":{"@id":"https:\/\/www.gossip.it\/#organization"},"image":{"@id":"https:\/\/www.gossip.it\/news\/belen-rodriguez-mondana-no-foto\/#primaryimage"},"thumbnailUrl":"http:\/\/files.gossip.it\/immagini_news\/2016\/01\/1454070308_belen_rodriguez.jpg","keywords":["alessandro martorana","evento","festa","la permanente","milano","modella","mondana","no foto","party","piccoli giganti","santiago","showgirl","tv"],"articleSection":["News"],"inLanguage":"it-IT"},{"@type":"WebPage","@id":"https:\/\/www.gossip.it\/news\/belen-rodriguez-mondana-no-foto\/","url":"https:\/\/www.gossip.it\/news\/belen-rodriguez-mondana-no-foto\/","name":"Belen Rodriguez torna mondana, ma dice no alle foto - Gossip.it | News sul Gossip e VIP","isPartOf":{"@id":"https:\/\/www.gossip.it\/#website"},"primaryImageOfPage":{"@id":"https:\/\/www.gossip.it\/news\/belen-rodriguez-mondana-no-foto\/#primaryimage"},"image":{"@id":"https:\/\/www.gossip.it\/news\/belen-rodriguez-mondana-no-foto\/#primaryimage"},"thumbnailUrl":"http:\/\/files.gossip.it\/immagini_news\/2016\/01\/1454070308_belen_rodriguez.jpg","datePublished":"2016-01-28T23:00:00+00:00","dateModified":"2016-01-28T23:00:00+00:00","description":"Belen Rodriguez torna mondana, anche se dice di no alle foto sul red carpet e sfilando davanti ai media, promette di far capolino davanti ai flash pi\u00f9","breadcrumb":{"@id":"https:\/\/www.gossip.it\/news\/belen-rodriguez-mondana-no-foto\/#breadcrumb"},"inLanguage":"it-IT","potentialAction":[{"@type":"ReadAction","target":["https:\/\/www.gossip.it\/news\/belen-rodriguez-mondana-no-foto\/"]}]},{"@type":"ImageObject","inLanguage":"it-IT","@id":"https:\/\/www.gossip.it\/news\/belen-rodriguez-mondana-no-foto\/#primaryimage","url":"http:\/\/files.gossip.it\/immagini_news\/2016\/01\/1454070308_belen_rodriguez.jpg","contentUrl":"http:\/\/files.gossip.it\/immagini_news\/2016\/01\/1454070308_belen_rodriguez.jpg"},{"@type":"BreadcrumbList","@id":"https:\/\/www.gossip.it\/news\/belen-rodriguez-mondana-no-foto\/#breadcrumb","itemListElement":[{"@type":"ListItem","position":1,"name":"Home","item":"https:\/\/www.gossip.it\/"},{"@type":"ListItem","position":2,"name":"Belen Rodriguez torna mondana, ma dice no alle foto"}]},{"@type":"WebSite","@id":"https:\/\/www.gossip.it\/#website","url":"https:\/\/www.gossip.it\/","name":"Gossip and VIP News","description":"Quotidiano di cronaca rosa, costume e societ\u00e0","publisher":{"@id":"https:\/\/www.gossip.it\/#organization"},"alternateName":"Gossip and VIP News","potentialAction":[{"@type":"SearchAction","target":{"@type":"EntryPoint","urlTemplate":"https:\/\/www.gossip.it\/?s={search_term_string}"},"query-input":{"@type":"PropertyValueSpecification","valueRequired":true,"valueName":"search_term_string"}}],"inLanguage":"it-IT"},{"@type":"Organization","@id":"https:\/\/www.gossip.it\/#organization","name":"Gossip and VIP News","alternateName":"Gossip News","url":"https:\/\/www.gossip.it\/","logo":{"@type":"ImageObject","inLanguage":"it-IT","@id":"https:\/\/www.gossip.it\/#\/schema\/logo\/image\/","url":"https:\/\/www.gossip.it\/wp-content\/uploads\/2022\/04\/cropped-corna-alta-tiny.png","contentUrl":"https:\/\/www.gossip.it\/wp-content\/uploads\/2022\/04\/cropped-corna-alta-tiny.png","width":512,"height":512,"caption":"Gossip and VIP News"},"image":{"@id":"https:\/\/www.gossip.it\/#\/schema\/logo\/image\/"},"sameAs":["https:\/\/www.facebook.com\/GossipIT","https:\/\/x.com\/gossinews_it","https:\/\/instagram.com\/gossip_it"]},{"@type":"Person","@id":"https:\/\/www.gossip.it\/#\/schema\/person\/488896f75158bff1cc83c6c39d141110","name":"La Redazione","image":{"@type":"ImageObject","inLanguage":"it-IT","@id":"https:\/\/www.gossip.it\/#\/schema\/person\/image\/","url":"https:\/\/secure.gravatar.com\/avatar\/5a5f5c6fa3e6700e4249abdad0263a1e94e927d9e0499b1cb09c1cd29c044d80?s=96&d=mm&r=g","contentUrl":"https:\/\/secure.gravatar.com\/avatar\/5a5f5c6fa3e6700e4249abdad0263a1e94e927d9e0499b1cb09c1cd29c044d80?s=96&d=mm&r=g","caption":"La Redazione"},"sameAs":["https:\/\/www.gossip.it"]}]}},"amp_enabled":true,"_links":{"self":[{"href":"https:\/\/www.gossip.it\/api\/wp\/v2\/posts\/54058","targetHints":{"allow":["GET"]}}],"collection":[{"href":"https:\/\/www.gossip.it\/api\/wp\/v2\/posts"}],"about":[{"href":"https:\/\/www.gossip.it\/api\/wp\/v2\/types\/post"}],"author":[{"embeddable":true,"href":"https:\/\/www.gossip.it\/api\/wp\/v2\/users\/1"}],"replies":[{"embeddable":true,"href":"https:\/\/www.gossip.it\/api\/wp\/v2\/comments?post=54058"}],"version-history":[{"count":0,"href":"https:\/\/www.gossip.it\/api\/wp\/v2\/posts\/54058\/revisions"}],"wp:featuredmedia":[{"embeddable":true,"href":"https:\/\/www.gossip.it\/api\/wp\/v2\/media\/110104"}],"wp:attachment":[{"href":"https:\/\/www.gossip.it\/api\/wp\/v2\/media?parent=54058"}],"wp:term":[{"taxonomy":"category","embeddable":true,"href":"https:\/\/www.gossip.it\/api\/wp\/v2\/categories?post=54058"},{"taxonomy":"post_tag","embeddable":true,"href":"https:\/\/www.gossip.it\/api\/wp\/v2\/tags?post=54058"},{"taxonomy":"vip","embeddable":true,"href":"https:\/\/www.gossip.it\/api\/wp\/v2\/vip?post=54058"}],"curies":[{"name":"wp","href":"https:\/\/api.w.org\/{rel}","templated":true}]}}