{"id":54069,"date":"2016-01-29T00:00:00","date_gmt":"2016-01-28T23:00:00","guid":{"rendered":"https:\/\/www.gossip.it\/senza-categoria\/gianluca-nicoletti-figlio-18-anni-autistico\/"},"modified":"2016-01-29T00:00:00","modified_gmt":"2016-01-28T23:00:00","slug":"gianluca-nicoletti-figlio-18-anni-autistico","status":"publish","type":"post","link":"https:\/\/www.gossip.it\/news\/gianluca-nicoletti-figlio-18-anni-autistico\/","title":{"rendered":"Gianluca Nicoletti: 'Mio figlio a 18 anni non sar\u00e0 pi\u00f9 un autistico'"},"content":{"rendered":"<p><a href=\"http:\/\/www.gossip.it\/vip\/gianluca-nicoletti\/\">Gianluca Nicoletti<\/a>, giornalista e scrittore, autore di due romanzi in cui racconta la vita insieme a suo <strong>figlio<\/strong> Tommy, <strong>autistico<\/strong>, \"Una notte ho sognato che parlavi\" e \"Alla fine qualcosa ci inventeremo\", denuncia una dura realt\u00e0: a <strong>18 anni <\/strong>suo figlio per lo Stato non sar\u00e0 pi\u00f9 un autistico. Per la legge italiana, infatti, raggiunta la maggiore et\u00e0 i ragazzi autistici non avranno pi\u00f9 diritto all'assistenza prevista dalla legge 104, che regola l'assistenza ai disabili.<\/p>\n<figure class=\"caption\"><img decoding=\"async\" alt=\"\" width=\"640\" height=\"463\" src=\"http:\/\/files.gossip.it\/immagini_news\/2016\/01\/1454080849_gianluca_nicoletti_dichiarazioni.jpg\" \/><figcaption>Gianluca Nicoletti ha denunciato che per la legge italiana suo figlio a 18 anni non \u00e8 pi\u00f9 considerato un autistico<\/figcaption><\/figure>\n<p><strong>Gianluca Nicoletti<\/strong>, provacoriemanete e molto amaramente, rilancia una questione scottante che ha gi\u00e0 affrontato in passato: suo <strong>figlio<\/strong> a <strong>18 anni<\/strong> non sar\u00e0 pi\u00f9 un <strong>autistico<\/strong>, come se fosse guarito. Pazzesco ma vero. <em>\"Tommy compie <strong>18 anni <\/strong>il 26 febbraio e a tutti gli effetti non sar\u00e0 pi\u00f9 considerato un <strong>autistico<\/strong>. Entra nel limbo dei fantasmi, di quelli che qualche psicanalista d\u2019ant\u00e0n chiama i post autistici\"<\/em>, ha scritto in un lungo post. <em>\"Prima che arrivi il 26 febbraio, serve un certificato del medico di base che attesti che non \u00e8 guarito dalle sue precedenti situazioni ovvero che \u00e8 ancora <strong>autistico<\/strong> e soffre di epilessia<\/em> - continua <strong>Gianluca Nicoletti<\/strong> - <em>Questo servir\u00e0 per l\u2019Inps al fine di assicurarsi che l\u2019indennit\u00e0 di accompagnamento, che sar\u00e0 automaticamente sospesa con l\u2019entrata nel 18esimo anno e per tutti i mesi a venire, venga rimborsata quando Tommy riavr\u00e0 nuovamente la 104, i cui benefici legati ai permessi sul lavoro saranno sospesi (ne usufruiva la madre)\"<\/em>.\u00a0<\/p>\n<figure class=\"caption\"><img decoding=\"async\" alt=\"\" width=\"640\" height=\"523\" src=\"http:\/\/files.gossip.it\/immagini_news\/2016\/01\/1454080897_gianluca_nicoletti_figlio.jpg\" \/><figcaption>Il giornalista insieme al suo ragazzo, Tommy<\/figcaption><\/figure>\n<p>A <strong>18 anni<\/strong> suo <strong>figlio<\/strong> diventer\u00e0 maggiorenne, ma rimarr\u00e0 purtroppo un <strong>autistico<\/strong>: <em>\"C\u2019\u00e8 da mettersi le mani nei capelli: io per casa ho ancora a tutti gli effetti un bambino da sorvegliare come se avesse tre anni, anche se \u00e8 alto due palmi pi\u00f9 di me e pesa 90 chili. Al CAF poi mi hanno ricordato l\u2019aspetto pi\u00f9 ridicolo della questione: non \u00e8 pi\u00f9 <strong>autistico<\/strong> quindi dovr\u00f2 nuovamente rifare tutta la trafila per la 104 che scade devo ricominciare a fare tutto daccapo\"<\/em>.<br \/><strong>Gianluca Nicoletti<\/strong> per aiutare la sua famiglia e quella di tanti altri ha creato un luogo dove i ragazzi affetti di autismo possano sentirsi al sicuro, Insettopia, una onlus dove<em> \"si cerca di creare una \u201cCultura\u201d dell\u2019autismo per fare chiarezza riguardo ogni luogo comune sulla disabilita psichica, ogni informazione superficiale, ogni leggenda e superstizione. I nostri figli autistici crescono e vogliamo essere certi che abbiano una vita felice e dignitosa anche dopo di noi. L\u2019indifferenza verso questa importante fetta di umanit\u00e0 \u00e8 stata finora veramente sconsolante, inesorabilmente l\u2019isolamento uccide da dentro ogni familiare d\u2019<strong>autistico<\/strong>, costretto a pensare che cos\u00ec sar\u00e0 per sempre, o almeno finch\u00e9 potr\u00e0 occuparsene lui\".<\/em><br \/>Tommy, il suo ragazzo, festegger\u00e0 i <strong>18 anni<\/strong>: <em>\"Sar\u00e0 la festa non solo di Tommy che smette di essere <strong>autistico<\/strong>, ma di tutti i suoi colleghi che sono passati e passeranno alla dimensione di \u201cfantasmi ex autistici\u201d. L'occasione per richiamare attenzione sugli ex autistici adulti e la loro inesorabile scomparsa\"<\/em>.<br \/><strong>Gianluca Nicoletti<\/strong> ha deciso di realizzare pure un film \"Tommy e gli altri\": <em>\"So che esistono centinaia di famiglie che si arrovellano sui miei stessi problemi, voglio fare un film su Tommy e i suoi amici perch\u00e9 anche quei genitori escano dal silenzio. Quel mutismo coatto a cui si condanna chi pensa di avere avuto in sorte un figlio irraccontabile\"<\/em>.<\/p>\n<p>\u00a0<\/p>\n","protected":false},"excerpt":{"rendered":"<p>Gianluca Nicoletti, giornalista e scrittore, autore di due romanzi in cui racconta la vita insieme a suo figlio Tommy, autistico, \"Una notte ho sognato che parlavi\" e \"Alla fine qualcosa ci inventeremo\", denuncia una dura realt\u00e0: a 18 anni suo figlio per lo Stato non sar\u00e0 pi\u00f9 un autistico. Per la legge italiana, infatti, raggiunta [&hellip;]<\/p>\n","protected":false},"author":1,"featured_media":110115,"comment_status":"closed","ping_status":"closed","sticky":false,"template":"","format":"standard","meta":{"footnotes":""},"categories":[54],"tags":[8901,13713,53934,2102,1942,23843,2168,3268,4302],"vip":[],"class_list":["post-54069","post","type-post","status-publish","format-standard","has-post-thumbnail","hentry","category-news","tag-18-anni","tag-autismo","tag-autistico","tag-dichiarazioni","tag-figlio","tag-gianluca-nicoletti","tag-giornalista","tag-scrittore","tag-tommy"],"yoast_head":"<title>Gianluca Nicoletti: &#039;Mio figlio a 18 anni non sar\u00e0 pi\u00f9 un autistico&#039; - Gossip.it | News sul Gossip e VIP<\/title>\n<meta name=\"description\" content=\"Gianluca Nicoletti, giornalista e scrittore, autore di due romanzi in cui racconta la vita insieme a suo figlio Tommy, autistico, &quot;Una notte ho sognato\" \/>\n<meta name=\"robots\" content=\"index, follow, max-snippet:-1, max-image-preview:large, max-video-preview:-1\" \/>\n<link rel=\"canonical\" href=\"https:\/\/www.gossip.it\/news\/gianluca-nicoletti-figlio-18-anni-autistico\/\" \/>\n<meta property=\"og:locale\" content=\"it_IT\" \/>\n<meta property=\"og:type\" content=\"article\" \/>\n<meta property=\"og:title\" content=\"Gianluca Nicoletti: &#039;Mio figlio a 18 anni non sar\u00e0 pi\u00f9 un autistico&#039; - Gossip.it | News sul Gossip e VIP\" \/>\n<meta property=\"og:description\" content=\"Gianluca Nicoletti, giornalista e scrittore, autore di due romanzi in cui racconta la vita insieme a suo figlio Tommy, autistico, &quot;Una notte ho sognato\" \/>\n<meta property=\"og:url\" content=\"https:\/\/www.gossip.it\/news\/gianluca-nicoletti-figlio-18-anni-autistico\/\" \/>\n<meta property=\"og:site_name\" content=\"Gossip.it | News sul Gossip e VIP\" \/>\n<meta property=\"article:publisher\" content=\"https:\/\/www.facebook.com\/GossipIT\" \/>\n<meta property=\"article:published_time\" content=\"2016-01-28T23:00:00+00:00\" \/>\n<meta property=\"og:image\" content=\"http:\/\/files.gossip.it\/immagini_news\/2016\/01\/1454080849_gianluca_nicoletti_dichiarazioni.jpg\" \/>\n<meta name=\"author\" content=\"La Redazione\" \/>\n<meta name=\"twitter:card\" content=\"summary_large_image\" \/>\n<meta name=\"twitter:image\" content=\"http:\/\/files.gossip.it\/immagini_news\/2016\/01\/1454080849_gianluca_nicoletti_dichiarazioni.jpg\" \/>\n<meta name=\"twitter:creator\" content=\"@gossinews_it\" \/>\n<meta name=\"twitter:site\" content=\"@gossinews_it\" \/>\n<meta name=\"twitter:label1\" content=\"Scritto da\" \/>\n\t<meta name=\"twitter:data1\" content=\"Annamaria Capozzi\" \/>\n\t<meta name=\"twitter:label2\" content=\"Tempo di lettura stimato\" \/>\n\t<meta name=\"twitter:data2\" content=\"3 minuti\" \/>","yoast_head_json":{"title":"Gianluca Nicoletti: 'Mio figlio a 18 anni non sar\u00e0 pi\u00f9 un autistico' - Gossip.it | News sul Gossip e VIP","description":"Gianluca Nicoletti, giornalista e scrittore, autore di due romanzi in cui racconta la vita insieme a suo figlio Tommy, autistico, \"Una notte ho sognato","robots":{"index":"index","follow":"follow","max-snippet":"max-snippet:-1","max-image-preview":"max-image-preview:large","max-video-preview":"max-video-preview:-1"},"canonical":"https:\/\/www.gossip.it\/news\/gianluca-nicoletti-figlio-18-anni-autistico\/","og_locale":"it_IT","og_type":"article","og_title":"Gianluca Nicoletti: 'Mio figlio a 18 anni non sar\u00e0 pi\u00f9 un autistico' - Gossip.it | News sul Gossip e VIP","og_description":"Gianluca Nicoletti, giornalista e scrittore, autore di due romanzi in cui racconta la vita insieme a suo figlio Tommy, autistico, \"Una notte ho sognato","og_url":"https:\/\/www.gossip.it\/news\/gianluca-nicoletti-figlio-18-anni-autistico\/","og_site_name":"Gossip.it | News sul Gossip e VIP","article_publisher":"https:\/\/www.facebook.com\/GossipIT","article_published_time":"2016-01-28T23:00:00+00:00","og_image":[{"url":"http:\/\/files.gossip.it\/immagini_news\/2016\/01\/1454080849_gianluca_nicoletti_dichiarazioni.jpg"}],"author":"La Redazione","twitter_card":"summary_large_image","twitter_image":"http:\/\/files.gossip.it\/immagini_news\/2016\/01\/1454080849_gianluca_nicoletti_dichiarazioni.jpg","twitter_creator":"@gossinews_it","twitter_site":"@gossinews_it","twitter_misc":{"Scritto da":"Annamaria Capozzi","Tempo di lettura stimato":"3 minuti"},"schema":{"@context":"https:\/\/schema.org","@graph":[{"@type":"Article","@id":"https:\/\/www.gossip.it\/news\/gianluca-nicoletti-figlio-18-anni-autistico\/#article","isPartOf":{"@id":"https:\/\/www.gossip.it\/news\/gianluca-nicoletti-figlio-18-anni-autistico\/"},"author":{"name":"La Redazione","@id":"https:\/\/www.gossip.it\/#\/schema\/person\/488896f75158bff1cc83c6c39d141110"},"headline":"Gianluca Nicoletti: 'Mio figlio a 18 anni non sar\u00e0 pi\u00f9 un autistico'","datePublished":"2016-01-28T23:00:00+00:00","dateModified":"2016-01-28T23:00:00+00:00","mainEntityOfPage":{"@id":"https:\/\/www.gossip.it\/news\/gianluca-nicoletti-figlio-18-anni-autistico\/"},"wordCount":568,"publisher":{"@id":"https:\/\/www.gossip.it\/#organization"},"image":{"@id":"https:\/\/www.gossip.it\/news\/gianluca-nicoletti-figlio-18-anni-autistico\/#primaryimage"},"thumbnailUrl":"http:\/\/files.gossip.it\/immagini_news\/2016\/01\/1454080849_gianluca_nicoletti_dichiarazioni.jpg","keywords":["18 anni","autismo","autistico","dichiarazioni","figlio","Gianluca Nicoletti","giornalista","scrittore","tommy"],"articleSection":["News"],"inLanguage":"it-IT"},{"@type":"WebPage","@id":"https:\/\/www.gossip.it\/news\/gianluca-nicoletti-figlio-18-anni-autistico\/","url":"https:\/\/www.gossip.it\/news\/gianluca-nicoletti-figlio-18-anni-autistico\/","name":"Gianluca Nicoletti: 'Mio figlio a 18 anni non sar\u00e0 pi\u00f9 un autistico' - Gossip.it | News sul Gossip e VIP","isPartOf":{"@id":"https:\/\/www.gossip.it\/#website"},"primaryImageOfPage":{"@id":"https:\/\/www.gossip.it\/news\/gianluca-nicoletti-figlio-18-anni-autistico\/#primaryimage"},"image":{"@id":"https:\/\/www.gossip.it\/news\/gianluca-nicoletti-figlio-18-anni-autistico\/#primaryimage"},"thumbnailUrl":"http:\/\/files.gossip.it\/immagini_news\/2016\/01\/1454080849_gianluca_nicoletti_dichiarazioni.jpg","datePublished":"2016-01-28T23:00:00+00:00","dateModified":"2016-01-28T23:00:00+00:00","description":"Gianluca Nicoletti, giornalista e scrittore, autore di due romanzi in cui racconta la vita insieme a suo figlio Tommy, autistico, \"Una notte ho sognato","breadcrumb":{"@id":"https:\/\/www.gossip.it\/news\/gianluca-nicoletti-figlio-18-anni-autistico\/#breadcrumb"},"inLanguage":"it-IT","potentialAction":[{"@type":"ReadAction","target":["https:\/\/www.gossip.it\/news\/gianluca-nicoletti-figlio-18-anni-autistico\/"]}]},{"@type":"ImageObject","inLanguage":"it-IT","@id":"https:\/\/www.gossip.it\/news\/gianluca-nicoletti-figlio-18-anni-autistico\/#primaryimage","url":"http:\/\/files.gossip.it\/immagini_news\/2016\/01\/1454080849_gianluca_nicoletti_dichiarazioni.jpg","contentUrl":"http:\/\/files.gossip.it\/immagini_news\/2016\/01\/1454080849_gianluca_nicoletti_dichiarazioni.jpg"},{"@type":"BreadcrumbList","@id":"https:\/\/www.gossip.it\/news\/gianluca-nicoletti-figlio-18-anni-autistico\/#breadcrumb","itemListElement":[{"@type":"ListItem","position":1,"name":"Home","item":"https:\/\/www.gossip.it\/"},{"@type":"ListItem","position":2,"name":"Gianluca Nicoletti: 'Mio figlio a 18 anni non sar\u00e0 pi\u00f9 un autistico'"}]},{"@type":"WebSite","@id":"https:\/\/www.gossip.it\/#website","url":"https:\/\/www.gossip.it\/","name":"Gossip and VIP News","description":"Quotidiano di cronaca rosa, costume e societ\u00e0","publisher":{"@id":"https:\/\/www.gossip.it\/#organization"},"alternateName":"Gossip and VIP News","potentialAction":[{"@type":"SearchAction","target":{"@type":"EntryPoint","urlTemplate":"https:\/\/www.gossip.it\/?s={search_term_string}"},"query-input":{"@type":"PropertyValueSpecification","valueRequired":true,"valueName":"search_term_string"}}],"inLanguage":"it-IT"},{"@type":"Organization","@id":"https:\/\/www.gossip.it\/#organization","name":"Gossip and VIP News","alternateName":"Gossip News","url":"https:\/\/www.gossip.it\/","logo":{"@type":"ImageObject","inLanguage":"it-IT","@id":"https:\/\/www.gossip.it\/#\/schema\/logo\/image\/","url":"https:\/\/www.gossip.it\/wp-content\/uploads\/2022\/04\/cropped-corna-alta-tiny.png","contentUrl":"https:\/\/www.gossip.it\/wp-content\/uploads\/2022\/04\/cropped-corna-alta-tiny.png","width":512,"height":512,"caption":"Gossip and VIP News"},"image":{"@id":"https:\/\/www.gossip.it\/#\/schema\/logo\/image\/"},"sameAs":["https:\/\/www.facebook.com\/GossipIT","https:\/\/x.com\/gossinews_it","https:\/\/instagram.com\/gossip_it"]},{"@type":"Person","@id":"https:\/\/www.gossip.it\/#\/schema\/person\/488896f75158bff1cc83c6c39d141110","name":"La Redazione","image":{"@type":"ImageObject","inLanguage":"it-IT","@id":"https:\/\/www.gossip.it\/#\/schema\/person\/image\/","url":"https:\/\/secure.gravatar.com\/avatar\/5a5f5c6fa3e6700e4249abdad0263a1e94e927d9e0499b1cb09c1cd29c044d80?s=96&d=mm&r=g","contentUrl":"https:\/\/secure.gravatar.com\/avatar\/5a5f5c6fa3e6700e4249abdad0263a1e94e927d9e0499b1cb09c1cd29c044d80?s=96&d=mm&r=g","caption":"La Redazione"},"sameAs":["https:\/\/www.gossip.it"]}]}},"amp_enabled":true,"_links":{"self":[{"href":"https:\/\/www.gossip.it\/api\/wp\/v2\/posts\/54069","targetHints":{"allow":["GET"]}}],"collection":[{"href":"https:\/\/www.gossip.it\/api\/wp\/v2\/posts"}],"about":[{"href":"https:\/\/www.gossip.it\/api\/wp\/v2\/types\/post"}],"author":[{"embeddable":true,"href":"https:\/\/www.gossip.it\/api\/wp\/v2\/users\/1"}],"replies":[{"embeddable":true,"href":"https:\/\/www.gossip.it\/api\/wp\/v2\/comments?post=54069"}],"version-history":[{"count":0,"href":"https:\/\/www.gossip.it\/api\/wp\/v2\/posts\/54069\/revisions"}],"wp:featuredmedia":[{"embeddable":true,"href":"https:\/\/www.gossip.it\/api\/wp\/v2\/media\/110115"}],"wp:attachment":[{"href":"https:\/\/www.gossip.it\/api\/wp\/v2\/media?parent=54069"}],"wp:term":[{"taxonomy":"category","embeddable":true,"href":"https:\/\/www.gossip.it\/api\/wp\/v2\/categories?post=54069"},{"taxonomy":"post_tag","embeddable":true,"href":"https:\/\/www.gossip.it\/api\/wp\/v2\/tags?post=54069"},{"taxonomy":"vip","embeddable":true,"href":"https:\/\/www.gossip.it\/api\/wp\/v2\/vip?post=54069"}],"curies":[{"name":"wp","href":"https:\/\/api.w.org\/{rel}","templated":true}]}}