{"id":54169,"date":"2016-02-09T00:00:00","date_gmt":"2016-02-08T23:00:00","guid":{"rendered":"https:\/\/www.gossip.it\/senza-categoria\/laura-pausini-unioni-civili\/"},"modified":"2016-02-09T00:00:00","modified_gmt":"2016-02-08T23:00:00","slug":"laura-pausini-unioni-civili","status":"publish","type":"post","link":"https:\/\/www.gossip.it\/news\/laura-pausini-unioni-civili\/","title":{"rendered":"Laura Pausini e le unioni civili: 'Mi fa vergognare che siano passate leggi meno importanti'"},"content":{"rendered":"<p><a href=\"http:\/\/www.gossip.it\/vip\/laura-pausini\/\">Laura Pausini<\/a> dopo 10 anni di assenza torna sul palco dell'Ariston e per lei essere di nuovo a Sanremo \u00e8 un'emozione fortissima. Intervistata da <em>La Repubblica<\/em>, la cantante ha anche espresso la sua opinione sulle <a href=\"http:\/\/www.gossip.it\/vip\/unioni-civili\/\">unioni civili<\/a>.<br \/>La star della musica italiana non solo \u00e8 a favore del ddl Cirinn\u00e0 ma dichiara di vergognarsi al solo pensiero che in Italia siano passate leggi meno importanti di questa e si appella ai diritti umani e alla democrazia.<\/p>\n<figure class=\"caption\"><img decoding=\"async\" alt=\"\" width=\"640\" height=\"441\" src=\"http:\/\/files.gossip.it\/immagini_news\/2016\/02\/1455017698_pausini_iny.jpg\" \/><figcaption>Laura Pausini ha sottolineato quanto sia importante che l'Italia abbia una legge sulle unioni civili<\/figcaption><\/figure>\n<p><em>\"Abbiamo un paese moderno che per\u00f2 fa fatica a trasformare in legge cose come questa<\/em> - ha affermato<strong> Laura Pausini<\/strong> - <em>i nostri parlamentari dovrebbero rappresentare i cittadini e non le loro scelte sessuali, e tutti loro, seguendo la costituzione, dovrebbero rappresentare l'uguaglianza e la democrazia nel modo di vivere. E non \u00e8 un fatto di moda, sono venti anni che ne parlo anche nei concerti. Credo che nessuno abbia spiegato bene di cosa stiamo parlando, non di religione, ma di diritti umani. Mi fa vergognare pensare che siano passate leggi meno importanti di questa\"<\/em>.<br \/><strong>Laura Pausini<\/strong> si schiera a favore delle <strong>unioni civili<\/strong> rimanendo coerente con se stessa:<em> \"Io sto con un uomo, se mi voglio sposare lo faccio oppure no, ma ho dei diritti. Vorrei che fosse lo stesso anche se avessi una compagna<\/em> - dichiarava infatti lo scorso gennaio ai microfoni di 'Un giorno da pecora' - <em>trovo profondamente ingiusto che ci siano delle categorie a cui dare privilegi o meno, da sempre\"<\/em>.<\/p>\n<figure class=\"caption\"><img decoding=\"async\" alt=\"\" width=\"640\" height=\"342\" src=\"http:\/\/files.gossip.it\/immagini_news\/2016\/02\/1455017758_laura_pausini_famiglia.jpg\" \/><figcaption>Laura Pausini con il compagno Paolo Carta e la figlia Paola<\/figcaption><\/figure>\n<p>Oltre a sostenere le<strong> unioni civili<\/strong>, <strong>Laura Pausini<\/strong> ha parlato anche del suo ritorno al Festival:<em> \"Lo so che pu\u00f2 sembrare incredibile dopo tutto quello che ho fatto, ma Sanremo<\/em> - ha detto - \u00e8<em> ancora il palco che mi emoziona di pi\u00f9. Ancora oggi, quando passo in macchina da quelle parti e vedo il cartello con la scritta 'Sanremo' mi batte il cuore pi\u00f9 forte. Il Festival ha segnato il cambiamento pi\u00f9 grande della mia vita, l'inizio di tutto con 'La Solitudine'. E l'emozione gioca brutti scherzi: sono andata due volte come ospite, una con la <a href=\"http:\/\/www.gossip.it\/vip\/carr\u00e0\/\">Carr\u00e0<\/a> e una con <a href=\"http:\/\/www.gossip.it\/vip\/panariello\/\">Panariello<\/a>, e non ho cantato bene. Quest'anno vado a festeggiare i 23 anni dalla mia prima volta, quella ragazzina l\u00ec la voglio salutare su quel palco e spero di poterlo fare in maniera speciale\"<\/em>.<\/p>\n","protected":false},"excerpt":{"rendered":"<p>Laura Pausini dopo 10 anni di assenza torna sul palco dell'Ariston e per lei essere di nuovo a Sanremo \u00e8 un'emozione fortissima. Intervistata da La Repubblica, la cantante ha anche espresso la sua opinione sulle unioni civili.La star della musica italiana non solo \u00e8 a favore del ddl Cirinn\u00e0 ma dichiara di vergognarsi al solo [&hellip;]<\/p>\n","protected":false},"author":1,"featured_media":110215,"comment_status":"closed","ping_status":"closed","sticky":false,"template":"","format":"standard","meta":{"footnotes":""},"categories":[54],"tags":[3336,1981,2102,3980,3140,13783,6178,2582,10062],"vip":[1084],"class_list":["post-54169","post","type-post","status-publish","format-standard","has-post-thumbnail","hentry","category-news","tag-ariston","tag-cantante","tag-dichiarazioni","tag-festival","tag-gay","tag-legge","tag-matrimoni","tag-sanremo","tag-unioni-civili","vip-laura_pausini"],"yoast_head":"<title>Laura Pausini e le unioni civili: &#039;Mi fa vergognare che siano passate leggi meno importanti&#039; - Gossip.it | News sul Gossip e VIP<\/title>\n<meta name=\"description\" content=\"Laura Pausini dopo 10 anni di assenza torna sul palco dell&#039;Ariston e per lei essere di nuovo a Sanremo \u00e8 un&#039;emozione fortissima. Intervistata da La\" \/>\n<meta name=\"robots\" content=\"index, follow, max-snippet:-1, max-image-preview:large, max-video-preview:-1\" \/>\n<link rel=\"canonical\" href=\"https:\/\/www.gossip.it\/news\/laura-pausini-unioni-civili\/\" \/>\n<meta property=\"og:locale\" content=\"it_IT\" \/>\n<meta property=\"og:type\" content=\"article\" \/>\n<meta property=\"og:title\" content=\"Laura Pausini e le unioni civili: &#039;Mi fa vergognare che siano passate leggi meno importanti&#039; - Gossip.it | News sul Gossip e VIP\" \/>\n<meta property=\"og:description\" content=\"Laura Pausini dopo 10 anni di assenza torna sul palco dell&#039;Ariston e per lei essere di nuovo a Sanremo \u00e8 un&#039;emozione fortissima. Intervistata da La\" \/>\n<meta property=\"og:url\" content=\"https:\/\/www.gossip.it\/news\/laura-pausini-unioni-civili\/\" \/>\n<meta property=\"og:site_name\" content=\"Gossip.it | News sul Gossip e VIP\" \/>\n<meta property=\"article:publisher\" content=\"https:\/\/www.facebook.com\/GossipIT\" \/>\n<meta property=\"article:published_time\" content=\"2016-02-08T23:00:00+00:00\" \/>\n<meta property=\"og:image\" content=\"http:\/\/files.gossip.it\/immagini_news\/2016\/02\/1455017698_pausini_iny.jpg\" \/>\n<meta name=\"author\" content=\"La Redazione\" \/>\n<meta name=\"twitter:card\" content=\"summary_large_image\" \/>\n<meta name=\"twitter:image\" content=\"http:\/\/files.gossip.it\/immagini_news\/2016\/02\/1455017698_pausini_iny.jpg\" \/>\n<meta name=\"twitter:creator\" content=\"@gossinews_it\" \/>\n<meta name=\"twitter:site\" content=\"@gossinews_it\" \/>\n<meta name=\"twitter:label1\" content=\"Scritto da\" \/>\n\t<meta name=\"twitter:data1\" content=\"Francesca Romana Domenici\" \/>\n\t<meta name=\"twitter:label2\" content=\"Tempo di lettura stimato\" \/>\n\t<meta name=\"twitter:data2\" content=\"2 minuti\" \/>","yoast_head_json":{"title":"Laura Pausini e le unioni civili: 'Mi fa vergognare che siano passate leggi meno importanti' - Gossip.it | News sul Gossip e VIP","description":"Laura Pausini dopo 10 anni di assenza torna sul palco dell'Ariston e per lei essere di nuovo a Sanremo \u00e8 un'emozione fortissima. Intervistata da La","robots":{"index":"index","follow":"follow","max-snippet":"max-snippet:-1","max-image-preview":"max-image-preview:large","max-video-preview":"max-video-preview:-1"},"canonical":"https:\/\/www.gossip.it\/news\/laura-pausini-unioni-civili\/","og_locale":"it_IT","og_type":"article","og_title":"Laura Pausini e le unioni civili: 'Mi fa vergognare che siano passate leggi meno importanti' - Gossip.it | News sul Gossip e VIP","og_description":"Laura Pausini dopo 10 anni di assenza torna sul palco dell'Ariston e per lei essere di nuovo a Sanremo \u00e8 un'emozione fortissima. Intervistata da La","og_url":"https:\/\/www.gossip.it\/news\/laura-pausini-unioni-civili\/","og_site_name":"Gossip.it | News sul Gossip e VIP","article_publisher":"https:\/\/www.facebook.com\/GossipIT","article_published_time":"2016-02-08T23:00:00+00:00","og_image":[{"url":"http:\/\/files.gossip.it\/immagini_news\/2016\/02\/1455017698_pausini_iny.jpg"}],"author":"La Redazione","twitter_card":"summary_large_image","twitter_image":"http:\/\/files.gossip.it\/immagini_news\/2016\/02\/1455017698_pausini_iny.jpg","twitter_creator":"@gossinews_it","twitter_site":"@gossinews_it","twitter_misc":{"Scritto da":"Francesca Romana Domenici","Tempo di lettura stimato":"2 minuti"},"schema":{"@context":"https:\/\/schema.org","@graph":[{"@type":"Article","@id":"https:\/\/www.gossip.it\/news\/laura-pausini-unioni-civili\/#article","isPartOf":{"@id":"https:\/\/www.gossip.it\/news\/laura-pausini-unioni-civili\/"},"author":{"name":"La Redazione","@id":"https:\/\/www.gossip.it\/#\/schema\/person\/488896f75158bff1cc83c6c39d141110"},"headline":"Laura Pausini e le unioni civili: 'Mi fa vergognare che siano passate leggi meno importanti'","datePublished":"2016-02-08T23:00:00+00:00","dateModified":"2016-02-08T23:00:00+00:00","mainEntityOfPage":{"@id":"https:\/\/www.gossip.it\/news\/laura-pausini-unioni-civili\/"},"wordCount":419,"publisher":{"@id":"https:\/\/www.gossip.it\/#organization"},"image":{"@id":"https:\/\/www.gossip.it\/news\/laura-pausini-unioni-civili\/#primaryimage"},"thumbnailUrl":"http:\/\/files.gossip.it\/immagini_news\/2016\/02\/1455017698_pausini_iny.jpg","keywords":["ariston","cantante","dichiarazioni","festival","gay","legge","matrimoni","sanremo","unioni civili"],"articleSection":["News"],"inLanguage":"it-IT"},{"@type":"WebPage","@id":"https:\/\/www.gossip.it\/news\/laura-pausini-unioni-civili\/","url":"https:\/\/www.gossip.it\/news\/laura-pausini-unioni-civili\/","name":"Laura Pausini e le unioni civili: 'Mi fa vergognare che siano passate leggi meno importanti' - Gossip.it | News sul Gossip e VIP","isPartOf":{"@id":"https:\/\/www.gossip.it\/#website"},"primaryImageOfPage":{"@id":"https:\/\/www.gossip.it\/news\/laura-pausini-unioni-civili\/#primaryimage"},"image":{"@id":"https:\/\/www.gossip.it\/news\/laura-pausini-unioni-civili\/#primaryimage"},"thumbnailUrl":"http:\/\/files.gossip.it\/immagini_news\/2016\/02\/1455017698_pausini_iny.jpg","datePublished":"2016-02-08T23:00:00+00:00","dateModified":"2016-02-08T23:00:00+00:00","description":"Laura Pausini dopo 10 anni di assenza torna sul palco dell'Ariston e per lei essere di nuovo a Sanremo \u00e8 un'emozione fortissima. Intervistata da La","breadcrumb":{"@id":"https:\/\/www.gossip.it\/news\/laura-pausini-unioni-civili\/#breadcrumb"},"inLanguage":"it-IT","potentialAction":[{"@type":"ReadAction","target":["https:\/\/www.gossip.it\/news\/laura-pausini-unioni-civili\/"]}]},{"@type":"ImageObject","inLanguage":"it-IT","@id":"https:\/\/www.gossip.it\/news\/laura-pausini-unioni-civili\/#primaryimage","url":"http:\/\/files.gossip.it\/immagini_news\/2016\/02\/1455017698_pausini_iny.jpg","contentUrl":"http:\/\/files.gossip.it\/immagini_news\/2016\/02\/1455017698_pausini_iny.jpg"},{"@type":"BreadcrumbList","@id":"https:\/\/www.gossip.it\/news\/laura-pausini-unioni-civili\/#breadcrumb","itemListElement":[{"@type":"ListItem","position":1,"name":"Home","item":"https:\/\/www.gossip.it\/"},{"@type":"ListItem","position":2,"name":"Laura Pausini e le unioni civili: 'Mi fa vergognare che siano passate leggi meno importanti'"}]},{"@type":"WebSite","@id":"https:\/\/www.gossip.it\/#website","url":"https:\/\/www.gossip.it\/","name":"Gossip and VIP News","description":"Quotidiano di cronaca rosa, costume e societ\u00e0","publisher":{"@id":"https:\/\/www.gossip.it\/#organization"},"alternateName":"Gossip and VIP News","potentialAction":[{"@type":"SearchAction","target":{"@type":"EntryPoint","urlTemplate":"https:\/\/www.gossip.it\/?s={search_term_string}"},"query-input":{"@type":"PropertyValueSpecification","valueRequired":true,"valueName":"search_term_string"}}],"inLanguage":"it-IT"},{"@type":"Organization","@id":"https:\/\/www.gossip.it\/#organization","name":"Gossip and VIP News","alternateName":"Gossip News","url":"https:\/\/www.gossip.it\/","logo":{"@type":"ImageObject","inLanguage":"it-IT","@id":"https:\/\/www.gossip.it\/#\/schema\/logo\/image\/","url":"https:\/\/www.gossip.it\/wp-content\/uploads\/2022\/04\/cropped-corna-alta-tiny.png","contentUrl":"https:\/\/www.gossip.it\/wp-content\/uploads\/2022\/04\/cropped-corna-alta-tiny.png","width":512,"height":512,"caption":"Gossip and VIP News"},"image":{"@id":"https:\/\/www.gossip.it\/#\/schema\/logo\/image\/"},"sameAs":["https:\/\/www.facebook.com\/GossipIT","https:\/\/x.com\/gossinews_it","https:\/\/instagram.com\/gossip_it"]},{"@type":"Person","@id":"https:\/\/www.gossip.it\/#\/schema\/person\/488896f75158bff1cc83c6c39d141110","name":"La Redazione","image":{"@type":"ImageObject","inLanguage":"it-IT","@id":"https:\/\/www.gossip.it\/#\/schema\/person\/image\/","url":"https:\/\/secure.gravatar.com\/avatar\/5a5f5c6fa3e6700e4249abdad0263a1e94e927d9e0499b1cb09c1cd29c044d80?s=96&d=mm&r=g","contentUrl":"https:\/\/secure.gravatar.com\/avatar\/5a5f5c6fa3e6700e4249abdad0263a1e94e927d9e0499b1cb09c1cd29c044d80?s=96&d=mm&r=g","caption":"La Redazione"},"sameAs":["https:\/\/www.gossip.it"]}]}},"amp_enabled":true,"_links":{"self":[{"href":"https:\/\/www.gossip.it\/api\/wp\/v2\/posts\/54169","targetHints":{"allow":["GET"]}}],"collection":[{"href":"https:\/\/www.gossip.it\/api\/wp\/v2\/posts"}],"about":[{"href":"https:\/\/www.gossip.it\/api\/wp\/v2\/types\/post"}],"author":[{"embeddable":true,"href":"https:\/\/www.gossip.it\/api\/wp\/v2\/users\/1"}],"replies":[{"embeddable":true,"href":"https:\/\/www.gossip.it\/api\/wp\/v2\/comments?post=54169"}],"version-history":[{"count":0,"href":"https:\/\/www.gossip.it\/api\/wp\/v2\/posts\/54169\/revisions"}],"wp:featuredmedia":[{"embeddable":true,"href":"https:\/\/www.gossip.it\/api\/wp\/v2\/media\/110215"}],"wp:attachment":[{"href":"https:\/\/www.gossip.it\/api\/wp\/v2\/media?parent=54169"}],"wp:term":[{"taxonomy":"category","embeddable":true,"href":"https:\/\/www.gossip.it\/api\/wp\/v2\/categories?post=54169"},{"taxonomy":"post_tag","embeddable":true,"href":"https:\/\/www.gossip.it\/api\/wp\/v2\/tags?post=54169"},{"taxonomy":"vip","embeddable":true,"href":"https:\/\/www.gossip.it\/api\/wp\/v2\/vip?post=54169"}],"curies":[{"name":"wp","href":"https:\/\/api.w.org\/{rel}","templated":true}]}}