{"id":54290,"date":"2016-02-18T00:00:00","date_gmt":"2016-02-17T23:00:00","guid":{"rendered":"https:\/\/www.gossip.it\/senza-categoria\/gabriel-garko-berlino-premio-bacco\/"},"modified":"2016-02-18T00:00:00","modified_gmt":"2016-02-17T23:00:00","slug":"gabriel-garko-berlino-premio-bacco","status":"publish","type":"post","link":"https:\/\/www.gossip.it\/news\/gabriel-garko-berlino-premio-bacco\/","title":{"rendered":"Gabriel Garko a Berlino per il Premio Bacco"},"content":{"rendered":"<p><a href=\"http:\/\/www.gossip.it\/vip\/gabriel-garko\/\">Gabriel Garko<\/a> stamani ha preso l'aereo ed \u00e8 volato a <strong>Berlino<\/strong>. Nella citt\u00e0 tedesca ritirer\u00e0 il <strong>Premio Bacco<\/strong>, assegnato nell`ambito del Festival Internazionale del Cinema di <strong>Berlino<\/strong> dai critici e dagli inviati italiani presenti.<br \/>Il \"<strong>Premio Bacco<\/strong>\" \u00e8 assegnato ogni anno a conclusione del Festival di <strong>Berlino<\/strong> ed \u00e8 destinato a quell\u2019artista che abbia meglio o con pi\u00f9 forza interpretato, nei film italiani\u00a0selezionati, l\u2019intensit\u00e0 dei valori del cinema come specchio della vita.<\/p>\n<figure class=\"caption\"><img decoding=\"async\" alt=\"\" width=\"640\" height=\"660\" src=\"http:\/\/files.gossip.it\/immagini_news\/2016\/02\/1455807150_gabriel_garko_berlino.jpg\" \/><figcaption>Gabriel Garko in partenza per Berlino, dove ritirer\u00e0 il Premio Bacco<\/figcaption><\/figure>\n<p><strong>Gabriel Garko<\/strong> lo aveva detto, intervistato da <em>Tv Sorrisi e Canzoni<\/em>, che sarebbe andato in Germania, a <strong>Berlino<\/strong>, per ritirare il <strong>Premio Bacco<\/strong> e cos\u00ec ha fatto.<br \/><a href=\"http:\/\/www.gossip.it\/vip\/sanremo-2016\/\">Sanremo 2016<\/a> \u00e8 stata per lui una semplice parentesi. \"<em>Il mio lavoro \u00e8 un altro\"<\/em>, ha affermato convinto. I primi di marzo torner\u00e0 in <a href=\"http:\/\/www.gossip.it\/vip\/tv\/\">tv<\/a> come protagonista della fiction <em>\"Non \u00e8 stato mio figlio\"<\/em>, quella che gli ha regalato una nuova fidanzata, <a href=\"http:\/\/www.gossip.it\/vip\/adua-del vesco\/\">Adua Del Vesco<\/a>. Poi si vedr\u00e0. In merito al festival e delle critiche ricevute ha detto: <em>\"Io nella vita sono cos\u00ec come mi avete visto sul palco. Poi certo, se il gobbo \u00e8 in un punto e la telecamera in un altro, \u00e8 difficile risultare naturali\u201d<\/em>.<br \/><em>\"Dopo questa sovraesposizione mediatica voglio chiudermi in casa per un bel po' e non farmi vedere da nessuno\"<\/em>, ha anche sottolineato. Ma un suo selfie dall'aeroporto in partenza ha comunque fatto ancora una volta parlare di lui, premiato a margine della Berlinale. Nonostate la stampa e le malignit\u00e0.<br \/><em>\"Il palco di Sanremo fa paura, io non c'ero mai salito e se non facesse paura non sarebbe nemmeno bello, \u00e8 un palco che ha bisogno di rispetto\"<\/em>, ha pure sottolineato. Le gaffes lasciano il tempo che trovano. Forse il bello della televisione ha trovato una nuova chiave per farsi notare, prendendosi meno sul serio e puntando un po' di pi\u00f9 sull'autoironia, che non \u00e8 male.<\/p>\n<p>\u00a0<\/p>\n","protected":false},"excerpt":{"rendered":"<p>Gabriel Garko stamani ha preso l'aereo ed \u00e8 volato a Berlino. Nella citt\u00e0 tedesca ritirer\u00e0 il Premio Bacco, assegnato nell`ambito del Festival Internazionale del Cinema di Berlino dai critici e dagli inviati italiani presenti.Il \"Premio Bacco\" \u00e8 assegnato ogni anno a conclusione del Festival di Berlino ed \u00e8 destinato a quell\u2019artista che abbia meglio o [&hellip;]<\/p>\n","protected":false},"author":1,"featured_media":110336,"comment_status":"closed","ping_status":"closed","sticky":false,"template":"","format":"standard","meta":{"footnotes":""},"categories":[54],"tags":[8498,2137,9668,2637,53868,2121,41118,2582,53657,1923],"vip":[810],"class_list":["post-54290","post","type-post","status-publish","format-standard","has-post-thumbnail","hentry","category-news","tag-adua-del-vesco","tag-attore","tag-berlino","tag-festival-di-sanremo","tag-festival-di-sanremo-2016","tag-instagram","tag-premio-bacco","tag-sanremo","tag-sanremo-2016","tag-social","vip-gabriel_garko"],"yoast_head":"<title>Gabriel Garko a Berlino per il Premio Bacco - Gossip.it | News sul Gossip e VIP<\/title>\n<meta name=\"description\" content=\"Gabriel Garko stamani ha preso l&#039;aereo ed \u00e8 volato a Berlino. Nella citt\u00e0 tedesca ritirer\u00e0 il Premio Bacco, assegnato nell`ambito del Festival\" \/>\n<meta name=\"robots\" content=\"index, follow, max-snippet:-1, max-image-preview:large, max-video-preview:-1\" \/>\n<link rel=\"canonical\" href=\"https:\/\/www.gossip.it\/news\/gabriel-garko-berlino-premio-bacco\/\" \/>\n<meta property=\"og:locale\" content=\"it_IT\" \/>\n<meta property=\"og:type\" content=\"article\" \/>\n<meta property=\"og:title\" content=\"Gabriel Garko a Berlino per il Premio Bacco - Gossip.it | News sul Gossip e VIP\" \/>\n<meta property=\"og:description\" content=\"Gabriel Garko stamani ha preso l&#039;aereo ed \u00e8 volato a Berlino. Nella citt\u00e0 tedesca ritirer\u00e0 il Premio Bacco, assegnato nell`ambito del Festival\" \/>\n<meta property=\"og:url\" content=\"https:\/\/www.gossip.it\/news\/gabriel-garko-berlino-premio-bacco\/\" \/>\n<meta property=\"og:site_name\" content=\"Gossip.it | News sul Gossip e VIP\" \/>\n<meta property=\"article:publisher\" content=\"https:\/\/www.facebook.com\/GossipIT\" \/>\n<meta property=\"article:published_time\" content=\"2016-02-17T23:00:00+00:00\" \/>\n<meta property=\"og:image\" content=\"http:\/\/files.gossip.it\/immagini_news\/2016\/02\/1455807150_gabriel_garko_berlino.jpg\" \/>\n<meta name=\"author\" content=\"La Redazione\" \/>\n<meta name=\"twitter:card\" content=\"summary_large_image\" \/>\n<meta name=\"twitter:image\" content=\"http:\/\/files.gossip.it\/immagini_news\/2016\/02\/1455807150_gabriel_garko_berlino.jpg\" \/>\n<meta name=\"twitter:creator\" content=\"@gossinews_it\" \/>\n<meta name=\"twitter:site\" content=\"@gossinews_it\" \/>\n<meta name=\"twitter:label1\" content=\"Scritto da\" \/>\n\t<meta name=\"twitter:data1\" content=\"Annamaria Capozzi\" \/>\n\t<meta name=\"twitter:label2\" content=\"Tempo di lettura stimato\" \/>\n\t<meta name=\"twitter:data2\" content=\"2 minuti\" \/>","yoast_head_json":{"title":"Gabriel Garko a Berlino per il Premio Bacco - Gossip.it | News sul Gossip e VIP","description":"Gabriel Garko stamani ha preso l'aereo ed \u00e8 volato a Berlino. Nella citt\u00e0 tedesca ritirer\u00e0 il Premio Bacco, assegnato nell`ambito del Festival","robots":{"index":"index","follow":"follow","max-snippet":"max-snippet:-1","max-image-preview":"max-image-preview:large","max-video-preview":"max-video-preview:-1"},"canonical":"https:\/\/www.gossip.it\/news\/gabriel-garko-berlino-premio-bacco\/","og_locale":"it_IT","og_type":"article","og_title":"Gabriel Garko a Berlino per il Premio Bacco - Gossip.it | News sul Gossip e VIP","og_description":"Gabriel Garko stamani ha preso l'aereo ed \u00e8 volato a Berlino. Nella citt\u00e0 tedesca ritirer\u00e0 il Premio Bacco, assegnato nell`ambito del Festival","og_url":"https:\/\/www.gossip.it\/news\/gabriel-garko-berlino-premio-bacco\/","og_site_name":"Gossip.it | News sul Gossip e VIP","article_publisher":"https:\/\/www.facebook.com\/GossipIT","article_published_time":"2016-02-17T23:00:00+00:00","og_image":[{"url":"http:\/\/files.gossip.it\/immagini_news\/2016\/02\/1455807150_gabriel_garko_berlino.jpg"}],"author":"La Redazione","twitter_card":"summary_large_image","twitter_image":"http:\/\/files.gossip.it\/immagini_news\/2016\/02\/1455807150_gabriel_garko_berlino.jpg","twitter_creator":"@gossinews_it","twitter_site":"@gossinews_it","twitter_misc":{"Scritto da":"Annamaria Capozzi","Tempo di lettura stimato":"2 minuti"},"schema":{"@context":"https:\/\/schema.org","@graph":[{"@type":"Article","@id":"https:\/\/www.gossip.it\/news\/gabriel-garko-berlino-premio-bacco\/#article","isPartOf":{"@id":"https:\/\/www.gossip.it\/news\/gabriel-garko-berlino-premio-bacco\/"},"author":{"name":"La Redazione","@id":"https:\/\/www.gossip.it\/#\/schema\/person\/488896f75158bff1cc83c6c39d141110"},"headline":"Gabriel Garko a Berlino per il Premio Bacco","datePublished":"2016-02-17T23:00:00+00:00","dateModified":"2016-02-17T23:00:00+00:00","mainEntityOfPage":{"@id":"https:\/\/www.gossip.it\/news\/gabriel-garko-berlino-premio-bacco\/"},"wordCount":317,"publisher":{"@id":"https:\/\/www.gossip.it\/#organization"},"image":{"@id":"https:\/\/www.gossip.it\/news\/gabriel-garko-berlino-premio-bacco\/#primaryimage"},"thumbnailUrl":"http:\/\/files.gossip.it\/immagini_news\/2016\/02\/1455807150_gabriel_garko_berlino.jpg","keywords":["Adua Del Vesco","attore","berlino","festival di sanremo","festival di sanremo 2016","instagram","premio bacco","sanremo","sanremo 2016","social"],"articleSection":["News"],"inLanguage":"it-IT"},{"@type":"WebPage","@id":"https:\/\/www.gossip.it\/news\/gabriel-garko-berlino-premio-bacco\/","url":"https:\/\/www.gossip.it\/news\/gabriel-garko-berlino-premio-bacco\/","name":"Gabriel Garko a Berlino per il Premio Bacco - Gossip.it | News sul Gossip e VIP","isPartOf":{"@id":"https:\/\/www.gossip.it\/#website"},"primaryImageOfPage":{"@id":"https:\/\/www.gossip.it\/news\/gabriel-garko-berlino-premio-bacco\/#primaryimage"},"image":{"@id":"https:\/\/www.gossip.it\/news\/gabriel-garko-berlino-premio-bacco\/#primaryimage"},"thumbnailUrl":"http:\/\/files.gossip.it\/immagini_news\/2016\/02\/1455807150_gabriel_garko_berlino.jpg","datePublished":"2016-02-17T23:00:00+00:00","dateModified":"2016-02-17T23:00:00+00:00","description":"Gabriel Garko stamani ha preso l'aereo ed \u00e8 volato a Berlino. Nella citt\u00e0 tedesca ritirer\u00e0 il Premio Bacco, assegnato nell`ambito del Festival","breadcrumb":{"@id":"https:\/\/www.gossip.it\/news\/gabriel-garko-berlino-premio-bacco\/#breadcrumb"},"inLanguage":"it-IT","potentialAction":[{"@type":"ReadAction","target":["https:\/\/www.gossip.it\/news\/gabriel-garko-berlino-premio-bacco\/"]}]},{"@type":"ImageObject","inLanguage":"it-IT","@id":"https:\/\/www.gossip.it\/news\/gabriel-garko-berlino-premio-bacco\/#primaryimage","url":"http:\/\/files.gossip.it\/immagini_news\/2016\/02\/1455807150_gabriel_garko_berlino.jpg","contentUrl":"http:\/\/files.gossip.it\/immagini_news\/2016\/02\/1455807150_gabriel_garko_berlino.jpg"},{"@type":"BreadcrumbList","@id":"https:\/\/www.gossip.it\/news\/gabriel-garko-berlino-premio-bacco\/#breadcrumb","itemListElement":[{"@type":"ListItem","position":1,"name":"Home","item":"https:\/\/www.gossip.it\/"},{"@type":"ListItem","position":2,"name":"Gabriel Garko a Berlino per il Premio Bacco"}]},{"@type":"WebSite","@id":"https:\/\/www.gossip.it\/#website","url":"https:\/\/www.gossip.it\/","name":"Gossip and VIP News","description":"Quotidiano di cronaca rosa, costume e societ\u00e0","publisher":{"@id":"https:\/\/www.gossip.it\/#organization"},"alternateName":"Gossip and VIP News","potentialAction":[{"@type":"SearchAction","target":{"@type":"EntryPoint","urlTemplate":"https:\/\/www.gossip.it\/?s={search_term_string}"},"query-input":{"@type":"PropertyValueSpecification","valueRequired":true,"valueName":"search_term_string"}}],"inLanguage":"it-IT"},{"@type":"Organization","@id":"https:\/\/www.gossip.it\/#organization","name":"Gossip and VIP News","alternateName":"Gossip News","url":"https:\/\/www.gossip.it\/","logo":{"@type":"ImageObject","inLanguage":"it-IT","@id":"https:\/\/www.gossip.it\/#\/schema\/logo\/image\/","url":"https:\/\/www.gossip.it\/wp-content\/uploads\/2022\/04\/cropped-corna-alta-tiny.png","contentUrl":"https:\/\/www.gossip.it\/wp-content\/uploads\/2022\/04\/cropped-corna-alta-tiny.png","width":512,"height":512,"caption":"Gossip and VIP News"},"image":{"@id":"https:\/\/www.gossip.it\/#\/schema\/logo\/image\/"},"sameAs":["https:\/\/www.facebook.com\/GossipIT","https:\/\/x.com\/gossinews_it","https:\/\/instagram.com\/gossip_it"]},{"@type":"Person","@id":"https:\/\/www.gossip.it\/#\/schema\/person\/488896f75158bff1cc83c6c39d141110","name":"La Redazione","image":{"@type":"ImageObject","inLanguage":"it-IT","@id":"https:\/\/www.gossip.it\/#\/schema\/person\/image\/","url":"https:\/\/secure.gravatar.com\/avatar\/5a5f5c6fa3e6700e4249abdad0263a1e94e927d9e0499b1cb09c1cd29c044d80?s=96&d=mm&r=g","contentUrl":"https:\/\/secure.gravatar.com\/avatar\/5a5f5c6fa3e6700e4249abdad0263a1e94e927d9e0499b1cb09c1cd29c044d80?s=96&d=mm&r=g","caption":"La Redazione"},"sameAs":["https:\/\/www.gossip.it"]}]}},"amp_enabled":true,"_links":{"self":[{"href":"https:\/\/www.gossip.it\/api\/wp\/v2\/posts\/54290","targetHints":{"allow":["GET"]}}],"collection":[{"href":"https:\/\/www.gossip.it\/api\/wp\/v2\/posts"}],"about":[{"href":"https:\/\/www.gossip.it\/api\/wp\/v2\/types\/post"}],"author":[{"embeddable":true,"href":"https:\/\/www.gossip.it\/api\/wp\/v2\/users\/1"}],"replies":[{"embeddable":true,"href":"https:\/\/www.gossip.it\/api\/wp\/v2\/comments?post=54290"}],"version-history":[{"count":0,"href":"https:\/\/www.gossip.it\/api\/wp\/v2\/posts\/54290\/revisions"}],"wp:featuredmedia":[{"embeddable":true,"href":"https:\/\/www.gossip.it\/api\/wp\/v2\/media\/110336"}],"wp:attachment":[{"href":"https:\/\/www.gossip.it\/api\/wp\/v2\/media?parent=54290"}],"wp:term":[{"taxonomy":"category","embeddable":true,"href":"https:\/\/www.gossip.it\/api\/wp\/v2\/categories?post=54290"},{"taxonomy":"post_tag","embeddable":true,"href":"https:\/\/www.gossip.it\/api\/wp\/v2\/tags?post=54290"},{"taxonomy":"vip","embeddable":true,"href":"https:\/\/www.gossip.it\/api\/wp\/v2\/vip?post=54290"}],"curies":[{"name":"wp","href":"https:\/\/api.w.org\/{rel}","templated":true}]}}