{"id":54301,"date":"2016-02-19T00:00:00","date_gmt":"2016-02-18T23:00:00","guid":{"rendered":"https:\/\/www.gossip.it\/senza-categoria\/victoria-beckham-harper-chic\/"},"modified":"2016-02-19T00:00:00","modified_gmt":"2016-02-18T23:00:00","slug":"victoria-beckham-harper-chic","status":"publish","type":"post","link":"https:\/\/www.gossip.it\/news\/victoria-beckham-harper-chic\/","title":{"rendered":"Victoria Beckham: 'Harper \u00e8 incredibilmente chic'"},"content":{"rendered":"<p><a href=\"http:\/\/www.gossip.it\/vip\/harper-beckham\/\">Harper Beckham<\/a> a 4 anni \u00e8 gi\u00e0 un'icona fashion.<em> \"E' incredibilmente <strong>chic<\/strong>\"<\/em>, come afferma anche mamma <a href=\"http:\/\/www.gossip.it\/vip\/victoria-beckham\/\">Victoria<\/a>.<br \/>L'ex\u00a0<a href=\"http:\/\/www.gossip.it\/vip\/-posh spice\/\">Posh Spice<\/a> ha scoperto durante la recente settimana della moda newyorchese che esiste un blog, oltretutto seguitissimo, dedicato agli outfit della figlia:<em> \"Un intero blog su di lei? Non ne avevo idea\"<\/em>, ha dichiarato durante un'intervista rilasciata al <em>New York Times<\/em>.<em> \"E' abbastanza sorprendente<\/em> - ha aggiunto - <em>e anche un po' strano\"<\/em>.<\/p>\n<figure class=\"caption\"><img decoding=\"async\" alt=\"\" width=\"640\" height=\"641\" src=\"http:\/\/files.gossip.it\/immagini_news\/2016\/02\/1455887630_victoria_beckham_abiti_harper.jpg\" \/><figcaption>Victoria Beckham circondata dai vestiti e dalle scarpe della figlia<\/figcaption><\/figure>\n<p><strong>Victoria Beckham<\/strong> per\u00f2 ha poi ammesso che <em>\"<strong>Harper<\/strong> \u00e8 incredibilmente <strong>chic<\/strong>. E alcune cose che indossa sono davvero dolci\"<\/em>. E il merito \u00e8 tutto della bambina:<em> \"Lei tende a scegliere da sola quello che vuole indossare, ha gi\u00e0 le idee molto chiare\"<\/em>, ha raccontato orgogliosa la celebre mamma.<br \/>Il\u00a0vestito preferito di <strong>Harper\u00a0<\/strong>non\u00a0\u00e8 un abito all'ultima moda, bens\u00ec la sua maglietta da football: <em>\"La ama pi\u00f9 di ogni altra cosa\"<\/em>, ha detto Vic. Dopotutto la bimba \u00e8\u00a0glamour ma con un pap\u00e0 come <a href=\"http:\/\/www.gossip.it\/vip\/david-beckham\/\">David Beckham<\/a>, ex calciatore, e tre fratelli maschi (<a href=\"http:\/\/www.gossip.it\/vip\/brooklyn\/\">Brooklyn<\/a>, Romeo e Cruz) ama pure tirare il pallone in porta.<\/p>\n<figure class=\"caption\"><img decoding=\"async\" alt=\"\" src=\"http:\/\/files.gossip.it\/immagini_news\/2016\/02\/1455887685_1455544987_david_beckham_harper_seven.jpg\" \/><figcaption>Harper Seven insieme a pap\u00e0 David Beckham<\/figcaption><\/figure>\n<p>La stessa <strong>Victoria <\/strong>di recente ha dichiarato che la bimba adora giocare a calcio. Una passione che lei asseconda anche se non \u00e8 felice. Stilista affermata preferisce il lato <strong>chic<\/strong> della figlia a quello da maschiaccio. Comunque\u00a0<strong>Harper<\/strong>\u00a0in questo la soddisfa: il suo stile piace talmente tanto che a 4 anni \u00e8 gi\u00e0 protagonista di un blog.<\/p>\n<figure class=\"caption\"><img decoding=\"async\" alt=\"\" width=\"640\" height=\"717\" src=\"http:\/\/files.gossip.it\/immagini_news\/2016\/02\/1455887739_victoria_beckham_harper.jpg\" \/><figcaption>Harper alla presentazione della collezione di mamma Victoria<\/figcaption><\/figure>\n<figure class=\"caption\"><img decoding=\"async\" alt=\"\" width=\"640\" height=\"641\" src=\"http:\/\/files.gossip.it\/immagini_news\/2016\/02\/1455887808_harper_seven.jpg\" \/><figcaption>Harper al pianoforte vestita da farfalla<\/figcaption><\/figure>\n<p>La principessina di casa<strong> Beckham<\/strong> ha gi\u00e0 dei gusti ben precisi in fatto di abbigliamento. La moda le piace e probabilmente quando sar\u00e0 pi\u00f9 grande seguir\u00e0 le orme dei fratelli maggiori: Brooklyn e Romeo hanno gi\u00e0 un trascorso da modelli.<\/p>\n","protected":false},"excerpt":{"rendered":"<p>Harper Beckham a 4 anni \u00e8 gi\u00e0 un'icona fashion. \"E' incredibilmente chic\", come afferma anche mamma Victoria.L'ex\u00a0Posh Spice ha scoperto durante la recente settimana della moda newyorchese che esiste un blog, oltretutto seguitissimo, dedicato agli outfit della figlia: \"Un intero blog su di lei? Non ne avevo idea\", ha dichiarato durante un'intervista rilasciata al New [&hellip;]<\/p>\n","protected":false},"author":1,"featured_media":110347,"comment_status":"closed","ping_status":"closed","sticky":false,"template":"","format":"standard","meta":{"footnotes":""},"categories":[54],"tags":[7312,2102,3102,1905,54070,1900,3099,2360],"vip":[1825],"class_list":["post-54301","post","type-post","status-publish","format-standard","has-post-thumbnail","hentry","category-news","tag-blog","tag-dichiarazioni","tag-fashion","tag-figlia","tag-harper-beckham","tag-mamma","tag-moda","tag-stilista","vip-victoria_beckham"],"yoast_head":"<title>Victoria Beckham: &#039;Harper \u00e8 incredibilmente chic&#039; - Gossip.it | News sul Gossip e VIP<\/title>\n<meta name=\"description\" content=\"Harper Beckham a 4 anni \u00e8 gi\u00e0 un&#039;icona fashion. &quot;E&#039; incredibilmente chic&quot;, come afferma anche mamma Victoria.L&#039;ex\u00a0Posh Spice ha scoperto durante la\" \/>\n<meta name=\"robots\" content=\"index, follow, max-snippet:-1, max-image-preview:large, max-video-preview:-1\" \/>\n<link rel=\"canonical\" href=\"https:\/\/www.gossip.it\/news\/victoria-beckham-harper-chic\/\" \/>\n<meta property=\"og:locale\" content=\"it_IT\" \/>\n<meta property=\"og:type\" content=\"article\" \/>\n<meta property=\"og:title\" content=\"Victoria Beckham: &#039;Harper \u00e8 incredibilmente chic&#039; - Gossip.it | News sul Gossip e VIP\" \/>\n<meta property=\"og:description\" content=\"Harper Beckham a 4 anni \u00e8 gi\u00e0 un&#039;icona fashion. &quot;E&#039; incredibilmente chic&quot;, come afferma anche mamma Victoria.L&#039;ex\u00a0Posh Spice ha scoperto durante la\" \/>\n<meta property=\"og:url\" content=\"https:\/\/www.gossip.it\/news\/victoria-beckham-harper-chic\/\" \/>\n<meta property=\"og:site_name\" content=\"Gossip.it | News sul Gossip e VIP\" \/>\n<meta property=\"article:publisher\" content=\"https:\/\/www.facebook.com\/GossipIT\" \/>\n<meta property=\"article:published_time\" content=\"2016-02-18T23:00:00+00:00\" \/>\n<meta property=\"og:image\" content=\"http:\/\/files.gossip.it\/immagini_news\/2016\/02\/1455887630_victoria_beckham_abiti_harper.jpg\" \/>\n<meta name=\"author\" content=\"La Redazione\" \/>\n<meta name=\"twitter:card\" content=\"summary_large_image\" \/>\n<meta name=\"twitter:image\" content=\"http:\/\/files.gossip.it\/immagini_news\/2016\/02\/1455887630_victoria_beckham_abiti_harper.jpg\" \/>\n<meta name=\"twitter:creator\" content=\"@gossinews_it\" \/>\n<meta name=\"twitter:site\" content=\"@gossinews_it\" \/>\n<meta name=\"twitter:label1\" content=\"Scritto da\" \/>\n\t<meta name=\"twitter:data1\" content=\"Francesca Romana Domenici\" \/>\n\t<meta name=\"twitter:label2\" content=\"Tempo di lettura stimato\" \/>\n\t<meta name=\"twitter:data2\" content=\"1 minuto\" \/>","yoast_head_json":{"title":"Victoria Beckham: 'Harper \u00e8 incredibilmente chic' - Gossip.it | News sul Gossip e VIP","description":"Harper Beckham a 4 anni \u00e8 gi\u00e0 un'icona fashion. \"E' incredibilmente chic\", come afferma anche mamma Victoria.L'ex\u00a0Posh Spice ha scoperto durante la","robots":{"index":"index","follow":"follow","max-snippet":"max-snippet:-1","max-image-preview":"max-image-preview:large","max-video-preview":"max-video-preview:-1"},"canonical":"https:\/\/www.gossip.it\/news\/victoria-beckham-harper-chic\/","og_locale":"it_IT","og_type":"article","og_title":"Victoria Beckham: 'Harper \u00e8 incredibilmente chic' - Gossip.it | News sul Gossip e VIP","og_description":"Harper Beckham a 4 anni \u00e8 gi\u00e0 un'icona fashion. \"E' incredibilmente chic\", come afferma anche mamma Victoria.L'ex\u00a0Posh Spice ha scoperto durante la","og_url":"https:\/\/www.gossip.it\/news\/victoria-beckham-harper-chic\/","og_site_name":"Gossip.it | News sul Gossip e VIP","article_publisher":"https:\/\/www.facebook.com\/GossipIT","article_published_time":"2016-02-18T23:00:00+00:00","og_image":[{"url":"http:\/\/files.gossip.it\/immagini_news\/2016\/02\/1455887630_victoria_beckham_abiti_harper.jpg"}],"author":"La Redazione","twitter_card":"summary_large_image","twitter_image":"http:\/\/files.gossip.it\/immagini_news\/2016\/02\/1455887630_victoria_beckham_abiti_harper.jpg","twitter_creator":"@gossinews_it","twitter_site":"@gossinews_it","twitter_misc":{"Scritto da":"Francesca Romana Domenici","Tempo di lettura stimato":"1 minuto"},"schema":{"@context":"https:\/\/schema.org","@graph":[{"@type":"Article","@id":"https:\/\/www.gossip.it\/news\/victoria-beckham-harper-chic\/#article","isPartOf":{"@id":"https:\/\/www.gossip.it\/news\/victoria-beckham-harper-chic\/"},"author":{"name":"La Redazione","@id":"https:\/\/www.gossip.it\/#\/schema\/person\/488896f75158bff1cc83c6c39d141110"},"headline":"Victoria Beckham: 'Harper \u00e8 incredibilmente chic'","datePublished":"2016-02-18T23:00:00+00:00","dateModified":"2016-02-18T23:00:00+00:00","mainEntityOfPage":{"@id":"https:\/\/www.gossip.it\/news\/victoria-beckham-harper-chic\/"},"wordCount":304,"publisher":{"@id":"https:\/\/www.gossip.it\/#organization"},"image":{"@id":"https:\/\/www.gossip.it\/news\/victoria-beckham-harper-chic\/#primaryimage"},"thumbnailUrl":"http:\/\/files.gossip.it\/immagini_news\/2016\/02\/1455887630_victoria_beckham_abiti_harper.jpg","keywords":["blog","dichiarazioni","fashion","figlia","harper beckham","mamma","moda","stilista"],"articleSection":["News"],"inLanguage":"it-IT"},{"@type":"WebPage","@id":"https:\/\/www.gossip.it\/news\/victoria-beckham-harper-chic\/","url":"https:\/\/www.gossip.it\/news\/victoria-beckham-harper-chic\/","name":"Victoria Beckham: 'Harper \u00e8 incredibilmente chic' - Gossip.it | News sul Gossip e VIP","isPartOf":{"@id":"https:\/\/www.gossip.it\/#website"},"primaryImageOfPage":{"@id":"https:\/\/www.gossip.it\/news\/victoria-beckham-harper-chic\/#primaryimage"},"image":{"@id":"https:\/\/www.gossip.it\/news\/victoria-beckham-harper-chic\/#primaryimage"},"thumbnailUrl":"http:\/\/files.gossip.it\/immagini_news\/2016\/02\/1455887630_victoria_beckham_abiti_harper.jpg","datePublished":"2016-02-18T23:00:00+00:00","dateModified":"2016-02-18T23:00:00+00:00","description":"Harper Beckham a 4 anni \u00e8 gi\u00e0 un'icona fashion. \"E' incredibilmente chic\", come afferma anche mamma Victoria.L'ex\u00a0Posh Spice ha scoperto durante la","breadcrumb":{"@id":"https:\/\/www.gossip.it\/news\/victoria-beckham-harper-chic\/#breadcrumb"},"inLanguage":"it-IT","potentialAction":[{"@type":"ReadAction","target":["https:\/\/www.gossip.it\/news\/victoria-beckham-harper-chic\/"]}]},{"@type":"ImageObject","inLanguage":"it-IT","@id":"https:\/\/www.gossip.it\/news\/victoria-beckham-harper-chic\/#primaryimage","url":"http:\/\/files.gossip.it\/immagini_news\/2016\/02\/1455887630_victoria_beckham_abiti_harper.jpg","contentUrl":"http:\/\/files.gossip.it\/immagini_news\/2016\/02\/1455887630_victoria_beckham_abiti_harper.jpg"},{"@type":"BreadcrumbList","@id":"https:\/\/www.gossip.it\/news\/victoria-beckham-harper-chic\/#breadcrumb","itemListElement":[{"@type":"ListItem","position":1,"name":"Home","item":"https:\/\/www.gossip.it\/"},{"@type":"ListItem","position":2,"name":"Victoria Beckham: 'Harper \u00e8 incredibilmente chic'"}]},{"@type":"WebSite","@id":"https:\/\/www.gossip.it\/#website","url":"https:\/\/www.gossip.it\/","name":"Gossip and VIP News","description":"Quotidiano di cronaca rosa, costume e societ\u00e0","publisher":{"@id":"https:\/\/www.gossip.it\/#organization"},"alternateName":"Gossip and VIP News","potentialAction":[{"@type":"SearchAction","target":{"@type":"EntryPoint","urlTemplate":"https:\/\/www.gossip.it\/?s={search_term_string}"},"query-input":{"@type":"PropertyValueSpecification","valueRequired":true,"valueName":"search_term_string"}}],"inLanguage":"it-IT"},{"@type":"Organization","@id":"https:\/\/www.gossip.it\/#organization","name":"Gossip and VIP News","alternateName":"Gossip News","url":"https:\/\/www.gossip.it\/","logo":{"@type":"ImageObject","inLanguage":"it-IT","@id":"https:\/\/www.gossip.it\/#\/schema\/logo\/image\/","url":"https:\/\/www.gossip.it\/wp-content\/uploads\/2022\/04\/cropped-corna-alta-tiny.png","contentUrl":"https:\/\/www.gossip.it\/wp-content\/uploads\/2022\/04\/cropped-corna-alta-tiny.png","width":512,"height":512,"caption":"Gossip and VIP News"},"image":{"@id":"https:\/\/www.gossip.it\/#\/schema\/logo\/image\/"},"sameAs":["https:\/\/www.facebook.com\/GossipIT","https:\/\/x.com\/gossinews_it","https:\/\/instagram.com\/gossip_it"]},{"@type":"Person","@id":"https:\/\/www.gossip.it\/#\/schema\/person\/488896f75158bff1cc83c6c39d141110","name":"La Redazione","image":{"@type":"ImageObject","inLanguage":"it-IT","@id":"https:\/\/www.gossip.it\/#\/schema\/person\/image\/","url":"https:\/\/secure.gravatar.com\/avatar\/5a5f5c6fa3e6700e4249abdad0263a1e94e927d9e0499b1cb09c1cd29c044d80?s=96&d=mm&r=g","contentUrl":"https:\/\/secure.gravatar.com\/avatar\/5a5f5c6fa3e6700e4249abdad0263a1e94e927d9e0499b1cb09c1cd29c044d80?s=96&d=mm&r=g","caption":"La Redazione"},"sameAs":["https:\/\/www.gossip.it"]}]}},"amp_enabled":true,"_links":{"self":[{"href":"https:\/\/www.gossip.it\/api\/wp\/v2\/posts\/54301","targetHints":{"allow":["GET"]}}],"collection":[{"href":"https:\/\/www.gossip.it\/api\/wp\/v2\/posts"}],"about":[{"href":"https:\/\/www.gossip.it\/api\/wp\/v2\/types\/post"}],"author":[{"embeddable":true,"href":"https:\/\/www.gossip.it\/api\/wp\/v2\/users\/1"}],"replies":[{"embeddable":true,"href":"https:\/\/www.gossip.it\/api\/wp\/v2\/comments?post=54301"}],"version-history":[{"count":0,"href":"https:\/\/www.gossip.it\/api\/wp\/v2\/posts\/54301\/revisions"}],"wp:featuredmedia":[{"embeddable":true,"href":"https:\/\/www.gossip.it\/api\/wp\/v2\/media\/110347"}],"wp:attachment":[{"href":"https:\/\/www.gossip.it\/api\/wp\/v2\/media?parent=54301"}],"wp:term":[{"taxonomy":"category","embeddable":true,"href":"https:\/\/www.gossip.it\/api\/wp\/v2\/categories?post=54301"},{"taxonomy":"post_tag","embeddable":true,"href":"https:\/\/www.gossip.it\/api\/wp\/v2\/tags?post=54301"},{"taxonomy":"vip","embeddable":true,"href":"https:\/\/www.gossip.it\/api\/wp\/v2\/vip?post=54301"}],"curies":[{"name":"wp","href":"https:\/\/api.w.org\/{rel}","templated":true}]}}